{"id":9958,"date":"2024-03-29T23:15:29","date_gmt":"2024-03-29T21:15:29","guid":{"rendered":"https:\/\/larutadelasal.com\/?p=9958"},"modified":"2024-03-30T01:41:31","modified_gmt":"2024-03-29T23:41:31","slug":"manana-sabado-30-convocatoria-de-photocall-para-todas-las-tripulaciones-en-el-village-de-la-regata","status":"publish","type":"post","link":"https:\/\/labs.100x100.net\/projects\/rutasal\/manana-sabado-30-convocatoria-de-photocall-para-todas-las-tripulaciones-en-el-village-de-la-regata\/","title":{"rendered":"Ma\u00f1ana s\u00e1bado 30 convocatoria de photocall para todas las tripulaciones en el Village de la regata"},"content":{"rendered":"<p>\u00a1Atenci\u00f3n a todas las tripulaciones participantes en La Ruta de la Sal Rumbo Ibiza. Ma\u00f1ana, s\u00e1bado 30 de marzo,\u00a0 es el gran d\u00eda para capturar momentos memorables en el Village!\u00a0 Desde las 10h hasta las 11h, pod\u00e9is uniros en el photocall de La Ruta de la Sal para una sesi\u00f3n de fotos profesional.<\/p>\n<p>Nuestro talentoso fot\u00f3grafo estar\u00e1 listo para inmortalizar la emoci\u00f3n y el esp\u00edritu de cada equipo.<\/p>\n<p>&nbsp;<\/p>\n","protected":false},"excerpt":{"rendered":"<p>\u00a1Atenci\u00f3n a todas las tripulaciones participantes en La Ruta de la Sal Rumbo Ibiza. Ma\u00f1ana, s\u00e1bado 30 de marzo,\u00a0 es el gran d\u00eda para capturar momentos memorables en el Village!\u00a0 Desde las 10h hasta las 11h, pod\u00e9is uniros en el photocall de La Ruta de la Sal para una sesi\u00f3n de fotos profesional. Nuestro talentoso [&hellip;]<\/p>\n","protected":false},"author":2,"featured_media":9959,"comment_status":"open","ping_status":"open","sticky":false,"template":"","format":"standard","meta":{"_acf_changed":false,"footnotes":""},"categories":[3],"tags":[],"acf":[],"yoast_head":"<!-- This site is optimized with the Yoast SEO plugin v23.0 - https:\/\/yoast.com\/wordpress\/plugins\/seo\/ -->\n<title>Ma\u00f1ana s\u00e1bado 30 convocatoria de photocall para todas las tripulaciones en el Village de la regata | Regata La Ruta de la Sal<\/title>\n<meta name=\"robots\" content=\"noindex, follow, max-snippet:-1, max-image-preview:large, max-video-preview:-1\" \/>\n<meta property=\"og:locale\" content=\"es_ES\" \/>\n<meta property=\"og:type\" content=\"article\" \/>\n<meta property=\"og:title\" content=\"Ma\u00f1ana s\u00e1bado 30 convocatoria de photocall para todas las tripulaciones en el Village de la regata | Regata La Ruta de la Sal\" \/>\n<meta property=\"og:description\" content=\"\u00a1Atenci\u00f3n a todas las tripulaciones participantes en La Ruta de la Sal Rumbo Ibiza. Ma\u00f1ana, s\u00e1bado 30 de marzo,\u00a0 es el gran d\u00eda para capturar momentos memorables en el Village!\u00a0 Desde las 10h hasta las 11h, pod\u00e9is uniros en el photocall de La Ruta de la Sal para una sesi\u00f3n de fotos profesional. Nuestro talentoso [&hellip;]\" \/>\n<meta property=\"og:url\" content=\"https:\/\/labs.100x100.net\/projects\/rutasal\/manana-sabado-30-convocatoria-de-photocall-para-todas-las-tripulaciones-en-el-village-de-la-regata\/\" \/>\n<meta property=\"og:site_name\" content=\"Regata La Ruta de la Sal\" \/>\n<meta property=\"article:publisher\" content=\"https:\/\/www.facebook.com\/rutadelasal\/\" \/>\n<meta property=\"article:published_time\" content=\"2024-03-29T21:15:29+00:00\" \/>\n<meta property=\"article:modified_time\" content=\"2024-03-29T23:41:31+00:00\" \/>\n<meta property=\"og:image\" content=\"https:\/\/labs.100x100.net\/projects\/rutasal\/custom\/uploads\/2024\/03\/53616634679_27628b2c91_k.jpg\" \/>\n\t<meta property=\"og:image:width\" content=\"2048\" \/>\n\t<meta property=\"og:image:height\" content=\"1365\" \/>\n\t<meta property=\"og:image:type\" content=\"image\/jpeg\" \/>\n<meta name=\"author\" content=\"Ferran\" \/>\n<meta name=\"twitter:card\" content=\"summary_large_image\" \/>\n<meta name=\"twitter:creator\" content=\"@AnamMedi\" \/>\n<meta name=\"twitter:site\" content=\"@AnamMedi\" \/>\n<meta name=\"twitter:label1\" content=\"Escrito por\" \/>\n\t<meta name=\"twitter:data1\" content=\"Ferran\" \/>\n\t<meta name=\"twitter:label2\" content=\"Tiempo de lectura\" \/>\n\t<meta name=\"twitter:data2\" content=\"1 minuto\" \/>\n<script type=\"application\/ld+json\" class=\"yoast-schema-graph\">{\"@context\":\"https:\/\/schema.org\",\"@graph\":[{\"@type\":\"WebPage\",\"@id\":\"https:\/\/labs.100x100.net\/projects\/rutasal\/manana-sabado-30-convocatoria-de-photocall-para-todas-las-tripulaciones-en-el-village-de-la-regata\/\",\"url\":\"https:\/\/labs.100x100.net\/projects\/rutasal\/manana-sabado-30-convocatoria-de-photocall-para-todas-las-tripulaciones-en-el-village-de-la-regata\/\",\"name\":\"Ma\u00f1ana s\u00e1bado 30 convocatoria de photocall para todas las tripulaciones en el Village de la regata | Regata La Ruta de la Sal\",\"isPartOf\":{\"@id\":\"https:\/\/labs.100x100.net\/projects\/rutasal\/#website\"},\"primaryImageOfPage\":{\"@id\":\"https:\/\/labs.100x100.net\/projects\/rutasal\/manana-sabado-30-convocatoria-de-photocall-para-todas-las-tripulaciones-en-el-village-de-la-regata\/#primaryimage\"},\"image\":{\"@id\":\"https:\/\/labs.100x100.net\/projects\/rutasal\/manana-sabado-30-convocatoria-de-photocall-para-todas-las-tripulaciones-en-el-village-de-la-regata\/#primaryimage\"},\"thumbnailUrl\":\"https:\/\/labs.100x100.net\/projects\/rutasal\/custom\/uploads\/2024\/03\/53616634679_27628b2c91_k.jpg\",\"datePublished\":\"2024-03-29T21:15:29+00:00\",\"dateModified\":\"2024-03-29T23:41:31+00:00\",\"author\":{\"@id\":\"https:\/\/labs.100x100.net\/projects\/rutasal\/#\/schema\/person\/24a02a346c826cf8502e7fb8edc0396c\"},\"breadcrumb\":{\"@id\":\"https:\/\/labs.100x100.net\/projects\/rutasal\/manana-sabado-30-convocatoria-de-photocall-para-todas-las-tripulaciones-en-el-village-de-la-regata\/#breadcrumb\"},\"inLanguage\":\"es\",\"potentialAction\":[{\"@type\":\"ReadAction\",\"target\":[\"https:\/\/labs.100x100.net\/projects\/rutasal\/manana-sabado-30-convocatoria-de-photocall-para-todas-las-tripulaciones-en-el-village-de-la-regata\/\"]}]},{\"@type\":\"ImageObject\",\"inLanguage\":\"es\",\"@id\":\"https:\/\/labs.100x100.net\/projects\/rutasal\/manana-sabado-30-convocatoria-de-photocall-para-todas-las-tripulaciones-en-el-village-de-la-regata\/#primaryimage\",\"url\":\"https:\/\/labs.100x100.net\/projects\/rutasal\/custom\/uploads\/2024\/03\/53616634679_27628b2c91_k.jpg\",\"contentUrl\":\"https:\/\/labs.100x100.net\/projects\/rutasal\/custom\/uploads\/2024\/03\/53616634679_27628b2c91_k.jpg\",\"width\":2048,\"height\":1365},{\"@type\":\"BreadcrumbList\",\"@id\":\"https:\/\/labs.100x100.net\/projects\/rutasal\/manana-sabado-30-convocatoria-de-photocall-para-todas-las-tripulaciones-en-el-village-de-la-regata\/#breadcrumb\",\"itemListElement\":[{\"@type\":\"ListItem\",\"position\":1,\"name\":\"Portada\",\"item\":\"https:\/\/labs.100x100.net\/projects\/rutasal\/\"},{\"@type\":\"ListItem\",\"position\":2,\"name\":\"Ma\u00f1ana s\u00e1bado 30 convocatoria de photocall para todas las tripulaciones en el Village de la regata\"}]},{\"@type\":\"WebSite\",\"@id\":\"https:\/\/labs.100x100.net\/projects\/rutasal\/#website\",\"url\":\"https:\/\/labs.100x100.net\/projects\/rutasal\/\",\"name\":\"Regata La Ruta de la Sal\",\"description\":\"Regata La Ruta de la Sal es una regata de Altura Mediterr\u00e1nea para barcos de crucero a vela con destino en Ibiza, que se disputa anualmente en Semana Santa.\",\"potentialAction\":[{\"@type\":\"SearchAction\",\"target\":{\"@type\":\"EntryPoint\",\"urlTemplate\":\"https:\/\/labs.100x100.net\/projects\/rutasal\/?s={search_term_string}\"},\"query-input\":\"required name=search_term_string\"}],\"inLanguage\":\"es\"},{\"@type\":\"Person\",\"@id\":\"https:\/\/labs.100x100.net\/projects\/rutasal\/#\/schema\/person\/24a02a346c826cf8502e7fb8edc0396c\",\"name\":\"Ferran\",\"image\":{\"@type\":\"ImageObject\",\"inLanguage\":\"es\",\"@id\":\"https:\/\/labs.100x100.net\/projects\/rutasal\/#\/schema\/person\/image\/\",\"url\":\"https:\/\/secure.gravatar.com\/avatar\/d1c4bb756eb5c888319d7e06d9dc1559?s=96&d=mm&r=g\",\"contentUrl\":\"https:\/\/secure.gravatar.com\/avatar\/d1c4bb756eb5c888319d7e06d9dc1559?s=96&d=mm&r=g\",\"caption\":\"Ferran\"}}]}<\/script>\n<!-- \/ Yoast SEO plugin. -->","yoast_head_json":{"title":"Ma\u00f1ana s\u00e1bado 30 convocatoria de photocall para todas las tripulaciones en el Village de la regata | Regata La Ruta de la Sal","robots":{"index":"noindex","follow":"follow","max-snippet":"max-snippet:-1","max-image-preview":"max-image-preview:large","max-video-preview":"max-video-preview:-1"},"og_locale":"es_ES","og_type":"article","og_title":"Ma\u00f1ana s\u00e1bado 30 convocatoria de photocall para todas las tripulaciones en el Village de la regata | Regata La Ruta de la Sal","og_description":"\u00a1Atenci\u00f3n a todas las tripulaciones participantes en La Ruta de la Sal Rumbo Ibiza. Ma\u00f1ana, s\u00e1bado 30 de marzo,\u00a0 es el gran d\u00eda para capturar momentos memorables en el Village!\u00a0 Desde las 10h hasta las 11h, pod\u00e9is uniros en el photocall de La Ruta de la Sal para una sesi\u00f3n de fotos profesional. Nuestro talentoso [&hellip;]","og_url":"https:\/\/labs.100x100.net\/projects\/rutasal\/manana-sabado-30-convocatoria-de-photocall-para-todas-las-tripulaciones-en-el-village-de-la-regata\/","og_site_name":"Regata La Ruta de la Sal","article_publisher":"https:\/\/www.facebook.com\/rutadelasal\/","article_published_time":"2024-03-29T21:15:29+00:00","article_modified_time":"2024-03-29T23:41:31+00:00","og_image":[{"width":2048,"height":1365,"url":"https:\/\/labs.100x100.net\/projects\/rutasal\/custom\/uploads\/2024\/03\/53616634679_27628b2c91_k.jpg","type":"image\/jpeg"}],"author":"Ferran","twitter_card":"summary_large_image","twitter_creator":"@AnamMedi","twitter_site":"@AnamMedi","twitter_misc":{"Escrito por":"Ferran","Tiempo de lectura":"1 minuto"},"schema":{"@context":"https:\/\/schema.org","@graph":[{"@type":"WebPage","@id":"https:\/\/labs.100x100.net\/projects\/rutasal\/manana-sabado-30-convocatoria-de-photocall-para-todas-las-tripulaciones-en-el-village-de-la-regata\/","url":"https:\/\/labs.100x100.net\/projects\/rutasal\/manana-sabado-30-convocatoria-de-photocall-para-todas-las-tripulaciones-en-el-village-de-la-regata\/","name":"Ma\u00f1ana s\u00e1bado 30 convocatoria de photocall para todas las tripulaciones en el Village de la regata | Regata La Ruta de la Sal","isPartOf":{"@id":"https:\/\/labs.100x100.net\/projects\/rutasal\/#website"},"primaryImageOfPage":{"@id":"https:\/\/labs.100x100.net\/projects\/rutasal\/manana-sabado-30-convocatoria-de-photocall-para-todas-las-tripulaciones-en-el-village-de-la-regata\/#primaryimage"},"image":{"@id":"https:\/\/labs.100x100.net\/projects\/rutasal\/manana-sabado-30-convocatoria-de-photocall-para-todas-las-tripulaciones-en-el-village-de-la-regata\/#primaryimage"},"thumbnailUrl":"https:\/\/labs.100x100.net\/projects\/rutasal\/custom\/uploads\/2024\/03\/53616634679_27628b2c91_k.jpg","datePublished":"2024-03-29T21:15:29+00:00","dateModified":"2024-03-29T23:41:31+00:00","author":{"@id":"https:\/\/labs.100x100.net\/projects\/rutasal\/#\/schema\/person\/24a02a346c826cf8502e7fb8edc0396c"},"breadcrumb":{"@id":"https:\/\/labs.100x100.net\/projects\/rutasal\/manana-sabado-30-convocatoria-de-photocall-para-todas-las-tripulaciones-en-el-village-de-la-regata\/#breadcrumb"},"inLanguage":"es","potentialAction":[{"@type":"ReadAction","target":["https:\/\/labs.100x100.net\/projects\/rutasal\/manana-sabado-30-convocatoria-de-photocall-para-todas-las-tripulaciones-en-el-village-de-la-regata\/"]}]},{"@type":"ImageObject","inLanguage":"es","@id":"https:\/\/labs.100x100.net\/projects\/rutasal\/manana-sabado-30-convocatoria-de-photocall-para-todas-las-tripulaciones-en-el-village-de-la-regata\/#primaryimage","url":"https:\/\/labs.100x100.net\/projects\/rutasal\/custom\/uploads\/2024\/03\/53616634679_27628b2c91_k.jpg","contentUrl":"https:\/\/labs.100x100.net\/projects\/rutasal\/custom\/uploads\/2024\/03\/53616634679_27628b2c91_k.jpg","width":2048,"height":1365},{"@type":"BreadcrumbList","@id":"https:\/\/labs.100x100.net\/projects\/rutasal\/manana-sabado-30-convocatoria-de-photocall-para-todas-las-tripulaciones-en-el-village-de-la-regata\/#breadcrumb","itemListElement":[{"@type":"ListItem","position":1,"name":"Portada","item":"https:\/\/labs.100x100.net\/projects\/rutasal\/"},{"@type":"ListItem","position":2,"name":"Ma\u00f1ana s\u00e1bado 30 convocatoria de photocall para todas las tripulaciones en el Village de la regata"}]},{"@type":"WebSite","@id":"https:\/\/labs.100x100.net\/projects\/rutasal\/#website","url":"https:\/\/labs.100x100.net\/projects\/rutasal\/","name":"Regata La Ruta de la Sal","description":"Regata La Ruta de la Sal es una regata de Altura Mediterr\u00e1nea para barcos de crucero a vela con destino en Ibiza, que se disputa anualmente en Semana Santa.","potentialAction":[{"@type":"SearchAction","target":{"@type":"EntryPoint","urlTemplate":"https:\/\/labs.100x100.net\/projects\/rutasal\/?s={search_term_string}"},"query-input":"required name=search_term_string"}],"inLanguage":"es"},{"@type":"Person","@id":"https:\/\/labs.100x100.net\/projects\/rutasal\/#\/schema\/person\/24a02a346c826cf8502e7fb8edc0396c","name":"Ferran","image":{"@type":"ImageObject","inLanguage":"es","@id":"https:\/\/labs.100x100.net\/projects\/rutasal\/#\/schema\/person\/image\/","url":"https:\/\/secure.gravatar.com\/avatar\/d1c4bb756eb5c888319d7e06d9dc1559?s=96&d=mm&r=g","contentUrl":"https:\/\/secure.gravatar.com\/avatar\/d1c4bb756eb5c888319d7e06d9dc1559?s=96&d=mm&r=g","caption":"Ferran"}}]}},"_links":{"self":[{"href":"https:\/\/labs.100x100.net\/projects\/rutasal\/wp-json\/wp\/v2\/posts\/9958"}],"collection":[{"href":"https:\/\/labs.100x100.net\/projects\/rutasal\/wp-json\/wp\/v2\/posts"}],"about":[{"href":"https:\/\/labs.100x100.net\/projects\/rutasal\/wp-json\/wp\/v2\/types\/post"}],"author":[{"embeddable":true,"href":"https:\/\/labs.100x100.net\/projects\/rutasal\/wp-json\/wp\/v2\/users\/2"}],"replies":[{"embeddable":true,"href":"https:\/\/labs.100x100.net\/projects\/rutasal\/wp-json\/wp\/v2\/comments?post=9958"}],"version-history":[{"count":1,"href":"https:\/\/labs.100x100.net\/projects\/rutasal\/wp-json\/wp\/v2\/posts\/9958\/revisions"}],"predecessor-version":[{"id":9962,"href":"https:\/\/labs.100x100.net\/projects\/rutasal\/wp-json\/wp\/v2\/posts\/9958\/revisions\/9962"}],"wp:featuredmedia":[{"embeddable":true,"href":"https:\/\/labs.100x100.net\/projects\/rutasal\/wp-json\/wp\/v2\/media\/9959"}],"wp:attachment":[{"href":"https:\/\/labs.100x100.net\/projects\/rutasal\/wp-json\/wp\/v2\/media?parent=9958"}],"wp:term":[{"taxonomy":"category","embeddable":true,"href":"https:\/\/labs.100x100.net\/projects\/rutasal\/wp-json\/wp\/v2\/categories?post=9958"},{"taxonomy":"post_tag","embeddable":true,"href":"https:\/\/labs.100x100.net\/projects\/rutasal\/wp-json\/wp\/v2\/tags?post=9958"}],"curies":[{"name":"wp","href":"https:\/\/api.w.org\/{rel}","templated":true}]}}