{"id":9874,"date":"2024-03-29T00:40:49","date_gmt":"2024-03-28T22:40:49","guid":{"rendered":"https:\/\/larutadelasal.com\/?p=9874"},"modified":"2024-03-29T00:40:49","modified_gmt":"2024-03-28T22:40:49","slug":"la-ruta-de-la-sal-rumbo-ibiza-a-pesar-de-la-borrasca-nelson","status":"publish","type":"post","link":"https:\/\/labs.100x100.net\/projects\/rutasal\/la-ruta-de-la-sal-rumbo-ibiza-a-pesar-de-la-borrasca-nelson\/","title":{"rendered":"La Ruta de la Sal Rumbo Ibiza a pesar de la borrasca Nelson"},"content":{"rendered":"<div id=\"attachment_9881\" style=\"width: 1510px\" class=\"wp-caption aligncenter\"><img loading=\"lazy\" decoding=\"async\" aria-describedby=\"caption-attachment-9881\" class=\"size-full wp-image-9881\" src=\"http:\/\/larutadelasal.com\/custom\/uploads\/2024\/03\/La-Sal-Rumbo-Ibiza-2024_\u00a9BaixauliFoto.com180-1.jpg\" alt=\"\" width=\"1500\" height=\"1000\" srcset=\"https:\/\/labs.100x100.net\/projects\/rutasal\/custom\/uploads\/2024\/03\/La-Sal-Rumbo-Ibiza-2024_\u00a9BaixauliFoto.com180-1.jpg 1500w, https:\/\/labs.100x100.net\/projects\/rutasal\/custom\/uploads\/2024\/03\/La-Sal-Rumbo-Ibiza-2024_\u00a9BaixauliFoto.com180-1-300x200.jpg 300w, https:\/\/labs.100x100.net\/projects\/rutasal\/custom\/uploads\/2024\/03\/La-Sal-Rumbo-Ibiza-2024_\u00a9BaixauliFoto.com180-1-1024x683.jpg 1024w, https:\/\/labs.100x100.net\/projects\/rutasal\/custom\/uploads\/2024\/03\/La-Sal-Rumbo-Ibiza-2024_\u00a9BaixauliFoto.com180-1-768x512.jpg 768w\" sizes=\"(max-width: 1500px) 100vw, 1500px\" \/><p id=\"caption-attachment-9881\" class=\"wp-caption-text\">\u00a9BaixauliFoto.com<\/p><\/div>\n<p>Las adversas condiciones meteorol\u00f3gicas que, desde el inicio de esta Semana Santa, azotan a toda la pen\u00ednsula ib\u00e9rica y a los dos archipi\u00e9lagos, han tenido sus efectos sobre La Ruta de la Sal, aunque la fuerza del viento y la altura de las olas no han podido vencer las ansias de navegar de los aficionados inscritos en esta regata de altura. As\u00ed, tras un obligado aplazamiento a la espera de una situaci\u00f3n m\u00e1s favorable, la flota de la versi\u00f3n Denia, formada por 57 barcos, tom\u00f3 la salida desde Denia, poniendo rumbo a Ibiza bajo un viento del sureste de 20 nudos de intensidad que, tras doblar la Punta Mar\u00ed, pas\u00f3 a ser del sur, incrementando su fuerza a 25 nudos y con olas de entre 2 o 2,5 metros de altura.<\/p>\n<p>Dado que la salida se dio a las 17 horas y que el viento reinante permite que la flota navegue hacia Ibiza a rumbo directo y con una buena media de velocidad \u2013 entre 9 y 10 nudos de media por el momento \u2013 todo hace prever que los 22 barcos que participan en la Mini Sal, en una traves\u00eda directa de 55 millas, empiecen a llegar al Club N\u00e0utic de Sant Antoni sobre la medianoche del mismo jueves 28, mientras que los 35 de La Sal, cuyo recorrido dejando Formentera e Ibiza por babor, se alarga a las 117 millas, lo ir\u00e1n haciendo a partir de las 5 de la madrugada.<\/p>\n<div id=\"attachment_9878\" style=\"width: 1510px\" class=\"wp-caption aligncenter\"><img loading=\"lazy\" decoding=\"async\" aria-describedby=\"caption-attachment-9878\" class=\"size-full wp-image-9878\" src=\"http:\/\/larutadelasal.com\/custom\/uploads\/2024\/03\/La-Sal-Rumbo-Ibiza-2024_\u00a9BaixauliFoto.com177.jpg\" alt=\"\" width=\"1500\" height=\"1000\" srcset=\"https:\/\/labs.100x100.net\/projects\/rutasal\/custom\/uploads\/2024\/03\/La-Sal-Rumbo-Ibiza-2024_\u00a9BaixauliFoto.com177.jpg 1500w, https:\/\/labs.100x100.net\/projects\/rutasal\/custom\/uploads\/2024\/03\/La-Sal-Rumbo-Ibiza-2024_\u00a9BaixauliFoto.com177-300x200.jpg 300w, https:\/\/labs.100x100.net\/projects\/rutasal\/custom\/uploads\/2024\/03\/La-Sal-Rumbo-Ibiza-2024_\u00a9BaixauliFoto.com177-1024x683.jpg 1024w, https:\/\/labs.100x100.net\/projects\/rutasal\/custom\/uploads\/2024\/03\/La-Sal-Rumbo-Ibiza-2024_\u00a9BaixauliFoto.com177-768x512.jpg 768w\" sizes=\"(max-width: 1500px) 100vw, 1500px\" \/><p id=\"caption-attachment-9878\" class=\"wp-caption-text\">\u00a9BaixauliFoto.com<\/p><\/div>\n<p>Por su parte, la flota de la versi\u00f3n Barcelona no ha podido tomar la salida porque a lo largo de todo el jueves 28, d\u00eda inicialmente previsto para la largada de la regata, las condiciones en bocana no han permitido abandonar el puerto con garant\u00edas de seguridad para toda la flota. En estos momentos el Comit\u00e9 est\u00e1 a la espera de que mejoren las condiciones en bocana para poder lanzar la salida de la versi\u00f3n Barcelona, ya sea en el recorrido habitual a Ibiza o, en su defecto, establecer un recorrido alternativo por la costa catalana, decisi\u00f3n que tomar\u00e1 ma\u00f1ana viernes en funci\u00f3n de cuando quede liberada la bocana y de las previsiones meteorol\u00f3gicas.<\/p>\n<p>&nbsp;<\/p>\n","protected":false},"excerpt":{"rendered":"<p>Las adversas condiciones meteorol\u00f3gicas que, desde el inicio de esta Semana Santa, azotan a toda la pen\u00ednsula ib\u00e9rica y a los dos archipi\u00e9lagos, han tenido sus efectos sobre La Ruta de la Sal, aunque la fuerza del viento y la altura de las olas no han podido vencer las ansias de navegar de los aficionados [&hellip;]<\/p>\n","protected":false},"author":2,"featured_media":9875,"comment_status":"open","ping_status":"open","sticky":false,"template":"","format":"standard","meta":{"_acf_changed":false,"footnotes":""},"categories":[3],"tags":[],"acf":[],"yoast_head":"<!-- This site is optimized with the Yoast SEO plugin v23.0 - https:\/\/yoast.com\/wordpress\/plugins\/seo\/ -->\n<title>La Ruta de la Sal Rumbo Ibiza a pesar de la borrasca Nelson | Regata La Ruta de la Sal<\/title>\n<meta name=\"robots\" content=\"noindex, follow, max-snippet:-1, max-image-preview:large, max-video-preview:-1\" \/>\n<meta property=\"og:locale\" content=\"es_ES\" \/>\n<meta property=\"og:type\" content=\"article\" \/>\n<meta property=\"og:title\" content=\"La Ruta de la Sal Rumbo Ibiza a pesar de la borrasca Nelson | Regata La Ruta de la Sal\" \/>\n<meta property=\"og:description\" content=\"Las adversas condiciones meteorol\u00f3gicas que, desde el inicio de esta Semana Santa, azotan a toda la pen\u00ednsula ib\u00e9rica y a los dos archipi\u00e9lagos, han tenido sus efectos sobre La Ruta de la Sal, aunque la fuerza del viento y la altura de las olas no han podido vencer las ansias de navegar de los aficionados [&hellip;]\" \/>\n<meta property=\"og:url\" content=\"https:\/\/labs.100x100.net\/projects\/rutasal\/la-ruta-de-la-sal-rumbo-ibiza-a-pesar-de-la-borrasca-nelson\/\" \/>\n<meta property=\"og:site_name\" content=\"Regata La Ruta de la Sal\" \/>\n<meta property=\"article:publisher\" content=\"https:\/\/www.facebook.com\/rutadelasal\/\" \/>\n<meta property=\"article:published_time\" content=\"2024-03-28T22:40:49+00:00\" \/>\n<meta property=\"og:image\" content=\"https:\/\/labs.100x100.net\/projects\/rutasal\/custom\/uploads\/2024\/03\/La-Sal-Rumbo-Ibiza-2024_\u00a9BaixauliFoto.com180.jpg\" \/>\n\t<meta property=\"og:image:width\" content=\"1500\" \/>\n\t<meta property=\"og:image:height\" content=\"1000\" \/>\n\t<meta property=\"og:image:type\" content=\"image\/jpeg\" \/>\n<meta name=\"author\" content=\"Ferran\" \/>\n<meta name=\"twitter:card\" content=\"summary_large_image\" \/>\n<meta name=\"twitter:creator\" content=\"@AnamMedi\" \/>\n<meta name=\"twitter:site\" content=\"@AnamMedi\" \/>\n<meta name=\"twitter:label1\" content=\"Escrito por\" \/>\n\t<meta name=\"twitter:data1\" content=\"Ferran\" \/>\n\t<meta name=\"twitter:label2\" content=\"Tiempo de lectura\" \/>\n\t<meta name=\"twitter:data2\" content=\"3 minutos\" \/>\n<script type=\"application\/ld+json\" class=\"yoast-schema-graph\">{\"@context\":\"https:\/\/schema.org\",\"@graph\":[{\"@type\":\"WebPage\",\"@id\":\"https:\/\/labs.100x100.net\/projects\/rutasal\/la-ruta-de-la-sal-rumbo-ibiza-a-pesar-de-la-borrasca-nelson\/\",\"url\":\"https:\/\/labs.100x100.net\/projects\/rutasal\/la-ruta-de-la-sal-rumbo-ibiza-a-pesar-de-la-borrasca-nelson\/\",\"name\":\"La Ruta de la Sal Rumbo Ibiza a pesar de la borrasca Nelson | Regata La Ruta de la Sal\",\"isPartOf\":{\"@id\":\"https:\/\/labs.100x100.net\/projects\/rutasal\/#website\"},\"primaryImageOfPage\":{\"@id\":\"https:\/\/labs.100x100.net\/projects\/rutasal\/la-ruta-de-la-sal-rumbo-ibiza-a-pesar-de-la-borrasca-nelson\/#primaryimage\"},\"image\":{\"@id\":\"https:\/\/labs.100x100.net\/projects\/rutasal\/la-ruta-de-la-sal-rumbo-ibiza-a-pesar-de-la-borrasca-nelson\/#primaryimage\"},\"thumbnailUrl\":\"https:\/\/labs.100x100.net\/projects\/rutasal\/custom\/uploads\/2024\/03\/La-Sal-Rumbo-Ibiza-2024_\u00a9BaixauliFoto.com180.jpg\",\"datePublished\":\"2024-03-28T22:40:49+00:00\",\"dateModified\":\"2024-03-28T22:40:49+00:00\",\"author\":{\"@id\":\"https:\/\/labs.100x100.net\/projects\/rutasal\/#\/schema\/person\/24a02a346c826cf8502e7fb8edc0396c\"},\"breadcrumb\":{\"@id\":\"https:\/\/labs.100x100.net\/projects\/rutasal\/la-ruta-de-la-sal-rumbo-ibiza-a-pesar-de-la-borrasca-nelson\/#breadcrumb\"},\"inLanguage\":\"es\",\"potentialAction\":[{\"@type\":\"ReadAction\",\"target\":[\"https:\/\/labs.100x100.net\/projects\/rutasal\/la-ruta-de-la-sal-rumbo-ibiza-a-pesar-de-la-borrasca-nelson\/\"]}]},{\"@type\":\"ImageObject\",\"inLanguage\":\"es\",\"@id\":\"https:\/\/labs.100x100.net\/projects\/rutasal\/la-ruta-de-la-sal-rumbo-ibiza-a-pesar-de-la-borrasca-nelson\/#primaryimage\",\"url\":\"https:\/\/labs.100x100.net\/projects\/rutasal\/custom\/uploads\/2024\/03\/La-Sal-Rumbo-Ibiza-2024_\u00a9BaixauliFoto.com180.jpg\",\"contentUrl\":\"https:\/\/labs.100x100.net\/projects\/rutasal\/custom\/uploads\/2024\/03\/La-Sal-Rumbo-Ibiza-2024_\u00a9BaixauliFoto.com180.jpg\",\"width\":1500,\"height\":1000,\"caption\":\"Todos los derechos reservados\"},{\"@type\":\"BreadcrumbList\",\"@id\":\"https:\/\/labs.100x100.net\/projects\/rutasal\/la-ruta-de-la-sal-rumbo-ibiza-a-pesar-de-la-borrasca-nelson\/#breadcrumb\",\"itemListElement\":[{\"@type\":\"ListItem\",\"position\":1,\"name\":\"Portada\",\"item\":\"https:\/\/labs.100x100.net\/projects\/rutasal\/\"},{\"@type\":\"ListItem\",\"position\":2,\"name\":\"La Ruta de la Sal Rumbo Ibiza a pesar de la borrasca Nelson\"}]},{\"@type\":\"WebSite\",\"@id\":\"https:\/\/labs.100x100.net\/projects\/rutasal\/#website\",\"url\":\"https:\/\/labs.100x100.net\/projects\/rutasal\/\",\"name\":\"Regata La Ruta de la Sal\",\"description\":\"Regata La Ruta de la Sal es una regata de Altura Mediterr\u00e1nea para barcos de crucero a vela con destino en Ibiza, que se disputa anualmente en Semana Santa.\",\"potentialAction\":[{\"@type\":\"SearchAction\",\"target\":{\"@type\":\"EntryPoint\",\"urlTemplate\":\"https:\/\/labs.100x100.net\/projects\/rutasal\/?s={search_term_string}\"},\"query-input\":\"required name=search_term_string\"}],\"inLanguage\":\"es\"},{\"@type\":\"Person\",\"@id\":\"https:\/\/labs.100x100.net\/projects\/rutasal\/#\/schema\/person\/24a02a346c826cf8502e7fb8edc0396c\",\"name\":\"Ferran\",\"image\":{\"@type\":\"ImageObject\",\"inLanguage\":\"es\",\"@id\":\"https:\/\/labs.100x100.net\/projects\/rutasal\/#\/schema\/person\/image\/\",\"url\":\"https:\/\/secure.gravatar.com\/avatar\/d1c4bb756eb5c888319d7e06d9dc1559?s=96&d=mm&r=g\",\"contentUrl\":\"https:\/\/secure.gravatar.com\/avatar\/d1c4bb756eb5c888319d7e06d9dc1559?s=96&d=mm&r=g\",\"caption\":\"Ferran\"}}]}<\/script>\n<!-- \/ Yoast SEO plugin. -->","yoast_head_json":{"title":"La Ruta de la Sal Rumbo Ibiza a pesar de la borrasca Nelson | Regata La Ruta de la Sal","robots":{"index":"noindex","follow":"follow","max-snippet":"max-snippet:-1","max-image-preview":"max-image-preview:large","max-video-preview":"max-video-preview:-1"},"og_locale":"es_ES","og_type":"article","og_title":"La Ruta de la Sal Rumbo Ibiza a pesar de la borrasca Nelson | Regata La Ruta de la Sal","og_description":"Las adversas condiciones meteorol\u00f3gicas que, desde el inicio de esta Semana Santa, azotan a toda la pen\u00ednsula ib\u00e9rica y a los dos archipi\u00e9lagos, han tenido sus efectos sobre La Ruta de la Sal, aunque la fuerza del viento y la altura de las olas no han podido vencer las ansias de navegar de los aficionados [&hellip;]","og_url":"https:\/\/labs.100x100.net\/projects\/rutasal\/la-ruta-de-la-sal-rumbo-ibiza-a-pesar-de-la-borrasca-nelson\/","og_site_name":"Regata La Ruta de la Sal","article_publisher":"https:\/\/www.facebook.com\/rutadelasal\/","article_published_time":"2024-03-28T22:40:49+00:00","og_image":[{"width":1500,"height":1000,"url":"https:\/\/labs.100x100.net\/projects\/rutasal\/custom\/uploads\/2024\/03\/La-Sal-Rumbo-Ibiza-2024_\u00a9BaixauliFoto.com180.jpg","type":"image\/jpeg"}],"author":"Ferran","twitter_card":"summary_large_image","twitter_creator":"@AnamMedi","twitter_site":"@AnamMedi","twitter_misc":{"Escrito por":"Ferran","Tiempo de lectura":"3 minutos"},"schema":{"@context":"https:\/\/schema.org","@graph":[{"@type":"WebPage","@id":"https:\/\/labs.100x100.net\/projects\/rutasal\/la-ruta-de-la-sal-rumbo-ibiza-a-pesar-de-la-borrasca-nelson\/","url":"https:\/\/labs.100x100.net\/projects\/rutasal\/la-ruta-de-la-sal-rumbo-ibiza-a-pesar-de-la-borrasca-nelson\/","name":"La Ruta de la Sal Rumbo Ibiza a pesar de la borrasca Nelson | Regata La Ruta de la Sal","isPartOf":{"@id":"https:\/\/labs.100x100.net\/projects\/rutasal\/#website"},"primaryImageOfPage":{"@id":"https:\/\/labs.100x100.net\/projects\/rutasal\/la-ruta-de-la-sal-rumbo-ibiza-a-pesar-de-la-borrasca-nelson\/#primaryimage"},"image":{"@id":"https:\/\/labs.100x100.net\/projects\/rutasal\/la-ruta-de-la-sal-rumbo-ibiza-a-pesar-de-la-borrasca-nelson\/#primaryimage"},"thumbnailUrl":"https:\/\/labs.100x100.net\/projects\/rutasal\/custom\/uploads\/2024\/03\/La-Sal-Rumbo-Ibiza-2024_\u00a9BaixauliFoto.com180.jpg","datePublished":"2024-03-28T22:40:49+00:00","dateModified":"2024-03-28T22:40:49+00:00","author":{"@id":"https:\/\/labs.100x100.net\/projects\/rutasal\/#\/schema\/person\/24a02a346c826cf8502e7fb8edc0396c"},"breadcrumb":{"@id":"https:\/\/labs.100x100.net\/projects\/rutasal\/la-ruta-de-la-sal-rumbo-ibiza-a-pesar-de-la-borrasca-nelson\/#breadcrumb"},"inLanguage":"es","potentialAction":[{"@type":"ReadAction","target":["https:\/\/labs.100x100.net\/projects\/rutasal\/la-ruta-de-la-sal-rumbo-ibiza-a-pesar-de-la-borrasca-nelson\/"]}]},{"@type":"ImageObject","inLanguage":"es","@id":"https:\/\/labs.100x100.net\/projects\/rutasal\/la-ruta-de-la-sal-rumbo-ibiza-a-pesar-de-la-borrasca-nelson\/#primaryimage","url":"https:\/\/labs.100x100.net\/projects\/rutasal\/custom\/uploads\/2024\/03\/La-Sal-Rumbo-Ibiza-2024_\u00a9BaixauliFoto.com180.jpg","contentUrl":"https:\/\/labs.100x100.net\/projects\/rutasal\/custom\/uploads\/2024\/03\/La-Sal-Rumbo-Ibiza-2024_\u00a9BaixauliFoto.com180.jpg","width":1500,"height":1000,"caption":"Todos los derechos reservados"},{"@type":"BreadcrumbList","@id":"https:\/\/labs.100x100.net\/projects\/rutasal\/la-ruta-de-la-sal-rumbo-ibiza-a-pesar-de-la-borrasca-nelson\/#breadcrumb","itemListElement":[{"@type":"ListItem","position":1,"name":"Portada","item":"https:\/\/labs.100x100.net\/projects\/rutasal\/"},{"@type":"ListItem","position":2,"name":"La Ruta de la Sal Rumbo Ibiza a pesar de la borrasca Nelson"}]},{"@type":"WebSite","@id":"https:\/\/labs.100x100.net\/projects\/rutasal\/#website","url":"https:\/\/labs.100x100.net\/projects\/rutasal\/","name":"Regata La Ruta de la Sal","description":"Regata La Ruta de la Sal es una regata de Altura Mediterr\u00e1nea para barcos de crucero a vela con destino en Ibiza, que se disputa anualmente en Semana Santa.","potentialAction":[{"@type":"SearchAction","target":{"@type":"EntryPoint","urlTemplate":"https:\/\/labs.100x100.net\/projects\/rutasal\/?s={search_term_string}"},"query-input":"required name=search_term_string"}],"inLanguage":"es"},{"@type":"Person","@id":"https:\/\/labs.100x100.net\/projects\/rutasal\/#\/schema\/person\/24a02a346c826cf8502e7fb8edc0396c","name":"Ferran","image":{"@type":"ImageObject","inLanguage":"es","@id":"https:\/\/labs.100x100.net\/projects\/rutasal\/#\/schema\/person\/image\/","url":"https:\/\/secure.gravatar.com\/avatar\/d1c4bb756eb5c888319d7e06d9dc1559?s=96&d=mm&r=g","contentUrl":"https:\/\/secure.gravatar.com\/avatar\/d1c4bb756eb5c888319d7e06d9dc1559?s=96&d=mm&r=g","caption":"Ferran"}}]}},"_links":{"self":[{"href":"https:\/\/labs.100x100.net\/projects\/rutasal\/wp-json\/wp\/v2\/posts\/9874"}],"collection":[{"href":"https:\/\/labs.100x100.net\/projects\/rutasal\/wp-json\/wp\/v2\/posts"}],"about":[{"href":"https:\/\/labs.100x100.net\/projects\/rutasal\/wp-json\/wp\/v2\/types\/post"}],"author":[{"embeddable":true,"href":"https:\/\/labs.100x100.net\/projects\/rutasal\/wp-json\/wp\/v2\/users\/2"}],"replies":[{"embeddable":true,"href":"https:\/\/labs.100x100.net\/projects\/rutasal\/wp-json\/wp\/v2\/comments?post=9874"}],"version-history":[{"count":2,"href":"https:\/\/labs.100x100.net\/projects\/rutasal\/wp-json\/wp\/v2\/posts\/9874\/revisions"}],"predecessor-version":[{"id":9885,"href":"https:\/\/labs.100x100.net\/projects\/rutasal\/wp-json\/wp\/v2\/posts\/9874\/revisions\/9885"}],"wp:featuredmedia":[{"embeddable":true,"href":"https:\/\/labs.100x100.net\/projects\/rutasal\/wp-json\/wp\/v2\/media\/9875"}],"wp:attachment":[{"href":"https:\/\/labs.100x100.net\/projects\/rutasal\/wp-json\/wp\/v2\/media?parent=9874"}],"wp:term":[{"taxonomy":"category","embeddable":true,"href":"https:\/\/labs.100x100.net\/projects\/rutasal\/wp-json\/wp\/v2\/categories?post=9874"},{"taxonomy":"post_tag","embeddable":true,"href":"https:\/\/labs.100x100.net\/projects\/rutasal\/wp-json\/wp\/v2\/tags?post=9874"}],"curies":[{"name":"wp","href":"https:\/\/api.w.org\/{rel}","templated":true}]}}