{"id":9849,"date":"2024-03-28T15:34:15","date_gmt":"2024-03-28T13:34:15","guid":{"rendered":"https:\/\/larutadelasal.com\/?p=9849"},"modified":"2024-03-28T15:35:34","modified_gmt":"2024-03-28T13:35:34","slug":"aplazamiento-de-la-salida-version-denia-de-la-ruta-de-la-sal-rumbo-a-ibiza-2024","status":"publish","type":"post","link":"https:\/\/labs.100x100.net\/projects\/rutasal\/aplazamiento-de-la-salida-version-denia-de-la-ruta-de-la-sal-rumbo-a-ibiza-2024\/","title":{"rendered":"Aplazamiento de la salida Versi\u00f3n DENIA de la Ruta de la Sal \u2013 Rumbo a Ibiza 2024"},"content":{"rendered":"<p>Aplazamiento de la salida versi\u00f3n Versi\u00f3n DENIA de la Ruta de la Sal \u2013 Rumbo a Ibiza 2024<\/p>\n<p>Aviso para todos los participantes de la Denia de La Ruta de la Sal \u2013 Rumbo a Ibiza 2024. La nueva se\u00f1al de ATENCI\u00d3N se realizar\u00e1 el jueves 28 de marzo a las 17:30h.<\/p>\n<p>Pedimos a todos los participantes estar atentos a cualquier actualizaci\u00f3n adicional y seguir las indicaciones proporcionadas por el comit\u00e9 organizador.<\/p>\n<p>Consultad <a href=\"https:\/\/larutadelasal.com\/avisos-toa\/\">DOCUMENTOS \u2013 AVISOS \u2013 TOA<\/a><\/p>\n","protected":false},"excerpt":{"rendered":"<p>Aplazamiento de la salida versi\u00f3n Versi\u00f3n DENIA de la Ruta de la Sal \u2013 Rumbo a Ibiza 2024 Aviso para todos los participantes de la Denia de La Ruta de la Sal \u2013 Rumbo a Ibiza 2024. La nueva se\u00f1al de ATENCI\u00d3N se realizar\u00e1 el jueves 28 de marzo a las 17:30h. Pedimos a todos [&hellip;]<\/p>\n","protected":false},"author":2,"featured_media":9850,"comment_status":"open","ping_status":"open","sticky":false,"template":"","format":"standard","meta":{"_acf_changed":false,"footnotes":""},"categories":[3],"tags":[],"acf":[],"yoast_head":"<!-- This site is optimized with the Yoast SEO plugin v23.0 - https:\/\/yoast.com\/wordpress\/plugins\/seo\/ -->\n<title>Aplazamiento de la salida Versi\u00f3n DENIA de la Ruta de la Sal \u2013 Rumbo a Ibiza 2024 | Regata La Ruta de la Sal<\/title>\n<meta name=\"robots\" content=\"noindex, follow, max-snippet:-1, max-image-preview:large, max-video-preview:-1\" \/>\n<meta property=\"og:locale\" content=\"es_ES\" \/>\n<meta property=\"og:type\" content=\"article\" \/>\n<meta property=\"og:title\" content=\"Aplazamiento de la salida Versi\u00f3n DENIA de la Ruta de la Sal \u2013 Rumbo a Ibiza 2024 | Regata La Ruta de la Sal\" \/>\n<meta property=\"og:description\" content=\"Aplazamiento de la salida versi\u00f3n Versi\u00f3n DENIA de la Ruta de la Sal \u2013 Rumbo a Ibiza 2024 Aviso para todos los participantes de la Denia de La Ruta de la Sal \u2013 Rumbo a Ibiza 2024. La nueva se\u00f1al de ATENCI\u00d3N se realizar\u00e1 el jueves 28 de marzo a las 17:30h. Pedimos a todos [&hellip;]\" \/>\n<meta property=\"og:url\" content=\"https:\/\/labs.100x100.net\/projects\/rutasal\/aplazamiento-de-la-salida-version-denia-de-la-ruta-de-la-sal-rumbo-a-ibiza-2024\/\" \/>\n<meta property=\"og:site_name\" content=\"Regata La Ruta de la Sal\" \/>\n<meta property=\"article:publisher\" content=\"https:\/\/www.facebook.com\/rutadelasal\/\" \/>\n<meta property=\"article:published_time\" content=\"2024-03-28T13:34:15+00:00\" \/>\n<meta property=\"article:modified_time\" content=\"2024-03-28T13:35:34+00:00\" \/>\n<meta property=\"og:image\" content=\"https:\/\/labs.100x100.net\/projects\/rutasal\/custom\/uploads\/2024\/03\/2024-03-28-12.46.58.jpg\" \/>\n\t<meta property=\"og:image:width\" content=\"1920\" \/>\n\t<meta property=\"og:image:height\" content=\"1280\" \/>\n\t<meta property=\"og:image:type\" content=\"image\/jpeg\" \/>\n<meta name=\"author\" content=\"Ferran\" \/>\n<meta name=\"twitter:card\" content=\"summary_large_image\" \/>\n<meta name=\"twitter:creator\" content=\"@AnamMedi\" \/>\n<meta name=\"twitter:site\" content=\"@AnamMedi\" \/>\n<meta name=\"twitter:label1\" content=\"Escrito por\" \/>\n\t<meta name=\"twitter:data1\" content=\"Ferran\" \/>\n\t<meta name=\"twitter:label2\" content=\"Tiempo de lectura\" \/>\n\t<meta name=\"twitter:data2\" content=\"1 minuto\" \/>\n<script type=\"application\/ld+json\" class=\"yoast-schema-graph\">{\"@context\":\"https:\/\/schema.org\",\"@graph\":[{\"@type\":\"WebPage\",\"@id\":\"https:\/\/labs.100x100.net\/projects\/rutasal\/aplazamiento-de-la-salida-version-denia-de-la-ruta-de-la-sal-rumbo-a-ibiza-2024\/\",\"url\":\"https:\/\/labs.100x100.net\/projects\/rutasal\/aplazamiento-de-la-salida-version-denia-de-la-ruta-de-la-sal-rumbo-a-ibiza-2024\/\",\"name\":\"Aplazamiento de la salida Versi\u00f3n DENIA de la Ruta de la Sal \u2013 Rumbo a Ibiza 2024 | Regata La Ruta de la Sal\",\"isPartOf\":{\"@id\":\"https:\/\/labs.100x100.net\/projects\/rutasal\/#website\"},\"primaryImageOfPage\":{\"@id\":\"https:\/\/labs.100x100.net\/projects\/rutasal\/aplazamiento-de-la-salida-version-denia-de-la-ruta-de-la-sal-rumbo-a-ibiza-2024\/#primaryimage\"},\"image\":{\"@id\":\"https:\/\/labs.100x100.net\/projects\/rutasal\/aplazamiento-de-la-salida-version-denia-de-la-ruta-de-la-sal-rumbo-a-ibiza-2024\/#primaryimage\"},\"thumbnailUrl\":\"https:\/\/labs.100x100.net\/projects\/rutasal\/custom\/uploads\/2024\/03\/2024-03-28-12.46.58.jpg\",\"datePublished\":\"2024-03-28T13:34:15+00:00\",\"dateModified\":\"2024-03-28T13:35:34+00:00\",\"author\":{\"@id\":\"https:\/\/labs.100x100.net\/projects\/rutasal\/#\/schema\/person\/24a02a346c826cf8502e7fb8edc0396c\"},\"breadcrumb\":{\"@id\":\"https:\/\/labs.100x100.net\/projects\/rutasal\/aplazamiento-de-la-salida-version-denia-de-la-ruta-de-la-sal-rumbo-a-ibiza-2024\/#breadcrumb\"},\"inLanguage\":\"es\",\"potentialAction\":[{\"@type\":\"ReadAction\",\"target\":[\"https:\/\/labs.100x100.net\/projects\/rutasal\/aplazamiento-de-la-salida-version-denia-de-la-ruta-de-la-sal-rumbo-a-ibiza-2024\/\"]}]},{\"@type\":\"ImageObject\",\"inLanguage\":\"es\",\"@id\":\"https:\/\/labs.100x100.net\/projects\/rutasal\/aplazamiento-de-la-salida-version-denia-de-la-ruta-de-la-sal-rumbo-a-ibiza-2024\/#primaryimage\",\"url\":\"https:\/\/labs.100x100.net\/projects\/rutasal\/custom\/uploads\/2024\/03\/2024-03-28-12.46.58.jpg\",\"contentUrl\":\"https:\/\/labs.100x100.net\/projects\/rutasal\/custom\/uploads\/2024\/03\/2024-03-28-12.46.58.jpg\",\"width\":1920,\"height\":1280},{\"@type\":\"BreadcrumbList\",\"@id\":\"https:\/\/labs.100x100.net\/projects\/rutasal\/aplazamiento-de-la-salida-version-denia-de-la-ruta-de-la-sal-rumbo-a-ibiza-2024\/#breadcrumb\",\"itemListElement\":[{\"@type\":\"ListItem\",\"position\":1,\"name\":\"Portada\",\"item\":\"https:\/\/labs.100x100.net\/projects\/rutasal\/\"},{\"@type\":\"ListItem\",\"position\":2,\"name\":\"Aplazamiento de la salida Versi\u00f3n DENIA de la Ruta de la Sal \u2013 Rumbo a Ibiza 2024\"}]},{\"@type\":\"WebSite\",\"@id\":\"https:\/\/labs.100x100.net\/projects\/rutasal\/#website\",\"url\":\"https:\/\/labs.100x100.net\/projects\/rutasal\/\",\"name\":\"Regata La Ruta de la Sal\",\"description\":\"Regata La Ruta de la Sal es una regata de Altura Mediterr\u00e1nea para barcos de crucero a vela con destino en Ibiza, que se disputa anualmente en Semana Santa.\",\"potentialAction\":[{\"@type\":\"SearchAction\",\"target\":{\"@type\":\"EntryPoint\",\"urlTemplate\":\"https:\/\/labs.100x100.net\/projects\/rutasal\/?s={search_term_string}\"},\"query-input\":\"required name=search_term_string\"}],\"inLanguage\":\"es\"},{\"@type\":\"Person\",\"@id\":\"https:\/\/labs.100x100.net\/projects\/rutasal\/#\/schema\/person\/24a02a346c826cf8502e7fb8edc0396c\",\"name\":\"Ferran\",\"image\":{\"@type\":\"ImageObject\",\"inLanguage\":\"es\",\"@id\":\"https:\/\/labs.100x100.net\/projects\/rutasal\/#\/schema\/person\/image\/\",\"url\":\"https:\/\/secure.gravatar.com\/avatar\/d1c4bb756eb5c888319d7e06d9dc1559?s=96&d=mm&r=g\",\"contentUrl\":\"https:\/\/secure.gravatar.com\/avatar\/d1c4bb756eb5c888319d7e06d9dc1559?s=96&d=mm&r=g\",\"caption\":\"Ferran\"}}]}<\/script>\n<!-- \/ Yoast SEO plugin. -->","yoast_head_json":{"title":"Aplazamiento de la salida Versi\u00f3n DENIA de la Ruta de la Sal \u2013 Rumbo a Ibiza 2024 | Regata La Ruta de la Sal","robots":{"index":"noindex","follow":"follow","max-snippet":"max-snippet:-1","max-image-preview":"max-image-preview:large","max-video-preview":"max-video-preview:-1"},"og_locale":"es_ES","og_type":"article","og_title":"Aplazamiento de la salida Versi\u00f3n DENIA de la Ruta de la Sal \u2013 Rumbo a Ibiza 2024 | Regata La Ruta de la Sal","og_description":"Aplazamiento de la salida versi\u00f3n Versi\u00f3n DENIA de la Ruta de la Sal \u2013 Rumbo a Ibiza 2024 Aviso para todos los participantes de la Denia de La Ruta de la Sal \u2013 Rumbo a Ibiza 2024. La nueva se\u00f1al de ATENCI\u00d3N se realizar\u00e1 el jueves 28 de marzo a las 17:30h. Pedimos a todos [&hellip;]","og_url":"https:\/\/labs.100x100.net\/projects\/rutasal\/aplazamiento-de-la-salida-version-denia-de-la-ruta-de-la-sal-rumbo-a-ibiza-2024\/","og_site_name":"Regata La Ruta de la Sal","article_publisher":"https:\/\/www.facebook.com\/rutadelasal\/","article_published_time":"2024-03-28T13:34:15+00:00","article_modified_time":"2024-03-28T13:35:34+00:00","og_image":[{"width":1920,"height":1280,"url":"https:\/\/labs.100x100.net\/projects\/rutasal\/custom\/uploads\/2024\/03\/2024-03-28-12.46.58.jpg","type":"image\/jpeg"}],"author":"Ferran","twitter_card":"summary_large_image","twitter_creator":"@AnamMedi","twitter_site":"@AnamMedi","twitter_misc":{"Escrito por":"Ferran","Tiempo de lectura":"1 minuto"},"schema":{"@context":"https:\/\/schema.org","@graph":[{"@type":"WebPage","@id":"https:\/\/labs.100x100.net\/projects\/rutasal\/aplazamiento-de-la-salida-version-denia-de-la-ruta-de-la-sal-rumbo-a-ibiza-2024\/","url":"https:\/\/labs.100x100.net\/projects\/rutasal\/aplazamiento-de-la-salida-version-denia-de-la-ruta-de-la-sal-rumbo-a-ibiza-2024\/","name":"Aplazamiento de la salida Versi\u00f3n DENIA de la Ruta de la Sal \u2013 Rumbo a Ibiza 2024 | Regata La Ruta de la Sal","isPartOf":{"@id":"https:\/\/labs.100x100.net\/projects\/rutasal\/#website"},"primaryImageOfPage":{"@id":"https:\/\/labs.100x100.net\/projects\/rutasal\/aplazamiento-de-la-salida-version-denia-de-la-ruta-de-la-sal-rumbo-a-ibiza-2024\/#primaryimage"},"image":{"@id":"https:\/\/labs.100x100.net\/projects\/rutasal\/aplazamiento-de-la-salida-version-denia-de-la-ruta-de-la-sal-rumbo-a-ibiza-2024\/#primaryimage"},"thumbnailUrl":"https:\/\/labs.100x100.net\/projects\/rutasal\/custom\/uploads\/2024\/03\/2024-03-28-12.46.58.jpg","datePublished":"2024-03-28T13:34:15+00:00","dateModified":"2024-03-28T13:35:34+00:00","author":{"@id":"https:\/\/labs.100x100.net\/projects\/rutasal\/#\/schema\/person\/24a02a346c826cf8502e7fb8edc0396c"},"breadcrumb":{"@id":"https:\/\/labs.100x100.net\/projects\/rutasal\/aplazamiento-de-la-salida-version-denia-de-la-ruta-de-la-sal-rumbo-a-ibiza-2024\/#breadcrumb"},"inLanguage":"es","potentialAction":[{"@type":"ReadAction","target":["https:\/\/labs.100x100.net\/projects\/rutasal\/aplazamiento-de-la-salida-version-denia-de-la-ruta-de-la-sal-rumbo-a-ibiza-2024\/"]}]},{"@type":"ImageObject","inLanguage":"es","@id":"https:\/\/labs.100x100.net\/projects\/rutasal\/aplazamiento-de-la-salida-version-denia-de-la-ruta-de-la-sal-rumbo-a-ibiza-2024\/#primaryimage","url":"https:\/\/labs.100x100.net\/projects\/rutasal\/custom\/uploads\/2024\/03\/2024-03-28-12.46.58.jpg","contentUrl":"https:\/\/labs.100x100.net\/projects\/rutasal\/custom\/uploads\/2024\/03\/2024-03-28-12.46.58.jpg","width":1920,"height":1280},{"@type":"BreadcrumbList","@id":"https:\/\/labs.100x100.net\/projects\/rutasal\/aplazamiento-de-la-salida-version-denia-de-la-ruta-de-la-sal-rumbo-a-ibiza-2024\/#breadcrumb","itemListElement":[{"@type":"ListItem","position":1,"name":"Portada","item":"https:\/\/labs.100x100.net\/projects\/rutasal\/"},{"@type":"ListItem","position":2,"name":"Aplazamiento de la salida Versi\u00f3n DENIA de la Ruta de la Sal \u2013 Rumbo a Ibiza 2024"}]},{"@type":"WebSite","@id":"https:\/\/labs.100x100.net\/projects\/rutasal\/#website","url":"https:\/\/labs.100x100.net\/projects\/rutasal\/","name":"Regata La Ruta de la Sal","description":"Regata La Ruta de la Sal es una regata de Altura Mediterr\u00e1nea para barcos de crucero a vela con destino en Ibiza, que se disputa anualmente en Semana Santa.","potentialAction":[{"@type":"SearchAction","target":{"@type":"EntryPoint","urlTemplate":"https:\/\/labs.100x100.net\/projects\/rutasal\/?s={search_term_string}"},"query-input":"required name=search_term_string"}],"inLanguage":"es"},{"@type":"Person","@id":"https:\/\/labs.100x100.net\/projects\/rutasal\/#\/schema\/person\/24a02a346c826cf8502e7fb8edc0396c","name":"Ferran","image":{"@type":"ImageObject","inLanguage":"es","@id":"https:\/\/labs.100x100.net\/projects\/rutasal\/#\/schema\/person\/image\/","url":"https:\/\/secure.gravatar.com\/avatar\/d1c4bb756eb5c888319d7e06d9dc1559?s=96&d=mm&r=g","contentUrl":"https:\/\/secure.gravatar.com\/avatar\/d1c4bb756eb5c888319d7e06d9dc1559?s=96&d=mm&r=g","caption":"Ferran"}}]}},"_links":{"self":[{"href":"https:\/\/labs.100x100.net\/projects\/rutasal\/wp-json\/wp\/v2\/posts\/9849"}],"collection":[{"href":"https:\/\/labs.100x100.net\/projects\/rutasal\/wp-json\/wp\/v2\/posts"}],"about":[{"href":"https:\/\/labs.100x100.net\/projects\/rutasal\/wp-json\/wp\/v2\/types\/post"}],"author":[{"embeddable":true,"href":"https:\/\/labs.100x100.net\/projects\/rutasal\/wp-json\/wp\/v2\/users\/2"}],"replies":[{"embeddable":true,"href":"https:\/\/labs.100x100.net\/projects\/rutasal\/wp-json\/wp\/v2\/comments?post=9849"}],"version-history":[{"count":3,"href":"https:\/\/labs.100x100.net\/projects\/rutasal\/wp-json\/wp\/v2\/posts\/9849\/revisions"}],"predecessor-version":[{"id":9855,"href":"https:\/\/labs.100x100.net\/projects\/rutasal\/wp-json\/wp\/v2\/posts\/9849\/revisions\/9855"}],"wp:featuredmedia":[{"embeddable":true,"href":"https:\/\/labs.100x100.net\/projects\/rutasal\/wp-json\/wp\/v2\/media\/9850"}],"wp:attachment":[{"href":"https:\/\/labs.100x100.net\/projects\/rutasal\/wp-json\/wp\/v2\/media?parent=9849"}],"wp:term":[{"taxonomy":"category","embeddable":true,"href":"https:\/\/labs.100x100.net\/projects\/rutasal\/wp-json\/wp\/v2\/categories?post=9849"},{"taxonomy":"post_tag","embeddable":true,"href":"https:\/\/labs.100x100.net\/projects\/rutasal\/wp-json\/wp\/v2\/tags?post=9849"}],"curies":[{"name":"wp","href":"https:\/\/api.w.org\/{rel}","templated":true}]}}