{"id":9791,"date":"2024-03-26T22:21:39","date_gmt":"2024-03-26T20:21:39","guid":{"rendered":"https:\/\/larutadelasal.com\/?p=9791"},"modified":"2024-04-02T19:56:15","modified_gmt":"2024-04-02T17:56:15","slug":"nuevos-e-importantes-apoyos","status":"publish","type":"post","link":"https:\/\/labs.100x100.net\/projects\/rutasal\/nuevos-e-importantes-apoyos\/","title":{"rendered":"La Ruta de la Sal &#8211; Rumbo Ibiza, nuevos e importantes apoyos"},"content":{"rendered":"<div id=\"attachment_9792\" style=\"width: 1210px\" class=\"wp-caption aligncenter\"><img loading=\"lazy\" decoding=\"async\" aria-describedby=\"caption-attachment-9792\" class=\"size-full wp-image-9792\" src=\"http:\/\/larutadelasal.com\/custom\/uploads\/2024\/03\/La-Ruta-de-la-Sal-2023-@Alfred-Farre-2.jpg\" alt=\"XXXV LA RUTA DE LA SAL 2023\" width=\"1200\" height=\"801\" srcset=\"https:\/\/labs.100x100.net\/projects\/rutasal\/custom\/uploads\/2024\/03\/La-Ruta-de-la-Sal-2023-@Alfred-Farre-2.jpg 1200w, https:\/\/labs.100x100.net\/projects\/rutasal\/custom\/uploads\/2024\/03\/La-Ruta-de-la-Sal-2023-@Alfred-Farre-2-300x200.jpg 300w, https:\/\/labs.100x100.net\/projects\/rutasal\/custom\/uploads\/2024\/03\/La-Ruta-de-la-Sal-2023-@Alfred-Farre-2-1024x684.jpg 1024w, https:\/\/labs.100x100.net\/projects\/rutasal\/custom\/uploads\/2024\/03\/La-Ruta-de-la-Sal-2023-@Alfred-Farre-2-768x513.jpg 768w\" sizes=\"(max-width: 1200px) 100vw, 1200px\" \/><p id=\"caption-attachment-9792\" class=\"wp-caption-text\">La Ruta de la Sal 2023 \u00a9Alfred Farr\u00e9<\/p><\/div>\n<p>La Ruta de la Sal Rumbo Ibiza ha firmado un contrato de patrocinio con la Agencia de Estrategia Tur\u00edstica de las Illes Balears (AETIB). Cofinanciado con el fondo del Impuesto del Turismo Sostenible del Govern de les Illes Balears, el acuerdo tiene como principal objetivo reforzar la promoci\u00f3n de Ibiza como destino de turismo n\u00e1utico fuera de temporada alta.<\/p>\n<p>Este apoyo viene a sumarse al patrocinio principal que aporta desde hace a\u00f1os el propio Consell de Ibiza y demuestra, una vez m\u00e1s, la relevancia que La Ruta de la Sal tiene tanto a nivel deportivo como social y tur\u00edstico. Entre los requisitos primordiales de estos patrocinios est\u00e1 la sostenibilidad, concepto que La Ruta de la Sal ha considerado b\u00e1sico desde sus inicios en 1989 y que, con el apoyo del Consell de Ibiza y la AETIB, se ver\u00e1 notablemente reforzado.<\/p>\n<p>El volumen de participaci\u00f3n y la complejidad log\u00edstica de La Ruta de la Sal, con dos puertos de salida en la pen\u00ednsula y un puerto de llegada en Ibiza, implica un elevado coste organizativo que los derechos de inscripci\u00f3n que abonan los participantes est\u00e1n lejos de cubrir. Por ello, la viabilidad del evento pasa por el decidido apoyo de entidades p\u00fablicas como las anteriormente citadas, a las que cabe sumar las colaboraciones esenciales del Ayuntamiento de Sant Antoni de Portmany y de Ports IB, responsable de los puertos de gesti\u00f3n auton\u00f3mica de las Islas Baleares.<\/p>\n<div id=\"attachment_9795\" style=\"width: 1010px\" class=\"wp-caption aligncenter\"><img loading=\"lazy\" decoding=\"async\" aria-describedby=\"caption-attachment-9795\" class=\"wp-image-9795 size-full\" src=\"http:\/\/larutadelasal.com\/custom\/uploads\/2024\/03\/La-Sal-2022-\u00a9Alfred-Farre.jpg\" alt=\"LA RUTA DE LA SAL \" width=\"1000\" height=\"662\" srcset=\"https:\/\/labs.100x100.net\/projects\/rutasal\/custom\/uploads\/2024\/03\/La-Sal-2022-\u00a9Alfred-Farre.jpg 1000w, https:\/\/labs.100x100.net\/projects\/rutasal\/custom\/uploads\/2024\/03\/La-Sal-2022-\u00a9Alfred-Farre-300x199.jpg 300w, https:\/\/labs.100x100.net\/projects\/rutasal\/custom\/uploads\/2024\/03\/La-Sal-2022-\u00a9Alfred-Farre-768x508.jpg 768w\" sizes=\"(max-width: 1000px) 100vw, 1000px\" \/><p id=\"caption-attachment-9795\" class=\"wp-caption-text\">La Ruta de la Sal \u00a9Alfred Farr\u00e9<\/p><\/div>\n<p><strong>Trofeos y premios patrocinadores<\/strong><\/p>\n<p>Por su parte, el patrocinio de empresas privadas que reconocen el papel de La Ruta de la Sal como dinamizador de la industria n\u00e1utica, permite incrementar continuamente los est\u00e1ndares de calidad y el impacto medi\u00e1tico del evento para multiplicar as\u00ed el efecto dinamizador que representa en la industria y el turismo n\u00e1utico. Destaca el apoyo de Garmin, electr\u00f3nica oficial de la regata, que desde hace a\u00f1os premia a los ganadores absolutos de cada versi\u00f3n con sendos relojes quatix\u00ae 7, reloj n\u00e1utico inteligente con GPS y m\u00faltiples funciones de utilidad a bordo. Los vencedores en tiempo real en ambas versiones tambi\u00e9n tendr\u00e1n, gracias a Origin Marine, distribuidor en Espa\u00f1a de esta marca canadiense, un premio especial: una ancla Rocna Mk II de 25kg.<\/p>\n<p>Otra gran novedad de esta edici\u00f3n es la instauraci\u00f3n del Trofeo RAECY. La Real Asamblea Espa\u00f1ola de Capitanes de Yate entregar\u00e1 el Trofeo RAECY al Capit\u00e1n de Yate que logre una mejor clasificaci\u00f3n en la general de ambas versiones.<\/p>\n<p>Por otro lado, se instaura el Trofeo Jeanneau. A trav\u00e9s de Rumbo Norte, distribuidor oficial en Ibiza del prestigioso astillero franc\u00e9s, se entregar\u00e1 un trofeo a la primera embarcaci\u00f3n Jeanneau clasificada en la general de la versi\u00f3n Barcelona y otro a la primera clasificada en la general de la versi\u00f3n larga de Denia. Por su parte MedCat, distribuidor de referencia en Espa\u00f1a de multicasos, repite como patrocinador de la categor\u00eda espec\u00edfica para catamaranes.<\/p>\n<p>Las aportaciones de los sponsors no se acaban aqu\u00ed, pues como colof\u00f3n de la ceremonia de trofeos en Sant Antoni de Portmany, se realizar\u00e1 el tradicional sorteo en el que los patrocinadores har\u00e1n entrega de m\u00e1s premios. GlobeSailor aportar\u00e1 el alquiler de un barco durante una semana en un destino de ensue\u00f1o, ni m\u00e1s ni menos que la isla de Ibiza. Yamaha obsequiar\u00e1 un motor fuera borda, Origin Marine aportar\u00e1 otras dos anclas Rocna y Vetus un fun tube de Yellow V.<\/p>\n<p>La fidelidad y el reconocimiento de los navegantes, el compromiso de los clubes y puertos colaboradores, el apoyo de las entidades p\u00fablicas y la implicaci\u00f3n del sector privado son todos ellos elementos esenciales que confluyen en La Ruta de la Sal y que, con 35 ediciones a sus espaldas, le permiten seguir siendo reconocida como el evento de referencia de la n\u00e1utica tur\u00edstico-deportiva en Espa\u00f1a<\/p>\n","protected":false},"excerpt":{"rendered":"<p>La Ruta de la Sal Rumbo Ibiza ha firmado un contrato de patrocinio con la Agencia de Estrategia Tur\u00edstica de las Illes Balears (AETIB). Cofinanciado con el fondo del Impuesto del Turismo Sostenible del Govern de les Illes Balears, el acuerdo tiene como principal objetivo reforzar la promoci\u00f3n de Ibiza como destino de turismo n\u00e1utico [&hellip;]<\/p>\n","protected":false},"author":2,"featured_media":9792,"comment_status":"open","ping_status":"open","sticky":false,"template":"","format":"standard","meta":{"_acf_changed":false,"footnotes":""},"categories":[3],"tags":[],"acf":[],"yoast_head":"<!-- This site is optimized with the Yoast SEO plugin v23.0 - https:\/\/yoast.com\/wordpress\/plugins\/seo\/ -->\n<title>La Ruta de la Sal - Rumbo Ibiza, nuevos e importantes apoyos | Regata La Ruta de la Sal<\/title>\n<meta name=\"description\" content=\"La Ruta de la Sal Rumbo Ibiza ha firmado un contrato de patrocinio con la Agencia de Estrategia Tur\u00edstica de las Illes Balears (AETIB).\" \/>\n<meta name=\"robots\" content=\"noindex, follow, max-snippet:-1, max-image-preview:large, max-video-preview:-1\" \/>\n<meta property=\"og:locale\" content=\"es_ES\" \/>\n<meta property=\"og:type\" content=\"article\" \/>\n<meta property=\"og:title\" content=\"La Ruta de la Sal - Rumbo Ibiza, nuevos e importantes apoyos | Regata La Ruta de la Sal\" \/>\n<meta property=\"og:description\" content=\"La Ruta de la Sal Rumbo Ibiza ha firmado un contrato de patrocinio con la Agencia de Estrategia Tur\u00edstica de las Illes Balears (AETIB).\" \/>\n<meta property=\"og:url\" content=\"https:\/\/labs.100x100.net\/projects\/rutasal\/nuevos-e-importantes-apoyos\/\" \/>\n<meta property=\"og:site_name\" content=\"Regata La Ruta de la Sal\" \/>\n<meta property=\"article:publisher\" content=\"https:\/\/www.facebook.com\/rutadelasal\/\" \/>\n<meta property=\"article:published_time\" content=\"2024-03-26T20:21:39+00:00\" \/>\n<meta property=\"article:modified_time\" content=\"2024-04-02T17:56:15+00:00\" \/>\n<meta property=\"og:image\" content=\"https:\/\/labs.100x100.net\/projects\/rutasal\/custom\/uploads\/2024\/03\/La-Ruta-de-la-Sal-2023-@Alfred-Farre-2.jpg\" \/>\n\t<meta property=\"og:image:width\" content=\"1200\" \/>\n\t<meta property=\"og:image:height\" content=\"801\" \/>\n\t<meta property=\"og:image:type\" content=\"image\/jpeg\" \/>\n<meta name=\"author\" content=\"Ferran\" \/>\n<meta name=\"twitter:card\" content=\"summary_large_image\" \/>\n<meta name=\"twitter:creator\" content=\"@AnamMedi\" \/>\n<meta name=\"twitter:site\" content=\"@AnamMedi\" \/>\n<meta name=\"twitter:label1\" content=\"Escrito por\" \/>\n\t<meta name=\"twitter:data1\" content=\"Ferran\" \/>\n\t<meta name=\"twitter:label2\" content=\"Tiempo de lectura\" \/>\n\t<meta name=\"twitter:data2\" content=\"4 minutos\" \/>\n<script type=\"application\/ld+json\" class=\"yoast-schema-graph\">{\"@context\":\"https:\/\/schema.org\",\"@graph\":[{\"@type\":\"WebPage\",\"@id\":\"https:\/\/labs.100x100.net\/projects\/rutasal\/nuevos-e-importantes-apoyos\/\",\"url\":\"https:\/\/labs.100x100.net\/projects\/rutasal\/nuevos-e-importantes-apoyos\/\",\"name\":\"La Ruta de la Sal - Rumbo Ibiza, nuevos e importantes apoyos | Regata La Ruta de la Sal\",\"isPartOf\":{\"@id\":\"https:\/\/labs.100x100.net\/projects\/rutasal\/#website\"},\"primaryImageOfPage\":{\"@id\":\"https:\/\/labs.100x100.net\/projects\/rutasal\/nuevos-e-importantes-apoyos\/#primaryimage\"},\"image\":{\"@id\":\"https:\/\/labs.100x100.net\/projects\/rutasal\/nuevos-e-importantes-apoyos\/#primaryimage\"},\"thumbnailUrl\":\"https:\/\/labs.100x100.net\/projects\/rutasal\/custom\/uploads\/2024\/03\/La-Ruta-de-la-Sal-2023-@Alfred-Farre-2.jpg\",\"datePublished\":\"2024-03-26T20:21:39+00:00\",\"dateModified\":\"2024-04-02T17:56:15+00:00\",\"author\":{\"@id\":\"https:\/\/labs.100x100.net\/projects\/rutasal\/#\/schema\/person\/24a02a346c826cf8502e7fb8edc0396c\"},\"description\":\"La Ruta de la Sal Rumbo Ibiza ha firmado un contrato de patrocinio con la Agencia de Estrategia Tur\u00edstica de las Illes Balears (AETIB).\",\"breadcrumb\":{\"@id\":\"https:\/\/labs.100x100.net\/projects\/rutasal\/nuevos-e-importantes-apoyos\/#breadcrumb\"},\"inLanguage\":\"es\",\"potentialAction\":[{\"@type\":\"ReadAction\",\"target\":[\"https:\/\/labs.100x100.net\/projects\/rutasal\/nuevos-e-importantes-apoyos\/\"]}]},{\"@type\":\"ImageObject\",\"inLanguage\":\"es\",\"@id\":\"https:\/\/labs.100x100.net\/projects\/rutasal\/nuevos-e-importantes-apoyos\/#primaryimage\",\"url\":\"https:\/\/labs.100x100.net\/projects\/rutasal\/custom\/uploads\/2024\/03\/La-Ruta-de-la-Sal-2023-@Alfred-Farre-2.jpg\",\"contentUrl\":\"https:\/\/labs.100x100.net\/projects\/rutasal\/custom\/uploads\/2024\/03\/La-Ruta-de-la-Sal-2023-@Alfred-Farre-2.jpg\",\"width\":1200,\"height\":801,\"caption\":\"La Ruta de la Sal 2023 \u00a9Alfred Farr\u00e9\"},{\"@type\":\"BreadcrumbList\",\"@id\":\"https:\/\/labs.100x100.net\/projects\/rutasal\/nuevos-e-importantes-apoyos\/#breadcrumb\",\"itemListElement\":[{\"@type\":\"ListItem\",\"position\":1,\"name\":\"Portada\",\"item\":\"https:\/\/labs.100x100.net\/projects\/rutasal\/\"},{\"@type\":\"ListItem\",\"position\":2,\"name\":\"La Ruta de la Sal &#8211; Rumbo Ibiza, nuevos e importantes apoyos\"}]},{\"@type\":\"WebSite\",\"@id\":\"https:\/\/labs.100x100.net\/projects\/rutasal\/#website\",\"url\":\"https:\/\/labs.100x100.net\/projects\/rutasal\/\",\"name\":\"Regata La Ruta de la Sal\",\"description\":\"Regata La Ruta de la Sal es una regata de Altura Mediterr\u00e1nea para barcos de crucero a vela con destino en Ibiza, que se disputa anualmente en Semana Santa.\",\"potentialAction\":[{\"@type\":\"SearchAction\",\"target\":{\"@type\":\"EntryPoint\",\"urlTemplate\":\"https:\/\/labs.100x100.net\/projects\/rutasal\/?s={search_term_string}\"},\"query-input\":\"required name=search_term_string\"}],\"inLanguage\":\"es\"},{\"@type\":\"Person\",\"@id\":\"https:\/\/labs.100x100.net\/projects\/rutasal\/#\/schema\/person\/24a02a346c826cf8502e7fb8edc0396c\",\"name\":\"Ferran\",\"image\":{\"@type\":\"ImageObject\",\"inLanguage\":\"es\",\"@id\":\"https:\/\/labs.100x100.net\/projects\/rutasal\/#\/schema\/person\/image\/\",\"url\":\"https:\/\/secure.gravatar.com\/avatar\/d1c4bb756eb5c888319d7e06d9dc1559?s=96&d=mm&r=g\",\"contentUrl\":\"https:\/\/secure.gravatar.com\/avatar\/d1c4bb756eb5c888319d7e06d9dc1559?s=96&d=mm&r=g\",\"caption\":\"Ferran\"}}]}<\/script>\n<!-- \/ Yoast SEO plugin. -->","yoast_head_json":{"title":"La Ruta de la Sal - Rumbo Ibiza, nuevos e importantes apoyos | Regata La Ruta de la Sal","description":"La Ruta de la Sal Rumbo Ibiza ha firmado un contrato de patrocinio con la Agencia de Estrategia Tur\u00edstica de las Illes Balears (AETIB).","robots":{"index":"noindex","follow":"follow","max-snippet":"max-snippet:-1","max-image-preview":"max-image-preview:large","max-video-preview":"max-video-preview:-1"},"og_locale":"es_ES","og_type":"article","og_title":"La Ruta de la Sal - Rumbo Ibiza, nuevos e importantes apoyos | Regata La Ruta de la Sal","og_description":"La Ruta de la Sal Rumbo Ibiza ha firmado un contrato de patrocinio con la Agencia de Estrategia Tur\u00edstica de las Illes Balears (AETIB).","og_url":"https:\/\/labs.100x100.net\/projects\/rutasal\/nuevos-e-importantes-apoyos\/","og_site_name":"Regata La Ruta de la Sal","article_publisher":"https:\/\/www.facebook.com\/rutadelasal\/","article_published_time":"2024-03-26T20:21:39+00:00","article_modified_time":"2024-04-02T17:56:15+00:00","og_image":[{"width":1200,"height":801,"url":"https:\/\/labs.100x100.net\/projects\/rutasal\/custom\/uploads\/2024\/03\/La-Ruta-de-la-Sal-2023-@Alfred-Farre-2.jpg","type":"image\/jpeg"}],"author":"Ferran","twitter_card":"summary_large_image","twitter_creator":"@AnamMedi","twitter_site":"@AnamMedi","twitter_misc":{"Escrito por":"Ferran","Tiempo de lectura":"4 minutos"},"schema":{"@context":"https:\/\/schema.org","@graph":[{"@type":"WebPage","@id":"https:\/\/labs.100x100.net\/projects\/rutasal\/nuevos-e-importantes-apoyos\/","url":"https:\/\/labs.100x100.net\/projects\/rutasal\/nuevos-e-importantes-apoyos\/","name":"La Ruta de la Sal - Rumbo Ibiza, nuevos e importantes apoyos | Regata La Ruta de la Sal","isPartOf":{"@id":"https:\/\/labs.100x100.net\/projects\/rutasal\/#website"},"primaryImageOfPage":{"@id":"https:\/\/labs.100x100.net\/projects\/rutasal\/nuevos-e-importantes-apoyos\/#primaryimage"},"image":{"@id":"https:\/\/labs.100x100.net\/projects\/rutasal\/nuevos-e-importantes-apoyos\/#primaryimage"},"thumbnailUrl":"https:\/\/labs.100x100.net\/projects\/rutasal\/custom\/uploads\/2024\/03\/La-Ruta-de-la-Sal-2023-@Alfred-Farre-2.jpg","datePublished":"2024-03-26T20:21:39+00:00","dateModified":"2024-04-02T17:56:15+00:00","author":{"@id":"https:\/\/labs.100x100.net\/projects\/rutasal\/#\/schema\/person\/24a02a346c826cf8502e7fb8edc0396c"},"description":"La Ruta de la Sal Rumbo Ibiza ha firmado un contrato de patrocinio con la Agencia de Estrategia Tur\u00edstica de las Illes Balears (AETIB).","breadcrumb":{"@id":"https:\/\/labs.100x100.net\/projects\/rutasal\/nuevos-e-importantes-apoyos\/#breadcrumb"},"inLanguage":"es","potentialAction":[{"@type":"ReadAction","target":["https:\/\/labs.100x100.net\/projects\/rutasal\/nuevos-e-importantes-apoyos\/"]}]},{"@type":"ImageObject","inLanguage":"es","@id":"https:\/\/labs.100x100.net\/projects\/rutasal\/nuevos-e-importantes-apoyos\/#primaryimage","url":"https:\/\/labs.100x100.net\/projects\/rutasal\/custom\/uploads\/2024\/03\/La-Ruta-de-la-Sal-2023-@Alfred-Farre-2.jpg","contentUrl":"https:\/\/labs.100x100.net\/projects\/rutasal\/custom\/uploads\/2024\/03\/La-Ruta-de-la-Sal-2023-@Alfred-Farre-2.jpg","width":1200,"height":801,"caption":"La Ruta de la Sal 2023 \u00a9Alfred Farr\u00e9"},{"@type":"BreadcrumbList","@id":"https:\/\/labs.100x100.net\/projects\/rutasal\/nuevos-e-importantes-apoyos\/#breadcrumb","itemListElement":[{"@type":"ListItem","position":1,"name":"Portada","item":"https:\/\/labs.100x100.net\/projects\/rutasal\/"},{"@type":"ListItem","position":2,"name":"La Ruta de la Sal &#8211; Rumbo Ibiza, nuevos e importantes apoyos"}]},{"@type":"WebSite","@id":"https:\/\/labs.100x100.net\/projects\/rutasal\/#website","url":"https:\/\/labs.100x100.net\/projects\/rutasal\/","name":"Regata La Ruta de la Sal","description":"Regata La Ruta de la Sal es una regata de Altura Mediterr\u00e1nea para barcos de crucero a vela con destino en Ibiza, que se disputa anualmente en Semana Santa.","potentialAction":[{"@type":"SearchAction","target":{"@type":"EntryPoint","urlTemplate":"https:\/\/labs.100x100.net\/projects\/rutasal\/?s={search_term_string}"},"query-input":"required name=search_term_string"}],"inLanguage":"es"},{"@type":"Person","@id":"https:\/\/labs.100x100.net\/projects\/rutasal\/#\/schema\/person\/24a02a346c826cf8502e7fb8edc0396c","name":"Ferran","image":{"@type":"ImageObject","inLanguage":"es","@id":"https:\/\/labs.100x100.net\/projects\/rutasal\/#\/schema\/person\/image\/","url":"https:\/\/secure.gravatar.com\/avatar\/d1c4bb756eb5c888319d7e06d9dc1559?s=96&d=mm&r=g","contentUrl":"https:\/\/secure.gravatar.com\/avatar\/d1c4bb756eb5c888319d7e06d9dc1559?s=96&d=mm&r=g","caption":"Ferran"}}]}},"_links":{"self":[{"href":"https:\/\/labs.100x100.net\/projects\/rutasal\/wp-json\/wp\/v2\/posts\/9791"}],"collection":[{"href":"https:\/\/labs.100x100.net\/projects\/rutasal\/wp-json\/wp\/v2\/posts"}],"about":[{"href":"https:\/\/labs.100x100.net\/projects\/rutasal\/wp-json\/wp\/v2\/types\/post"}],"author":[{"embeddable":true,"href":"https:\/\/labs.100x100.net\/projects\/rutasal\/wp-json\/wp\/v2\/users\/2"}],"replies":[{"embeddable":true,"href":"https:\/\/labs.100x100.net\/projects\/rutasal\/wp-json\/wp\/v2\/comments?post=9791"}],"version-history":[{"count":3,"href":"https:\/\/labs.100x100.net\/projects\/rutasal\/wp-json\/wp\/v2\/posts\/9791\/revisions"}],"predecessor-version":[{"id":9800,"href":"https:\/\/labs.100x100.net\/projects\/rutasal\/wp-json\/wp\/v2\/posts\/9791\/revisions\/9800"}],"wp:featuredmedia":[{"embeddable":true,"href":"https:\/\/labs.100x100.net\/projects\/rutasal\/wp-json\/wp\/v2\/media\/9792"}],"wp:attachment":[{"href":"https:\/\/labs.100x100.net\/projects\/rutasal\/wp-json\/wp\/v2\/media?parent=9791"}],"wp:term":[{"taxonomy":"category","embeddable":true,"href":"https:\/\/labs.100x100.net\/projects\/rutasal\/wp-json\/wp\/v2\/categories?post=9791"},{"taxonomy":"post_tag","embeddable":true,"href":"https:\/\/labs.100x100.net\/projects\/rutasal\/wp-json\/wp\/v2\/tags?post=9791"}],"curies":[{"name":"wp","href":"https:\/\/api.w.org\/{rel}","templated":true}]}}