{"id":9752,"date":"2024-03-25T02:27:34","date_gmt":"2024-03-25T00:27:34","guid":{"rendered":"https:\/\/larutadelasal.com\/?p=9752"},"modified":"2024-03-26T02:34:08","modified_gmt":"2024-03-26T00:34:08","slug":"categoria-salina","status":"publish","type":"post","link":"https:\/\/labs.100x100.net\/projects\/rutasal\/categoria-salina\/","title":{"rendered":"En la XXXVI edici\u00f3n de La Ruta de la Sal Rumbo Ibiza la Categor\u00eda Salina se ha formado en las dos versiones"},"content":{"rendered":"<div id=\"attachment_9753\" style=\"width: 1210px\" class=\"wp-caption alignnone\"><img loading=\"lazy\" decoding=\"async\" aria-describedby=\"caption-attachment-9753\" class=\"wp-image-9753 size-full\" src=\"http:\/\/larutadelasal.com\/custom\/uploads\/2024\/03\/52811796913_0ddd9b02c5_o.jpg\" alt=\"\" width=\"1200\" height=\"801\" srcset=\"https:\/\/labs.100x100.net\/projects\/rutasal\/custom\/uploads\/2024\/03\/52811796913_0ddd9b02c5_o.jpg 1200w, https:\/\/labs.100x100.net\/projects\/rutasal\/custom\/uploads\/2024\/03\/52811796913_0ddd9b02c5_o-300x200.jpg 300w, https:\/\/labs.100x100.net\/projects\/rutasal\/custom\/uploads\/2024\/03\/52811796913_0ddd9b02c5_o-1024x684.jpg 1024w, https:\/\/labs.100x100.net\/projects\/rutasal\/custom\/uploads\/2024\/03\/52811796913_0ddd9b02c5_o-768x513.jpg 768w\" sizes=\"(max-width: 1200px) 100vw, 1200px\" \/><p id=\"caption-attachment-9753\" class=\"wp-caption-text\">La Sal 2023 @Alfred Farr\u00e9<\/p><\/div>\n<p>&nbsp;<\/p>\n<p style=\"text-align: justify;\">Con 150 barcos inscritos, este a\u00f1o se han formado muchas categor\u00edas y estamos muy felices de poder anunciar que, por primera vez desde que se cre\u00f3 en 2017, con 6 embarcaciones en la Versi\u00f3n Barcelona y 6 en la Versi\u00f3n Denia, la categor\u00eda Salina se ha formado en las dos versiones.<\/p>\n<p style=\"text-align: justify;\">La categor\u00eda Salina est\u00e1 reservada a embarcaciones patroneadas por una mujer y con un m\u00ednimo del 50% de tripulaci\u00f3n femenina y se cre\u00f3 con la intenci\u00f3n de impulsar la participaci\u00f3n de la mujer en el mundo de las regatas de altura.<\/p>\n<p style=\"text-align: justify;\">Haz click en el siguiente link para acceder al listado de inscritos por categor\u00eda:<\/p>\n<p style=\"text-align: justify;\"><a href=\"https:\/\/larutadelasal.com\/relacion-de-inscritos\/\">Listado de inscritos Versi\u00f3n Barcelona y Versi\u00f3n Denia<\/a><\/p>\n<p>&nbsp;<\/p>\n<div id=\"attachment_9756\" style=\"width: 1210px\" class=\"wp-caption alignnone\"><img loading=\"lazy\" decoding=\"async\" aria-describedby=\"caption-attachment-9756\" class=\"wp-image-9756 size-full\" src=\"http:\/\/larutadelasal.com\/custom\/uploads\/2024\/03\/52811797148_072914b7e6_o.jpg\" alt=\"\" width=\"1200\" height=\"801\" srcset=\"https:\/\/labs.100x100.net\/projects\/rutasal\/custom\/uploads\/2024\/03\/52811797148_072914b7e6_o.jpg 1200w, https:\/\/labs.100x100.net\/projects\/rutasal\/custom\/uploads\/2024\/03\/52811797148_072914b7e6_o-300x200.jpg 300w, https:\/\/labs.100x100.net\/projects\/rutasal\/custom\/uploads\/2024\/03\/52811797148_072914b7e6_o-1024x684.jpg 1024w, https:\/\/labs.100x100.net\/projects\/rutasal\/custom\/uploads\/2024\/03\/52811797148_072914b7e6_o-768x513.jpg 768w\" sizes=\"(max-width: 1200px) 100vw, 1200px\" \/><p id=\"caption-attachment-9756\" class=\"wp-caption-text\">La Sal 2023 @Alfred Farr\u00e9<\/p><\/div>\n<p>&nbsp;<\/p>\n","protected":false},"excerpt":{"rendered":"<p>&nbsp; Con 150 barcos inscritos, este a\u00f1o se han formado muchas categor\u00edas y estamos muy felices de poder anunciar que, por primera vez desde que se cre\u00f3 en 2017, con 6 embarcaciones en la Versi\u00f3n Barcelona y 6 en la Versi\u00f3n Denia, la categor\u00eda Salina se ha formado en las dos versiones. La categor\u00eda Salina [&hellip;]<\/p>\n","protected":false},"author":7,"featured_media":9753,"comment_status":"open","ping_status":"open","sticky":false,"template":"","format":"standard","meta":{"_acf_changed":false,"footnotes":""},"categories":[3],"tags":[],"acf":[],"yoast_head":"<!-- This site is optimized with the Yoast SEO plugin v23.0 - https:\/\/yoast.com\/wordpress\/plugins\/seo\/ -->\n<title>En la XXXVI edici\u00f3n de La Ruta de la Sal Rumbo Ibiza la Categor\u00eda Salina se ha formado en las dos versiones<\/title>\n<meta name=\"robots\" content=\"noindex, follow, max-snippet:-1, max-image-preview:large, max-video-preview:-1\" \/>\n<meta property=\"og:locale\" content=\"es_ES\" \/>\n<meta property=\"og:type\" content=\"article\" \/>\n<meta property=\"og:title\" content=\"En la XXXVI edici\u00f3n de La Ruta de la Sal Rumbo Ibiza la Categor\u00eda Salina se ha formado en las dos versiones\" \/>\n<meta property=\"og:description\" content=\"&nbsp; Con 150 barcos inscritos, este a\u00f1o se han formado muchas categor\u00edas y estamos muy felices de poder anunciar que, por primera vez desde que se cre\u00f3 en 2017, con 6 embarcaciones en la Versi\u00f3n Barcelona y 6 en la Versi\u00f3n Denia, la categor\u00eda Salina se ha formado en las dos versiones. La categor\u00eda Salina [&hellip;]\" \/>\n<meta property=\"og:url\" content=\"https:\/\/labs.100x100.net\/projects\/rutasal\/categoria-salina\/\" \/>\n<meta property=\"og:site_name\" content=\"Regata La Ruta de la Sal\" \/>\n<meta property=\"article:publisher\" content=\"https:\/\/www.facebook.com\/rutadelasal\/\" \/>\n<meta property=\"article:published_time\" content=\"2024-03-25T00:27:34+00:00\" \/>\n<meta property=\"article:modified_time\" content=\"2024-03-26T00:34:08+00:00\" \/>\n<meta property=\"og:image\" content=\"https:\/\/labs.100x100.net\/projects\/rutasal\/custom\/uploads\/2024\/03\/52811796913_0ddd9b02c5_o.jpg\" \/>\n\t<meta property=\"og:image:width\" content=\"1200\" \/>\n\t<meta property=\"og:image:height\" content=\"801\" \/>\n\t<meta property=\"og:image:type\" content=\"image\/jpeg\" \/>\n<meta name=\"author\" content=\"Valentina Libri\" \/>\n<meta name=\"twitter:card\" content=\"summary_large_image\" \/>\n<meta name=\"twitter:creator\" content=\"@AnamMedi\" \/>\n<meta name=\"twitter:site\" content=\"@AnamMedi\" \/>\n<meta name=\"twitter:label1\" content=\"Escrito por\" \/>\n\t<meta name=\"twitter:data1\" content=\"Valentina Libri\" \/>\n\t<meta name=\"twitter:label2\" content=\"Tiempo de lectura\" \/>\n\t<meta name=\"twitter:data2\" content=\"2 minutos\" \/>\n<script type=\"application\/ld+json\" class=\"yoast-schema-graph\">{\"@context\":\"https:\/\/schema.org\",\"@graph\":[{\"@type\":\"WebPage\",\"@id\":\"https:\/\/labs.100x100.net\/projects\/rutasal\/categoria-salina\/\",\"url\":\"https:\/\/labs.100x100.net\/projects\/rutasal\/categoria-salina\/\",\"name\":\"En la XXXVI edici\u00f3n de La Ruta de la Sal Rumbo Ibiza la Categor\u00eda Salina se ha formado en las dos versiones\",\"isPartOf\":{\"@id\":\"https:\/\/labs.100x100.net\/projects\/rutasal\/#website\"},\"primaryImageOfPage\":{\"@id\":\"https:\/\/labs.100x100.net\/projects\/rutasal\/categoria-salina\/#primaryimage\"},\"image\":{\"@id\":\"https:\/\/labs.100x100.net\/projects\/rutasal\/categoria-salina\/#primaryimage\"},\"thumbnailUrl\":\"https:\/\/labs.100x100.net\/projects\/rutasal\/custom\/uploads\/2024\/03\/52811796913_0ddd9b02c5_o.jpg\",\"datePublished\":\"2024-03-25T00:27:34+00:00\",\"dateModified\":\"2024-03-26T00:34:08+00:00\",\"author\":{\"@id\":\"https:\/\/labs.100x100.net\/projects\/rutasal\/#\/schema\/person\/78b3519b5320819eb3428bc4a4363faf\"},\"breadcrumb\":{\"@id\":\"https:\/\/labs.100x100.net\/projects\/rutasal\/categoria-salina\/#breadcrumb\"},\"inLanguage\":\"es\",\"potentialAction\":[{\"@type\":\"ReadAction\",\"target\":[\"https:\/\/labs.100x100.net\/projects\/rutasal\/categoria-salina\/\"]}]},{\"@type\":\"ImageObject\",\"inLanguage\":\"es\",\"@id\":\"https:\/\/labs.100x100.net\/projects\/rutasal\/categoria-salina\/#primaryimage\",\"url\":\"https:\/\/labs.100x100.net\/projects\/rutasal\/custom\/uploads\/2024\/03\/52811796913_0ddd9b02c5_o.jpg\",\"contentUrl\":\"https:\/\/labs.100x100.net\/projects\/rutasal\/custom\/uploads\/2024\/03\/52811796913_0ddd9b02c5_o.jpg\",\"width\":1200,\"height\":801},{\"@type\":\"BreadcrumbList\",\"@id\":\"https:\/\/labs.100x100.net\/projects\/rutasal\/categoria-salina\/#breadcrumb\",\"itemListElement\":[{\"@type\":\"ListItem\",\"position\":1,\"name\":\"Portada\",\"item\":\"https:\/\/labs.100x100.net\/projects\/rutasal\/\"},{\"@type\":\"ListItem\",\"position\":2,\"name\":\"En la XXXVI edici\u00f3n de La Ruta de la Sal Rumbo Ibiza la Categor\u00eda Salina se ha formado en las dos versiones\"}]},{\"@type\":\"WebSite\",\"@id\":\"https:\/\/labs.100x100.net\/projects\/rutasal\/#website\",\"url\":\"https:\/\/labs.100x100.net\/projects\/rutasal\/\",\"name\":\"Regata La Ruta de la Sal\",\"description\":\"Regata La Ruta de la Sal es una regata de Altura Mediterr\u00e1nea para barcos de crucero a vela con destino en Ibiza, que se disputa anualmente en Semana Santa.\",\"potentialAction\":[{\"@type\":\"SearchAction\",\"target\":{\"@type\":\"EntryPoint\",\"urlTemplate\":\"https:\/\/labs.100x100.net\/projects\/rutasal\/?s={search_term_string}\"},\"query-input\":\"required name=search_term_string\"}],\"inLanguage\":\"es\"},{\"@type\":\"Person\",\"@id\":\"https:\/\/labs.100x100.net\/projects\/rutasal\/#\/schema\/person\/78b3519b5320819eb3428bc4a4363faf\",\"name\":\"Valentina Libri\",\"image\":{\"@type\":\"ImageObject\",\"inLanguage\":\"es\",\"@id\":\"https:\/\/labs.100x100.net\/projects\/rutasal\/#\/schema\/person\/image\/\",\"url\":\"https:\/\/secure.gravatar.com\/avatar\/99c0547d5c3f4720c6410e401af04fe2?s=96&d=mm&r=g\",\"contentUrl\":\"https:\/\/secure.gravatar.com\/avatar\/99c0547d5c3f4720c6410e401af04fe2?s=96&d=mm&r=g\",\"caption\":\"Valentina Libri\"}}]}<\/script>\n<!-- \/ Yoast SEO plugin. -->","yoast_head_json":{"title":"En la XXXVI edici\u00f3n de La Ruta de la Sal Rumbo Ibiza la Categor\u00eda Salina se ha formado en las dos versiones","robots":{"index":"noindex","follow":"follow","max-snippet":"max-snippet:-1","max-image-preview":"max-image-preview:large","max-video-preview":"max-video-preview:-1"},"og_locale":"es_ES","og_type":"article","og_title":"En la XXXVI edici\u00f3n de La Ruta de la Sal Rumbo Ibiza la Categor\u00eda Salina se ha formado en las dos versiones","og_description":"&nbsp; Con 150 barcos inscritos, este a\u00f1o se han formado muchas categor\u00edas y estamos muy felices de poder anunciar que, por primera vez desde que se cre\u00f3 en 2017, con 6 embarcaciones en la Versi\u00f3n Barcelona y 6 en la Versi\u00f3n Denia, la categor\u00eda Salina se ha formado en las dos versiones. La categor\u00eda Salina [&hellip;]","og_url":"https:\/\/labs.100x100.net\/projects\/rutasal\/categoria-salina\/","og_site_name":"Regata La Ruta de la Sal","article_publisher":"https:\/\/www.facebook.com\/rutadelasal\/","article_published_time":"2024-03-25T00:27:34+00:00","article_modified_time":"2024-03-26T00:34:08+00:00","og_image":[{"width":1200,"height":801,"url":"https:\/\/labs.100x100.net\/projects\/rutasal\/custom\/uploads\/2024\/03\/52811796913_0ddd9b02c5_o.jpg","type":"image\/jpeg"}],"author":"Valentina Libri","twitter_card":"summary_large_image","twitter_creator":"@AnamMedi","twitter_site":"@AnamMedi","twitter_misc":{"Escrito por":"Valentina Libri","Tiempo de lectura":"2 minutos"},"schema":{"@context":"https:\/\/schema.org","@graph":[{"@type":"WebPage","@id":"https:\/\/labs.100x100.net\/projects\/rutasal\/categoria-salina\/","url":"https:\/\/labs.100x100.net\/projects\/rutasal\/categoria-salina\/","name":"En la XXXVI edici\u00f3n de La Ruta de la Sal Rumbo Ibiza la Categor\u00eda Salina se ha formado en las dos versiones","isPartOf":{"@id":"https:\/\/labs.100x100.net\/projects\/rutasal\/#website"},"primaryImageOfPage":{"@id":"https:\/\/labs.100x100.net\/projects\/rutasal\/categoria-salina\/#primaryimage"},"image":{"@id":"https:\/\/labs.100x100.net\/projects\/rutasal\/categoria-salina\/#primaryimage"},"thumbnailUrl":"https:\/\/labs.100x100.net\/projects\/rutasal\/custom\/uploads\/2024\/03\/52811796913_0ddd9b02c5_o.jpg","datePublished":"2024-03-25T00:27:34+00:00","dateModified":"2024-03-26T00:34:08+00:00","author":{"@id":"https:\/\/labs.100x100.net\/projects\/rutasal\/#\/schema\/person\/78b3519b5320819eb3428bc4a4363faf"},"breadcrumb":{"@id":"https:\/\/labs.100x100.net\/projects\/rutasal\/categoria-salina\/#breadcrumb"},"inLanguage":"es","potentialAction":[{"@type":"ReadAction","target":["https:\/\/labs.100x100.net\/projects\/rutasal\/categoria-salina\/"]}]},{"@type":"ImageObject","inLanguage":"es","@id":"https:\/\/labs.100x100.net\/projects\/rutasal\/categoria-salina\/#primaryimage","url":"https:\/\/labs.100x100.net\/projects\/rutasal\/custom\/uploads\/2024\/03\/52811796913_0ddd9b02c5_o.jpg","contentUrl":"https:\/\/labs.100x100.net\/projects\/rutasal\/custom\/uploads\/2024\/03\/52811796913_0ddd9b02c5_o.jpg","width":1200,"height":801},{"@type":"BreadcrumbList","@id":"https:\/\/labs.100x100.net\/projects\/rutasal\/categoria-salina\/#breadcrumb","itemListElement":[{"@type":"ListItem","position":1,"name":"Portada","item":"https:\/\/labs.100x100.net\/projects\/rutasal\/"},{"@type":"ListItem","position":2,"name":"En la XXXVI edici\u00f3n de La Ruta de la Sal Rumbo Ibiza la Categor\u00eda Salina se ha formado en las dos versiones"}]},{"@type":"WebSite","@id":"https:\/\/labs.100x100.net\/projects\/rutasal\/#website","url":"https:\/\/labs.100x100.net\/projects\/rutasal\/","name":"Regata La Ruta de la Sal","description":"Regata La Ruta de la Sal es una regata de Altura Mediterr\u00e1nea para barcos de crucero a vela con destino en Ibiza, que se disputa anualmente en Semana Santa.","potentialAction":[{"@type":"SearchAction","target":{"@type":"EntryPoint","urlTemplate":"https:\/\/labs.100x100.net\/projects\/rutasal\/?s={search_term_string}"},"query-input":"required name=search_term_string"}],"inLanguage":"es"},{"@type":"Person","@id":"https:\/\/labs.100x100.net\/projects\/rutasal\/#\/schema\/person\/78b3519b5320819eb3428bc4a4363faf","name":"Valentina Libri","image":{"@type":"ImageObject","inLanguage":"es","@id":"https:\/\/labs.100x100.net\/projects\/rutasal\/#\/schema\/person\/image\/","url":"https:\/\/secure.gravatar.com\/avatar\/99c0547d5c3f4720c6410e401af04fe2?s=96&d=mm&r=g","contentUrl":"https:\/\/secure.gravatar.com\/avatar\/99c0547d5c3f4720c6410e401af04fe2?s=96&d=mm&r=g","caption":"Valentina Libri"}}]}},"_links":{"self":[{"href":"https:\/\/labs.100x100.net\/projects\/rutasal\/wp-json\/wp\/v2\/posts\/9752"}],"collection":[{"href":"https:\/\/labs.100x100.net\/projects\/rutasal\/wp-json\/wp\/v2\/posts"}],"about":[{"href":"https:\/\/labs.100x100.net\/projects\/rutasal\/wp-json\/wp\/v2\/types\/post"}],"author":[{"embeddable":true,"href":"https:\/\/labs.100x100.net\/projects\/rutasal\/wp-json\/wp\/v2\/users\/7"}],"replies":[{"embeddable":true,"href":"https:\/\/labs.100x100.net\/projects\/rutasal\/wp-json\/wp\/v2\/comments?post=9752"}],"version-history":[{"count":4,"href":"https:\/\/labs.100x100.net\/projects\/rutasal\/wp-json\/wp\/v2\/posts\/9752\/revisions"}],"predecessor-version":[{"id":9762,"href":"https:\/\/labs.100x100.net\/projects\/rutasal\/wp-json\/wp\/v2\/posts\/9752\/revisions\/9762"}],"wp:featuredmedia":[{"embeddable":true,"href":"https:\/\/labs.100x100.net\/projects\/rutasal\/wp-json\/wp\/v2\/media\/9753"}],"wp:attachment":[{"href":"https:\/\/labs.100x100.net\/projects\/rutasal\/wp-json\/wp\/v2\/media?parent=9752"}],"wp:term":[{"taxonomy":"category","embeddable":true,"href":"https:\/\/labs.100x100.net\/projects\/rutasal\/wp-json\/wp\/v2\/categories?post=9752"},{"taxonomy":"post_tag","embeddable":true,"href":"https:\/\/labs.100x100.net\/projects\/rutasal\/wp-json\/wp\/v2\/tags?post=9752"}],"curies":[{"name":"wp","href":"https:\/\/api.w.org\/{rel}","templated":true}]}}