{"id":9729,"date":"2024-03-26T01:00:09","date_gmt":"2024-03-25T23:00:09","guid":{"rendered":"https:\/\/larutadelasal.com\/?p=9729"},"modified":"2024-03-26T02:34:51","modified_gmt":"2024-03-26T00:34:51","slug":"rocna-y-origin-marine","status":"publish","type":"post","link":"https:\/\/labs.100x100.net\/projects\/rutasal\/rocna-y-origin-marine\/","title":{"rendered":"La empresa canadiense de anclas Rocna y su distribuidor en Espa\u00f1a Origin Marine nuevos patrocinadores de La Ruta de la Sal Rumbo Ibiza"},"content":{"rendered":"<div>\n<div id=\"attachment_9730\" style=\"width: 1210px\" class=\"wp-caption alignnone\"><img loading=\"lazy\" decoding=\"async\" aria-describedby=\"caption-attachment-9730\" class=\"wp-image-9730 size-full\" src=\"http:\/\/larutadelasal.com\/custom\/uploads\/2024\/03\/52811750590_2cc207961e_o-1.jpg\" alt=\"\" width=\"1200\" height=\"801\" srcset=\"https:\/\/labs.100x100.net\/projects\/rutasal\/custom\/uploads\/2024\/03\/52811750590_2cc207961e_o-1.jpg 1200w, https:\/\/labs.100x100.net\/projects\/rutasal\/custom\/uploads\/2024\/03\/52811750590_2cc207961e_o-1-300x200.jpg 300w, https:\/\/labs.100x100.net\/projects\/rutasal\/custom\/uploads\/2024\/03\/52811750590_2cc207961e_o-1-1024x684.jpg 1024w, https:\/\/labs.100x100.net\/projects\/rutasal\/custom\/uploads\/2024\/03\/52811750590_2cc207961e_o-1-768x513.jpg 768w\" sizes=\"(max-width: 1200px) 100vw, 1200px\" \/><p id=\"caption-attachment-9730\" class=\"wp-caption-text\">La Ruta de la Sal Rumbo Ibiza @Alfred Farr\u00e9<\/p><\/div>\n<\/div>\n<div><\/div>\n<div style=\"text-align: justify;\">A las puertas de esta 36\u00ba edici\u00f3n nos complace anunciar que Rocna y Origin Marine entran a formar parte de los patrocinadores de La Ruta de la Sal Rumbo Ibiza. Origin Marine, empresa espa\u00f1ola con larga trayectoria en el mundo de la n\u00e1utica, es el distribuidor oficial en Espa\u00f1a de las anclas Rocna, que se se distinguen por su dise\u00f1o innovador y su rendimiento superior, ofreciendo una seguridad inigualable en casi cualquier tipo de fondo marino.<\/div>\n<div style=\"text-align: justify;\"><\/div>\n<div style=\"text-align: justify;\">Gracias a este patrocinio los primeros barcos en cruzar la l\u00ednea de llegada en tiempo real en ambas versiones tendr\u00e1n un premio especial: una ancla <a href=\"http:\/\/origin-marine.com\/index.php\/en\/rocna-vulcan-anchor\">Rocna Mk II<\/a> de hasta 25 kilo. Y siempre gracias a esta colaboraci\u00f3n, en el tradicional sorteo, que se celebra a continuaci\u00f3n de la Ceremonia de Entrega de Trofeos en Ibiza, Rocna y Origin Marine tambi\u00e9n har\u00e1n entrega de dos anclas <a href=\"http:\/\/origin-marine.com\/index.php\/en\/rocna-vulcan-anchor\">Rocna Mk II<\/a> de hasta 20 kg. Lo que tienen que hacer los patrones para participar en el sorteo es rellenar la papeleta en la oficina de regata en Port Ginesta o en el Village en Ibiza y esperar a que le bese la diosa de la fortuna.<\/div>\n<div style=\"text-align: justify;\"><\/div>\n<div style=\"text-align: justify;\"><\/div>\n<div style=\"text-align: justify;\"><strong>Sobre las anclas Rocna MK II<\/strong><\/div>\n<div style=\"text-align: justify;\">\n<div class=\"flex-1 overflow-hidden\">\n<div class=\"react-scroll-to-bottom--css-hqyoj-79elbk h-full\">\n<div class=\"react-scroll-to-bottom--css-hqyoj-1n7m0yu\">\n<div class=\"flex flex-col text-sm pb-9\">\n<div class=\"w-full text-token-text-primary\" data-testid=\"conversation-turn-21\">\n<div class=\"px-4 py-2 justify-center text-base md:gap-6 m-auto\">\n<div class=\"flex flex-1 text-base mx-auto gap-3 md:px-5 lg:px-1 xl:px-5 md:max-w-3xl lg:max-w-[40rem] xl:max-w-[48rem] group final-completion\">\n<div class=\"relative flex w-full flex-col agent-turn\">\n<div class=\"flex-col gap-1 md:gap-3\">\n<div class=\"flex flex-grow flex-col max-w-full\">\n<div class=\"min-h-[20px] text-message flex flex-col items-start gap-3 whitespace-pre-wrap break-words [.text-message+&amp;]:mt-5 overflow-x-auto\" data-message-author-role=\"assistant\" data-message-id=\"d9817c93-769e-41a6-beae-e12ea870409c\">\n<div class=\"result-streaming markdown prose w-full break-words dark:prose-invert light\">\n<p style=\"text-align: justify;\">El modelo MK II de Rocna, resultado de una constante innovaci\u00f3n, se distingue por su excepcional agarre y estabilidad en variados fondos marinos. Incorpora mejoras que potencian su fijaci\u00f3n r\u00e1pida y segura, ofreciendo tranquilidad a los navegantes. Su dise\u00f1o optimizado asegura una penetraci\u00f3n efectiva y una durabilidad superior, convirti\u00e9ndolo en la elecci\u00f3n ideal para quienes valoran la seguridad y facilidad de uso en el anclaje.<\/p>\n<\/div>\n<\/div>\n<\/div>\n<div class=\"mt-1 flex justify-start gap-3 empty:hidden\">\n<div class=\"text-gray-400 flex self-end lg:self-center items-center justify-center lg:justify-start mt-0 -ml-1 h-7 gap-[2px] invisible\"><a href=\"http:\/\/origin-marine.com\/index.php\/en\/rocna-vulcan-anchor\">www.orgin-marine.com<\/a><\/div>\n<\/div>\n<\/div>\n<\/div>\n<\/div>\n<\/div>\n<\/div>\n<\/div>\n<\/div>\n<\/div>\n<\/div>\n<div class=\"w-full pt-2 md:pt-0 dark:border-white\/20 md:border-transparent md:dark:border-transparent md:w-[calc(100%-.5rem)]\">\n<form class=\"stretch mx-2 flex flex-row gap-3 last:mb-2 md:mx-4 md:last:mb-6 lg:mx-auto lg:max-w-2xl xl:max-w-3xl\">\n<div class=\"relative flex h-full flex-1 flex-col\">\n<div class=\"absolute bottom-full left-0 right-0\"><\/div>\n<div class=\"flex w-full items-center\">\n<div class=\"overflow-hidden [&amp;:has(textarea:focus)]:border-token-border-xheavy [&amp;:has(textarea:focus)]:shadow-[0_2px_6px_rgba(0,0,0,.05)] flex flex-col w-full flex-grow relative border dark:text-white rounded-2xl bg-token-main-surface-primary border-token-border-medium\">\n<div data-grammarly-part=\"button\">\n<div>\n<div>\n<div class=\"amkYk\">\n<div>\n<div class=\"ptGJG\"><\/div>\n<\/div>\n<\/div>\n<\/div>\n<\/div>\n<\/div>\n<\/div>\n<\/div>\n<\/div>\n<\/form>\n<\/div>\n<\/div>\n<div>\n<div style=\"text-align: justify;\"><\/div>\n<\/div>\n","protected":false},"excerpt":{"rendered":"<p>A las puertas de esta 36\u00ba edici\u00f3n nos complace anunciar que Rocna y Origin Marine entran a formar parte de los patrocinadores de La Ruta de la Sal Rumbo Ibiza. Origin Marine, empresa espa\u00f1ola con larga trayectoria en el mundo de la n\u00e1utica, es el distribuidor oficial en Espa\u00f1a de las anclas Rocna, que se [&hellip;]<\/p>\n","protected":false},"author":7,"featured_media":9730,"comment_status":"open","ping_status":"open","sticky":false,"template":"","format":"standard","meta":{"_acf_changed":false,"footnotes":""},"categories":[3],"tags":[],"acf":[],"yoast_head":"<!-- This site is optimized with the Yoast SEO plugin v23.0 - https:\/\/yoast.com\/wordpress\/plugins\/seo\/ -->\n<title>La empresa canadiense de anclas Rocna y su distribuidor en Espa\u00f1a Origin Marine nuevos patrocinadores de La Ruta de la Sal Rumbo Ibiza | Regata La Ruta de la Sal<\/title>\n<meta name=\"robots\" content=\"noindex, follow, max-snippet:-1, max-image-preview:large, max-video-preview:-1\" \/>\n<meta property=\"og:locale\" content=\"es_ES\" \/>\n<meta property=\"og:type\" content=\"article\" \/>\n<meta property=\"og:title\" content=\"La empresa canadiense de anclas Rocna y su distribuidor en Espa\u00f1a Origin Marine nuevos patrocinadores de La Ruta de la Sal Rumbo Ibiza | Regata La Ruta de la Sal\" \/>\n<meta property=\"og:description\" content=\"A las puertas de esta 36\u00ba edici\u00f3n nos complace anunciar que Rocna y Origin Marine entran a formar parte de los patrocinadores de La Ruta de la Sal Rumbo Ibiza. Origin Marine, empresa espa\u00f1ola con larga trayectoria en el mundo de la n\u00e1utica, es el distribuidor oficial en Espa\u00f1a de las anclas Rocna, que se [&hellip;]\" \/>\n<meta property=\"og:url\" content=\"https:\/\/labs.100x100.net\/projects\/rutasal\/rocna-y-origin-marine\/\" \/>\n<meta property=\"og:site_name\" content=\"Regata La Ruta de la Sal\" \/>\n<meta property=\"article:publisher\" content=\"https:\/\/www.facebook.com\/rutadelasal\/\" \/>\n<meta property=\"article:published_time\" content=\"2024-03-25T23:00:09+00:00\" \/>\n<meta property=\"article:modified_time\" content=\"2024-03-26T00:34:51+00:00\" \/>\n<meta property=\"og:image\" content=\"https:\/\/labs.100x100.net\/projects\/rutasal\/custom\/uploads\/2024\/03\/52811750590_2cc207961e_o-1.jpg\" \/>\n\t<meta property=\"og:image:width\" content=\"1200\" \/>\n\t<meta property=\"og:image:height\" content=\"801\" \/>\n\t<meta property=\"og:image:type\" content=\"image\/jpeg\" \/>\n<meta name=\"author\" content=\"Valentina Libri\" \/>\n<meta name=\"twitter:card\" content=\"summary_large_image\" \/>\n<meta name=\"twitter:creator\" content=\"@AnamMedi\" \/>\n<meta name=\"twitter:site\" content=\"@AnamMedi\" \/>\n<meta name=\"twitter:label1\" content=\"Escrito por\" \/>\n\t<meta name=\"twitter:data1\" content=\"Valentina Libri\" \/>\n\t<meta name=\"twitter:label2\" content=\"Tiempo de lectura\" \/>\n\t<meta name=\"twitter:data2\" content=\"2 minutos\" \/>\n<script type=\"application\/ld+json\" class=\"yoast-schema-graph\">{\"@context\":\"https:\/\/schema.org\",\"@graph\":[{\"@type\":\"WebPage\",\"@id\":\"https:\/\/labs.100x100.net\/projects\/rutasal\/rocna-y-origin-marine\/\",\"url\":\"https:\/\/labs.100x100.net\/projects\/rutasal\/rocna-y-origin-marine\/\",\"name\":\"La empresa canadiense de anclas Rocna y su distribuidor en Espa\u00f1a Origin Marine nuevos patrocinadores de La Ruta de la Sal Rumbo Ibiza | Regata La Ruta de la Sal\",\"isPartOf\":{\"@id\":\"https:\/\/labs.100x100.net\/projects\/rutasal\/#website\"},\"primaryImageOfPage\":{\"@id\":\"https:\/\/labs.100x100.net\/projects\/rutasal\/rocna-y-origin-marine\/#primaryimage\"},\"image\":{\"@id\":\"https:\/\/labs.100x100.net\/projects\/rutasal\/rocna-y-origin-marine\/#primaryimage\"},\"thumbnailUrl\":\"https:\/\/labs.100x100.net\/projects\/rutasal\/custom\/uploads\/2024\/03\/52811750590_2cc207961e_o-1.jpg\",\"datePublished\":\"2024-03-25T23:00:09+00:00\",\"dateModified\":\"2024-03-26T00:34:51+00:00\",\"author\":{\"@id\":\"https:\/\/labs.100x100.net\/projects\/rutasal\/#\/schema\/person\/78b3519b5320819eb3428bc4a4363faf\"},\"breadcrumb\":{\"@id\":\"https:\/\/labs.100x100.net\/projects\/rutasal\/rocna-y-origin-marine\/#breadcrumb\"},\"inLanguage\":\"es\",\"potentialAction\":[{\"@type\":\"ReadAction\",\"target\":[\"https:\/\/labs.100x100.net\/projects\/rutasal\/rocna-y-origin-marine\/\"]}]},{\"@type\":\"ImageObject\",\"inLanguage\":\"es\",\"@id\":\"https:\/\/labs.100x100.net\/projects\/rutasal\/rocna-y-origin-marine\/#primaryimage\",\"url\":\"https:\/\/labs.100x100.net\/projects\/rutasal\/custom\/uploads\/2024\/03\/52811750590_2cc207961e_o-1.jpg\",\"contentUrl\":\"https:\/\/labs.100x100.net\/projects\/rutasal\/custom\/uploads\/2024\/03\/52811750590_2cc207961e_o-1.jpg\",\"width\":1200,\"height\":801},{\"@type\":\"BreadcrumbList\",\"@id\":\"https:\/\/labs.100x100.net\/projects\/rutasal\/rocna-y-origin-marine\/#breadcrumb\",\"itemListElement\":[{\"@type\":\"ListItem\",\"position\":1,\"name\":\"Portada\",\"item\":\"https:\/\/labs.100x100.net\/projects\/rutasal\/\"},{\"@type\":\"ListItem\",\"position\":2,\"name\":\"La empresa canadiense de anclas Rocna y su distribuidor en Espa\u00f1a Origin Marine nuevos patrocinadores de La Ruta de la Sal Rumbo Ibiza\"}]},{\"@type\":\"WebSite\",\"@id\":\"https:\/\/labs.100x100.net\/projects\/rutasal\/#website\",\"url\":\"https:\/\/labs.100x100.net\/projects\/rutasal\/\",\"name\":\"Regata La Ruta de la Sal\",\"description\":\"Regata La Ruta de la Sal es una regata de Altura Mediterr\u00e1nea para barcos de crucero a vela con destino en Ibiza, que se disputa anualmente en Semana Santa.\",\"potentialAction\":[{\"@type\":\"SearchAction\",\"target\":{\"@type\":\"EntryPoint\",\"urlTemplate\":\"https:\/\/labs.100x100.net\/projects\/rutasal\/?s={search_term_string}\"},\"query-input\":\"required name=search_term_string\"}],\"inLanguage\":\"es\"},{\"@type\":\"Person\",\"@id\":\"https:\/\/labs.100x100.net\/projects\/rutasal\/#\/schema\/person\/78b3519b5320819eb3428bc4a4363faf\",\"name\":\"Valentina Libri\",\"image\":{\"@type\":\"ImageObject\",\"inLanguage\":\"es\",\"@id\":\"https:\/\/labs.100x100.net\/projects\/rutasal\/#\/schema\/person\/image\/\",\"url\":\"https:\/\/secure.gravatar.com\/avatar\/99c0547d5c3f4720c6410e401af04fe2?s=96&d=mm&r=g\",\"contentUrl\":\"https:\/\/secure.gravatar.com\/avatar\/99c0547d5c3f4720c6410e401af04fe2?s=96&d=mm&r=g\",\"caption\":\"Valentina Libri\"}}]}<\/script>\n<!-- \/ Yoast SEO plugin. -->","yoast_head_json":{"title":"La empresa canadiense de anclas Rocna y su distribuidor en Espa\u00f1a Origin Marine nuevos patrocinadores de La Ruta de la Sal Rumbo Ibiza | Regata La Ruta de la Sal","robots":{"index":"noindex","follow":"follow","max-snippet":"max-snippet:-1","max-image-preview":"max-image-preview:large","max-video-preview":"max-video-preview:-1"},"og_locale":"es_ES","og_type":"article","og_title":"La empresa canadiense de anclas Rocna y su distribuidor en Espa\u00f1a Origin Marine nuevos patrocinadores de La Ruta de la Sal Rumbo Ibiza | Regata La Ruta de la Sal","og_description":"A las puertas de esta 36\u00ba edici\u00f3n nos complace anunciar que Rocna y Origin Marine entran a formar parte de los patrocinadores de La Ruta de la Sal Rumbo Ibiza. Origin Marine, empresa espa\u00f1ola con larga trayectoria en el mundo de la n\u00e1utica, es el distribuidor oficial en Espa\u00f1a de las anclas Rocna, que se [&hellip;]","og_url":"https:\/\/labs.100x100.net\/projects\/rutasal\/rocna-y-origin-marine\/","og_site_name":"Regata La Ruta de la Sal","article_publisher":"https:\/\/www.facebook.com\/rutadelasal\/","article_published_time":"2024-03-25T23:00:09+00:00","article_modified_time":"2024-03-26T00:34:51+00:00","og_image":[{"width":1200,"height":801,"url":"https:\/\/labs.100x100.net\/projects\/rutasal\/custom\/uploads\/2024\/03\/52811750590_2cc207961e_o-1.jpg","type":"image\/jpeg"}],"author":"Valentina Libri","twitter_card":"summary_large_image","twitter_creator":"@AnamMedi","twitter_site":"@AnamMedi","twitter_misc":{"Escrito por":"Valentina Libri","Tiempo de lectura":"2 minutos"},"schema":{"@context":"https:\/\/schema.org","@graph":[{"@type":"WebPage","@id":"https:\/\/labs.100x100.net\/projects\/rutasal\/rocna-y-origin-marine\/","url":"https:\/\/labs.100x100.net\/projects\/rutasal\/rocna-y-origin-marine\/","name":"La empresa canadiense de anclas Rocna y su distribuidor en Espa\u00f1a Origin Marine nuevos patrocinadores de La Ruta de la Sal Rumbo Ibiza | Regata La Ruta de la Sal","isPartOf":{"@id":"https:\/\/labs.100x100.net\/projects\/rutasal\/#website"},"primaryImageOfPage":{"@id":"https:\/\/labs.100x100.net\/projects\/rutasal\/rocna-y-origin-marine\/#primaryimage"},"image":{"@id":"https:\/\/labs.100x100.net\/projects\/rutasal\/rocna-y-origin-marine\/#primaryimage"},"thumbnailUrl":"https:\/\/labs.100x100.net\/projects\/rutasal\/custom\/uploads\/2024\/03\/52811750590_2cc207961e_o-1.jpg","datePublished":"2024-03-25T23:00:09+00:00","dateModified":"2024-03-26T00:34:51+00:00","author":{"@id":"https:\/\/labs.100x100.net\/projects\/rutasal\/#\/schema\/person\/78b3519b5320819eb3428bc4a4363faf"},"breadcrumb":{"@id":"https:\/\/labs.100x100.net\/projects\/rutasal\/rocna-y-origin-marine\/#breadcrumb"},"inLanguage":"es","potentialAction":[{"@type":"ReadAction","target":["https:\/\/labs.100x100.net\/projects\/rutasal\/rocna-y-origin-marine\/"]}]},{"@type":"ImageObject","inLanguage":"es","@id":"https:\/\/labs.100x100.net\/projects\/rutasal\/rocna-y-origin-marine\/#primaryimage","url":"https:\/\/labs.100x100.net\/projects\/rutasal\/custom\/uploads\/2024\/03\/52811750590_2cc207961e_o-1.jpg","contentUrl":"https:\/\/labs.100x100.net\/projects\/rutasal\/custom\/uploads\/2024\/03\/52811750590_2cc207961e_o-1.jpg","width":1200,"height":801},{"@type":"BreadcrumbList","@id":"https:\/\/labs.100x100.net\/projects\/rutasal\/rocna-y-origin-marine\/#breadcrumb","itemListElement":[{"@type":"ListItem","position":1,"name":"Portada","item":"https:\/\/labs.100x100.net\/projects\/rutasal\/"},{"@type":"ListItem","position":2,"name":"La empresa canadiense de anclas Rocna y su distribuidor en Espa\u00f1a Origin Marine nuevos patrocinadores de La Ruta de la Sal Rumbo Ibiza"}]},{"@type":"WebSite","@id":"https:\/\/labs.100x100.net\/projects\/rutasal\/#website","url":"https:\/\/labs.100x100.net\/projects\/rutasal\/","name":"Regata La Ruta de la Sal","description":"Regata La Ruta de la Sal es una regata de Altura Mediterr\u00e1nea para barcos de crucero a vela con destino en Ibiza, que se disputa anualmente en Semana Santa.","potentialAction":[{"@type":"SearchAction","target":{"@type":"EntryPoint","urlTemplate":"https:\/\/labs.100x100.net\/projects\/rutasal\/?s={search_term_string}"},"query-input":"required name=search_term_string"}],"inLanguage":"es"},{"@type":"Person","@id":"https:\/\/labs.100x100.net\/projects\/rutasal\/#\/schema\/person\/78b3519b5320819eb3428bc4a4363faf","name":"Valentina Libri","image":{"@type":"ImageObject","inLanguage":"es","@id":"https:\/\/labs.100x100.net\/projects\/rutasal\/#\/schema\/person\/image\/","url":"https:\/\/secure.gravatar.com\/avatar\/99c0547d5c3f4720c6410e401af04fe2?s=96&d=mm&r=g","contentUrl":"https:\/\/secure.gravatar.com\/avatar\/99c0547d5c3f4720c6410e401af04fe2?s=96&d=mm&r=g","caption":"Valentina Libri"}}]}},"_links":{"self":[{"href":"https:\/\/labs.100x100.net\/projects\/rutasal\/wp-json\/wp\/v2\/posts\/9729"}],"collection":[{"href":"https:\/\/labs.100x100.net\/projects\/rutasal\/wp-json\/wp\/v2\/posts"}],"about":[{"href":"https:\/\/labs.100x100.net\/projects\/rutasal\/wp-json\/wp\/v2\/types\/post"}],"author":[{"embeddable":true,"href":"https:\/\/labs.100x100.net\/projects\/rutasal\/wp-json\/wp\/v2\/users\/7"}],"replies":[{"embeddable":true,"href":"https:\/\/labs.100x100.net\/projects\/rutasal\/wp-json\/wp\/v2\/comments?post=9729"}],"version-history":[{"count":5,"href":"https:\/\/labs.100x100.net\/projects\/rutasal\/wp-json\/wp\/v2\/posts\/9729\/revisions"}],"predecessor-version":[{"id":9735,"href":"https:\/\/labs.100x100.net\/projects\/rutasal\/wp-json\/wp\/v2\/posts\/9729\/revisions\/9735"}],"wp:featuredmedia":[{"embeddable":true,"href":"https:\/\/labs.100x100.net\/projects\/rutasal\/wp-json\/wp\/v2\/media\/9730"}],"wp:attachment":[{"href":"https:\/\/labs.100x100.net\/projects\/rutasal\/wp-json\/wp\/v2\/media?parent=9729"}],"wp:term":[{"taxonomy":"category","embeddable":true,"href":"https:\/\/labs.100x100.net\/projects\/rutasal\/wp-json\/wp\/v2\/categories?post=9729"},{"taxonomy":"post_tag","embeddable":true,"href":"https:\/\/labs.100x100.net\/projects\/rutasal\/wp-json\/wp\/v2\/tags?post=9729"}],"curies":[{"name":"wp","href":"https:\/\/api.w.org\/{rel}","templated":true}]}}