{"id":9710,"date":"2024-03-22T00:25:00","date_gmt":"2024-03-21T22:25:00","guid":{"rendered":"https:\/\/larutadelasal.com\/?p=9710"},"modified":"2024-03-25T00:32:36","modified_gmt":"2024-03-24T22:32:36","slug":"a-punto-de-zarpar","status":"publish","type":"post","link":"https:\/\/labs.100x100.net\/projects\/rutasal\/a-punto-de-zarpar\/","title":{"rendered":"La 36\u00aa edici\u00f3n de La Ruta de la Sal Rumbo a Ibiza: 150 barcos y un millar de tripulantes prestos a zarpar"},"content":{"rendered":"<div id=\"attachment_9711\" style=\"width: 1054px\" class=\"wp-caption alignnone\"><img loading=\"lazy\" decoding=\"async\" aria-describedby=\"caption-attachment-9711\" class=\"wp-image-9711 size-full\" src=\"http:\/\/larutadelasal.com\/custom\/uploads\/2024\/03\/La-Sal-2023-Flomali-@Alfred-Farre-1.jpg\" alt=\"\" width=\"1044\" height=\"649\" srcset=\"https:\/\/labs.100x100.net\/projects\/rutasal\/custom\/uploads\/2024\/03\/La-Sal-2023-Flomali-@Alfred-Farre-1.jpg 1044w, https:\/\/labs.100x100.net\/projects\/rutasal\/custom\/uploads\/2024\/03\/La-Sal-2023-Flomali-@Alfred-Farre-1-300x186.jpg 300w, https:\/\/labs.100x100.net\/projects\/rutasal\/custom\/uploads\/2024\/03\/La-Sal-2023-Flomali-@Alfred-Farre-1-1024x637.jpg 1024w, https:\/\/labs.100x100.net\/projects\/rutasal\/custom\/uploads\/2024\/03\/La-Sal-2023-Flomali-@Alfred-Farre-1-768x477.jpg 768w\" sizes=\"(max-width: 1044px) 100vw, 1044px\" \/><p id=\"caption-attachment-9711\" class=\"wp-caption-text\">La Ruta de la Sal 2023 Flomali @Alfred Farre<\/p><\/div>\n<p style=\"text-align: justify;\">Un a\u00f1o m\u00e1s La Ruta de la Sal \u2013 Rumbo Ibiza ha obrado el milagro de crear espacio d\u00f3nde parece no haberlo y as\u00ed, gracias a la inestimable colaboraci\u00f3n y al gran esfuerzo log\u00edstico del equipo que gestiona el Club N\u00e0utic Sant Antoni y de los responsables de Ports IB, el puerto de Sant Antoni de Portmany se encuentra pronto a recibir a los 150 veleros que se han inscrito para participar en la 36\u00aa edici\u00f3n de La Ruta de la Sal &#8211; Rumbo Ibiza, procedentes de Barcelona (71) y de Denia (79). 150 veleros en total, gran parte de ellos de eslora superior a los 12 metros y, m\u00e1s concretamente, 27 superando los m\u00edticos 50 pies, o sea los 15 metros. La composici\u00f3n de ambas flotas, versi\u00f3n Barcelona y versi\u00f3n Denia, es un perfecto reflejo de lo que se ve en todos nuestros puertos: modelos nuevos y no tan nuevos; de entre 8 y 20 metros de eslora; de diversas banderas y de diferentes listas (6\u00aa y 7\u00aa). Precisamente esta regata de altura, la de mayor participaci\u00f3n de cuantas se celebran en nuestro pa\u00eds y una de las m\u00e1s frecuentadas del Mediterr\u00e1neo, potencia de forma especial la presencia de barcos de lista 6\u00aa, o sea dedicados a la formaci\u00f3n o al charter, como medio para promover la afici\u00f3n por la navegaci\u00f3n de altura, dando a conocer sus muchos atractivos y placeres, entre ellos descubrir nuevos puertos, nuevas tierras. En esta edici\u00f3n son 27 los veleros de lista 6\u00aa que compiten en la categor\u00eda creada para ellos: la GlobeSailor (19 en la versi\u00f3n Barcelona y 8 en la de Denia). Y un a\u00f1o m\u00e1s, la traves\u00eda directa entre Denia e Ibiza (de 55 millas) da muestras de convencer a un buen n\u00famero de armadores, siendo 15 los barcos que en esta edici\u00f3n competir\u00e1n por hacerse con el triunfo en la categor\u00eda conocida como Mini Sal.<\/p>\n<p style=\"text-align: justify;\"><strong>Los m\u00e1s peque\u00f1os:<\/strong> a la espera de confirmar la participaci\u00f3n del Monito- Puma 23 dise\u00f1o de Holman &amp; Pye que Astilleros Inergan comenz\u00f3 a construir en 1971 &#8211; las embarcaciones de menor eslora este a\u00f1o son tres First 27.7 de 8 metros. Dos de ellos, el Remol\u00ed i el Tortooga, competir\u00e1n en la versi\u00f3n Denia, mientras que el Oli Oyl, lo har\u00e1 en la versi\u00f3n Barcelona.<\/p>\n<p style=\"text-align: justify;\"><strong>El de mayor eslora:<\/strong> Gymir de Manel Codina del RCN de Barcelona, Maxi Dolphin 65 que, con sus 19,8 metros de eslora y dise\u00f1ado por Luca Brenta que ya ha logrado la victoria en tiempo real en 3 ediciones de La Ruta de la Sal, intentar\u00e1 revalidar su triunfo frente a otros barcos de similar tama\u00f1o y prestaciones, como el Swan 60 de nombre Flomali 2 de Alex Starint, que compite a su vez en la versi\u00f3n Barcelona bajo pabell\u00f3n belga.<\/p>\n<p style=\"text-align: justify;\"><strong>R\u00e9cords a batir:<\/strong><\/p>\n<p style=\"text-align: justify;\">Versi\u00f3n Barcelona &#8211; 140 millas: 13h. 18m. 54s., tiempo registrado por CARO, Knierim 50 de Maximilian Klink en el a\u00f1o 2011.<\/p>\n<p style=\"text-align: justify;\">Versi\u00f3n Denia &#8211; 117 millas: 12h. 22m. 10s., tiempo registrado por PELOTARI PROJECT, Vismara 68 de Andre\u0301s Varela en el a\u00f1o 2022.<\/p>\n<div id=\"attachment_9528\" style=\"width: 1010px\" class=\"wp-caption alignnone\"><img loading=\"lazy\" decoding=\"async\" aria-describedby=\"caption-attachment-9528\" class=\"wp-image-9528 size-full\" src=\"http:\/\/larutadelasal.com\/custom\/uploads\/2024\/03\/La-Sal-2022_Ganador-en-Tiempo-Real-BCN-Gymir-\u00a9Alfred-Farre-14.jpg\" alt=\"\" width=\"1000\" height=\"662\" srcset=\"https:\/\/labs.100x100.net\/projects\/rutasal\/custom\/uploads\/2024\/03\/La-Sal-2022_Ganador-en-Tiempo-Real-BCN-Gymir-\u00a9Alfred-Farre-14.jpg 1000w, https:\/\/labs.100x100.net\/projects\/rutasal\/custom\/uploads\/2024\/03\/La-Sal-2022_Ganador-en-Tiempo-Real-BCN-Gymir-\u00a9Alfred-Farre-14-300x199.jpg 300w, https:\/\/labs.100x100.net\/projects\/rutasal\/custom\/uploads\/2024\/03\/La-Sal-2022_Ganador-en-Tiempo-Real-BCN-Gymir-\u00a9Alfred-Farre-14-768x508.jpg 768w\" sizes=\"(max-width: 1000px) 100vw, 1000px\" \/><p id=\"caption-attachment-9528\" class=\"wp-caption-text\">La Sal 2022 Gymir @Alfred Farre<\/p><\/div>\n","protected":false},"excerpt":{"rendered":"<p>Un a\u00f1o m\u00e1s La Ruta de la Sal \u2013 Rumbo Ibiza ha obrado el milagro de crear espacio d\u00f3nde parece no haberlo y as\u00ed, gracias a la inestimable colaboraci\u00f3n y al gran esfuerzo log\u00edstico del equipo que gestiona el Club N\u00e0utic Sant Antoni y de los responsables de Ports IB, el puerto de Sant Antoni [&hellip;]<\/p>\n","protected":false},"author":7,"featured_media":9711,"comment_status":"open","ping_status":"open","sticky":false,"template":"","format":"standard","meta":{"_acf_changed":false,"footnotes":""},"categories":[3],"tags":[],"acf":[],"yoast_head":"<!-- This site is optimized with the Yoast SEO plugin v23.0 - https:\/\/yoast.com\/wordpress\/plugins\/seo\/ -->\n<title>La 36\u00aa edici\u00f3n de La Ruta de la Sal Rumbo a Ibiza: 150 barcos y un millar de tripulantes prestos a zarpar<\/title>\n<meta name=\"robots\" content=\"noindex, follow, max-snippet:-1, max-image-preview:large, max-video-preview:-1\" \/>\n<meta property=\"og:locale\" content=\"es_ES\" \/>\n<meta property=\"og:type\" content=\"article\" \/>\n<meta property=\"og:title\" content=\"La 36\u00aa edici\u00f3n de La Ruta de la Sal Rumbo a Ibiza: 150 barcos y un millar de tripulantes prestos a zarpar\" \/>\n<meta property=\"og:description\" content=\"Un a\u00f1o m\u00e1s La Ruta de la Sal \u2013 Rumbo Ibiza ha obrado el milagro de crear espacio d\u00f3nde parece no haberlo y as\u00ed, gracias a la inestimable colaboraci\u00f3n y al gran esfuerzo log\u00edstico del equipo que gestiona el Club N\u00e0utic Sant Antoni y de los responsables de Ports IB, el puerto de Sant Antoni [&hellip;]\" \/>\n<meta property=\"og:url\" content=\"https:\/\/labs.100x100.net\/projects\/rutasal\/a-punto-de-zarpar\/\" \/>\n<meta property=\"og:site_name\" content=\"Regata La Ruta de la Sal\" \/>\n<meta property=\"article:publisher\" content=\"https:\/\/www.facebook.com\/rutadelasal\/\" \/>\n<meta property=\"article:published_time\" content=\"2024-03-21T22:25:00+00:00\" \/>\n<meta property=\"article:modified_time\" content=\"2024-03-24T22:32:36+00:00\" \/>\n<meta property=\"og:image\" content=\"https:\/\/labs.100x100.net\/projects\/rutasal\/custom\/uploads\/2024\/03\/La-Sal-2023-Flomali-@Alfred-Farre-1.jpg\" \/>\n\t<meta property=\"og:image:width\" content=\"1044\" \/>\n\t<meta property=\"og:image:height\" content=\"649\" \/>\n\t<meta property=\"og:image:type\" content=\"image\/jpeg\" \/>\n<meta name=\"author\" content=\"Valentina Libri\" \/>\n<meta name=\"twitter:card\" content=\"summary_large_image\" \/>\n<meta name=\"twitter:creator\" content=\"@AnamMedi\" \/>\n<meta name=\"twitter:site\" content=\"@AnamMedi\" \/>\n<meta name=\"twitter:label1\" content=\"Escrito por\" \/>\n\t<meta name=\"twitter:data1\" content=\"Valentina Libri\" \/>\n\t<meta name=\"twitter:label2\" content=\"Tiempo de lectura\" \/>\n\t<meta name=\"twitter:data2\" content=\"3 minutos\" \/>\n<script type=\"application\/ld+json\" class=\"yoast-schema-graph\">{\"@context\":\"https:\/\/schema.org\",\"@graph\":[{\"@type\":\"WebPage\",\"@id\":\"https:\/\/labs.100x100.net\/projects\/rutasal\/a-punto-de-zarpar\/\",\"url\":\"https:\/\/labs.100x100.net\/projects\/rutasal\/a-punto-de-zarpar\/\",\"name\":\"La 36\u00aa edici\u00f3n de La Ruta de la Sal Rumbo a Ibiza: 150 barcos y un millar de tripulantes prestos a zarpar\",\"isPartOf\":{\"@id\":\"https:\/\/labs.100x100.net\/projects\/rutasal\/#website\"},\"primaryImageOfPage\":{\"@id\":\"https:\/\/labs.100x100.net\/projects\/rutasal\/a-punto-de-zarpar\/#primaryimage\"},\"image\":{\"@id\":\"https:\/\/labs.100x100.net\/projects\/rutasal\/a-punto-de-zarpar\/#primaryimage\"},\"thumbnailUrl\":\"https:\/\/labs.100x100.net\/projects\/rutasal\/custom\/uploads\/2024\/03\/La-Sal-2023-Flomali-@Alfred-Farre-1.jpg\",\"datePublished\":\"2024-03-21T22:25:00+00:00\",\"dateModified\":\"2024-03-24T22:32:36+00:00\",\"author\":{\"@id\":\"https:\/\/labs.100x100.net\/projects\/rutasal\/#\/schema\/person\/78b3519b5320819eb3428bc4a4363faf\"},\"breadcrumb\":{\"@id\":\"https:\/\/labs.100x100.net\/projects\/rutasal\/a-punto-de-zarpar\/#breadcrumb\"},\"inLanguage\":\"es\",\"potentialAction\":[{\"@type\":\"ReadAction\",\"target\":[\"https:\/\/labs.100x100.net\/projects\/rutasal\/a-punto-de-zarpar\/\"]}]},{\"@type\":\"ImageObject\",\"inLanguage\":\"es\",\"@id\":\"https:\/\/labs.100x100.net\/projects\/rutasal\/a-punto-de-zarpar\/#primaryimage\",\"url\":\"https:\/\/labs.100x100.net\/projects\/rutasal\/custom\/uploads\/2024\/03\/La-Sal-2023-Flomali-@Alfred-Farre-1.jpg\",\"contentUrl\":\"https:\/\/labs.100x100.net\/projects\/rutasal\/custom\/uploads\/2024\/03\/La-Sal-2023-Flomali-@Alfred-Farre-1.jpg\",\"width\":1044,\"height\":649,\"caption\":\"XXXV LA RUTA DE LA SAL 2023 LLEGADA IBIZA FOTO: ALFRED FARRE\/ AlfredFarre.com\"},{\"@type\":\"BreadcrumbList\",\"@id\":\"https:\/\/labs.100x100.net\/projects\/rutasal\/a-punto-de-zarpar\/#breadcrumb\",\"itemListElement\":[{\"@type\":\"ListItem\",\"position\":1,\"name\":\"Portada\",\"item\":\"https:\/\/labs.100x100.net\/projects\/rutasal\/\"},{\"@type\":\"ListItem\",\"position\":2,\"name\":\"La 36\u00aa edici\u00f3n de La Ruta de la Sal Rumbo a Ibiza: 150 barcos y un millar de tripulantes prestos a zarpar\"}]},{\"@type\":\"WebSite\",\"@id\":\"https:\/\/labs.100x100.net\/projects\/rutasal\/#website\",\"url\":\"https:\/\/labs.100x100.net\/projects\/rutasal\/\",\"name\":\"Regata La Ruta de la Sal\",\"description\":\"Regata La Ruta de la Sal es una regata de Altura Mediterr\u00e1nea para barcos de crucero a vela con destino en Ibiza, que se disputa anualmente en Semana Santa.\",\"potentialAction\":[{\"@type\":\"SearchAction\",\"target\":{\"@type\":\"EntryPoint\",\"urlTemplate\":\"https:\/\/labs.100x100.net\/projects\/rutasal\/?s={search_term_string}\"},\"query-input\":\"required name=search_term_string\"}],\"inLanguage\":\"es\"},{\"@type\":\"Person\",\"@id\":\"https:\/\/labs.100x100.net\/projects\/rutasal\/#\/schema\/person\/78b3519b5320819eb3428bc4a4363faf\",\"name\":\"Valentina Libri\",\"image\":{\"@type\":\"ImageObject\",\"inLanguage\":\"es\",\"@id\":\"https:\/\/labs.100x100.net\/projects\/rutasal\/#\/schema\/person\/image\/\",\"url\":\"https:\/\/secure.gravatar.com\/avatar\/99c0547d5c3f4720c6410e401af04fe2?s=96&d=mm&r=g\",\"contentUrl\":\"https:\/\/secure.gravatar.com\/avatar\/99c0547d5c3f4720c6410e401af04fe2?s=96&d=mm&r=g\",\"caption\":\"Valentina Libri\"}}]}<\/script>\n<!-- \/ Yoast SEO plugin. -->","yoast_head_json":{"title":"La 36\u00aa edici\u00f3n de La Ruta de la Sal Rumbo a Ibiza: 150 barcos y un millar de tripulantes prestos a zarpar","robots":{"index":"noindex","follow":"follow","max-snippet":"max-snippet:-1","max-image-preview":"max-image-preview:large","max-video-preview":"max-video-preview:-1"},"og_locale":"es_ES","og_type":"article","og_title":"La 36\u00aa edici\u00f3n de La Ruta de la Sal Rumbo a Ibiza: 150 barcos y un millar de tripulantes prestos a zarpar","og_description":"Un a\u00f1o m\u00e1s La Ruta de la Sal \u2013 Rumbo Ibiza ha obrado el milagro de crear espacio d\u00f3nde parece no haberlo y as\u00ed, gracias a la inestimable colaboraci\u00f3n y al gran esfuerzo log\u00edstico del equipo que gestiona el Club N\u00e0utic Sant Antoni y de los responsables de Ports IB, el puerto de Sant Antoni [&hellip;]","og_url":"https:\/\/labs.100x100.net\/projects\/rutasal\/a-punto-de-zarpar\/","og_site_name":"Regata La Ruta de la Sal","article_publisher":"https:\/\/www.facebook.com\/rutadelasal\/","article_published_time":"2024-03-21T22:25:00+00:00","article_modified_time":"2024-03-24T22:32:36+00:00","og_image":[{"width":1044,"height":649,"url":"https:\/\/labs.100x100.net\/projects\/rutasal\/custom\/uploads\/2024\/03\/La-Sal-2023-Flomali-@Alfred-Farre-1.jpg","type":"image\/jpeg"}],"author":"Valentina Libri","twitter_card":"summary_large_image","twitter_creator":"@AnamMedi","twitter_site":"@AnamMedi","twitter_misc":{"Escrito por":"Valentina Libri","Tiempo de lectura":"3 minutos"},"schema":{"@context":"https:\/\/schema.org","@graph":[{"@type":"WebPage","@id":"https:\/\/labs.100x100.net\/projects\/rutasal\/a-punto-de-zarpar\/","url":"https:\/\/labs.100x100.net\/projects\/rutasal\/a-punto-de-zarpar\/","name":"La 36\u00aa edici\u00f3n de La Ruta de la Sal Rumbo a Ibiza: 150 barcos y un millar de tripulantes prestos a zarpar","isPartOf":{"@id":"https:\/\/labs.100x100.net\/projects\/rutasal\/#website"},"primaryImageOfPage":{"@id":"https:\/\/labs.100x100.net\/projects\/rutasal\/a-punto-de-zarpar\/#primaryimage"},"image":{"@id":"https:\/\/labs.100x100.net\/projects\/rutasal\/a-punto-de-zarpar\/#primaryimage"},"thumbnailUrl":"https:\/\/labs.100x100.net\/projects\/rutasal\/custom\/uploads\/2024\/03\/La-Sal-2023-Flomali-@Alfred-Farre-1.jpg","datePublished":"2024-03-21T22:25:00+00:00","dateModified":"2024-03-24T22:32:36+00:00","author":{"@id":"https:\/\/labs.100x100.net\/projects\/rutasal\/#\/schema\/person\/78b3519b5320819eb3428bc4a4363faf"},"breadcrumb":{"@id":"https:\/\/labs.100x100.net\/projects\/rutasal\/a-punto-de-zarpar\/#breadcrumb"},"inLanguage":"es","potentialAction":[{"@type":"ReadAction","target":["https:\/\/labs.100x100.net\/projects\/rutasal\/a-punto-de-zarpar\/"]}]},{"@type":"ImageObject","inLanguage":"es","@id":"https:\/\/labs.100x100.net\/projects\/rutasal\/a-punto-de-zarpar\/#primaryimage","url":"https:\/\/labs.100x100.net\/projects\/rutasal\/custom\/uploads\/2024\/03\/La-Sal-2023-Flomali-@Alfred-Farre-1.jpg","contentUrl":"https:\/\/labs.100x100.net\/projects\/rutasal\/custom\/uploads\/2024\/03\/La-Sal-2023-Flomali-@Alfred-Farre-1.jpg","width":1044,"height":649,"caption":"XXXV LA RUTA DE LA SAL 2023 LLEGADA IBIZA FOTO: ALFRED FARRE\/ AlfredFarre.com"},{"@type":"BreadcrumbList","@id":"https:\/\/labs.100x100.net\/projects\/rutasal\/a-punto-de-zarpar\/#breadcrumb","itemListElement":[{"@type":"ListItem","position":1,"name":"Portada","item":"https:\/\/labs.100x100.net\/projects\/rutasal\/"},{"@type":"ListItem","position":2,"name":"La 36\u00aa edici\u00f3n de La Ruta de la Sal Rumbo a Ibiza: 150 barcos y un millar de tripulantes prestos a zarpar"}]},{"@type":"WebSite","@id":"https:\/\/labs.100x100.net\/projects\/rutasal\/#website","url":"https:\/\/labs.100x100.net\/projects\/rutasal\/","name":"Regata La Ruta de la Sal","description":"Regata La Ruta de la Sal es una regata de Altura Mediterr\u00e1nea para barcos de crucero a vela con destino en Ibiza, que se disputa anualmente en Semana Santa.","potentialAction":[{"@type":"SearchAction","target":{"@type":"EntryPoint","urlTemplate":"https:\/\/labs.100x100.net\/projects\/rutasal\/?s={search_term_string}"},"query-input":"required name=search_term_string"}],"inLanguage":"es"},{"@type":"Person","@id":"https:\/\/labs.100x100.net\/projects\/rutasal\/#\/schema\/person\/78b3519b5320819eb3428bc4a4363faf","name":"Valentina Libri","image":{"@type":"ImageObject","inLanguage":"es","@id":"https:\/\/labs.100x100.net\/projects\/rutasal\/#\/schema\/person\/image\/","url":"https:\/\/secure.gravatar.com\/avatar\/99c0547d5c3f4720c6410e401af04fe2?s=96&d=mm&r=g","contentUrl":"https:\/\/secure.gravatar.com\/avatar\/99c0547d5c3f4720c6410e401af04fe2?s=96&d=mm&r=g","caption":"Valentina Libri"}}]}},"_links":{"self":[{"href":"https:\/\/labs.100x100.net\/projects\/rutasal\/wp-json\/wp\/v2\/posts\/9710"}],"collection":[{"href":"https:\/\/labs.100x100.net\/projects\/rutasal\/wp-json\/wp\/v2\/posts"}],"about":[{"href":"https:\/\/labs.100x100.net\/projects\/rutasal\/wp-json\/wp\/v2\/types\/post"}],"author":[{"embeddable":true,"href":"https:\/\/labs.100x100.net\/projects\/rutasal\/wp-json\/wp\/v2\/users\/7"}],"replies":[{"embeddable":true,"href":"https:\/\/labs.100x100.net\/projects\/rutasal\/wp-json\/wp\/v2\/comments?post=9710"}],"version-history":[{"count":2,"href":"https:\/\/labs.100x100.net\/projects\/rutasal\/wp-json\/wp\/v2\/posts\/9710\/revisions"}],"predecessor-version":[{"id":9715,"href":"https:\/\/labs.100x100.net\/projects\/rutasal\/wp-json\/wp\/v2\/posts\/9710\/revisions\/9715"}],"wp:featuredmedia":[{"embeddable":true,"href":"https:\/\/labs.100x100.net\/projects\/rutasal\/wp-json\/wp\/v2\/media\/9711"}],"wp:attachment":[{"href":"https:\/\/labs.100x100.net\/projects\/rutasal\/wp-json\/wp\/v2\/media?parent=9710"}],"wp:term":[{"taxonomy":"category","embeddable":true,"href":"https:\/\/labs.100x100.net\/projects\/rutasal\/wp-json\/wp\/v2\/categories?post=9710"},{"taxonomy":"post_tag","embeddable":true,"href":"https:\/\/labs.100x100.net\/projects\/rutasal\/wp-json\/wp\/v2\/tags?post=9710"}],"curies":[{"name":"wp","href":"https:\/\/api.w.org\/{rel}","templated":true}]}}