{"id":965,"date":"2012-04-06T09:42:07","date_gmt":"2012-04-06T09:42:07","guid":{"rendered":"https:\/\/larutadelasal.com\/?p=965"},"modified":"2019-03-14T12:12:14","modified_gmt":"2019-03-14T10:12:14","slug":"plis-play-y-wallyno-vencedores-en-tiempo-real-de-la-25-ruta-de-la-sal-trofeo-pepe-ferres","status":"publish","type":"post","link":"https:\/\/labs.100x100.net\/projects\/rutasal\/plis-play-y-wallyno-vencedores-en-tiempo-real-de-la-25-ruta-de-la-sal-trofeo-pepe-ferres\/","title":{"rendered":"\u201cPlis-Play\u201d y \u201cWally\u00f1o\u201d vencedores en Tiempo Real de la 25 Ruta de La Sal \u2013 Trofeo Pepe Ferres"},"content":{"rendered":"<h1>VERSION ESTE<\/h1>\n<p>Hoy, <strong>a las 03h,10m,15s<\/strong> ha cruzado la l\u00ednea de llegada en Sant Antoni de Portmany el nuevo <strong>Swam 80 del RCR de Alicante, \u201cPlis-Play\u201d de Vicente Garc\u00eda<\/strong>, convirti\u00e9ndose en el <strong>ganador absoluto en Tiempo Real de la Versi\u00f3n Este<\/strong> de La Sal 2012; <strong>A las 03h, 47m, 51s <\/strong>cruzaba en segundo lugar<strong> el Farr 54 \u00abToro Loco\u201d de Mart\u00edn Bermudez de la Puente<\/strong>, tambi\u00e9n del <strong>RCR de Alicante<\/strong>, cerrando el P\u00f3dium de la regata desde Denia el <strong>X-65 Performance, \u201c2 Much\u201d de Jos\u00e9 Fabr\u00e9 del CN de\u00a0 Palma Nova<\/strong> \u2013 Bah\u00eda de Palma-\u00a0 ganador\u00a0 en tiempo real, de esta misma singladura,\u00a0 en la pasada edici\u00f3n.<\/p>\n<p>Destacar que, tras esta victoria, el equipo del <strong>\u201cPlis-Play\u201d de Vicente Garc\u00eda <\/strong>acredita un historial deportivo en Versi\u00f3n Este de La Sal realmente espectacular; con victorias en Tiempo Teal en los a\u00f1os 2003, 2005, 2007, 2008, 2009, 2010 y, ahora 2012.\u00a0 Siendo tambi\u00e9n ganador absoluto en la general en el 2008, lo que le permiti\u00f3, ese a\u00f1o, algo que ocurre en muy contadas ocasiones, que es vencer tanto en real como en compensado.<\/p>\n<p>A la hora de redactar este avance informativo la gran mayor\u00eda de los participantes en la Versi\u00f3n Este de La Sal han terminado la regata. Los vientos de componente S, de intensidades media\/altas, que se han mantenido estables durante toda la singladura desde Denia han permitido que la regata haya sido intensa y muy r\u00e1pida para los equipos inscritos en esta derrota.<\/p>\n<p><a class=\"tt-flickr tt-flickr-Medium\" title=\"_AFB7931\" href=\"http:\/\/farm8.staticflickr.com\/7233\/6904235778_40ce5f56bb_b.jpg\"><img loading=\"lazy\" decoding=\"async\" class=\"alignnone\" src=\"http:\/\/farm8.staticflickr.com\/7233\/6904235778_40ce5f56bb.jpg\" alt=\"_AFB7931\" width=\"320\" height=\"229\" \/><\/a> <a class=\"tt-flickr tt-flickr-Medium\" title=\"_AFB7972\" href=\"http:\/\/farm8.staticflickr.com\/7065\/7050326961_efbbc25cdc_b.jpg\"><img loading=\"lazy\" decoding=\"async\" class=\"alignnone\" src=\"http:\/\/farm8.staticflickr.com\/7065\/7050326961_efbbc25cdc.jpg\" alt=\"_AFB7972\" width=\"320\" height=\"229\" \/><\/a><\/p>\n<h1>VERSION NORTE<\/h1>\n<p>A las <strong>07h, 49m, 37s de hoy, Viernes 6 de abril, el Wally 60, \u201cWally\u00f1o\u201d de Fernando L\u00f3pez Domenech del RCN de Barcelona<\/strong>, cruzo en primera posici\u00f3n la l\u00ednea de llegada en Sant Antoni de Portmany convirti\u00e9ndose en el\u00a0 primer clasificado en Tiempo Real de la Versi\u00f3n Norte de La Sal 2012. La segunda plaza fue para el velero alem\u00e1n <strong>\u201cCaro\u201d de Maximilian Klink,\u00a0 que llego a las 08h, 46m, 37s,<\/strong> seguido por el, tambi\u00e9n alem\u00e1n, <strong>\u201cExcalibur\u201d de Christiam Moller,<\/strong> y en <strong>cuarta posici\u00f3n el nuevo J122 Brit\u00e1nico \u201cJay Walker II\u201d de Eric Janssen<\/strong>, un equipo que fue vencedor\u00a0 absoluto de la Versi\u00f3n Norte de La Sal en el 2008.<\/p>\n<p>Comentar que \u201cWally\u00f1o\u201d de Fernando L\u00f3pez Domenech, con Jes\u00fas Turro como patr\u00f3n, fue vencedor en Tiempo Real en el 2008\u00a0 de la Versi\u00f3n Este de La Sal. \u201cCaro\u201d, segundo en Tiempo Real este a\u00f1o, un\u00a0 50 pies dise\u00f1ado por Judel\/Vrolijk\u00a0 para un programa de crucero\/regata, acumula tres importantes victorias en la Versi\u00f3n Norte de Ruta de La Sal. En el 2007, fue vencedor absoluto en tiempo real y compensado, lo que le convirti\u00f3 en el primer barco extranjero que lograba vencer en la regata. En el 2011, \u201cCaro\u201d fue el m\u00e1s r\u00e1pido en cubrir las 140 millas desde Port Ginesta hasta San Antoni de Portamny\u00a0 con un registro, de tan solo 13 horas, 18 minutos y 54 segundos. Acreditando una velocidad media durante toda traves\u00eda superior a los 10,70 nudos. Estableciendo un record para esta\u00a0 singladura que, normalmente, ser\u00e1 muy dif\u00edcil de superar.<\/p>\n<p>A la hora de cerrar este avance informativo solo los cuatro barcos mencionados de la Versi\u00f3n Norte han logrado cruzar la l\u00ednea de llegada. Los vientos de intensidades medias-altas de componente S les obligan a una dura navegaci\u00f3n en ce\u00f1ida lo que, en principio, retrasara sensiblemente las llegadas desde Barcelona.<\/p>\n<p><a class=\"tt-flickr tt-flickr-Medium\" title=\"_AFB8064-copia\" href=\"http:\/\/farm8.staticflickr.com\/7216\/6904228774_b955dc3a3a_b.jpg\"><img loading=\"lazy\" decoding=\"async\" class=\"alignnone\" src=\"http:\/\/farm8.staticflickr.com\/7216\/6904228774_b955dc3a3a.jpg\" alt=\"_AFB8064-copia\" width=\"320\" height=\"229\" \/><\/a> <a class=\"tt-flickr tt-flickr-Medium\" title=\"_AFB8158-copia\" href=\"http:\/\/farm6.staticflickr.com\/5195\/6904232670_e7db138aa0_b.jpg\"><img loading=\"lazy\" decoding=\"async\" class=\"alignnone\" src=\"http:\/\/farm6.staticflickr.com\/5195\/6904232670_e7db138aa0.jpg\" alt=\"_AFB8158-copia\" width=\"320\" height=\"229\" \/><\/a><\/p>\n","protected":false},"excerpt":{"rendered":"<p>VERSION ESTE Hoy, a las 03h,10m,15s ha cruzado la l\u00ednea de llegada en Sant Antoni de Portmany el nuevo Swam 80 del RCR de Alicante, \u201cPlis-Play\u201d de Vicente Garc\u00eda, convirti\u00e9ndose en el ganador absoluto en Tiempo Real de la Versi\u00f3n Este de La Sal 2012; A las 03h, 47m, 51s cruzaba en segundo lugar el [&hellip;]<\/p>\n","protected":false},"author":1,"featured_media":3882,"comment_status":"open","ping_status":"open","sticky":false,"template":"","format":"standard","meta":{"_acf_changed":false,"footnotes":""},"categories":[3],"tags":[],"acf":[],"yoast_head":"<!-- This site is optimized with the Yoast SEO plugin v23.0 - https:\/\/yoast.com\/wordpress\/plugins\/seo\/ -->\n<title>\u201cPlis-Play\u201d y \u201cWally\u00f1o\u201d vencedores en Tiempo Real de la 25 Ruta de La Sal \u2013 Trofeo Pepe Ferres | Regata La Ruta de la Sal<\/title>\n<meta name=\"robots\" content=\"noindex, follow, max-snippet:-1, max-image-preview:large, max-video-preview:-1\" \/>\n<meta property=\"og:locale\" content=\"es_ES\" \/>\n<meta property=\"og:type\" content=\"article\" \/>\n<meta property=\"og:title\" content=\"\u201cPlis-Play\u201d y \u201cWally\u00f1o\u201d vencedores en Tiempo Real de la 25 Ruta de La Sal \u2013 Trofeo Pepe Ferres | Regata La Ruta de la Sal\" \/>\n<meta property=\"og:description\" content=\"VERSION ESTE Hoy, a las 03h,10m,15s ha cruzado la l\u00ednea de llegada en Sant Antoni de Portmany el nuevo Swam 80 del RCR de Alicante, \u201cPlis-Play\u201d de Vicente Garc\u00eda, convirti\u00e9ndose en el ganador absoluto en Tiempo Real de la Versi\u00f3n Este de La Sal 2012; A las 03h, 47m, 51s cruzaba en segundo lugar el [&hellip;]\" \/>\n<meta property=\"og:url\" content=\"https:\/\/labs.100x100.net\/projects\/rutasal\/plis-play-y-wallyno-vencedores-en-tiempo-real-de-la-25-ruta-de-la-sal-trofeo-pepe-ferres\/\" \/>\n<meta property=\"og:site_name\" content=\"Regata La Ruta de la Sal\" \/>\n<meta property=\"article:publisher\" content=\"https:\/\/www.facebook.com\/rutadelasal\/\" \/>\n<meta property=\"article:published_time\" content=\"2012-04-06T09:42:07+00:00\" \/>\n<meta property=\"article:modified_time\" content=\"2019-03-14T10:12:14+00:00\" \/>\n<meta property=\"og:image\" content=\"https:\/\/labs.100x100.net\/projects\/rutasal\/custom\/uploads\/2012\/04\/6904232670_e7db138aa0.jpg\" \/>\n\t<meta property=\"og:image:width\" content=\"500\" \/>\n\t<meta property=\"og:image:height\" content=\"343\" \/>\n\t<meta property=\"og:image:type\" content=\"image\/jpeg\" \/>\n<meta name=\"author\" content=\"La Ruta de la Sal\" \/>\n<meta name=\"twitter:card\" content=\"summary_large_image\" \/>\n<meta name=\"twitter:creator\" content=\"@AnamMedi\" \/>\n<meta name=\"twitter:site\" content=\"@AnamMedi\" \/>\n<meta name=\"twitter:label1\" content=\"Escrito por\" \/>\n\t<meta name=\"twitter:data1\" content=\"La Ruta de la Sal\" \/>\n\t<meta name=\"twitter:label2\" content=\"Tiempo de lectura\" \/>\n\t<meta name=\"twitter:data2\" content=\"3 minutos\" \/>\n<script type=\"application\/ld+json\" class=\"yoast-schema-graph\">{\"@context\":\"https:\/\/schema.org\",\"@graph\":[{\"@type\":\"WebPage\",\"@id\":\"https:\/\/labs.100x100.net\/projects\/rutasal\/plis-play-y-wallyno-vencedores-en-tiempo-real-de-la-25-ruta-de-la-sal-trofeo-pepe-ferres\/\",\"url\":\"https:\/\/labs.100x100.net\/projects\/rutasal\/plis-play-y-wallyno-vencedores-en-tiempo-real-de-la-25-ruta-de-la-sal-trofeo-pepe-ferres\/\",\"name\":\"\u201cPlis-Play\u201d y \u201cWally\u00f1o\u201d vencedores en Tiempo Real de la 25 Ruta de La Sal \u2013 Trofeo Pepe Ferres | Regata La Ruta de la Sal\",\"isPartOf\":{\"@id\":\"https:\/\/labs.100x100.net\/projects\/rutasal\/#website\"},\"primaryImageOfPage\":{\"@id\":\"https:\/\/labs.100x100.net\/projects\/rutasal\/plis-play-y-wallyno-vencedores-en-tiempo-real-de-la-25-ruta-de-la-sal-trofeo-pepe-ferres\/#primaryimage\"},\"image\":{\"@id\":\"https:\/\/labs.100x100.net\/projects\/rutasal\/plis-play-y-wallyno-vencedores-en-tiempo-real-de-la-25-ruta-de-la-sal-trofeo-pepe-ferres\/#primaryimage\"},\"thumbnailUrl\":\"https:\/\/labs.100x100.net\/projects\/rutasal\/custom\/uploads\/2012\/04\/6904232670_e7db138aa0.jpg\",\"datePublished\":\"2012-04-06T09:42:07+00:00\",\"dateModified\":\"2019-03-14T10:12:14+00:00\",\"author\":{\"@id\":\"https:\/\/labs.100x100.net\/projects\/rutasal\/#\/schema\/person\/214eeb4a2e78fd8373a0a94f6d93c9ca\"},\"breadcrumb\":{\"@id\":\"https:\/\/labs.100x100.net\/projects\/rutasal\/plis-play-y-wallyno-vencedores-en-tiempo-real-de-la-25-ruta-de-la-sal-trofeo-pepe-ferres\/#breadcrumb\"},\"inLanguage\":\"es\",\"potentialAction\":[{\"@type\":\"ReadAction\",\"target\":[\"https:\/\/labs.100x100.net\/projects\/rutasal\/plis-play-y-wallyno-vencedores-en-tiempo-real-de-la-25-ruta-de-la-sal-trofeo-pepe-ferres\/\"]}]},{\"@type\":\"ImageObject\",\"inLanguage\":\"es\",\"@id\":\"https:\/\/labs.100x100.net\/projects\/rutasal\/plis-play-y-wallyno-vencedores-en-tiempo-real-de-la-25-ruta-de-la-sal-trofeo-pepe-ferres\/#primaryimage\",\"url\":\"https:\/\/labs.100x100.net\/projects\/rutasal\/custom\/uploads\/2012\/04\/6904232670_e7db138aa0.jpg\",\"contentUrl\":\"https:\/\/labs.100x100.net\/projects\/rutasal\/custom\/uploads\/2012\/04\/6904232670_e7db138aa0.jpg\",\"width\":500,\"height\":343},{\"@type\":\"BreadcrumbList\",\"@id\":\"https:\/\/labs.100x100.net\/projects\/rutasal\/plis-play-y-wallyno-vencedores-en-tiempo-real-de-la-25-ruta-de-la-sal-trofeo-pepe-ferres\/#breadcrumb\",\"itemListElement\":[{\"@type\":\"ListItem\",\"position\":1,\"name\":\"Portada\",\"item\":\"https:\/\/labs.100x100.net\/projects\/rutasal\/\"},{\"@type\":\"ListItem\",\"position\":2,\"name\":\"\u201cPlis-Play\u201d y \u201cWally\u00f1o\u201d vencedores en Tiempo Real de la 25 Ruta de La Sal \u2013 Trofeo Pepe Ferres\"}]},{\"@type\":\"WebSite\",\"@id\":\"https:\/\/labs.100x100.net\/projects\/rutasal\/#website\",\"url\":\"https:\/\/labs.100x100.net\/projects\/rutasal\/\",\"name\":\"Regata La Ruta de la Sal\",\"description\":\"Regata La Ruta de la Sal es una regata de Altura Mediterr\u00e1nea para barcos de crucero a vela con destino en Ibiza, que se disputa anualmente en Semana Santa.\",\"potentialAction\":[{\"@type\":\"SearchAction\",\"target\":{\"@type\":\"EntryPoint\",\"urlTemplate\":\"https:\/\/labs.100x100.net\/projects\/rutasal\/?s={search_term_string}\"},\"query-input\":\"required name=search_term_string\"}],\"inLanguage\":\"es\"},{\"@type\":\"Person\",\"@id\":\"https:\/\/labs.100x100.net\/projects\/rutasal\/#\/schema\/person\/214eeb4a2e78fd8373a0a94f6d93c9ca\",\"name\":\"La Ruta de la Sal\",\"image\":{\"@type\":\"ImageObject\",\"inLanguage\":\"es\",\"@id\":\"https:\/\/labs.100x100.net\/projects\/rutasal\/#\/schema\/person\/image\/\",\"url\":\"https:\/\/secure.gravatar.com\/avatar\/b247286d4b801d6b1cfcfb3807587284?s=96&d=mm&r=g\",\"contentUrl\":\"https:\/\/secure.gravatar.com\/avatar\/b247286d4b801d6b1cfcfb3807587284?s=96&d=mm&r=g\",\"caption\":\"La Ruta de la Sal\"}}]}<\/script>\n<!-- \/ Yoast SEO plugin. -->","yoast_head_json":{"title":"\u201cPlis-Play\u201d y \u201cWally\u00f1o\u201d vencedores en Tiempo Real de la 25 Ruta de La Sal \u2013 Trofeo Pepe Ferres | Regata La Ruta de la Sal","robots":{"index":"noindex","follow":"follow","max-snippet":"max-snippet:-1","max-image-preview":"max-image-preview:large","max-video-preview":"max-video-preview:-1"},"og_locale":"es_ES","og_type":"article","og_title":"\u201cPlis-Play\u201d y \u201cWally\u00f1o\u201d vencedores en Tiempo Real de la 25 Ruta de La Sal \u2013 Trofeo Pepe Ferres | Regata La Ruta de la Sal","og_description":"VERSION ESTE Hoy, a las 03h,10m,15s ha cruzado la l\u00ednea de llegada en Sant Antoni de Portmany el nuevo Swam 80 del RCR de Alicante, \u201cPlis-Play\u201d de Vicente Garc\u00eda, convirti\u00e9ndose en el ganador absoluto en Tiempo Real de la Versi\u00f3n Este de La Sal 2012; A las 03h, 47m, 51s cruzaba en segundo lugar el [&hellip;]","og_url":"https:\/\/labs.100x100.net\/projects\/rutasal\/plis-play-y-wallyno-vencedores-en-tiempo-real-de-la-25-ruta-de-la-sal-trofeo-pepe-ferres\/","og_site_name":"Regata La Ruta de la Sal","article_publisher":"https:\/\/www.facebook.com\/rutadelasal\/","article_published_time":"2012-04-06T09:42:07+00:00","article_modified_time":"2019-03-14T10:12:14+00:00","og_image":[{"width":500,"height":343,"url":"https:\/\/labs.100x100.net\/projects\/rutasal\/custom\/uploads\/2012\/04\/6904232670_e7db138aa0.jpg","type":"image\/jpeg"}],"author":"La Ruta de la Sal","twitter_card":"summary_large_image","twitter_creator":"@AnamMedi","twitter_site":"@AnamMedi","twitter_misc":{"Escrito por":"La Ruta de la Sal","Tiempo de lectura":"3 minutos"},"schema":{"@context":"https:\/\/schema.org","@graph":[{"@type":"WebPage","@id":"https:\/\/labs.100x100.net\/projects\/rutasal\/plis-play-y-wallyno-vencedores-en-tiempo-real-de-la-25-ruta-de-la-sal-trofeo-pepe-ferres\/","url":"https:\/\/labs.100x100.net\/projects\/rutasal\/plis-play-y-wallyno-vencedores-en-tiempo-real-de-la-25-ruta-de-la-sal-trofeo-pepe-ferres\/","name":"\u201cPlis-Play\u201d y \u201cWally\u00f1o\u201d vencedores en Tiempo Real de la 25 Ruta de La Sal \u2013 Trofeo Pepe Ferres | Regata La Ruta de la Sal","isPartOf":{"@id":"https:\/\/labs.100x100.net\/projects\/rutasal\/#website"},"primaryImageOfPage":{"@id":"https:\/\/labs.100x100.net\/projects\/rutasal\/plis-play-y-wallyno-vencedores-en-tiempo-real-de-la-25-ruta-de-la-sal-trofeo-pepe-ferres\/#primaryimage"},"image":{"@id":"https:\/\/labs.100x100.net\/projects\/rutasal\/plis-play-y-wallyno-vencedores-en-tiempo-real-de-la-25-ruta-de-la-sal-trofeo-pepe-ferres\/#primaryimage"},"thumbnailUrl":"https:\/\/labs.100x100.net\/projects\/rutasal\/custom\/uploads\/2012\/04\/6904232670_e7db138aa0.jpg","datePublished":"2012-04-06T09:42:07+00:00","dateModified":"2019-03-14T10:12:14+00:00","author":{"@id":"https:\/\/labs.100x100.net\/projects\/rutasal\/#\/schema\/person\/214eeb4a2e78fd8373a0a94f6d93c9ca"},"breadcrumb":{"@id":"https:\/\/labs.100x100.net\/projects\/rutasal\/plis-play-y-wallyno-vencedores-en-tiempo-real-de-la-25-ruta-de-la-sal-trofeo-pepe-ferres\/#breadcrumb"},"inLanguage":"es","potentialAction":[{"@type":"ReadAction","target":["https:\/\/labs.100x100.net\/projects\/rutasal\/plis-play-y-wallyno-vencedores-en-tiempo-real-de-la-25-ruta-de-la-sal-trofeo-pepe-ferres\/"]}]},{"@type":"ImageObject","inLanguage":"es","@id":"https:\/\/labs.100x100.net\/projects\/rutasal\/plis-play-y-wallyno-vencedores-en-tiempo-real-de-la-25-ruta-de-la-sal-trofeo-pepe-ferres\/#primaryimage","url":"https:\/\/labs.100x100.net\/projects\/rutasal\/custom\/uploads\/2012\/04\/6904232670_e7db138aa0.jpg","contentUrl":"https:\/\/labs.100x100.net\/projects\/rutasal\/custom\/uploads\/2012\/04\/6904232670_e7db138aa0.jpg","width":500,"height":343},{"@type":"BreadcrumbList","@id":"https:\/\/labs.100x100.net\/projects\/rutasal\/plis-play-y-wallyno-vencedores-en-tiempo-real-de-la-25-ruta-de-la-sal-trofeo-pepe-ferres\/#breadcrumb","itemListElement":[{"@type":"ListItem","position":1,"name":"Portada","item":"https:\/\/labs.100x100.net\/projects\/rutasal\/"},{"@type":"ListItem","position":2,"name":"\u201cPlis-Play\u201d y \u201cWally\u00f1o\u201d vencedores en Tiempo Real de la 25 Ruta de La Sal \u2013 Trofeo Pepe Ferres"}]},{"@type":"WebSite","@id":"https:\/\/labs.100x100.net\/projects\/rutasal\/#website","url":"https:\/\/labs.100x100.net\/projects\/rutasal\/","name":"Regata La Ruta de la Sal","description":"Regata La Ruta de la Sal es una regata de Altura Mediterr\u00e1nea para barcos de crucero a vela con destino en Ibiza, que se disputa anualmente en Semana Santa.","potentialAction":[{"@type":"SearchAction","target":{"@type":"EntryPoint","urlTemplate":"https:\/\/labs.100x100.net\/projects\/rutasal\/?s={search_term_string}"},"query-input":"required name=search_term_string"}],"inLanguage":"es"},{"@type":"Person","@id":"https:\/\/labs.100x100.net\/projects\/rutasal\/#\/schema\/person\/214eeb4a2e78fd8373a0a94f6d93c9ca","name":"La Ruta de la Sal","image":{"@type":"ImageObject","inLanguage":"es","@id":"https:\/\/labs.100x100.net\/projects\/rutasal\/#\/schema\/person\/image\/","url":"https:\/\/secure.gravatar.com\/avatar\/b247286d4b801d6b1cfcfb3807587284?s=96&d=mm&r=g","contentUrl":"https:\/\/secure.gravatar.com\/avatar\/b247286d4b801d6b1cfcfb3807587284?s=96&d=mm&r=g","caption":"La Ruta de la Sal"}}]}},"_links":{"self":[{"href":"https:\/\/labs.100x100.net\/projects\/rutasal\/wp-json\/wp\/v2\/posts\/965"}],"collection":[{"href":"https:\/\/labs.100x100.net\/projects\/rutasal\/wp-json\/wp\/v2\/posts"}],"about":[{"href":"https:\/\/labs.100x100.net\/projects\/rutasal\/wp-json\/wp\/v2\/types\/post"}],"author":[{"embeddable":true,"href":"https:\/\/labs.100x100.net\/projects\/rutasal\/wp-json\/wp\/v2\/users\/1"}],"replies":[{"embeddable":true,"href":"https:\/\/labs.100x100.net\/projects\/rutasal\/wp-json\/wp\/v2\/comments?post=965"}],"version-history":[{"count":1,"href":"https:\/\/labs.100x100.net\/projects\/rutasal\/wp-json\/wp\/v2\/posts\/965\/revisions"}],"predecessor-version":[{"id":3883,"href":"https:\/\/labs.100x100.net\/projects\/rutasal\/wp-json\/wp\/v2\/posts\/965\/revisions\/3883"}],"wp:featuredmedia":[{"embeddable":true,"href":"https:\/\/labs.100x100.net\/projects\/rutasal\/wp-json\/wp\/v2\/media\/3882"}],"wp:attachment":[{"href":"https:\/\/labs.100x100.net\/projects\/rutasal\/wp-json\/wp\/v2\/media?parent=965"}],"wp:term":[{"taxonomy":"category","embeddable":true,"href":"https:\/\/labs.100x100.net\/projects\/rutasal\/wp-json\/wp\/v2\/categories?post=965"},{"taxonomy":"post_tag","embeddable":true,"href":"https:\/\/labs.100x100.net\/projects\/rutasal\/wp-json\/wp\/v2\/tags?post=965"}],"curies":[{"name":"wp","href":"https:\/\/api.w.org\/{rel}","templated":true}]}}