{"id":959,"date":"2012-04-06T06:10:36","date_gmt":"2012-04-06T06:10:36","guid":{"rendered":"https:\/\/larutadelasal.com\/?p=959"},"modified":"2019-03-14T12:13:22","modified_gmt":"2019-03-14T10:13:22","slug":"la-flota-de-la-version-este-de-la-sal-navega-hacia-ibiza","status":"publish","type":"post","link":"https:\/\/labs.100x100.net\/projects\/rutasal\/la-flota-de-la-version-este-de-la-sal-navega-hacia-ibiza\/","title":{"rendered":"La flota de la Versi\u00f3n Este de La Sal navega hacia Ibiza."},"content":{"rendered":"<h1>\u201c2 Much\u201d de Jos\u00e9 Fabr\u00e9,\u00a0 \u201cPlis-Play\u201d, de Vicente Garc\u00eda y el\u00a0 \u00abToro Loco\u201d de Mart\u00edn Bermudez de la Puente, en la lista de los favoritos.<\/h1>\n<p>Jueves 5 de Abril,\u00a0 a las 14:00 h. se dio la salida, desde Denia a la Versi\u00f3n Este de 25 regata de altura de <strong>La Ruta de Sal,<\/strong> bajo unos escenarios metereologicos \u00f3ptimos para la navegaci\u00f3n; viento de ESE de unos 14 nudos, poca mar,\u00a0 cielo parcialmente cubierto, lo que obligo a la flota salir ci\u00f1endo con rumbo, pr\u00e1cticamente directo, a hacia Formentera, para despu\u00e9s tomar la\u00a0 Isla de Tagomago y, navegar por la costa norte de Ibiza hasta la l\u00ednea de llegada en Cab Negret en Sant Antoni de Portmany. Una singladura de 120 millas, muy t\u00e1ctica que, en esta ocasi\u00f3n, bajo unas condiciones atmosf\u00e9ricas tan inestables como las que se adelantan para las pr\u00f3ximas horas, ser\u00e1, sin duda alguna, compleja y con muchas opciones estrat\u00e9gicas en especial en las \u00faltimas millas del recorrido.<br \/>\n<a class=\"tt-flickr tt-flickr-Medium\" title=\"DSC_0381\" href=\"http:\/\/farm8.staticflickr.com\/7077\/6903788548_5ff2aacaee_b.jpg\"><img loading=\"lazy\" decoding=\"async\" class=\"alignnone\" src=\"http:\/\/farm8.staticflickr.com\/7077\/6903788548_5ff2aacaee.jpg\" alt=\"DSC_0381\" width=\"320\" height=\"229\" \/><\/a><br \/>\nA la hora de redactar este avance informativo, el viento que ha ido rolando hacia el SE, ha permitido que la navegaci\u00f3n de la flota sea mas c\u00f3moda y r\u00e1pida Situaci\u00f3n que, en principio se ira complicando a partir de la madrugada del Viernes 6, con vientos del SO que podr\u00edan llegar a fuerza 6, incluso puntualmente 7. En las costa norte de Ibiza,\u00a0 fuerza 3 a 5, en general, en todo el Mar Balear \u00e1reas de marejada a fuerte marejada, aguaceros. Lo que, normalmente permitir\u00e1 que los participantes de este recorrido puedan navegar con mucha velocidad.<\/p>\n<p>La <strong>Versi\u00f3n Este, <\/strong>con 107\u00a0 barcos inscritos, reunir\u00e1 a flotas procedentes de unos treinta Clubes N\u00e1uticos y Marinas, como favoritos destacar el\u00a0 <strong>X-65 Performance, \u201c2 Much\u201d de Jos\u00e9 Fabr\u00e9, <\/strong> ganador en tiempo real de la pasada edici\u00f3n. El nuevo<strong> \u201cPlis-Play\u201d, un Swan 80 de Vicente Garc\u00eda,<\/strong> armador que acumula 7 victorias absolutas en diferentes ediciones de\u00bbLa Sal\u00bb, o, entre otros el <strong>Farr 54, \u00abToro Loco\u201d de Mart\u00edn Bermudez de la Puente,<\/strong> un velero de alta competici\u00f3n con muchas opciones en un recorrido como el que dibuja la Versi\u00f3n Este de La Sal.<\/p>\n<p>Normalmente los barcos m\u00e1s r\u00e1pidos de la <strong>Versi\u00f3n Este<\/strong> podr\u00edan llegar a Ibiza a a primeras horas del Viernes 6 de abril del 2012.<\/p>\n<p><a class=\"tt-flickr tt-flickr-Medium\" title=\"DSC_0401\" href=\"http:\/\/farm8.staticflickr.com\/7111\/6903788634_4228eb4ec9_b.jpg\"><img loading=\"lazy\" decoding=\"async\" class=\"alignnone\" src=\"http:\/\/farm8.staticflickr.com\/7111\/6903788634_4228eb4ec9.jpg\" alt=\"DSC_0401\" width=\"320\" height=\"229\" \/><\/a><\/p>\n","protected":false},"excerpt":{"rendered":"<p>\u201c2 Much\u201d de Jos\u00e9 Fabr\u00e9,\u00a0 \u201cPlis-Play\u201d, de Vicente Garc\u00eda y el\u00a0 \u00abToro Loco\u201d de Mart\u00edn Bermudez de la Puente, en la lista de los favoritos. Jueves 5 de Abril,\u00a0 a las 14:00 h. se dio la salida, desde Denia a la Versi\u00f3n Este de 25 regata de altura de La Ruta de Sal, bajo unos [&hellip;]<\/p>\n","protected":false},"author":1,"featured_media":3884,"comment_status":"open","ping_status":"open","sticky":false,"template":"","format":"standard","meta":{"_acf_changed":false,"footnotes":""},"categories":[3],"tags":[],"acf":[],"yoast_head":"<!-- This site is optimized with the Yoast SEO plugin v23.0 - https:\/\/yoast.com\/wordpress\/plugins\/seo\/ -->\n<title>La flota de la Versi\u00f3n Este de La Sal navega hacia Ibiza. | Regata La Ruta de la Sal<\/title>\n<meta name=\"robots\" content=\"noindex, follow, max-snippet:-1, max-image-preview:large, max-video-preview:-1\" \/>\n<meta property=\"og:locale\" content=\"es_ES\" \/>\n<meta property=\"og:type\" content=\"article\" \/>\n<meta property=\"og:title\" content=\"La flota de la Versi\u00f3n Este de La Sal navega hacia Ibiza. | Regata La Ruta de la Sal\" \/>\n<meta property=\"og:description\" content=\"\u201c2 Much\u201d de Jos\u00e9 Fabr\u00e9,\u00a0 \u201cPlis-Play\u201d, de Vicente Garc\u00eda y el\u00a0 \u00abToro Loco\u201d de Mart\u00edn Bermudez de la Puente, en la lista de los favoritos. Jueves 5 de Abril,\u00a0 a las 14:00 h. se dio la salida, desde Denia a la Versi\u00f3n Este de 25 regata de altura de La Ruta de Sal, bajo unos [&hellip;]\" \/>\n<meta property=\"og:url\" content=\"https:\/\/labs.100x100.net\/projects\/rutasal\/la-flota-de-la-version-este-de-la-sal-navega-hacia-ibiza\/\" \/>\n<meta property=\"og:site_name\" content=\"Regata La Ruta de la Sal\" \/>\n<meta property=\"article:publisher\" content=\"https:\/\/www.facebook.com\/rutadelasal\/\" \/>\n<meta property=\"article:published_time\" content=\"2012-04-06T06:10:36+00:00\" \/>\n<meta property=\"article:modified_time\" content=\"2019-03-14T10:13:22+00:00\" \/>\n<meta property=\"og:image\" content=\"https:\/\/labs.100x100.net\/projects\/rutasal\/custom\/uploads\/2012\/04\/6903788548_5ff2aacaee.jpg\" \/>\n\t<meta property=\"og:image:width\" content=\"500\" \/>\n\t<meta property=\"og:image:height\" content=\"335\" \/>\n\t<meta property=\"og:image:type\" content=\"image\/jpeg\" \/>\n<meta name=\"author\" content=\"La Ruta de la Sal\" \/>\n<meta name=\"twitter:card\" content=\"summary_large_image\" \/>\n<meta name=\"twitter:creator\" content=\"@AnamMedi\" \/>\n<meta name=\"twitter:site\" content=\"@AnamMedi\" \/>\n<meta name=\"twitter:label1\" content=\"Escrito por\" \/>\n\t<meta name=\"twitter:data1\" content=\"La Ruta de la Sal\" \/>\n\t<meta name=\"twitter:label2\" content=\"Tiempo de lectura\" \/>\n\t<meta name=\"twitter:data2\" content=\"2 minutos\" \/>\n<script type=\"application\/ld+json\" class=\"yoast-schema-graph\">{\"@context\":\"https:\/\/schema.org\",\"@graph\":[{\"@type\":\"WebPage\",\"@id\":\"https:\/\/labs.100x100.net\/projects\/rutasal\/la-flota-de-la-version-este-de-la-sal-navega-hacia-ibiza\/\",\"url\":\"https:\/\/labs.100x100.net\/projects\/rutasal\/la-flota-de-la-version-este-de-la-sal-navega-hacia-ibiza\/\",\"name\":\"La flota de la Versi\u00f3n Este de La Sal navega hacia Ibiza. | Regata La Ruta de la Sal\",\"isPartOf\":{\"@id\":\"https:\/\/labs.100x100.net\/projects\/rutasal\/#website\"},\"primaryImageOfPage\":{\"@id\":\"https:\/\/labs.100x100.net\/projects\/rutasal\/la-flota-de-la-version-este-de-la-sal-navega-hacia-ibiza\/#primaryimage\"},\"image\":{\"@id\":\"https:\/\/labs.100x100.net\/projects\/rutasal\/la-flota-de-la-version-este-de-la-sal-navega-hacia-ibiza\/#primaryimage\"},\"thumbnailUrl\":\"https:\/\/labs.100x100.net\/projects\/rutasal\/custom\/uploads\/2012\/04\/6903788548_5ff2aacaee.jpg\",\"datePublished\":\"2012-04-06T06:10:36+00:00\",\"dateModified\":\"2019-03-14T10:13:22+00:00\",\"author\":{\"@id\":\"https:\/\/labs.100x100.net\/projects\/rutasal\/#\/schema\/person\/214eeb4a2e78fd8373a0a94f6d93c9ca\"},\"breadcrumb\":{\"@id\":\"https:\/\/labs.100x100.net\/projects\/rutasal\/la-flota-de-la-version-este-de-la-sal-navega-hacia-ibiza\/#breadcrumb\"},\"inLanguage\":\"es\",\"potentialAction\":[{\"@type\":\"ReadAction\",\"target\":[\"https:\/\/labs.100x100.net\/projects\/rutasal\/la-flota-de-la-version-este-de-la-sal-navega-hacia-ibiza\/\"]}]},{\"@type\":\"ImageObject\",\"inLanguage\":\"es\",\"@id\":\"https:\/\/labs.100x100.net\/projects\/rutasal\/la-flota-de-la-version-este-de-la-sal-navega-hacia-ibiza\/#primaryimage\",\"url\":\"https:\/\/labs.100x100.net\/projects\/rutasal\/custom\/uploads\/2012\/04\/6903788548_5ff2aacaee.jpg\",\"contentUrl\":\"https:\/\/labs.100x100.net\/projects\/rutasal\/custom\/uploads\/2012\/04\/6903788548_5ff2aacaee.jpg\",\"width\":500,\"height\":335},{\"@type\":\"BreadcrumbList\",\"@id\":\"https:\/\/labs.100x100.net\/projects\/rutasal\/la-flota-de-la-version-este-de-la-sal-navega-hacia-ibiza\/#breadcrumb\",\"itemListElement\":[{\"@type\":\"ListItem\",\"position\":1,\"name\":\"Portada\",\"item\":\"https:\/\/labs.100x100.net\/projects\/rutasal\/\"},{\"@type\":\"ListItem\",\"position\":2,\"name\":\"La flota de la Versi\u00f3n Este de La Sal navega hacia Ibiza.\"}]},{\"@type\":\"WebSite\",\"@id\":\"https:\/\/labs.100x100.net\/projects\/rutasal\/#website\",\"url\":\"https:\/\/labs.100x100.net\/projects\/rutasal\/\",\"name\":\"Regata La Ruta de la Sal\",\"description\":\"Regata La Ruta de la Sal es una regata de Altura Mediterr\u00e1nea para barcos de crucero a vela con destino en Ibiza, que se disputa anualmente en Semana Santa.\",\"potentialAction\":[{\"@type\":\"SearchAction\",\"target\":{\"@type\":\"EntryPoint\",\"urlTemplate\":\"https:\/\/labs.100x100.net\/projects\/rutasal\/?s={search_term_string}\"},\"query-input\":\"required name=search_term_string\"}],\"inLanguage\":\"es\"},{\"@type\":\"Person\",\"@id\":\"https:\/\/labs.100x100.net\/projects\/rutasal\/#\/schema\/person\/214eeb4a2e78fd8373a0a94f6d93c9ca\",\"name\":\"La Ruta de la Sal\",\"image\":{\"@type\":\"ImageObject\",\"inLanguage\":\"es\",\"@id\":\"https:\/\/labs.100x100.net\/projects\/rutasal\/#\/schema\/person\/image\/\",\"url\":\"https:\/\/secure.gravatar.com\/avatar\/b247286d4b801d6b1cfcfb3807587284?s=96&d=mm&r=g\",\"contentUrl\":\"https:\/\/secure.gravatar.com\/avatar\/b247286d4b801d6b1cfcfb3807587284?s=96&d=mm&r=g\",\"caption\":\"La Ruta de la Sal\"}}]}<\/script>\n<!-- \/ Yoast SEO plugin. -->","yoast_head_json":{"title":"La flota de la Versi\u00f3n Este de La Sal navega hacia Ibiza. | Regata La Ruta de la Sal","robots":{"index":"noindex","follow":"follow","max-snippet":"max-snippet:-1","max-image-preview":"max-image-preview:large","max-video-preview":"max-video-preview:-1"},"og_locale":"es_ES","og_type":"article","og_title":"La flota de la Versi\u00f3n Este de La Sal navega hacia Ibiza. | Regata La Ruta de la Sal","og_description":"\u201c2 Much\u201d de Jos\u00e9 Fabr\u00e9,\u00a0 \u201cPlis-Play\u201d, de Vicente Garc\u00eda y el\u00a0 \u00abToro Loco\u201d de Mart\u00edn Bermudez de la Puente, en la lista de los favoritos. Jueves 5 de Abril,\u00a0 a las 14:00 h. se dio la salida, desde Denia a la Versi\u00f3n Este de 25 regata de altura de La Ruta de Sal, bajo unos [&hellip;]","og_url":"https:\/\/labs.100x100.net\/projects\/rutasal\/la-flota-de-la-version-este-de-la-sal-navega-hacia-ibiza\/","og_site_name":"Regata La Ruta de la Sal","article_publisher":"https:\/\/www.facebook.com\/rutadelasal\/","article_published_time":"2012-04-06T06:10:36+00:00","article_modified_time":"2019-03-14T10:13:22+00:00","og_image":[{"width":500,"height":335,"url":"https:\/\/labs.100x100.net\/projects\/rutasal\/custom\/uploads\/2012\/04\/6903788548_5ff2aacaee.jpg","type":"image\/jpeg"}],"author":"La Ruta de la Sal","twitter_card":"summary_large_image","twitter_creator":"@AnamMedi","twitter_site":"@AnamMedi","twitter_misc":{"Escrito por":"La Ruta de la Sal","Tiempo de lectura":"2 minutos"},"schema":{"@context":"https:\/\/schema.org","@graph":[{"@type":"WebPage","@id":"https:\/\/labs.100x100.net\/projects\/rutasal\/la-flota-de-la-version-este-de-la-sal-navega-hacia-ibiza\/","url":"https:\/\/labs.100x100.net\/projects\/rutasal\/la-flota-de-la-version-este-de-la-sal-navega-hacia-ibiza\/","name":"La flota de la Versi\u00f3n Este de La Sal navega hacia Ibiza. | Regata La Ruta de la Sal","isPartOf":{"@id":"https:\/\/labs.100x100.net\/projects\/rutasal\/#website"},"primaryImageOfPage":{"@id":"https:\/\/labs.100x100.net\/projects\/rutasal\/la-flota-de-la-version-este-de-la-sal-navega-hacia-ibiza\/#primaryimage"},"image":{"@id":"https:\/\/labs.100x100.net\/projects\/rutasal\/la-flota-de-la-version-este-de-la-sal-navega-hacia-ibiza\/#primaryimage"},"thumbnailUrl":"https:\/\/labs.100x100.net\/projects\/rutasal\/custom\/uploads\/2012\/04\/6903788548_5ff2aacaee.jpg","datePublished":"2012-04-06T06:10:36+00:00","dateModified":"2019-03-14T10:13:22+00:00","author":{"@id":"https:\/\/labs.100x100.net\/projects\/rutasal\/#\/schema\/person\/214eeb4a2e78fd8373a0a94f6d93c9ca"},"breadcrumb":{"@id":"https:\/\/labs.100x100.net\/projects\/rutasal\/la-flota-de-la-version-este-de-la-sal-navega-hacia-ibiza\/#breadcrumb"},"inLanguage":"es","potentialAction":[{"@type":"ReadAction","target":["https:\/\/labs.100x100.net\/projects\/rutasal\/la-flota-de-la-version-este-de-la-sal-navega-hacia-ibiza\/"]}]},{"@type":"ImageObject","inLanguage":"es","@id":"https:\/\/labs.100x100.net\/projects\/rutasal\/la-flota-de-la-version-este-de-la-sal-navega-hacia-ibiza\/#primaryimage","url":"https:\/\/labs.100x100.net\/projects\/rutasal\/custom\/uploads\/2012\/04\/6903788548_5ff2aacaee.jpg","contentUrl":"https:\/\/labs.100x100.net\/projects\/rutasal\/custom\/uploads\/2012\/04\/6903788548_5ff2aacaee.jpg","width":500,"height":335},{"@type":"BreadcrumbList","@id":"https:\/\/labs.100x100.net\/projects\/rutasal\/la-flota-de-la-version-este-de-la-sal-navega-hacia-ibiza\/#breadcrumb","itemListElement":[{"@type":"ListItem","position":1,"name":"Portada","item":"https:\/\/labs.100x100.net\/projects\/rutasal\/"},{"@type":"ListItem","position":2,"name":"La flota de la Versi\u00f3n Este de La Sal navega hacia Ibiza."}]},{"@type":"WebSite","@id":"https:\/\/labs.100x100.net\/projects\/rutasal\/#website","url":"https:\/\/labs.100x100.net\/projects\/rutasal\/","name":"Regata La Ruta de la Sal","description":"Regata La Ruta de la Sal es una regata de Altura Mediterr\u00e1nea para barcos de crucero a vela con destino en Ibiza, que se disputa anualmente en Semana Santa.","potentialAction":[{"@type":"SearchAction","target":{"@type":"EntryPoint","urlTemplate":"https:\/\/labs.100x100.net\/projects\/rutasal\/?s={search_term_string}"},"query-input":"required name=search_term_string"}],"inLanguage":"es"},{"@type":"Person","@id":"https:\/\/labs.100x100.net\/projects\/rutasal\/#\/schema\/person\/214eeb4a2e78fd8373a0a94f6d93c9ca","name":"La Ruta de la Sal","image":{"@type":"ImageObject","inLanguage":"es","@id":"https:\/\/labs.100x100.net\/projects\/rutasal\/#\/schema\/person\/image\/","url":"https:\/\/secure.gravatar.com\/avatar\/b247286d4b801d6b1cfcfb3807587284?s=96&d=mm&r=g","contentUrl":"https:\/\/secure.gravatar.com\/avatar\/b247286d4b801d6b1cfcfb3807587284?s=96&d=mm&r=g","caption":"La Ruta de la Sal"}}]}},"_links":{"self":[{"href":"https:\/\/labs.100x100.net\/projects\/rutasal\/wp-json\/wp\/v2\/posts\/959"}],"collection":[{"href":"https:\/\/labs.100x100.net\/projects\/rutasal\/wp-json\/wp\/v2\/posts"}],"about":[{"href":"https:\/\/labs.100x100.net\/projects\/rutasal\/wp-json\/wp\/v2\/types\/post"}],"author":[{"embeddable":true,"href":"https:\/\/labs.100x100.net\/projects\/rutasal\/wp-json\/wp\/v2\/users\/1"}],"replies":[{"embeddable":true,"href":"https:\/\/labs.100x100.net\/projects\/rutasal\/wp-json\/wp\/v2\/comments?post=959"}],"version-history":[{"count":1,"href":"https:\/\/labs.100x100.net\/projects\/rutasal\/wp-json\/wp\/v2\/posts\/959\/revisions"}],"predecessor-version":[{"id":3885,"href":"https:\/\/labs.100x100.net\/projects\/rutasal\/wp-json\/wp\/v2\/posts\/959\/revisions\/3885"}],"wp:featuredmedia":[{"embeddable":true,"href":"https:\/\/labs.100x100.net\/projects\/rutasal\/wp-json\/wp\/v2\/media\/3884"}],"wp:attachment":[{"href":"https:\/\/labs.100x100.net\/projects\/rutasal\/wp-json\/wp\/v2\/media?parent=959"}],"wp:term":[{"taxonomy":"category","embeddable":true,"href":"https:\/\/labs.100x100.net\/projects\/rutasal\/wp-json\/wp\/v2\/categories?post=959"},{"taxonomy":"post_tag","embeddable":true,"href":"https:\/\/labs.100x100.net\/projects\/rutasal\/wp-json\/wp\/v2\/tags?post=959"}],"curies":[{"name":"wp","href":"https:\/\/api.w.org\/{rel}","templated":true}]}}