{"id":9524,"date":"2024-03-18T01:53:30","date_gmt":"2024-03-17T23:53:30","guid":{"rendered":"https:\/\/larutadelasal.com\/?p=9524"},"modified":"2024-03-20T13:30:06","modified_gmt":"2024-03-20T11:30:06","slug":"raecy","status":"publish","type":"post","link":"https:\/\/labs.100x100.net\/projects\/rutasal\/raecy\/","title":{"rendered":"La RAECY, Real Asamblea Espa\u00f1ola de Capitanes de Yates, nuevo colaborador de La Ruta de la Sal"},"content":{"rendered":"<p style=\"text-align: justify;\"><img loading=\"lazy\" decoding=\"async\" class=\"aligncenter wp-image-9537 size-medium\" src=\"http:\/\/larutadelasal.com\/custom\/uploads\/2024\/03\/Logo_Raecy_ampliado-300x133.png\" alt=\"\" width=\"300\" height=\"133\" srcset=\"https:\/\/labs.100x100.net\/projects\/rutasal\/custom\/uploads\/2024\/03\/Logo_Raecy_ampliado-300x133.png 300w, https:\/\/labs.100x100.net\/projects\/rutasal\/custom\/uploads\/2024\/03\/Logo_Raecy_ampliado-1024x454.png 1024w, https:\/\/labs.100x100.net\/projects\/rutasal\/custom\/uploads\/2024\/03\/Logo_Raecy_ampliado-768x340.png 768w, https:\/\/labs.100x100.net\/projects\/rutasal\/custom\/uploads\/2024\/03\/Logo_Raecy_ampliado-1536x681.png 1536w, https:\/\/labs.100x100.net\/projects\/rutasal\/custom\/uploads\/2024\/03\/Logo_Raecy_ampliado-2048x907.png 2048w\" sizes=\"(max-width: 300px) 100vw, 300px\" \/><\/p>\n<p style=\"text-align: justify;\">Es un gran placer anunciar que la <a href=\"https:\/\/www.raecy.com\/\">Real Asamblea Espa\u00f1ola de Capitanes de Yates, RAECY,<\/a> entra a formar parte de los colaboradores de La Ruta de la Sal. Gracias a esta nueva colaboraci\u00f3n los participantes de las dos versiones de la XXXVI edici\u00f3n de esta m\u00edtica regata podr\u00e1n optar a un nuevo trofeo, el Trofeo RAECY. Dicho trofeo va a premiar al Capit\u00e1n de Yate que logre una mejor clasificaci\u00f3n. Por supuesto habr\u00e1 un trofeo tanto para el Capit\u00e1n de Yate que mejor se clasifique en la Versi\u00f3n Barcelona como para \u00e9l que lo haga en la Versi\u00f3n larga de Denia.<\/p>\n<p style=\"text-align: justify;\">Para optar al Trofeo, es necesario completar la inscripci\u00f3n antes del inicio de la regata utilizando el formulario proporcionado por la RAECY espec\u00edficamente para este evento. En el siguiente enlace es posible rellenar dicho formulario: <a href=\"https:\/\/forms.gle\/LiftwXwoupHAHF8S9\">Formulario Capit\u00e1n de Yates RAECY\u00a0<\/a><\/p>\n<p style=\"text-align: justify;\">Pueden optar al Trofeo RAECY todos aquellos armadores, patrones y tripulantes que dispongan de la titulaci\u00f3n espa\u00f1ola de Capit\u00e1n de Yate, as\u00ed que el formulario de arriba lo puede rellenar cualquier miembro de la tripulaci\u00f3n que disponga de dicha titulaci\u00f3n.<\/p>\n<div id=\"attachment_9528\" style=\"width: 1010px\" class=\"wp-caption alignnone\"><img loading=\"lazy\" decoding=\"async\" aria-describedby=\"caption-attachment-9528\" class=\"wp-image-9528 size-full\" src=\"http:\/\/larutadelasal.com\/custom\/uploads\/2024\/03\/La-Sal-2022_Ganador-en-Tiempo-Real-BCN-Gymir-\u00a9Alfred-Farre-14.jpg\" alt=\"\" width=\"1000\" height=\"662\" srcset=\"https:\/\/labs.100x100.net\/projects\/rutasal\/custom\/uploads\/2024\/03\/La-Sal-2022_Ganador-en-Tiempo-Real-BCN-Gymir-\u00a9Alfred-Farre-14.jpg 1000w, https:\/\/labs.100x100.net\/projects\/rutasal\/custom\/uploads\/2024\/03\/La-Sal-2022_Ganador-en-Tiempo-Real-BCN-Gymir-\u00a9Alfred-Farre-14-300x199.jpg 300w, https:\/\/labs.100x100.net\/projects\/rutasal\/custom\/uploads\/2024\/03\/La-Sal-2022_Ganador-en-Tiempo-Real-BCN-Gymir-\u00a9Alfred-Farre-14-768x508.jpg 768w\" sizes=\"(max-width: 1000px) 100vw, 1000px\" \/><p id=\"caption-attachment-9528\" class=\"wp-caption-text\">Gymir, La Ruta de la Sal 2022 \u00a9Alfred Farr\u00e9<\/p><\/div>\n","protected":false},"excerpt":{"rendered":"<p>Es un gran placer anunciar que la Real Asamblea Espa\u00f1ola de Capitanes de Yates, RAECY, entra a formar parte de los colaboradores de La Ruta de la Sal. Gracias a esta nueva colaboraci\u00f3n los participantes de las dos versiones de la XXXVI edici\u00f3n de esta m\u00edtica regata podr\u00e1n optar a un nuevo trofeo, el Trofeo [&hellip;]<\/p>\n","protected":false},"author":7,"featured_media":9528,"comment_status":"open","ping_status":"open","sticky":false,"template":"","format":"standard","meta":{"_acf_changed":false,"footnotes":""},"categories":[3],"tags":[],"acf":[],"yoast_head":"<!-- This site is optimized with the Yoast SEO plugin v23.0 - https:\/\/yoast.com\/wordpress\/plugins\/seo\/ -->\n<title>La RAECY, Real Asamblea Espa\u00f1ola de Capitanes de Yates, nuevo colaborador de La Ruta de la Sal<\/title>\n<meta name=\"robots\" content=\"noindex, follow, max-snippet:-1, max-image-preview:large, max-video-preview:-1\" \/>\n<meta property=\"og:locale\" content=\"es_ES\" \/>\n<meta property=\"og:type\" content=\"article\" \/>\n<meta property=\"og:title\" content=\"La RAECY, Real Asamblea Espa\u00f1ola de Capitanes de Yates, nuevo colaborador de La Ruta de la Sal\" \/>\n<meta property=\"og:description\" content=\"Es un gran placer anunciar que la Real Asamblea Espa\u00f1ola de Capitanes de Yates, RAECY, entra a formar parte de los colaboradores de La Ruta de la Sal. Gracias a esta nueva colaboraci\u00f3n los participantes de las dos versiones de la XXXVI edici\u00f3n de esta m\u00edtica regata podr\u00e1n optar a un nuevo trofeo, el Trofeo [&hellip;]\" \/>\n<meta property=\"og:url\" content=\"https:\/\/labs.100x100.net\/projects\/rutasal\/raecy\/\" \/>\n<meta property=\"og:site_name\" content=\"Regata La Ruta de la Sal\" \/>\n<meta property=\"article:publisher\" content=\"https:\/\/www.facebook.com\/rutadelasal\/\" \/>\n<meta property=\"article:published_time\" content=\"2024-03-17T23:53:30+00:00\" \/>\n<meta property=\"article:modified_time\" content=\"2024-03-20T11:30:06+00:00\" \/>\n<meta property=\"og:image\" content=\"https:\/\/labs.100x100.net\/projects\/rutasal\/custom\/uploads\/2024\/03\/La-Sal-2022_Ganador-en-Tiempo-Real-BCN-Gymir-\u00a9Alfred-Farre-14.jpg\" \/>\n\t<meta property=\"og:image:width\" content=\"1000\" \/>\n\t<meta property=\"og:image:height\" content=\"662\" \/>\n\t<meta property=\"og:image:type\" content=\"image\/jpeg\" \/>\n<meta name=\"author\" content=\"Valentina Libri\" \/>\n<meta name=\"twitter:card\" content=\"summary_large_image\" \/>\n<meta name=\"twitter:creator\" content=\"@AnamMedi\" \/>\n<meta name=\"twitter:site\" content=\"@AnamMedi\" \/>\n<meta name=\"twitter:label1\" content=\"Escrito por\" \/>\n\t<meta name=\"twitter:data1\" content=\"Valentina Libri\" \/>\n\t<meta name=\"twitter:label2\" content=\"Tiempo de lectura\" \/>\n\t<meta name=\"twitter:data2\" content=\"2 minutos\" \/>\n<script type=\"application\/ld+json\" class=\"yoast-schema-graph\">{\"@context\":\"https:\/\/schema.org\",\"@graph\":[{\"@type\":\"WebPage\",\"@id\":\"https:\/\/labs.100x100.net\/projects\/rutasal\/raecy\/\",\"url\":\"https:\/\/labs.100x100.net\/projects\/rutasal\/raecy\/\",\"name\":\"La RAECY, Real Asamblea Espa\u00f1ola de Capitanes de Yates, nuevo colaborador de La Ruta de la Sal\",\"isPartOf\":{\"@id\":\"https:\/\/labs.100x100.net\/projects\/rutasal\/#website\"},\"primaryImageOfPage\":{\"@id\":\"https:\/\/labs.100x100.net\/projects\/rutasal\/raecy\/#primaryimage\"},\"image\":{\"@id\":\"https:\/\/labs.100x100.net\/projects\/rutasal\/raecy\/#primaryimage\"},\"thumbnailUrl\":\"https:\/\/labs.100x100.net\/projects\/rutasal\/custom\/uploads\/2024\/03\/La-Sal-2022_Ganador-en-Tiempo-Real-BCN-Gymir-\u00a9Alfred-Farre-14.jpg\",\"datePublished\":\"2024-03-17T23:53:30+00:00\",\"dateModified\":\"2024-03-20T11:30:06+00:00\",\"author\":{\"@id\":\"https:\/\/labs.100x100.net\/projects\/rutasal\/#\/schema\/person\/78b3519b5320819eb3428bc4a4363faf\"},\"breadcrumb\":{\"@id\":\"https:\/\/labs.100x100.net\/projects\/rutasal\/raecy\/#breadcrumb\"},\"inLanguage\":\"es\",\"potentialAction\":[{\"@type\":\"ReadAction\",\"target\":[\"https:\/\/labs.100x100.net\/projects\/rutasal\/raecy\/\"]}]},{\"@type\":\"ImageObject\",\"inLanguage\":\"es\",\"@id\":\"https:\/\/labs.100x100.net\/projects\/rutasal\/raecy\/#primaryimage\",\"url\":\"https:\/\/labs.100x100.net\/projects\/rutasal\/custom\/uploads\/2024\/03\/La-Sal-2022_Ganador-en-Tiempo-Real-BCN-Gymir-\u00a9Alfred-Farre-14.jpg\",\"contentUrl\":\"https:\/\/labs.100x100.net\/projects\/rutasal\/custom\/uploads\/2024\/03\/La-Sal-2022_Ganador-en-Tiempo-Real-BCN-Gymir-\u00a9Alfred-Farre-14.jpg\",\"width\":1000,\"height\":662},{\"@type\":\"BreadcrumbList\",\"@id\":\"https:\/\/labs.100x100.net\/projects\/rutasal\/raecy\/#breadcrumb\",\"itemListElement\":[{\"@type\":\"ListItem\",\"position\":1,\"name\":\"Portada\",\"item\":\"https:\/\/labs.100x100.net\/projects\/rutasal\/\"},{\"@type\":\"ListItem\",\"position\":2,\"name\":\"La RAECY, Real Asamblea Espa\u00f1ola de Capitanes de Yates, nuevo colaborador de La Ruta de la Sal\"}]},{\"@type\":\"WebSite\",\"@id\":\"https:\/\/labs.100x100.net\/projects\/rutasal\/#website\",\"url\":\"https:\/\/labs.100x100.net\/projects\/rutasal\/\",\"name\":\"Regata La Ruta de la Sal\",\"description\":\"Regata La Ruta de la Sal es una regata de Altura Mediterr\u00e1nea para barcos de crucero a vela con destino en Ibiza, que se disputa anualmente en Semana Santa.\",\"potentialAction\":[{\"@type\":\"SearchAction\",\"target\":{\"@type\":\"EntryPoint\",\"urlTemplate\":\"https:\/\/labs.100x100.net\/projects\/rutasal\/?s={search_term_string}\"},\"query-input\":\"required name=search_term_string\"}],\"inLanguage\":\"es\"},{\"@type\":\"Person\",\"@id\":\"https:\/\/labs.100x100.net\/projects\/rutasal\/#\/schema\/person\/78b3519b5320819eb3428bc4a4363faf\",\"name\":\"Valentina Libri\",\"image\":{\"@type\":\"ImageObject\",\"inLanguage\":\"es\",\"@id\":\"https:\/\/labs.100x100.net\/projects\/rutasal\/#\/schema\/person\/image\/\",\"url\":\"https:\/\/secure.gravatar.com\/avatar\/99c0547d5c3f4720c6410e401af04fe2?s=96&d=mm&r=g\",\"contentUrl\":\"https:\/\/secure.gravatar.com\/avatar\/99c0547d5c3f4720c6410e401af04fe2?s=96&d=mm&r=g\",\"caption\":\"Valentina Libri\"}}]}<\/script>\n<!-- \/ Yoast SEO plugin. -->","yoast_head_json":{"title":"La RAECY, Real Asamblea Espa\u00f1ola de Capitanes de Yates, nuevo colaborador de La Ruta de la Sal","robots":{"index":"noindex","follow":"follow","max-snippet":"max-snippet:-1","max-image-preview":"max-image-preview:large","max-video-preview":"max-video-preview:-1"},"og_locale":"es_ES","og_type":"article","og_title":"La RAECY, Real Asamblea Espa\u00f1ola de Capitanes de Yates, nuevo colaborador de La Ruta de la Sal","og_description":"Es un gran placer anunciar que la Real Asamblea Espa\u00f1ola de Capitanes de Yates, RAECY, entra a formar parte de los colaboradores de La Ruta de la Sal. Gracias a esta nueva colaboraci\u00f3n los participantes de las dos versiones de la XXXVI edici\u00f3n de esta m\u00edtica regata podr\u00e1n optar a un nuevo trofeo, el Trofeo [&hellip;]","og_url":"https:\/\/labs.100x100.net\/projects\/rutasal\/raecy\/","og_site_name":"Regata La Ruta de la Sal","article_publisher":"https:\/\/www.facebook.com\/rutadelasal\/","article_published_time":"2024-03-17T23:53:30+00:00","article_modified_time":"2024-03-20T11:30:06+00:00","og_image":[{"width":1000,"height":662,"url":"https:\/\/labs.100x100.net\/projects\/rutasal\/custom\/uploads\/2024\/03\/La-Sal-2022_Ganador-en-Tiempo-Real-BCN-Gymir-\u00a9Alfred-Farre-14.jpg","type":"image\/jpeg"}],"author":"Valentina Libri","twitter_card":"summary_large_image","twitter_creator":"@AnamMedi","twitter_site":"@AnamMedi","twitter_misc":{"Escrito por":"Valentina Libri","Tiempo de lectura":"2 minutos"},"schema":{"@context":"https:\/\/schema.org","@graph":[{"@type":"WebPage","@id":"https:\/\/labs.100x100.net\/projects\/rutasal\/raecy\/","url":"https:\/\/labs.100x100.net\/projects\/rutasal\/raecy\/","name":"La RAECY, Real Asamblea Espa\u00f1ola de Capitanes de Yates, nuevo colaborador de La Ruta de la Sal","isPartOf":{"@id":"https:\/\/labs.100x100.net\/projects\/rutasal\/#website"},"primaryImageOfPage":{"@id":"https:\/\/labs.100x100.net\/projects\/rutasal\/raecy\/#primaryimage"},"image":{"@id":"https:\/\/labs.100x100.net\/projects\/rutasal\/raecy\/#primaryimage"},"thumbnailUrl":"https:\/\/labs.100x100.net\/projects\/rutasal\/custom\/uploads\/2024\/03\/La-Sal-2022_Ganador-en-Tiempo-Real-BCN-Gymir-\u00a9Alfred-Farre-14.jpg","datePublished":"2024-03-17T23:53:30+00:00","dateModified":"2024-03-20T11:30:06+00:00","author":{"@id":"https:\/\/labs.100x100.net\/projects\/rutasal\/#\/schema\/person\/78b3519b5320819eb3428bc4a4363faf"},"breadcrumb":{"@id":"https:\/\/labs.100x100.net\/projects\/rutasal\/raecy\/#breadcrumb"},"inLanguage":"es","potentialAction":[{"@type":"ReadAction","target":["https:\/\/labs.100x100.net\/projects\/rutasal\/raecy\/"]}]},{"@type":"ImageObject","inLanguage":"es","@id":"https:\/\/labs.100x100.net\/projects\/rutasal\/raecy\/#primaryimage","url":"https:\/\/labs.100x100.net\/projects\/rutasal\/custom\/uploads\/2024\/03\/La-Sal-2022_Ganador-en-Tiempo-Real-BCN-Gymir-\u00a9Alfred-Farre-14.jpg","contentUrl":"https:\/\/labs.100x100.net\/projects\/rutasal\/custom\/uploads\/2024\/03\/La-Sal-2022_Ganador-en-Tiempo-Real-BCN-Gymir-\u00a9Alfred-Farre-14.jpg","width":1000,"height":662},{"@type":"BreadcrumbList","@id":"https:\/\/labs.100x100.net\/projects\/rutasal\/raecy\/#breadcrumb","itemListElement":[{"@type":"ListItem","position":1,"name":"Portada","item":"https:\/\/labs.100x100.net\/projects\/rutasal\/"},{"@type":"ListItem","position":2,"name":"La RAECY, Real Asamblea Espa\u00f1ola de Capitanes de Yates, nuevo colaborador de La Ruta de la Sal"}]},{"@type":"WebSite","@id":"https:\/\/labs.100x100.net\/projects\/rutasal\/#website","url":"https:\/\/labs.100x100.net\/projects\/rutasal\/","name":"Regata La Ruta de la Sal","description":"Regata La Ruta de la Sal es una regata de Altura Mediterr\u00e1nea para barcos de crucero a vela con destino en Ibiza, que se disputa anualmente en Semana Santa.","potentialAction":[{"@type":"SearchAction","target":{"@type":"EntryPoint","urlTemplate":"https:\/\/labs.100x100.net\/projects\/rutasal\/?s={search_term_string}"},"query-input":"required name=search_term_string"}],"inLanguage":"es"},{"@type":"Person","@id":"https:\/\/labs.100x100.net\/projects\/rutasal\/#\/schema\/person\/78b3519b5320819eb3428bc4a4363faf","name":"Valentina Libri","image":{"@type":"ImageObject","inLanguage":"es","@id":"https:\/\/labs.100x100.net\/projects\/rutasal\/#\/schema\/person\/image\/","url":"https:\/\/secure.gravatar.com\/avatar\/99c0547d5c3f4720c6410e401af04fe2?s=96&d=mm&r=g","contentUrl":"https:\/\/secure.gravatar.com\/avatar\/99c0547d5c3f4720c6410e401af04fe2?s=96&d=mm&r=g","caption":"Valentina Libri"}}]}},"_links":{"self":[{"href":"https:\/\/labs.100x100.net\/projects\/rutasal\/wp-json\/wp\/v2\/posts\/9524"}],"collection":[{"href":"https:\/\/labs.100x100.net\/projects\/rutasal\/wp-json\/wp\/v2\/posts"}],"about":[{"href":"https:\/\/labs.100x100.net\/projects\/rutasal\/wp-json\/wp\/v2\/types\/post"}],"author":[{"embeddable":true,"href":"https:\/\/labs.100x100.net\/projects\/rutasal\/wp-json\/wp\/v2\/users\/7"}],"replies":[{"embeddable":true,"href":"https:\/\/labs.100x100.net\/projects\/rutasal\/wp-json\/wp\/v2\/comments?post=9524"}],"version-history":[{"count":8,"href":"https:\/\/labs.100x100.net\/projects\/rutasal\/wp-json\/wp\/v2\/posts\/9524\/revisions"}],"predecessor-version":[{"id":9544,"href":"https:\/\/labs.100x100.net\/projects\/rutasal\/wp-json\/wp\/v2\/posts\/9524\/revisions\/9544"}],"wp:featuredmedia":[{"embeddable":true,"href":"https:\/\/labs.100x100.net\/projects\/rutasal\/wp-json\/wp\/v2\/media\/9528"}],"wp:attachment":[{"href":"https:\/\/labs.100x100.net\/projects\/rutasal\/wp-json\/wp\/v2\/media?parent=9524"}],"wp:term":[{"taxonomy":"category","embeddable":true,"href":"https:\/\/labs.100x100.net\/projects\/rutasal\/wp-json\/wp\/v2\/categories?post=9524"},{"taxonomy":"post_tag","embeddable":true,"href":"https:\/\/labs.100x100.net\/projects\/rutasal\/wp-json\/wp\/v2\/tags?post=9524"}],"curies":[{"name":"wp","href":"https:\/\/api.w.org\/{rel}","templated":true}]}}