{"id":951,"date":"2012-04-05T10:26:52","date_gmt":"2012-04-05T10:26:52","guid":{"rendered":"https:\/\/larutadelasal.com\/?p=951"},"modified":"2019-03-14T12:14:51","modified_gmt":"2019-03-14T10:14:51","slug":"espectacular-salida-de-la-version-norte-de-la-ruta-de-la-sal-trofeo-pepe-ferres","status":"publish","type":"post","link":"https:\/\/labs.100x100.net\/projects\/rutasal\/espectacular-salida-de-la-version-norte-de-la-ruta-de-la-sal-trofeo-pepe-ferres\/","title":{"rendered":"Espectacular salida de la Versi\u00f3n Norte de la Ruta de La Sal-Trofeo Pepe Ferres."},"content":{"rendered":"<h1>200 barcos y 1.698 tripulantes inscritos en la 25 Regata de La Ruta de La Sal.<\/h1>\n<h1>\u201cAcrobat\u201d de Amador Magraner,\u00a0 el velero Alem\u00e1n\u00a0 \u201cCaro\u201d de Maximilian Klink y \u201c2 Much\u201d de Jos\u00e9 Fabr\u00e9,\u00a0 ganadores de la pasa edici\u00f3n,\u00a0 defender\u00e1n sus t\u00edtulos.<\/h1>\n<p><a class=\"tt-flickr tt-flickr-Medium\" title=\"_AFB7721\" href=\"http:\/\/farm8.staticflickr.com\/7262\/7047435359_ef101fcf0e_b.jpg\"><img loading=\"lazy\" decoding=\"async\" class=\"alignnone\" src=\"http:\/\/farm8.staticflickr.com\/7262\/7047435359_ef101fcf0e.jpg\" alt=\"_AFB7721\" width=\"320\" height=\"229\" \/><\/a> <a class=\"tt-flickr tt-flickr-Medium\" title=\"_AFB7659\" href=\"http:\/\/farm8.staticflickr.com\/7048\/7047434577_1fdb33e6fa_b.jpg\"><img loading=\"lazy\" decoding=\"async\" class=\"alignnone\" src=\"http:\/\/farm8.staticflickr.com\/7048\/7047434577_1fdb33e6fa.jpg\" alt=\"_AFB7659\" width=\"320\" height=\"229\" \/><\/a><\/p>\n<p>Hoy\u00a0 5 de abril,\u00a0 jueves Santo, a las 10:00 h. se ha dado, la salida desde Port Ginesta \u2013 Barcelona-\u00a0 con destino a Sant Antoni de Portmany \u2013 Ibiza- de la Versi\u00f3n Norte de la\u00a0 25 edici\u00f3n de la regata de La Ruta de La Sal \u2013 Trofeo Pepe Ferres. Bajo unas condiciones metereologicas muy inestables que avanzan una regata, de 140 millas, complicada bajo aspectos t\u00e9cnicos y t\u00e1cticos.<\/p>\n<p>El viento, que en el momento de la largada de flota de cerca del centenar de participantes que competir\u00e1n en este recorrido, alcanzaba una intensidad de unos 13 nudos de ENE, con mar en calma y chubascos muy intensos, ira durante toda la jornada aumentando de intensidad hasta alcanzar una fuerza 4. Con tendencia a ir amainado en las ultimas horas del d\u00eda. Situaci\u00f3n que, en principio se ira complicando a partir de la madrugada del Viernes 6, con vientos del SO que podr\u00edan llegar a fuerza 6, incluso puntualmente 7. En las costa norte de Ibiza,\u00a0 fuerza 3 a 5, en general, en todo el Mar Balear \u00e1reas de marejada a fuerte marejada, aguaceros. Unos escenarios que dibujan una singladura dura y muy abierta a diferentes t\u00e1cticas de navegaci\u00f3n.<\/p>\n<p>A la hora de redactar este avance informativo la flota de la Versi\u00f3n Norte se ha fraccionado en tres grupos; equipos que bajan hacia el Golfo de Sant Jordi buscando saltar a las Pitiussas desde ele Delta del Ebro. Barcos que navegan, con spinnaker a rumbo casi directo y, finalmente los que apuestan por acercarse a la costa norte de Mallorca. El viento, por el momento inestable y muy afectado por los chubascos puntuales de afectan al campo de regatas, esta pr\u00e1cticamente entablado en fuerza 4.<\/p>\n<p>Normalmente los barcos m\u00e1s r\u00e1pidos de la Versi\u00f3n Norte\u00a0 llegaran a Ibiza durante las primeras horas de la madrugada del Viernes 6 de abril del 2012.<\/p>\n<p><a class=\"tt-flickr tt-flickr-Medium\" title=\"_AFB7816\" href=\"http:\/\/farm8.staticflickr.com\/7113\/7047436911_93f360e18d_b.jpg\"><img loading=\"lazy\" decoding=\"async\" class=\"alignnone\" src=\"http:\/\/farm8.staticflickr.com\/7113\/7047436911_93f360e18d.jpg\" alt=\"_AFB7816\" width=\"320\" height=\"229\" \/><\/a><a class=\"tt-flickr tt-flickr-Medium\" title=\"_AFB7793\" href=\"http:\/\/farm8.staticflickr.com\/7203\/6901341134_0be5012cc2_b.jpg\"><img loading=\"lazy\" decoding=\"async\" class=\"alignnone\" src=\"http:\/\/farm8.staticflickr.com\/7203\/6901341134_0be5012cc2.jpg\" alt=\"_AFB7793\" width=\"320\" height=\"229\" \/><\/a><\/p>\n<p>La salida de la Versi\u00f3 n Este, con 107\u00a0 barcos inscritos, esta prevista para hoy, Jueves 5 de abril,\u00a0 a las 14:00 h desde el RC N\u00e1utico de Denia con destino a Cab Negret en Sant Antoni de Portmany. Una singladura de 120 millas que implicara tomar Formentera por babor, la Isla de Tagomago y, navegar por la costa norte de Ibiza hasta Sant Antoni.<\/p>\n<p>Para informaci\u00f3n de la evoluci\u00f3n de la regata. Avances informativos de \u00faltima hora. Acceso a im\u00e1genes en alta definici\u00f3n. Resultados\u00a0 www.larutadelasal.com<\/p>\n<p>La Ruta de La Sal esta organizada\u00a0 por\u00a0 la Associaci\u00f3 de Navegants d\u2019Altura Mediterranis, en colaboraci\u00f3n con la RANC, el Club Maritim Port Ginesta y Real Club N\u00e1utico Denia en la salida y Club Nautic Sant Antoni de Portmany de Ibiza en la arribada y el soporte de Federaci\u00f3 Catalana de Vela, Federaci\u00f3n de Vela Comunidad Valenciana, Federaci\u00f2 Balear de Vela.<\/p>\n<p>Colaboran, en la organizaci\u00f3n de la regata el Consell d\u2019Eivissa, Ajuntament de Sant Antoni de Portmany, Ajuntament de Denia y Ajuntament de Sitges. Ports de les Illes Balears, Marina Port Vell, Marina Denia, Sociedad Estatal de Salvamento y Seguridad Mar\u00edtima, Guardia Civil del Mar, Estaci\u00f3 N\u00e1utica de Sant Antoni i Sant Josep de Ibiza.<\/p>\n<p><a class=\"tt-flickr tt-flickr-Medium\" title=\"_AFB7651\" href=\"http:\/\/farm8.staticflickr.com\/7083\/6901338964_e1759cb35d_b.jpg\"><img loading=\"lazy\" decoding=\"async\" class=\"alignnone\" src=\"http:\/\/farm8.staticflickr.com\/7083\/6901338964_e1759cb35d.jpg\" alt=\"_AFB7651\" width=\"657\" height=\"362\" \/><\/a><\/p>\n","protected":false},"excerpt":{"rendered":"<p>200 barcos y 1.698 tripulantes inscritos en la 25 Regata de La Ruta de La Sal. \u201cAcrobat\u201d de Amador Magraner,\u00a0 el velero Alem\u00e1n\u00a0 \u201cCaro\u201d de Maximilian Klink y \u201c2 Much\u201d de Jos\u00e9 Fabr\u00e9,\u00a0 ganadores de la pasa edici\u00f3n,\u00a0 defender\u00e1n sus t\u00edtulos. Hoy\u00a0 5 de abril,\u00a0 jueves Santo, a las 10:00 h. se ha dado, la [&hellip;]<\/p>\n","protected":false},"author":1,"featured_media":3886,"comment_status":"open","ping_status":"open","sticky":false,"template":"","format":"standard","meta":{"_acf_changed":false,"footnotes":""},"categories":[3],"tags":[],"acf":[],"yoast_head":"<!-- This site is optimized with the Yoast SEO plugin v23.0 - https:\/\/yoast.com\/wordpress\/plugins\/seo\/ -->\n<title>Espectacular salida de la Versi\u00f3n Norte de la Ruta de La Sal-Trofeo Pepe Ferres. | Regata La Ruta de la Sal<\/title>\n<meta name=\"robots\" content=\"noindex, follow, max-snippet:-1, max-image-preview:large, max-video-preview:-1\" \/>\n<meta property=\"og:locale\" content=\"es_ES\" \/>\n<meta property=\"og:type\" content=\"article\" \/>\n<meta property=\"og:title\" content=\"Espectacular salida de la Versi\u00f3n Norte de la Ruta de La Sal-Trofeo Pepe Ferres. | Regata La Ruta de la Sal\" \/>\n<meta property=\"og:description\" content=\"200 barcos y 1.698 tripulantes inscritos en la 25 Regata de La Ruta de La Sal. \u201cAcrobat\u201d de Amador Magraner,\u00a0 el velero Alem\u00e1n\u00a0 \u201cCaro\u201d de Maximilian Klink y \u201c2 Much\u201d de Jos\u00e9 Fabr\u00e9,\u00a0 ganadores de la pasa edici\u00f3n,\u00a0 defender\u00e1n sus t\u00edtulos. Hoy\u00a0 5 de abril,\u00a0 jueves Santo, a las 10:00 h. se ha dado, la [&hellip;]\" \/>\n<meta property=\"og:url\" content=\"https:\/\/labs.100x100.net\/projects\/rutasal\/espectacular-salida-de-la-version-norte-de-la-ruta-de-la-sal-trofeo-pepe-ferres\/\" \/>\n<meta property=\"og:site_name\" content=\"Regata La Ruta de la Sal\" \/>\n<meta property=\"article:publisher\" content=\"https:\/\/www.facebook.com\/rutadelasal\/\" \/>\n<meta property=\"article:published_time\" content=\"2012-04-05T10:26:52+00:00\" \/>\n<meta property=\"article:modified_time\" content=\"2019-03-14T10:14:51+00:00\" \/>\n<meta property=\"og:image\" content=\"https:\/\/labs.100x100.net\/projects\/rutasal\/custom\/uploads\/2012\/04\/7047434577_1fdb33e6fa.jpg\" \/>\n\t<meta property=\"og:image:width\" content=\"500\" \/>\n\t<meta property=\"og:image:height\" content=\"343\" \/>\n\t<meta property=\"og:image:type\" content=\"image\/jpeg\" \/>\n<meta name=\"author\" content=\"La Ruta de la Sal\" \/>\n<meta name=\"twitter:card\" content=\"summary_large_image\" \/>\n<meta name=\"twitter:creator\" content=\"@AnamMedi\" \/>\n<meta name=\"twitter:site\" content=\"@AnamMedi\" \/>\n<meta name=\"twitter:label1\" content=\"Escrito por\" \/>\n\t<meta name=\"twitter:data1\" content=\"La Ruta de la Sal\" \/>\n\t<meta name=\"twitter:label2\" content=\"Tiempo de lectura\" \/>\n\t<meta name=\"twitter:data2\" content=\"3 minutos\" \/>\n<script type=\"application\/ld+json\" class=\"yoast-schema-graph\">{\"@context\":\"https:\/\/schema.org\",\"@graph\":[{\"@type\":\"WebPage\",\"@id\":\"https:\/\/labs.100x100.net\/projects\/rutasal\/espectacular-salida-de-la-version-norte-de-la-ruta-de-la-sal-trofeo-pepe-ferres\/\",\"url\":\"https:\/\/labs.100x100.net\/projects\/rutasal\/espectacular-salida-de-la-version-norte-de-la-ruta-de-la-sal-trofeo-pepe-ferres\/\",\"name\":\"Espectacular salida de la Versi\u00f3n Norte de la Ruta de La Sal-Trofeo Pepe Ferres. | Regata La Ruta de la Sal\",\"isPartOf\":{\"@id\":\"https:\/\/labs.100x100.net\/projects\/rutasal\/#website\"},\"primaryImageOfPage\":{\"@id\":\"https:\/\/labs.100x100.net\/projects\/rutasal\/espectacular-salida-de-la-version-norte-de-la-ruta-de-la-sal-trofeo-pepe-ferres\/#primaryimage\"},\"image\":{\"@id\":\"https:\/\/labs.100x100.net\/projects\/rutasal\/espectacular-salida-de-la-version-norte-de-la-ruta-de-la-sal-trofeo-pepe-ferres\/#primaryimage\"},\"thumbnailUrl\":\"https:\/\/labs.100x100.net\/projects\/rutasal\/custom\/uploads\/2012\/04\/7047434577_1fdb33e6fa.jpg\",\"datePublished\":\"2012-04-05T10:26:52+00:00\",\"dateModified\":\"2019-03-14T10:14:51+00:00\",\"author\":{\"@id\":\"https:\/\/labs.100x100.net\/projects\/rutasal\/#\/schema\/person\/214eeb4a2e78fd8373a0a94f6d93c9ca\"},\"breadcrumb\":{\"@id\":\"https:\/\/labs.100x100.net\/projects\/rutasal\/espectacular-salida-de-la-version-norte-de-la-ruta-de-la-sal-trofeo-pepe-ferres\/#breadcrumb\"},\"inLanguage\":\"es\",\"potentialAction\":[{\"@type\":\"ReadAction\",\"target\":[\"https:\/\/labs.100x100.net\/projects\/rutasal\/espectacular-salida-de-la-version-norte-de-la-ruta-de-la-sal-trofeo-pepe-ferres\/\"]}]},{\"@type\":\"ImageObject\",\"inLanguage\":\"es\",\"@id\":\"https:\/\/labs.100x100.net\/projects\/rutasal\/espectacular-salida-de-la-version-norte-de-la-ruta-de-la-sal-trofeo-pepe-ferres\/#primaryimage\",\"url\":\"https:\/\/labs.100x100.net\/projects\/rutasal\/custom\/uploads\/2012\/04\/7047434577_1fdb33e6fa.jpg\",\"contentUrl\":\"https:\/\/labs.100x100.net\/projects\/rutasal\/custom\/uploads\/2012\/04\/7047434577_1fdb33e6fa.jpg\",\"width\":500,\"height\":343},{\"@type\":\"BreadcrumbList\",\"@id\":\"https:\/\/labs.100x100.net\/projects\/rutasal\/espectacular-salida-de-la-version-norte-de-la-ruta-de-la-sal-trofeo-pepe-ferres\/#breadcrumb\",\"itemListElement\":[{\"@type\":\"ListItem\",\"position\":1,\"name\":\"Portada\",\"item\":\"https:\/\/labs.100x100.net\/projects\/rutasal\/\"},{\"@type\":\"ListItem\",\"position\":2,\"name\":\"Espectacular salida de la Versi\u00f3n Norte de la Ruta de La Sal-Trofeo Pepe Ferres.\"}]},{\"@type\":\"WebSite\",\"@id\":\"https:\/\/labs.100x100.net\/projects\/rutasal\/#website\",\"url\":\"https:\/\/labs.100x100.net\/projects\/rutasal\/\",\"name\":\"Regata La Ruta de la Sal\",\"description\":\"Regata La Ruta de la Sal es una regata de Altura Mediterr\u00e1nea para barcos de crucero a vela con destino en Ibiza, que se disputa anualmente en Semana Santa.\",\"potentialAction\":[{\"@type\":\"SearchAction\",\"target\":{\"@type\":\"EntryPoint\",\"urlTemplate\":\"https:\/\/labs.100x100.net\/projects\/rutasal\/?s={search_term_string}\"},\"query-input\":\"required name=search_term_string\"}],\"inLanguage\":\"es\"},{\"@type\":\"Person\",\"@id\":\"https:\/\/labs.100x100.net\/projects\/rutasal\/#\/schema\/person\/214eeb4a2e78fd8373a0a94f6d93c9ca\",\"name\":\"La Ruta de la Sal\",\"image\":{\"@type\":\"ImageObject\",\"inLanguage\":\"es\",\"@id\":\"https:\/\/labs.100x100.net\/projects\/rutasal\/#\/schema\/person\/image\/\",\"url\":\"https:\/\/secure.gravatar.com\/avatar\/b247286d4b801d6b1cfcfb3807587284?s=96&d=mm&r=g\",\"contentUrl\":\"https:\/\/secure.gravatar.com\/avatar\/b247286d4b801d6b1cfcfb3807587284?s=96&d=mm&r=g\",\"caption\":\"La Ruta de la Sal\"}}]}<\/script>\n<!-- \/ Yoast SEO plugin. -->","yoast_head_json":{"title":"Espectacular salida de la Versi\u00f3n Norte de la Ruta de La Sal-Trofeo Pepe Ferres. | Regata La Ruta de la Sal","robots":{"index":"noindex","follow":"follow","max-snippet":"max-snippet:-1","max-image-preview":"max-image-preview:large","max-video-preview":"max-video-preview:-1"},"og_locale":"es_ES","og_type":"article","og_title":"Espectacular salida de la Versi\u00f3n Norte de la Ruta de La Sal-Trofeo Pepe Ferres. | Regata La Ruta de la Sal","og_description":"200 barcos y 1.698 tripulantes inscritos en la 25 Regata de La Ruta de La Sal. \u201cAcrobat\u201d de Amador Magraner,\u00a0 el velero Alem\u00e1n\u00a0 \u201cCaro\u201d de Maximilian Klink y \u201c2 Much\u201d de Jos\u00e9 Fabr\u00e9,\u00a0 ganadores de la pasa edici\u00f3n,\u00a0 defender\u00e1n sus t\u00edtulos. Hoy\u00a0 5 de abril,\u00a0 jueves Santo, a las 10:00 h. se ha dado, la [&hellip;]","og_url":"https:\/\/labs.100x100.net\/projects\/rutasal\/espectacular-salida-de-la-version-norte-de-la-ruta-de-la-sal-trofeo-pepe-ferres\/","og_site_name":"Regata La Ruta de la Sal","article_publisher":"https:\/\/www.facebook.com\/rutadelasal\/","article_published_time":"2012-04-05T10:26:52+00:00","article_modified_time":"2019-03-14T10:14:51+00:00","og_image":[{"width":500,"height":343,"url":"https:\/\/labs.100x100.net\/projects\/rutasal\/custom\/uploads\/2012\/04\/7047434577_1fdb33e6fa.jpg","type":"image\/jpeg"}],"author":"La Ruta de la Sal","twitter_card":"summary_large_image","twitter_creator":"@AnamMedi","twitter_site":"@AnamMedi","twitter_misc":{"Escrito por":"La Ruta de la Sal","Tiempo de lectura":"3 minutos"},"schema":{"@context":"https:\/\/schema.org","@graph":[{"@type":"WebPage","@id":"https:\/\/labs.100x100.net\/projects\/rutasal\/espectacular-salida-de-la-version-norte-de-la-ruta-de-la-sal-trofeo-pepe-ferres\/","url":"https:\/\/labs.100x100.net\/projects\/rutasal\/espectacular-salida-de-la-version-norte-de-la-ruta-de-la-sal-trofeo-pepe-ferres\/","name":"Espectacular salida de la Versi\u00f3n Norte de la Ruta de La Sal-Trofeo Pepe Ferres. | Regata La Ruta de la Sal","isPartOf":{"@id":"https:\/\/labs.100x100.net\/projects\/rutasal\/#website"},"primaryImageOfPage":{"@id":"https:\/\/labs.100x100.net\/projects\/rutasal\/espectacular-salida-de-la-version-norte-de-la-ruta-de-la-sal-trofeo-pepe-ferres\/#primaryimage"},"image":{"@id":"https:\/\/labs.100x100.net\/projects\/rutasal\/espectacular-salida-de-la-version-norte-de-la-ruta-de-la-sal-trofeo-pepe-ferres\/#primaryimage"},"thumbnailUrl":"https:\/\/labs.100x100.net\/projects\/rutasal\/custom\/uploads\/2012\/04\/7047434577_1fdb33e6fa.jpg","datePublished":"2012-04-05T10:26:52+00:00","dateModified":"2019-03-14T10:14:51+00:00","author":{"@id":"https:\/\/labs.100x100.net\/projects\/rutasal\/#\/schema\/person\/214eeb4a2e78fd8373a0a94f6d93c9ca"},"breadcrumb":{"@id":"https:\/\/labs.100x100.net\/projects\/rutasal\/espectacular-salida-de-la-version-norte-de-la-ruta-de-la-sal-trofeo-pepe-ferres\/#breadcrumb"},"inLanguage":"es","potentialAction":[{"@type":"ReadAction","target":["https:\/\/labs.100x100.net\/projects\/rutasal\/espectacular-salida-de-la-version-norte-de-la-ruta-de-la-sal-trofeo-pepe-ferres\/"]}]},{"@type":"ImageObject","inLanguage":"es","@id":"https:\/\/labs.100x100.net\/projects\/rutasal\/espectacular-salida-de-la-version-norte-de-la-ruta-de-la-sal-trofeo-pepe-ferres\/#primaryimage","url":"https:\/\/labs.100x100.net\/projects\/rutasal\/custom\/uploads\/2012\/04\/7047434577_1fdb33e6fa.jpg","contentUrl":"https:\/\/labs.100x100.net\/projects\/rutasal\/custom\/uploads\/2012\/04\/7047434577_1fdb33e6fa.jpg","width":500,"height":343},{"@type":"BreadcrumbList","@id":"https:\/\/labs.100x100.net\/projects\/rutasal\/espectacular-salida-de-la-version-norte-de-la-ruta-de-la-sal-trofeo-pepe-ferres\/#breadcrumb","itemListElement":[{"@type":"ListItem","position":1,"name":"Portada","item":"https:\/\/labs.100x100.net\/projects\/rutasal\/"},{"@type":"ListItem","position":2,"name":"Espectacular salida de la Versi\u00f3n Norte de la Ruta de La Sal-Trofeo Pepe Ferres."}]},{"@type":"WebSite","@id":"https:\/\/labs.100x100.net\/projects\/rutasal\/#website","url":"https:\/\/labs.100x100.net\/projects\/rutasal\/","name":"Regata La Ruta de la Sal","description":"Regata La Ruta de la Sal es una regata de Altura Mediterr\u00e1nea para barcos de crucero a vela con destino en Ibiza, que se disputa anualmente en Semana Santa.","potentialAction":[{"@type":"SearchAction","target":{"@type":"EntryPoint","urlTemplate":"https:\/\/labs.100x100.net\/projects\/rutasal\/?s={search_term_string}"},"query-input":"required name=search_term_string"}],"inLanguage":"es"},{"@type":"Person","@id":"https:\/\/labs.100x100.net\/projects\/rutasal\/#\/schema\/person\/214eeb4a2e78fd8373a0a94f6d93c9ca","name":"La Ruta de la Sal","image":{"@type":"ImageObject","inLanguage":"es","@id":"https:\/\/labs.100x100.net\/projects\/rutasal\/#\/schema\/person\/image\/","url":"https:\/\/secure.gravatar.com\/avatar\/b247286d4b801d6b1cfcfb3807587284?s=96&d=mm&r=g","contentUrl":"https:\/\/secure.gravatar.com\/avatar\/b247286d4b801d6b1cfcfb3807587284?s=96&d=mm&r=g","caption":"La Ruta de la Sal"}}]}},"_links":{"self":[{"href":"https:\/\/labs.100x100.net\/projects\/rutasal\/wp-json\/wp\/v2\/posts\/951"}],"collection":[{"href":"https:\/\/labs.100x100.net\/projects\/rutasal\/wp-json\/wp\/v2\/posts"}],"about":[{"href":"https:\/\/labs.100x100.net\/projects\/rutasal\/wp-json\/wp\/v2\/types\/post"}],"author":[{"embeddable":true,"href":"https:\/\/labs.100x100.net\/projects\/rutasal\/wp-json\/wp\/v2\/users\/1"}],"replies":[{"embeddable":true,"href":"https:\/\/labs.100x100.net\/projects\/rutasal\/wp-json\/wp\/v2\/comments?post=951"}],"version-history":[{"count":1,"href":"https:\/\/labs.100x100.net\/projects\/rutasal\/wp-json\/wp\/v2\/posts\/951\/revisions"}],"predecessor-version":[{"id":3887,"href":"https:\/\/labs.100x100.net\/projects\/rutasal\/wp-json\/wp\/v2\/posts\/951\/revisions\/3887"}],"wp:featuredmedia":[{"embeddable":true,"href":"https:\/\/labs.100x100.net\/projects\/rutasal\/wp-json\/wp\/v2\/media\/3886"}],"wp:attachment":[{"href":"https:\/\/labs.100x100.net\/projects\/rutasal\/wp-json\/wp\/v2\/media?parent=951"}],"wp:term":[{"taxonomy":"category","embeddable":true,"href":"https:\/\/labs.100x100.net\/projects\/rutasal\/wp-json\/wp\/v2\/categories?post=951"},{"taxonomy":"post_tag","embeddable":true,"href":"https:\/\/labs.100x100.net\/projects\/rutasal\/wp-json\/wp\/v2\/tags?post=951"}],"curies":[{"name":"wp","href":"https:\/\/api.w.org\/{rel}","templated":true}]}}