{"id":9473,"date":"2024-03-13T02:43:30","date_gmt":"2024-03-13T00:43:30","guid":{"rendered":"https:\/\/larutadelasal.com\/?p=9473"},"modified":"2024-03-13T10:35:55","modified_gmt":"2024-03-13T08:35:55","slug":"cuales-son-los-armadores-que-han-conseguido-mas-victorias-absolutas-en-la-ruta-de-la-sal","status":"publish","type":"post","link":"https:\/\/labs.100x100.net\/projects\/rutasal\/cuales-son-los-armadores-que-han-conseguido-mas-victorias-absolutas-en-la-ruta-de-la-sal\/","title":{"rendered":"\u00bfQui\u00e9nes son los armadores que han conseguido m\u00e1s victorias absolutas en La Ruta de la Sal?"},"content":{"rendered":"<div id=\"attachment_9474\" style=\"width: 2570px\" class=\"wp-caption alignnone\"><img loading=\"lazy\" decoding=\"async\" aria-describedby=\"caption-attachment-9474\" class=\"wp-image-9474 size-full\" src=\"http:\/\/larutadelasal.com\/custom\/uploads\/2024\/03\/Aivis-2015-scaled.jpg\" alt=\"\" width=\"2560\" height=\"1707\" srcset=\"https:\/\/labs.100x100.net\/projects\/rutasal\/custom\/uploads\/2024\/03\/Aivis-2015-scaled.jpg 2560w, https:\/\/labs.100x100.net\/projects\/rutasal\/custom\/uploads\/2024\/03\/Aivis-2015-300x200.jpg 300w, https:\/\/labs.100x100.net\/projects\/rutasal\/custom\/uploads\/2024\/03\/Aivis-2015-1024x683.jpg 1024w, https:\/\/labs.100x100.net\/projects\/rutasal\/custom\/uploads\/2024\/03\/Aivis-2015-768x512.jpg 768w, https:\/\/labs.100x100.net\/projects\/rutasal\/custom\/uploads\/2024\/03\/Aivis-2015-1536x1024.jpg 1536w, https:\/\/labs.100x100.net\/projects\/rutasal\/custom\/uploads\/2024\/03\/Aivis-2015-2048x1365.jpg 2048w\" sizes=\"(max-width: 2560px) 100vw, 2560px\" \/><p id=\"caption-attachment-9474\" class=\"wp-caption-text\">Aivis, Fortuna 9 &#8211; La Ruta de la Sal 2015 @Alfred Farr\u00e9<\/p><\/div>\n<p style=\"text-align: justify;\">En estas \u00faltimas semanas previas al pistoletazo de salida de la 36\u00aa edici\u00f3n de La Ruta de la Sal, queremos compartir con vosotros algunos datos de inter\u00e9s, como r\u00e9cords y palmar\u00e9ses acumulados por los navegantes de La Ruta de la Sal a lo largo de m\u00e1s de tres d\u00e9cadas de historia de esta m\u00edtica regata.<\/p>\n<div id=\"attachment_9480\" style=\"width: 1210px\" class=\"wp-caption alignnone\"><img loading=\"lazy\" decoding=\"async\" aria-describedby=\"caption-attachment-9480\" class=\"wp-image-9480 size-full\" src=\"http:\/\/larutadelasal.com\/custom\/uploads\/2024\/03\/Clem-1-La-Sal-2023.jpg\" alt=\"\" width=\"1200\" height=\"801\" srcset=\"https:\/\/labs.100x100.net\/projects\/rutasal\/custom\/uploads\/2024\/03\/Clem-1-La-Sal-2023.jpg 1200w, https:\/\/labs.100x100.net\/projects\/rutasal\/custom\/uploads\/2024\/03\/Clem-1-La-Sal-2023-300x200.jpg 300w, https:\/\/labs.100x100.net\/projects\/rutasal\/custom\/uploads\/2024\/03\/Clem-1-La-Sal-2023-1024x684.jpg 1024w, https:\/\/labs.100x100.net\/projects\/rutasal\/custom\/uploads\/2024\/03\/Clem-1-La-Sal-2023-768x513.jpg 768w\" sizes=\"(max-width: 1200px) 100vw, 1200px\" \/><p id=\"caption-attachment-9480\" class=\"wp-caption-text\">Clem, Swan 56 &#8211; La Ruta de la Sal 2023 @Alfred Farr\u00e9<\/p><\/div>\n<p style=\"text-align: justify;\">Empezamos nombrando a aquellos armadores que m\u00e1s triunfos han cosechado. Con cuatro victorias absolutas en su haber, los siguientes tres armadores han conseguido la plaza m\u00e1s alta del podio en cuatro ocasiones:<\/p>\n<p style=\"text-align: justify;\"><strong>&#8211; Manuel Guasch <\/strong>gan\u00f3 la Versi\u00f3n Denia en 2015 y 2009 y la versi\u00f3n Barcelona en 2012, las tres a bordo de Aivis, Fortuna 9, y en 1992, desde Cartagena, a bordo de Monsignore, Sun Rise 42.<\/p>\n<p style=\"text-align: justify;\"><strong>&#8211; Manuel Jan\u00e9<\/strong>\u00a0gan\u00f3 en 2015 y 2014 a bordo de un Swan 45 y en 1990 y 1989 a bordo de un Baltic 39, ambos llamados Coratge y siempre zarpando desde Barcelona.<\/p>\n<p style=\"text-align: justify;\"><strong>&#8211; Jaime Olazabal<\/strong> gan\u00f3 la Versi\u00f3n Denia en 2022, la Versi\u00f3n Mallorca en 2017 y la Versi\u00f3n Barcelona en 2010 y 2009, siempre a bordo de Clem I, Swan 56.<\/p>\n<h4><\/h4>\n<div id=\"attachment_9477\" style=\"width: 910px\" class=\"wp-caption aligncenter\"><img loading=\"lazy\" decoding=\"async\" aria-describedby=\"caption-attachment-9477\" class=\"wp-image-9477 size-full\" src=\"http:\/\/larutadelasal.com\/custom\/uploads\/2024\/03\/Coratge-2018.jpg\" alt=\"\" width=\"900\" height=\"601\" srcset=\"https:\/\/labs.100x100.net\/projects\/rutasal\/custom\/uploads\/2024\/03\/Coratge-2018.jpg 900w, https:\/\/labs.100x100.net\/projects\/rutasal\/custom\/uploads\/2024\/03\/Coratge-2018-300x200.jpg 300w, https:\/\/labs.100x100.net\/projects\/rutasal\/custom\/uploads\/2024\/03\/Coratge-2018-768x513.jpg 768w\" sizes=\"(max-width: 900px) 100vw, 900px\" \/><p id=\"caption-attachment-9477\" class=\"wp-caption-text\">Coratge, Swan 45 &#8211; La Ruta de la Sal 2018 @Alfred Farr\u00e9<\/p><\/div>\n","protected":false},"excerpt":{"rendered":"<p>En estas \u00faltimas semanas previas al pistoletazo de salida de la 36\u00aa edici\u00f3n de La Ruta de la Sal, queremos compartir con vosotros algunos datos de inter\u00e9s, como r\u00e9cords y palmar\u00e9ses acumulados por los navegantes de La Ruta de la Sal a lo largo de m\u00e1s de tres d\u00e9cadas de historia de esta m\u00edtica regata. [&hellip;]<\/p>\n","protected":false},"author":7,"featured_media":9474,"comment_status":"open","ping_status":"open","sticky":false,"template":"","format":"standard","meta":{"_acf_changed":false,"footnotes":""},"categories":[3],"tags":[],"acf":[],"yoast_head":"<!-- This site is optimized with the Yoast SEO plugin v23.0 - https:\/\/yoast.com\/wordpress\/plugins\/seo\/ -->\n<title>\u00bfQui\u00e9nes son los armadores que han conseguido m\u00e1s victorias absolutas en La Ruta de la Sal? | Regata La Ruta de la Sal<\/title>\n<meta name=\"robots\" content=\"noindex, follow, max-snippet:-1, max-image-preview:large, max-video-preview:-1\" \/>\n<meta property=\"og:locale\" content=\"es_ES\" \/>\n<meta property=\"og:type\" content=\"article\" \/>\n<meta property=\"og:title\" content=\"\u00bfQui\u00e9nes son los armadores que han conseguido m\u00e1s victorias absolutas en La Ruta de la Sal? | Regata La Ruta de la Sal\" \/>\n<meta property=\"og:description\" content=\"En estas \u00faltimas semanas previas al pistoletazo de salida de la 36\u00aa edici\u00f3n de La Ruta de la Sal, queremos compartir con vosotros algunos datos de inter\u00e9s, como r\u00e9cords y palmar\u00e9ses acumulados por los navegantes de La Ruta de la Sal a lo largo de m\u00e1s de tres d\u00e9cadas de historia de esta m\u00edtica regata. [&hellip;]\" \/>\n<meta property=\"og:url\" content=\"https:\/\/labs.100x100.net\/projects\/rutasal\/cuales-son-los-armadores-que-han-conseguido-mas-victorias-absolutas-en-la-ruta-de-la-sal\/\" \/>\n<meta property=\"og:site_name\" content=\"Regata La Ruta de la Sal\" \/>\n<meta property=\"article:publisher\" content=\"https:\/\/www.facebook.com\/rutadelasal\/\" \/>\n<meta property=\"article:published_time\" content=\"2024-03-13T00:43:30+00:00\" \/>\n<meta property=\"article:modified_time\" content=\"2024-03-13T08:35:55+00:00\" \/>\n<meta property=\"og:image\" content=\"https:\/\/labs.100x100.net\/projects\/rutasal\/custom\/uploads\/2024\/03\/Aivis-2015-scaled.jpg\" \/>\n\t<meta property=\"og:image:width\" content=\"2560\" \/>\n\t<meta property=\"og:image:height\" content=\"1707\" \/>\n\t<meta property=\"og:image:type\" content=\"image\/jpeg\" \/>\n<meta name=\"author\" content=\"Valentina Libri\" \/>\n<meta name=\"twitter:card\" content=\"summary_large_image\" \/>\n<meta name=\"twitter:creator\" content=\"@AnamMedi\" \/>\n<meta name=\"twitter:site\" content=\"@AnamMedi\" \/>\n<meta name=\"twitter:label1\" content=\"Escrito por\" \/>\n\t<meta name=\"twitter:data1\" content=\"Valentina Libri\" \/>\n\t<meta name=\"twitter:label2\" content=\"Tiempo de lectura\" \/>\n\t<meta name=\"twitter:data2\" content=\"2 minutos\" \/>\n<script type=\"application\/ld+json\" class=\"yoast-schema-graph\">{\"@context\":\"https:\/\/schema.org\",\"@graph\":[{\"@type\":\"WebPage\",\"@id\":\"https:\/\/labs.100x100.net\/projects\/rutasal\/cuales-son-los-armadores-que-han-conseguido-mas-victorias-absolutas-en-la-ruta-de-la-sal\/\",\"url\":\"https:\/\/labs.100x100.net\/projects\/rutasal\/cuales-son-los-armadores-que-han-conseguido-mas-victorias-absolutas-en-la-ruta-de-la-sal\/\",\"name\":\"\u00bfQui\u00e9nes son los armadores que han conseguido m\u00e1s victorias absolutas en La Ruta de la Sal? | Regata La Ruta de la Sal\",\"isPartOf\":{\"@id\":\"https:\/\/labs.100x100.net\/projects\/rutasal\/#website\"},\"primaryImageOfPage\":{\"@id\":\"https:\/\/labs.100x100.net\/projects\/rutasal\/cuales-son-los-armadores-que-han-conseguido-mas-victorias-absolutas-en-la-ruta-de-la-sal\/#primaryimage\"},\"image\":{\"@id\":\"https:\/\/labs.100x100.net\/projects\/rutasal\/cuales-son-los-armadores-que-han-conseguido-mas-victorias-absolutas-en-la-ruta-de-la-sal\/#primaryimage\"},\"thumbnailUrl\":\"https:\/\/labs.100x100.net\/projects\/rutasal\/custom\/uploads\/2024\/03\/Aivis-2015-scaled.jpg\",\"datePublished\":\"2024-03-13T00:43:30+00:00\",\"dateModified\":\"2024-03-13T08:35:55+00:00\",\"author\":{\"@id\":\"https:\/\/labs.100x100.net\/projects\/rutasal\/#\/schema\/person\/78b3519b5320819eb3428bc4a4363faf\"},\"breadcrumb\":{\"@id\":\"https:\/\/labs.100x100.net\/projects\/rutasal\/cuales-son-los-armadores-que-han-conseguido-mas-victorias-absolutas-en-la-ruta-de-la-sal\/#breadcrumb\"},\"inLanguage\":\"es\",\"potentialAction\":[{\"@type\":\"ReadAction\",\"target\":[\"https:\/\/labs.100x100.net\/projects\/rutasal\/cuales-son-los-armadores-que-han-conseguido-mas-victorias-absolutas-en-la-ruta-de-la-sal\/\"]}]},{\"@type\":\"ImageObject\",\"inLanguage\":\"es\",\"@id\":\"https:\/\/labs.100x100.net\/projects\/rutasal\/cuales-son-los-armadores-que-han-conseguido-mas-victorias-absolutas-en-la-ruta-de-la-sal\/#primaryimage\",\"url\":\"https:\/\/labs.100x100.net\/projects\/rutasal\/custom\/uploads\/2024\/03\/Aivis-2015-scaled.jpg\",\"contentUrl\":\"https:\/\/labs.100x100.net\/projects\/rutasal\/custom\/uploads\/2024\/03\/Aivis-2015-scaled.jpg\",\"width\":2560,\"height\":1707},{\"@type\":\"BreadcrumbList\",\"@id\":\"https:\/\/labs.100x100.net\/projects\/rutasal\/cuales-son-los-armadores-que-han-conseguido-mas-victorias-absolutas-en-la-ruta-de-la-sal\/#breadcrumb\",\"itemListElement\":[{\"@type\":\"ListItem\",\"position\":1,\"name\":\"Portada\",\"item\":\"https:\/\/labs.100x100.net\/projects\/rutasal\/\"},{\"@type\":\"ListItem\",\"position\":2,\"name\":\"\u00bfQui\u00e9nes son los armadores que han conseguido m\u00e1s victorias absolutas en La Ruta de la Sal?\"}]},{\"@type\":\"WebSite\",\"@id\":\"https:\/\/labs.100x100.net\/projects\/rutasal\/#website\",\"url\":\"https:\/\/labs.100x100.net\/projects\/rutasal\/\",\"name\":\"Regata La Ruta de la Sal\",\"description\":\"Regata La Ruta de la Sal es una regata de Altura Mediterr\u00e1nea para barcos de crucero a vela con destino en Ibiza, que se disputa anualmente en Semana Santa.\",\"potentialAction\":[{\"@type\":\"SearchAction\",\"target\":{\"@type\":\"EntryPoint\",\"urlTemplate\":\"https:\/\/labs.100x100.net\/projects\/rutasal\/?s={search_term_string}\"},\"query-input\":\"required name=search_term_string\"}],\"inLanguage\":\"es\"},{\"@type\":\"Person\",\"@id\":\"https:\/\/labs.100x100.net\/projects\/rutasal\/#\/schema\/person\/78b3519b5320819eb3428bc4a4363faf\",\"name\":\"Valentina Libri\",\"image\":{\"@type\":\"ImageObject\",\"inLanguage\":\"es\",\"@id\":\"https:\/\/labs.100x100.net\/projects\/rutasal\/#\/schema\/person\/image\/\",\"url\":\"https:\/\/secure.gravatar.com\/avatar\/99c0547d5c3f4720c6410e401af04fe2?s=96&d=mm&r=g\",\"contentUrl\":\"https:\/\/secure.gravatar.com\/avatar\/99c0547d5c3f4720c6410e401af04fe2?s=96&d=mm&r=g\",\"caption\":\"Valentina Libri\"}}]}<\/script>\n<!-- \/ Yoast SEO plugin. -->","yoast_head_json":{"title":"\u00bfQui\u00e9nes son los armadores que han conseguido m\u00e1s victorias absolutas en La Ruta de la Sal? | Regata La Ruta de la Sal","robots":{"index":"noindex","follow":"follow","max-snippet":"max-snippet:-1","max-image-preview":"max-image-preview:large","max-video-preview":"max-video-preview:-1"},"og_locale":"es_ES","og_type":"article","og_title":"\u00bfQui\u00e9nes son los armadores que han conseguido m\u00e1s victorias absolutas en La Ruta de la Sal? | Regata La Ruta de la Sal","og_description":"En estas \u00faltimas semanas previas al pistoletazo de salida de la 36\u00aa edici\u00f3n de La Ruta de la Sal, queremos compartir con vosotros algunos datos de inter\u00e9s, como r\u00e9cords y palmar\u00e9ses acumulados por los navegantes de La Ruta de la Sal a lo largo de m\u00e1s de tres d\u00e9cadas de historia de esta m\u00edtica regata. [&hellip;]","og_url":"https:\/\/labs.100x100.net\/projects\/rutasal\/cuales-son-los-armadores-que-han-conseguido-mas-victorias-absolutas-en-la-ruta-de-la-sal\/","og_site_name":"Regata La Ruta de la Sal","article_publisher":"https:\/\/www.facebook.com\/rutadelasal\/","article_published_time":"2024-03-13T00:43:30+00:00","article_modified_time":"2024-03-13T08:35:55+00:00","og_image":[{"width":2560,"height":1707,"url":"https:\/\/labs.100x100.net\/projects\/rutasal\/custom\/uploads\/2024\/03\/Aivis-2015-scaled.jpg","type":"image\/jpeg"}],"author":"Valentina Libri","twitter_card":"summary_large_image","twitter_creator":"@AnamMedi","twitter_site":"@AnamMedi","twitter_misc":{"Escrito por":"Valentina Libri","Tiempo de lectura":"2 minutos"},"schema":{"@context":"https:\/\/schema.org","@graph":[{"@type":"WebPage","@id":"https:\/\/labs.100x100.net\/projects\/rutasal\/cuales-son-los-armadores-que-han-conseguido-mas-victorias-absolutas-en-la-ruta-de-la-sal\/","url":"https:\/\/labs.100x100.net\/projects\/rutasal\/cuales-son-los-armadores-que-han-conseguido-mas-victorias-absolutas-en-la-ruta-de-la-sal\/","name":"\u00bfQui\u00e9nes son los armadores que han conseguido m\u00e1s victorias absolutas en La Ruta de la Sal? | Regata La Ruta de la Sal","isPartOf":{"@id":"https:\/\/labs.100x100.net\/projects\/rutasal\/#website"},"primaryImageOfPage":{"@id":"https:\/\/labs.100x100.net\/projects\/rutasal\/cuales-son-los-armadores-que-han-conseguido-mas-victorias-absolutas-en-la-ruta-de-la-sal\/#primaryimage"},"image":{"@id":"https:\/\/labs.100x100.net\/projects\/rutasal\/cuales-son-los-armadores-que-han-conseguido-mas-victorias-absolutas-en-la-ruta-de-la-sal\/#primaryimage"},"thumbnailUrl":"https:\/\/labs.100x100.net\/projects\/rutasal\/custom\/uploads\/2024\/03\/Aivis-2015-scaled.jpg","datePublished":"2024-03-13T00:43:30+00:00","dateModified":"2024-03-13T08:35:55+00:00","author":{"@id":"https:\/\/labs.100x100.net\/projects\/rutasal\/#\/schema\/person\/78b3519b5320819eb3428bc4a4363faf"},"breadcrumb":{"@id":"https:\/\/labs.100x100.net\/projects\/rutasal\/cuales-son-los-armadores-que-han-conseguido-mas-victorias-absolutas-en-la-ruta-de-la-sal\/#breadcrumb"},"inLanguage":"es","potentialAction":[{"@type":"ReadAction","target":["https:\/\/labs.100x100.net\/projects\/rutasal\/cuales-son-los-armadores-que-han-conseguido-mas-victorias-absolutas-en-la-ruta-de-la-sal\/"]}]},{"@type":"ImageObject","inLanguage":"es","@id":"https:\/\/labs.100x100.net\/projects\/rutasal\/cuales-son-los-armadores-que-han-conseguido-mas-victorias-absolutas-en-la-ruta-de-la-sal\/#primaryimage","url":"https:\/\/labs.100x100.net\/projects\/rutasal\/custom\/uploads\/2024\/03\/Aivis-2015-scaled.jpg","contentUrl":"https:\/\/labs.100x100.net\/projects\/rutasal\/custom\/uploads\/2024\/03\/Aivis-2015-scaled.jpg","width":2560,"height":1707},{"@type":"BreadcrumbList","@id":"https:\/\/labs.100x100.net\/projects\/rutasal\/cuales-son-los-armadores-que-han-conseguido-mas-victorias-absolutas-en-la-ruta-de-la-sal\/#breadcrumb","itemListElement":[{"@type":"ListItem","position":1,"name":"Portada","item":"https:\/\/labs.100x100.net\/projects\/rutasal\/"},{"@type":"ListItem","position":2,"name":"\u00bfQui\u00e9nes son los armadores que han conseguido m\u00e1s victorias absolutas en La Ruta de la Sal?"}]},{"@type":"WebSite","@id":"https:\/\/labs.100x100.net\/projects\/rutasal\/#website","url":"https:\/\/labs.100x100.net\/projects\/rutasal\/","name":"Regata La Ruta de la Sal","description":"Regata La Ruta de la Sal es una regata de Altura Mediterr\u00e1nea para barcos de crucero a vela con destino en Ibiza, que se disputa anualmente en Semana Santa.","potentialAction":[{"@type":"SearchAction","target":{"@type":"EntryPoint","urlTemplate":"https:\/\/labs.100x100.net\/projects\/rutasal\/?s={search_term_string}"},"query-input":"required name=search_term_string"}],"inLanguage":"es"},{"@type":"Person","@id":"https:\/\/labs.100x100.net\/projects\/rutasal\/#\/schema\/person\/78b3519b5320819eb3428bc4a4363faf","name":"Valentina Libri","image":{"@type":"ImageObject","inLanguage":"es","@id":"https:\/\/labs.100x100.net\/projects\/rutasal\/#\/schema\/person\/image\/","url":"https:\/\/secure.gravatar.com\/avatar\/99c0547d5c3f4720c6410e401af04fe2?s=96&d=mm&r=g","contentUrl":"https:\/\/secure.gravatar.com\/avatar\/99c0547d5c3f4720c6410e401af04fe2?s=96&d=mm&r=g","caption":"Valentina Libri"}}]}},"_links":{"self":[{"href":"https:\/\/labs.100x100.net\/projects\/rutasal\/wp-json\/wp\/v2\/posts\/9473"}],"collection":[{"href":"https:\/\/labs.100x100.net\/projects\/rutasal\/wp-json\/wp\/v2\/posts"}],"about":[{"href":"https:\/\/labs.100x100.net\/projects\/rutasal\/wp-json\/wp\/v2\/types\/post"}],"author":[{"embeddable":true,"href":"https:\/\/labs.100x100.net\/projects\/rutasal\/wp-json\/wp\/v2\/users\/7"}],"replies":[{"embeddable":true,"href":"https:\/\/labs.100x100.net\/projects\/rutasal\/wp-json\/wp\/v2\/comments?post=9473"}],"version-history":[{"count":10,"href":"https:\/\/labs.100x100.net\/projects\/rutasal\/wp-json\/wp\/v2\/posts\/9473\/revisions"}],"predecessor-version":[{"id":9492,"href":"https:\/\/labs.100x100.net\/projects\/rutasal\/wp-json\/wp\/v2\/posts\/9473\/revisions\/9492"}],"wp:featuredmedia":[{"embeddable":true,"href":"https:\/\/labs.100x100.net\/projects\/rutasal\/wp-json\/wp\/v2\/media\/9474"}],"wp:attachment":[{"href":"https:\/\/labs.100x100.net\/projects\/rutasal\/wp-json\/wp\/v2\/media?parent=9473"}],"wp:term":[{"taxonomy":"category","embeddable":true,"href":"https:\/\/labs.100x100.net\/projects\/rutasal\/wp-json\/wp\/v2\/categories?post=9473"},{"taxonomy":"post_tag","embeddable":true,"href":"https:\/\/labs.100x100.net\/projects\/rutasal\/wp-json\/wp\/v2\/tags?post=9473"}],"curies":[{"name":"wp","href":"https:\/\/api.w.org\/{rel}","templated":true}]}}