{"id":947,"date":"2012-04-05T10:05:33","date_gmt":"2012-04-05T10:05:33","guid":{"rendered":"https:\/\/larutadelasal.com\/?p=947"},"modified":"2019-03-14T12:15:14","modified_gmt":"2019-03-14T10:15:14","slug":"la-version-este-con-109-barcos-inscritos-reunira-a-flotas-procedentes-de-unos-treinta-clubes-nauticos-y-marinas","status":"publish","type":"post","link":"https:\/\/labs.100x100.net\/projects\/rutasal\/la-version-este-con-109-barcos-inscritos-reunira-a-flotas-procedentes-de-unos-treinta-clubes-nauticos-y-marinas\/","title":{"rendered":"La Versi\u00f3n Este, con 109 barcos inscritos, reunir\u00e1 a flotas procedentes de unos treinta Clubes N\u00e1uticos y Marinas."},"content":{"rendered":"<p>&nbsp;<\/p>\n<p>A\u00a0 las 12:00 horas del martes 3 de abril del 2012, se ha celebrado en las instalaciones del RCN D\u00e9nia la Rueda de Prensa en la que se presentaba el programa y las \u00faltimas cifras de inscritos de La Versi\u00f3n Este de La Ruta de la Sal 2012.<\/p>\n<p>En la mesa, coordinada por Jaime Portol\u00e9s, Presidente del RCND; Marc Miratvilles, responsable t\u00e9cnico de la Versi\u00f3n Este de la regata; Juan Carlos Signes, concejal de Medio ambiente y Deportes; Paco Pons, Vocal de Cruceros del RCND y Fernando Calatayud, Gerente del RCND.<\/p>\n<p>Tras una breve introducci\u00f3n por parte de Jaime Portol\u00e9s, en la que quiso valorar la importante labor organizativa del equipo humano de su club, Marc Miratvilles realiz\u00f3 un breve repaso de las actividades programadas para el evento y aprovech\u00f3 para agradecer la acogida por parte del RCND y la labor que realizan prestando sus instalaciones y organizando a m\u00e1s de 100 embarcaciones. Juan Carlos Signes ha reconocido el esfuerzo que realiza en RCND y ha hablado de las ventajas que supone para esta localidad, acoger a un evento de las caracter\u00edsticas de La Sal. Algo que, tambi\u00e9n, Jaime Portol\u00e9s, como responsable del RCN de Denia ha apoyado, asegurando que las vinculaciones de su Club y La Sal son ya hist\u00f3ricas y cargadas de expectativas de futuro.<\/p>\n<p>Marc Miratvilles, responsable t\u00e9cnico de la Versi\u00f3n Este ha destacad como novedad La Copa Universidad, la\u00a0 Versi\u00f3n Este ser\u00e1\u00a0 el marco deportivo para la celebraci\u00f3n de la\u00a0\u00a0 primera convocatoria del Desaf\u00edo N\u00e1utico Universitario. Una iniciativa de la Universidad Complutense de Madrid a trav\u00e9s del Club Hippocampus que apunta a crear, siempre dentro del marco de La Sal, una competici\u00f3n, cuyo objetivo funcional es reunir cada a\u00f1o a tripulaciones universitarias de toda Espa\u00f1a, reivindicando tanto los valores deportivos del evento en si, como la promoci\u00f3n del conocimiento de la cultura marinera.<\/p>\n<p style=\"text-align: center;\"><a href=\"https:\/\/larutadelasal.com\/custom\/uploads\/2012\/04\/DSC_9760.jpg\"><img loading=\"lazy\" decoding=\"async\" class=\"aligncenter size-medium wp-image-948\" title=\"DSC_9760\" src=\"https:\/\/larutadelasal.com\/custom\/uploads\/2012\/04\/DSC_9760-500x335.jpg\" alt=\"\" width=\"657\" height=\"400\" \/><\/a><\/p>\n","protected":false},"excerpt":{"rendered":"<p>&nbsp; A\u00a0 las 12:00 horas del martes 3 de abril del 2012, se ha celebrado en las instalaciones del RCN D\u00e9nia la Rueda de Prensa en la que se presentaba el programa y las \u00faltimas cifras de inscritos de La Versi\u00f3n Este de La Ruta de la Sal 2012. En la mesa, coordinada por Jaime [&hellip;]<\/p>\n","protected":false},"author":1,"featured_media":3888,"comment_status":"open","ping_status":"open","sticky":false,"template":"","format":"standard","meta":{"_acf_changed":false,"footnotes":""},"categories":[3],"tags":[],"acf":[],"yoast_head":"<!-- This site is optimized with the Yoast SEO plugin v23.0 - https:\/\/yoast.com\/wordpress\/plugins\/seo\/ -->\n<title>La Versi\u00f3n Este, con 109 barcos inscritos, reunir\u00e1 a flotas procedentes de unos treinta Clubes N\u00e1uticos y Marinas. | Regata La Ruta de la Sal<\/title>\n<meta name=\"robots\" content=\"noindex, follow, max-snippet:-1, max-image-preview:large, max-video-preview:-1\" \/>\n<meta property=\"og:locale\" content=\"es_ES\" \/>\n<meta property=\"og:type\" content=\"article\" \/>\n<meta property=\"og:title\" content=\"La Versi\u00f3n Este, con 109 barcos inscritos, reunir\u00e1 a flotas procedentes de unos treinta Clubes N\u00e1uticos y Marinas. | Regata La Ruta de la Sal\" \/>\n<meta property=\"og:description\" content=\"&nbsp; A\u00a0 las 12:00 horas del martes 3 de abril del 2012, se ha celebrado en las instalaciones del RCN D\u00e9nia la Rueda de Prensa en la que se presentaba el programa y las \u00faltimas cifras de inscritos de La Versi\u00f3n Este de La Ruta de la Sal 2012. En la mesa, coordinada por Jaime [&hellip;]\" \/>\n<meta property=\"og:url\" content=\"https:\/\/labs.100x100.net\/projects\/rutasal\/la-version-este-con-109-barcos-inscritos-reunira-a-flotas-procedentes-de-unos-treinta-clubes-nauticos-y-marinas\/\" \/>\n<meta property=\"og:site_name\" content=\"Regata La Ruta de la Sal\" \/>\n<meta property=\"article:publisher\" content=\"https:\/\/www.facebook.com\/rutadelasal\/\" \/>\n<meta property=\"article:published_time\" content=\"2012-04-05T10:05:33+00:00\" \/>\n<meta property=\"article:modified_time\" content=\"2019-03-14T10:15:14+00:00\" \/>\n<meta property=\"og:image\" content=\"https:\/\/labs.100x100.net\/projects\/rutasal\/custom\/uploads\/2012\/04\/6901338964_e1759cb35d.jpg\" \/>\n\t<meta property=\"og:image:width\" content=\"500\" \/>\n\t<meta property=\"og:image:height\" content=\"343\" \/>\n\t<meta property=\"og:image:type\" content=\"image\/jpeg\" \/>\n<meta name=\"author\" content=\"La Ruta de la Sal\" \/>\n<meta name=\"twitter:card\" content=\"summary_large_image\" \/>\n<meta name=\"twitter:creator\" content=\"@AnamMedi\" \/>\n<meta name=\"twitter:site\" content=\"@AnamMedi\" \/>\n<meta name=\"twitter:label1\" content=\"Escrito por\" \/>\n\t<meta name=\"twitter:data1\" content=\"La Ruta de la Sal\" \/>\n\t<meta name=\"twitter:label2\" content=\"Tiempo de lectura\" \/>\n\t<meta name=\"twitter:data2\" content=\"2 minutos\" \/>\n<script type=\"application\/ld+json\" class=\"yoast-schema-graph\">{\"@context\":\"https:\/\/schema.org\",\"@graph\":[{\"@type\":\"WebPage\",\"@id\":\"https:\/\/labs.100x100.net\/projects\/rutasal\/la-version-este-con-109-barcos-inscritos-reunira-a-flotas-procedentes-de-unos-treinta-clubes-nauticos-y-marinas\/\",\"url\":\"https:\/\/labs.100x100.net\/projects\/rutasal\/la-version-este-con-109-barcos-inscritos-reunira-a-flotas-procedentes-de-unos-treinta-clubes-nauticos-y-marinas\/\",\"name\":\"La Versi\u00f3n Este, con 109 barcos inscritos, reunir\u00e1 a flotas procedentes de unos treinta Clubes N\u00e1uticos y Marinas. | Regata La Ruta de la Sal\",\"isPartOf\":{\"@id\":\"https:\/\/labs.100x100.net\/projects\/rutasal\/#website\"},\"primaryImageOfPage\":{\"@id\":\"https:\/\/labs.100x100.net\/projects\/rutasal\/la-version-este-con-109-barcos-inscritos-reunira-a-flotas-procedentes-de-unos-treinta-clubes-nauticos-y-marinas\/#primaryimage\"},\"image\":{\"@id\":\"https:\/\/labs.100x100.net\/projects\/rutasal\/la-version-este-con-109-barcos-inscritos-reunira-a-flotas-procedentes-de-unos-treinta-clubes-nauticos-y-marinas\/#primaryimage\"},\"thumbnailUrl\":\"https:\/\/labs.100x100.net\/projects\/rutasal\/custom\/uploads\/2012\/04\/6901338964_e1759cb35d.jpg\",\"datePublished\":\"2012-04-05T10:05:33+00:00\",\"dateModified\":\"2019-03-14T10:15:14+00:00\",\"author\":{\"@id\":\"https:\/\/labs.100x100.net\/projects\/rutasal\/#\/schema\/person\/214eeb4a2e78fd8373a0a94f6d93c9ca\"},\"breadcrumb\":{\"@id\":\"https:\/\/labs.100x100.net\/projects\/rutasal\/la-version-este-con-109-barcos-inscritos-reunira-a-flotas-procedentes-de-unos-treinta-clubes-nauticos-y-marinas\/#breadcrumb\"},\"inLanguage\":\"es\",\"potentialAction\":[{\"@type\":\"ReadAction\",\"target\":[\"https:\/\/labs.100x100.net\/projects\/rutasal\/la-version-este-con-109-barcos-inscritos-reunira-a-flotas-procedentes-de-unos-treinta-clubes-nauticos-y-marinas\/\"]}]},{\"@type\":\"ImageObject\",\"inLanguage\":\"es\",\"@id\":\"https:\/\/labs.100x100.net\/projects\/rutasal\/la-version-este-con-109-barcos-inscritos-reunira-a-flotas-procedentes-de-unos-treinta-clubes-nauticos-y-marinas\/#primaryimage\",\"url\":\"https:\/\/labs.100x100.net\/projects\/rutasal\/custom\/uploads\/2012\/04\/6901338964_e1759cb35d.jpg\",\"contentUrl\":\"https:\/\/labs.100x100.net\/projects\/rutasal\/custom\/uploads\/2012\/04\/6901338964_e1759cb35d.jpg\",\"width\":500,\"height\":343},{\"@type\":\"BreadcrumbList\",\"@id\":\"https:\/\/labs.100x100.net\/projects\/rutasal\/la-version-este-con-109-barcos-inscritos-reunira-a-flotas-procedentes-de-unos-treinta-clubes-nauticos-y-marinas\/#breadcrumb\",\"itemListElement\":[{\"@type\":\"ListItem\",\"position\":1,\"name\":\"Portada\",\"item\":\"https:\/\/labs.100x100.net\/projects\/rutasal\/\"},{\"@type\":\"ListItem\",\"position\":2,\"name\":\"La Versi\u00f3n Este, con 109 barcos inscritos, reunir\u00e1 a flotas procedentes de unos treinta Clubes N\u00e1uticos y Marinas.\"}]},{\"@type\":\"WebSite\",\"@id\":\"https:\/\/labs.100x100.net\/projects\/rutasal\/#website\",\"url\":\"https:\/\/labs.100x100.net\/projects\/rutasal\/\",\"name\":\"Regata La Ruta de la Sal\",\"description\":\"Regata La Ruta de la Sal es una regata de Altura Mediterr\u00e1nea para barcos de crucero a vela con destino en Ibiza, que se disputa anualmente en Semana Santa.\",\"potentialAction\":[{\"@type\":\"SearchAction\",\"target\":{\"@type\":\"EntryPoint\",\"urlTemplate\":\"https:\/\/labs.100x100.net\/projects\/rutasal\/?s={search_term_string}\"},\"query-input\":\"required name=search_term_string\"}],\"inLanguage\":\"es\"},{\"@type\":\"Person\",\"@id\":\"https:\/\/labs.100x100.net\/projects\/rutasal\/#\/schema\/person\/214eeb4a2e78fd8373a0a94f6d93c9ca\",\"name\":\"La Ruta de la Sal\",\"image\":{\"@type\":\"ImageObject\",\"inLanguage\":\"es\",\"@id\":\"https:\/\/labs.100x100.net\/projects\/rutasal\/#\/schema\/person\/image\/\",\"url\":\"https:\/\/secure.gravatar.com\/avatar\/b247286d4b801d6b1cfcfb3807587284?s=96&d=mm&r=g\",\"contentUrl\":\"https:\/\/secure.gravatar.com\/avatar\/b247286d4b801d6b1cfcfb3807587284?s=96&d=mm&r=g\",\"caption\":\"La Ruta de la Sal\"}}]}<\/script>\n<!-- \/ Yoast SEO plugin. -->","yoast_head_json":{"title":"La Versi\u00f3n Este, con 109 barcos inscritos, reunir\u00e1 a flotas procedentes de unos treinta Clubes N\u00e1uticos y Marinas. | Regata La Ruta de la Sal","robots":{"index":"noindex","follow":"follow","max-snippet":"max-snippet:-1","max-image-preview":"max-image-preview:large","max-video-preview":"max-video-preview:-1"},"og_locale":"es_ES","og_type":"article","og_title":"La Versi\u00f3n Este, con 109 barcos inscritos, reunir\u00e1 a flotas procedentes de unos treinta Clubes N\u00e1uticos y Marinas. | Regata La Ruta de la Sal","og_description":"&nbsp; A\u00a0 las 12:00 horas del martes 3 de abril del 2012, se ha celebrado en las instalaciones del RCN D\u00e9nia la Rueda de Prensa en la que se presentaba el programa y las \u00faltimas cifras de inscritos de La Versi\u00f3n Este de La Ruta de la Sal 2012. En la mesa, coordinada por Jaime [&hellip;]","og_url":"https:\/\/labs.100x100.net\/projects\/rutasal\/la-version-este-con-109-barcos-inscritos-reunira-a-flotas-procedentes-de-unos-treinta-clubes-nauticos-y-marinas\/","og_site_name":"Regata La Ruta de la Sal","article_publisher":"https:\/\/www.facebook.com\/rutadelasal\/","article_published_time":"2012-04-05T10:05:33+00:00","article_modified_time":"2019-03-14T10:15:14+00:00","og_image":[{"width":500,"height":343,"url":"https:\/\/labs.100x100.net\/projects\/rutasal\/custom\/uploads\/2012\/04\/6901338964_e1759cb35d.jpg","type":"image\/jpeg"}],"author":"La Ruta de la Sal","twitter_card":"summary_large_image","twitter_creator":"@AnamMedi","twitter_site":"@AnamMedi","twitter_misc":{"Escrito por":"La Ruta de la Sal","Tiempo de lectura":"2 minutos"},"schema":{"@context":"https:\/\/schema.org","@graph":[{"@type":"WebPage","@id":"https:\/\/labs.100x100.net\/projects\/rutasal\/la-version-este-con-109-barcos-inscritos-reunira-a-flotas-procedentes-de-unos-treinta-clubes-nauticos-y-marinas\/","url":"https:\/\/labs.100x100.net\/projects\/rutasal\/la-version-este-con-109-barcos-inscritos-reunira-a-flotas-procedentes-de-unos-treinta-clubes-nauticos-y-marinas\/","name":"La Versi\u00f3n Este, con 109 barcos inscritos, reunir\u00e1 a flotas procedentes de unos treinta Clubes N\u00e1uticos y Marinas. | Regata La Ruta de la Sal","isPartOf":{"@id":"https:\/\/labs.100x100.net\/projects\/rutasal\/#website"},"primaryImageOfPage":{"@id":"https:\/\/labs.100x100.net\/projects\/rutasal\/la-version-este-con-109-barcos-inscritos-reunira-a-flotas-procedentes-de-unos-treinta-clubes-nauticos-y-marinas\/#primaryimage"},"image":{"@id":"https:\/\/labs.100x100.net\/projects\/rutasal\/la-version-este-con-109-barcos-inscritos-reunira-a-flotas-procedentes-de-unos-treinta-clubes-nauticos-y-marinas\/#primaryimage"},"thumbnailUrl":"https:\/\/labs.100x100.net\/projects\/rutasal\/custom\/uploads\/2012\/04\/6901338964_e1759cb35d.jpg","datePublished":"2012-04-05T10:05:33+00:00","dateModified":"2019-03-14T10:15:14+00:00","author":{"@id":"https:\/\/labs.100x100.net\/projects\/rutasal\/#\/schema\/person\/214eeb4a2e78fd8373a0a94f6d93c9ca"},"breadcrumb":{"@id":"https:\/\/labs.100x100.net\/projects\/rutasal\/la-version-este-con-109-barcos-inscritos-reunira-a-flotas-procedentes-de-unos-treinta-clubes-nauticos-y-marinas\/#breadcrumb"},"inLanguage":"es","potentialAction":[{"@type":"ReadAction","target":["https:\/\/labs.100x100.net\/projects\/rutasal\/la-version-este-con-109-barcos-inscritos-reunira-a-flotas-procedentes-de-unos-treinta-clubes-nauticos-y-marinas\/"]}]},{"@type":"ImageObject","inLanguage":"es","@id":"https:\/\/labs.100x100.net\/projects\/rutasal\/la-version-este-con-109-barcos-inscritos-reunira-a-flotas-procedentes-de-unos-treinta-clubes-nauticos-y-marinas\/#primaryimage","url":"https:\/\/labs.100x100.net\/projects\/rutasal\/custom\/uploads\/2012\/04\/6901338964_e1759cb35d.jpg","contentUrl":"https:\/\/labs.100x100.net\/projects\/rutasal\/custom\/uploads\/2012\/04\/6901338964_e1759cb35d.jpg","width":500,"height":343},{"@type":"BreadcrumbList","@id":"https:\/\/labs.100x100.net\/projects\/rutasal\/la-version-este-con-109-barcos-inscritos-reunira-a-flotas-procedentes-de-unos-treinta-clubes-nauticos-y-marinas\/#breadcrumb","itemListElement":[{"@type":"ListItem","position":1,"name":"Portada","item":"https:\/\/labs.100x100.net\/projects\/rutasal\/"},{"@type":"ListItem","position":2,"name":"La Versi\u00f3n Este, con 109 barcos inscritos, reunir\u00e1 a flotas procedentes de unos treinta Clubes N\u00e1uticos y Marinas."}]},{"@type":"WebSite","@id":"https:\/\/labs.100x100.net\/projects\/rutasal\/#website","url":"https:\/\/labs.100x100.net\/projects\/rutasal\/","name":"Regata La Ruta de la Sal","description":"Regata La Ruta de la Sal es una regata de Altura Mediterr\u00e1nea para barcos de crucero a vela con destino en Ibiza, que se disputa anualmente en Semana Santa.","potentialAction":[{"@type":"SearchAction","target":{"@type":"EntryPoint","urlTemplate":"https:\/\/labs.100x100.net\/projects\/rutasal\/?s={search_term_string}"},"query-input":"required name=search_term_string"}],"inLanguage":"es"},{"@type":"Person","@id":"https:\/\/labs.100x100.net\/projects\/rutasal\/#\/schema\/person\/214eeb4a2e78fd8373a0a94f6d93c9ca","name":"La Ruta de la Sal","image":{"@type":"ImageObject","inLanguage":"es","@id":"https:\/\/labs.100x100.net\/projects\/rutasal\/#\/schema\/person\/image\/","url":"https:\/\/secure.gravatar.com\/avatar\/b247286d4b801d6b1cfcfb3807587284?s=96&d=mm&r=g","contentUrl":"https:\/\/secure.gravatar.com\/avatar\/b247286d4b801d6b1cfcfb3807587284?s=96&d=mm&r=g","caption":"La Ruta de la Sal"}}]}},"_links":{"self":[{"href":"https:\/\/labs.100x100.net\/projects\/rutasal\/wp-json\/wp\/v2\/posts\/947"}],"collection":[{"href":"https:\/\/labs.100x100.net\/projects\/rutasal\/wp-json\/wp\/v2\/posts"}],"about":[{"href":"https:\/\/labs.100x100.net\/projects\/rutasal\/wp-json\/wp\/v2\/types\/post"}],"author":[{"embeddable":true,"href":"https:\/\/labs.100x100.net\/projects\/rutasal\/wp-json\/wp\/v2\/users\/1"}],"replies":[{"embeddable":true,"href":"https:\/\/labs.100x100.net\/projects\/rutasal\/wp-json\/wp\/v2\/comments?post=947"}],"version-history":[{"count":1,"href":"https:\/\/labs.100x100.net\/projects\/rutasal\/wp-json\/wp\/v2\/posts\/947\/revisions"}],"predecessor-version":[{"id":3889,"href":"https:\/\/labs.100x100.net\/projects\/rutasal\/wp-json\/wp\/v2\/posts\/947\/revisions\/3889"}],"wp:featuredmedia":[{"embeddable":true,"href":"https:\/\/labs.100x100.net\/projects\/rutasal\/wp-json\/wp\/v2\/media\/3888"}],"wp:attachment":[{"href":"https:\/\/labs.100x100.net\/projects\/rutasal\/wp-json\/wp\/v2\/media?parent=947"}],"wp:term":[{"taxonomy":"category","embeddable":true,"href":"https:\/\/labs.100x100.net\/projects\/rutasal\/wp-json\/wp\/v2\/categories?post=947"},{"taxonomy":"post_tag","embeddable":true,"href":"https:\/\/labs.100x100.net\/projects\/rutasal\/wp-json\/wp\/v2\/tags?post=947"}],"curies":[{"name":"wp","href":"https:\/\/api.w.org\/{rel}","templated":true}]}}