{"id":9390,"date":"2024-03-05T20:54:04","date_gmt":"2024-03-05T18:54:04","guid":{"rendered":"https:\/\/larutadelasal.com\/?p=9390"},"modified":"2024-03-06T14:47:36","modified_gmt":"2024-03-06T12:47:36","slug":"presentacion-oficial-xxxvi-edicion","status":"publish","type":"post","link":"https:\/\/labs.100x100.net\/projects\/rutasal\/presentacion-oficial-xxxvi-edicion\/","title":{"rendered":"Presentaci\u00f3n oficial de la 36\u00aa edici\u00f3n de La Ruta de la Sal en Hotel Ocean Drive de Barcelona"},"content":{"rendered":"<div id=\"attachment_9391\" style=\"width: 2570px\" class=\"wp-caption alignnone\"><img loading=\"lazy\" decoding=\"async\" aria-describedby=\"caption-attachment-9391\" class=\"wp-image-9391 size-full\" src=\"http:\/\/larutadelasal.com\/custom\/uploads\/2024\/03\/Enrique-Curt_Andres-Oliva_Isabel-Subirat-Alfred-Farre-\u00a9Alfred-Farre-scaled.jpg\" alt=\"\" width=\"2560\" height=\"1709\" srcset=\"https:\/\/labs.100x100.net\/projects\/rutasal\/custom\/uploads\/2024\/03\/Enrique-Curt_Andres-Oliva_Isabel-Subirat-Alfred-Farre-\u00a9Alfred-Farre-scaled.jpg 2560w, https:\/\/labs.100x100.net\/projects\/rutasal\/custom\/uploads\/2024\/03\/Enrique-Curt_Andres-Oliva_Isabel-Subirat-Alfred-Farre-\u00a9Alfred-Farre-300x200.jpg 300w, https:\/\/labs.100x100.net\/projects\/rutasal\/custom\/uploads\/2024\/03\/Enrique-Curt_Andres-Oliva_Isabel-Subirat-Alfred-Farre-\u00a9Alfred-Farre-1024x684.jpg 1024w, https:\/\/labs.100x100.net\/projects\/rutasal\/custom\/uploads\/2024\/03\/Enrique-Curt_Andres-Oliva_Isabel-Subirat-Alfred-Farre-\u00a9Alfred-Farre-768x513.jpg 768w, https:\/\/labs.100x100.net\/projects\/rutasal\/custom\/uploads\/2024\/03\/Enrique-Curt_Andres-Oliva_Isabel-Subirat-Alfred-Farre-\u00a9Alfred-Farre-1536x1025.jpg 1536w, https:\/\/labs.100x100.net\/projects\/rutasal\/custom\/uploads\/2024\/03\/Enrique-Curt_Andres-Oliva_Isabel-Subirat-Alfred-Farre-\u00a9Alfred-Farre-2048x1367.jpg 2048w\" sizes=\"(max-width: 2560px) 100vw, 2560px\" \/><p id=\"caption-attachment-9391\" class=\"wp-caption-text\">Enrique Curt, Andr\u00e9s Oliva e Isabel Subirats<\/p><\/div>\n<p>&nbsp;<\/p>\n<p style=\"text-align: justify;\"><b>El alto n\u00famero de pre-inscritos, que superan ya los 170 barcos, hace prever que un a\u00f1o m\u00e1s se deber\u00e1 activar la lista de espera.<\/b><\/p>\n<p style=\"text-align: justify;\"><span style=\"font-weight: 400;\">Andr\u00e9s Oliva, director de Enregata, entidad que ha asumida recientemente la principal funci\u00f3n promotora de La Ruta de la Sal, abre el acto agradeciendo a Isabel Subirats y a Enrique Curt, creadora y posterior gestor de la regata, respectivamente, por lo mucho aprendido de ellos y por el legado recibido, comprometiendose a mantener el esp\u00edritu con el que fue creada: el de una regata concebida por navegantes para navegantes.\u00a0\u00a0<\/span><\/p>\n<div id=\"attachment_9394\" style=\"width: 2570px\" class=\"wp-caption alignnone\"><img loading=\"lazy\" decoding=\"async\" aria-describedby=\"caption-attachment-9394\" class=\"wp-image-9394 size-full\" src=\"http:\/\/larutadelasal.com\/custom\/uploads\/2024\/03\/DSC_8004-scaled.jpg\" alt=\"\" width=\"2560\" height=\"1709\" srcset=\"https:\/\/labs.100x100.net\/projects\/rutasal\/custom\/uploads\/2024\/03\/DSC_8004-scaled.jpg 2560w, https:\/\/labs.100x100.net\/projects\/rutasal\/custom\/uploads\/2024\/03\/DSC_8004-300x200.jpg 300w, https:\/\/labs.100x100.net\/projects\/rutasal\/custom\/uploads\/2024\/03\/DSC_8004-1024x684.jpg 1024w, https:\/\/labs.100x100.net\/projects\/rutasal\/custom\/uploads\/2024\/03\/DSC_8004-768x513.jpg 768w, https:\/\/labs.100x100.net\/projects\/rutasal\/custom\/uploads\/2024\/03\/DSC_8004-1536x1025.jpg 1536w, https:\/\/labs.100x100.net\/projects\/rutasal\/custom\/uploads\/2024\/03\/DSC_8004-2048x1367.jpg 2048w\" sizes=\"(max-width: 2560px) 100vw, 2560px\" \/><p id=\"caption-attachment-9394\" class=\"wp-caption-text\">Siscu Raya Director Hotel Ocean Drive Barcelona<\/p><\/div>\n<p>&nbsp;<\/p>\n<p style=\"text-align: justify;\"><span style=\"font-weight: 400;\">Un a\u00f1o m\u00e1s, el Hotel Ocean Drive de Barcelona ha sido el marco id\u00f3neo para la presentaci\u00f3n oficial de La Ruta de la Sal que, en su 36\u00aa edici\u00f3n, sigue demostrando ser un verdadero polo de atracci\u00f3n para los armadores de nuestro pa\u00eds, atra\u00eddos por una regata cuyos puertos de partida: Port Ginesta y Denia; sus respectivas traves\u00edas: 140 y 117 respectivamente; su destino com\u00fan: Club N\u00e1utic de Sant Antoni de Portmany y sus acertadas y festivas fechas: Semana Santa, hace de ella una propuesta cuyo atractivo est\u00e1 sobradamente probado, lo que hace que se prev\u00e9, que nuevamente, ser\u00e1 necesario activar la lista de espera al superar la demanda (175 pre inscritos), la capacidad de acogida del puerto de arribada, pese al gran esfuerzo y apoyo por parte del Club N\u00e0utic de Sant Antoni de Portmany y de Ports IB por dar cabida al mayor n\u00famero de barcos.<\/span><\/p>\n<p style=\"text-align: justify;\"><span style=\"font-weight: 400;\">Este acto de presentaci\u00f3n se ha distinguido por discurrir dentro de un ambiente distendido e informal que ha comenzado por unas sentidas palabras, por parte de Andr\u00e9s Oliva, director de Enregata y de La Ruta de la Sal, sobre la responsabilidad que para \u00e9l supone recibir el testigo, de manos de Isabel Subirats y de Enrique Curt. de este regata creada en el a\u00f1o 1989 y considerada referente de la navegaci\u00f3n de altura en el Mediterr\u00e1neo. Enrique Curt, presidente del Club N\u00e1utico Skipper, ha tenido palabras de aliento y de total apoyo a la nueva direcci\u00f3n, a quienes augura un brillante futuro mientras que Isabel Subirats ha querido agradecer los cari\u00f1osos comentarios pronunciados en recuerdo del art\u00edfice de esta regata, su marido Pepe Ferr\u00e9s, resaltando que fue su trabajo en equipo que hizo posible hacer del sue\u00f1o de Pepe una feliz realidad, que este a\u00f1o celebra ya su 36\u00ba aniversario.<\/span><\/p>\n<div id=\"attachment_9397\" style=\"width: 2570px\" class=\"wp-caption alignnone\"><img loading=\"lazy\" decoding=\"async\" aria-describedby=\"caption-attachment-9397\" class=\"wp-image-9397 size-full\" src=\"http:\/\/larutadelasal.com\/custom\/uploads\/2024\/03\/DSC_8075-scaled.jpg\" alt=\"\" width=\"2560\" height=\"1709\" srcset=\"https:\/\/labs.100x100.net\/projects\/rutasal\/custom\/uploads\/2024\/03\/DSC_8075-scaled.jpg 2560w, https:\/\/labs.100x100.net\/projects\/rutasal\/custom\/uploads\/2024\/03\/DSC_8075-300x200.jpg 300w, https:\/\/labs.100x100.net\/projects\/rutasal\/custom\/uploads\/2024\/03\/DSC_8075-1024x684.jpg 1024w, https:\/\/labs.100x100.net\/projects\/rutasal\/custom\/uploads\/2024\/03\/DSC_8075-768x513.jpg 768w, https:\/\/labs.100x100.net\/projects\/rutasal\/custom\/uploads\/2024\/03\/DSC_8075-1536x1025.jpg 1536w, https:\/\/labs.100x100.net\/projects\/rutasal\/custom\/uploads\/2024\/03\/DSC_8075-2048x1367.jpg 2048w\" sizes=\"(max-width: 2560px) 100vw, 2560px\" \/><p id=\"caption-attachment-9397\" class=\"wp-caption-text\"><span style=\"font-weight: 400;\">Daniel S\u00e1nchez, regidor de deportes del Ayuntamiento de Sant Antony de Portmany<\/span><\/p><\/div>\n<p>&nbsp;<\/p>\n<p style=\"text-align: justify;\"><span style=\"font-weight: 400;\">Y lo evidente es que no se habr\u00eda podido llegar a esta celebraci\u00f3n, cercana a las cuatro d\u00e9cadas, sin contar para ello con el apoyo incondicional del Consell de Ibiza, que ha incluido La Ruta de la Sal en su calendario de eventos deportivos de inter\u00e9s tur\u00edstico; del Ayuntamiento de Sant Antony de Portmany, cuyo regidor de deportes, Daniel S\u00e1nchez, puso de relieve, una vez m\u00e1s, lo que esta regata supone para la promoci\u00f3n tur\u00edstica de este municipio.<\/span><\/p>\n<div id=\"attachment_9400\" style=\"width: 2570px\" class=\"wp-caption alignnone\"><img loading=\"lazy\" decoding=\"async\" aria-describedby=\"caption-attachment-9400\" class=\"wp-image-9400 size-full\" src=\"http:\/\/larutadelasal.com\/custom\/uploads\/2024\/03\/DSC_8082-scaled.jpg\" alt=\"\" width=\"2560\" height=\"1709\" srcset=\"https:\/\/labs.100x100.net\/projects\/rutasal\/custom\/uploads\/2024\/03\/DSC_8082-scaled.jpg 2560w, https:\/\/labs.100x100.net\/projects\/rutasal\/custom\/uploads\/2024\/03\/DSC_8082-300x200.jpg 300w, https:\/\/labs.100x100.net\/projects\/rutasal\/custom\/uploads\/2024\/03\/DSC_8082-1024x684.jpg 1024w, https:\/\/labs.100x100.net\/projects\/rutasal\/custom\/uploads\/2024\/03\/DSC_8082-768x513.jpg 768w, https:\/\/labs.100x100.net\/projects\/rutasal\/custom\/uploads\/2024\/03\/DSC_8082-1536x1025.jpg 1536w, https:\/\/labs.100x100.net\/projects\/rutasal\/custom\/uploads\/2024\/03\/DSC_8082-2048x1367.jpg 2048w\" sizes=\"(max-width: 2560px) 100vw, 2560px\" \/><p id=\"caption-attachment-9400\" class=\"wp-caption-text\">Nere Aranz, Coordinador de Seguridad e Inspecci\u00f3n Mar\u00edtima de Barcelona<\/p><\/div>\n<p>&nbsp;<\/p>\n<p style=\"text-align: justify;\"><span style=\"font-weight: 400;\">De las Capitan\u00edas Mar\u00edtimas, el Coordinador de Seguridad e Inspecci\u00f3n Mar\u00edtima de Barcelona, Nere Aranz,\u00a0 puso de relieve el hecho de que 36 ediciones felizmente realizadas ponen de manifiesto la prioridad que se le ha dado siempre, en esta regata, a los elementos de seguridad.<\/span><\/p>\n<div id=\"attachment_9403\" style=\"width: 2570px\" class=\"wp-caption alignnone\"><img loading=\"lazy\" decoding=\"async\" aria-describedby=\"caption-attachment-9403\" class=\"wp-image-9403 size-full\" src=\"http:\/\/larutadelasal.com\/custom\/uploads\/2024\/03\/DSC_8093-scaled.jpg\" alt=\"\" width=\"2560\" height=\"1709\" srcset=\"https:\/\/labs.100x100.net\/projects\/rutasal\/custom\/uploads\/2024\/03\/DSC_8093-scaled.jpg 2560w, https:\/\/labs.100x100.net\/projects\/rutasal\/custom\/uploads\/2024\/03\/DSC_8093-300x200.jpg 300w, https:\/\/labs.100x100.net\/projects\/rutasal\/custom\/uploads\/2024\/03\/DSC_8093-1024x684.jpg 1024w, https:\/\/labs.100x100.net\/projects\/rutasal\/custom\/uploads\/2024\/03\/DSC_8093-768x513.jpg 768w, https:\/\/labs.100x100.net\/projects\/rutasal\/custom\/uploads\/2024\/03\/DSC_8093-1536x1025.jpg 1536w, https:\/\/labs.100x100.net\/projects\/rutasal\/custom\/uploads\/2024\/03\/DSC_8093-2048x1367.jpg 2048w\" sizes=\"(max-width: 2560px) 100vw, 2560px\" \/><p id=\"caption-attachment-9403\" class=\"wp-caption-text\">Rodrigo de Febrer, Capit\u00e1n Port Ginesta<\/p><\/div>\n<p>&nbsp;<\/p>\n<p style=\"text-align: justify;\"><span style=\"font-weight: 400;\">De los dos puertos de salida: Real Club N\u00e1utico Denia y Port Ginesta, con unas sentidas palabras por parte del capit\u00e1n de este \u00faltimo, Rodrigo de Febrer sobre lo que para ellos significa ser el puerto de partida de la versi\u00f3n Barcelona de La Ruta de la Sal desde pr\u00e1cticamente su inicio, sentimiento compartido por Enrique Mas, director deportivo del Club N\u00e1utic Sant Antoni qui\u00e9n a\u00f1adi\u00f3 que todos cuantos componen su club vienen apoyando esta regata desde que recal\u00f3 en \u00e9l en 2009, renovando a los nuevos gestores su total apoyo de cara al futuro.<\/span><\/p>\n<div id=\"attachment_9406\" style=\"width: 1210px\" class=\"wp-caption alignnone\"><img loading=\"lazy\" decoding=\"async\" aria-describedby=\"caption-attachment-9406\" class=\"wp-image-9406 size-full\" src=\"http:\/\/larutadelasal.com\/custom\/uploads\/2024\/03\/DSC_8101.jpg\" alt=\"\" width=\"1200\" height=\"801\" srcset=\"https:\/\/labs.100x100.net\/projects\/rutasal\/custom\/uploads\/2024\/03\/DSC_8101.jpg 1200w, https:\/\/labs.100x100.net\/projects\/rutasal\/custom\/uploads\/2024\/03\/DSC_8101-300x200.jpg 300w, https:\/\/labs.100x100.net\/projects\/rutasal\/custom\/uploads\/2024\/03\/DSC_8101-1024x684.jpg 1024w, https:\/\/labs.100x100.net\/projects\/rutasal\/custom\/uploads\/2024\/03\/DSC_8101-768x513.jpg 768w\" sizes=\"(max-width: 1200px) 100vw, 1200px\" \/><p id=\"caption-attachment-9406\" class=\"wp-caption-text\">Enrique Mas, director deportivo del Club N\u00e1utic Sant Antoni<\/p><\/div>\n<p>&nbsp;<\/p>\n<p style=\"text-align: justify;\"><span style=\"font-weight: 400;\">De los cada vez m\u00e1s numerosos patrocinadores que prestan su apoyo para dar proyecci\u00f3n a sus productos y en cuyo nombre tom\u00f3 la palabra Salvador Alcover, director general de Garmin Iberia, qui\u00e9n destac\u00f3 que La Ruta de la Sal refleja a la perfecci\u00f3n la realidad de la flota presente en nuestros puertos, tal como demuestra el alto nivel de participaci\u00f3n, y es por ello que, con sus 35 a\u00f1os de vida, Garmin Espa\u00f1a se siente sumamente vinculada a esta regata de altura, agradeciendo que se siga contando con ellos como una de las empresas patrocinadoras.<\/span><\/p>\n<div id=\"attachment_9409\" style=\"width: 2570px\" class=\"wp-caption alignnone\"><img loading=\"lazy\" decoding=\"async\" aria-describedby=\"caption-attachment-9409\" class=\"wp-image-9409 size-full\" src=\"http:\/\/larutadelasal.com\/custom\/uploads\/2024\/03\/DSC_8115-scaled.jpg\" alt=\"\" width=\"2560\" height=\"1709\" srcset=\"https:\/\/labs.100x100.net\/projects\/rutasal\/custom\/uploads\/2024\/03\/DSC_8115-scaled.jpg 2560w, https:\/\/labs.100x100.net\/projects\/rutasal\/custom\/uploads\/2024\/03\/DSC_8115-300x200.jpg 300w, https:\/\/labs.100x100.net\/projects\/rutasal\/custom\/uploads\/2024\/03\/DSC_8115-1024x684.jpg 1024w, https:\/\/labs.100x100.net\/projects\/rutasal\/custom\/uploads\/2024\/03\/DSC_8115-768x513.jpg 768w, https:\/\/labs.100x100.net\/projects\/rutasal\/custom\/uploads\/2024\/03\/DSC_8115-1536x1025.jpg 1536w, https:\/\/labs.100x100.net\/projects\/rutasal\/custom\/uploads\/2024\/03\/DSC_8115-2048x1367.jpg 2048w\" sizes=\"(max-width: 2560px) 100vw, 2560px\" \/><p id=\"caption-attachment-9409\" class=\"wp-caption-text\">Salvador Alcover, director general de Garmin Iberia<\/p><\/div>\n<p>&nbsp;<\/p>\n<p style=\"text-align: justify;\"><span style=\"font-weight: 400;\">El acto lo cerr\u00f3 Xavier Torres, presidente de la Federaci\u00f3 Catalana de Vela, felicitando a los nuevos gestores por asumir el legado y manifestando su convencimiento de que La Ruta de la Sal tiene por delante un largo y exitoso futuro, dando con ello pie a un brindis general para que este sincero deseo sea una realidad.<\/span><\/p>\n<div id=\"attachment_9412\" style=\"width: 2570px\" class=\"wp-caption alignnone\"><img loading=\"lazy\" decoding=\"async\" aria-describedby=\"caption-attachment-9412\" class=\"wp-image-9412 size-full\" src=\"http:\/\/larutadelasal.com\/custom\/uploads\/2024\/03\/DSC_8129-scaled.jpg\" alt=\"\" width=\"2560\" height=\"1709\" srcset=\"https:\/\/labs.100x100.net\/projects\/rutasal\/custom\/uploads\/2024\/03\/DSC_8129-scaled.jpg 2560w, https:\/\/labs.100x100.net\/projects\/rutasal\/custom\/uploads\/2024\/03\/DSC_8129-300x200.jpg 300w, https:\/\/labs.100x100.net\/projects\/rutasal\/custom\/uploads\/2024\/03\/DSC_8129-1024x684.jpg 1024w, https:\/\/labs.100x100.net\/projects\/rutasal\/custom\/uploads\/2024\/03\/DSC_8129-768x513.jpg 768w, https:\/\/labs.100x100.net\/projects\/rutasal\/custom\/uploads\/2024\/03\/DSC_8129-1536x1025.jpg 1536w, https:\/\/labs.100x100.net\/projects\/rutasal\/custom\/uploads\/2024\/03\/DSC_8129-2048x1367.jpg 2048w\" sizes=\"(max-width: 2560px) 100vw, 2560px\" \/><p id=\"caption-attachment-9412\" class=\"wp-caption-text\">Xavier Torres, presidente de la Federaci\u00f3 Catalana de Vela<\/p><\/div>\n<p>&nbsp;<\/p>\n<div id=\"attachment_9423\" style=\"width: 1210px\" class=\"wp-caption alignnone\"><img loading=\"lazy\" decoding=\"async\" aria-describedby=\"caption-attachment-9423\" class=\"wp-image-9423 size-full\" src=\"http:\/\/larutadelasal.com\/custom\/uploads\/2024\/03\/Daniel-Sanchez_Nere-Aranz_Enrique-Curt_Xavier-Torres_Andres-Oliva-\u00a9Alfred-Farre.jpg\" alt=\"\" width=\"1200\" height=\"801\" srcset=\"https:\/\/labs.100x100.net\/projects\/rutasal\/custom\/uploads\/2024\/03\/Daniel-Sanchez_Nere-Aranz_Enrique-Curt_Xavier-Torres_Andres-Oliva-\u00a9Alfred-Farre.jpg 1200w, https:\/\/labs.100x100.net\/projects\/rutasal\/custom\/uploads\/2024\/03\/Daniel-Sanchez_Nere-Aranz_Enrique-Curt_Xavier-Torres_Andres-Oliva-\u00a9Alfred-Farre-300x200.jpg 300w, https:\/\/labs.100x100.net\/projects\/rutasal\/custom\/uploads\/2024\/03\/Daniel-Sanchez_Nere-Aranz_Enrique-Curt_Xavier-Torres_Andres-Oliva-\u00a9Alfred-Farre-1024x684.jpg 1024w, https:\/\/labs.100x100.net\/projects\/rutasal\/custom\/uploads\/2024\/03\/Daniel-Sanchez_Nere-Aranz_Enrique-Curt_Xavier-Torres_Andres-Oliva-\u00a9Alfred-Farre-768x513.jpg 768w\" sizes=\"(max-width: 1200px) 100vw, 1200px\" \/><p id=\"caption-attachment-9423\" class=\"wp-caption-text\">De izquierda a derecha: Daniel S\u00e1nchez, regidor de deportes del Ayuntamiento de Sant Antony de Portmany; Nere Aranz, Coordinador de Seguridad e Inspecci\u00f3n Mar\u00edtima de Barcelona; Enrique Curt, presidente Club N\u00e1utico Skipper; Xavier Torres, presidente de la Federaci\u00f3 Catalana de Vela;\u00a0 Andr\u00e9s Oliva, director de La Ruta de la Sal<\/p><\/div>\n<p>&nbsp;<\/p>\n<div id=\"attachment_9426\" style=\"width: 1210px\" class=\"wp-caption alignnone\"><img loading=\"lazy\" decoding=\"async\" aria-describedby=\"caption-attachment-9426\" class=\"wp-image-9426 size-full\" src=\"http:\/\/larutadelasal.com\/custom\/uploads\/2024\/03\/DSC_8180.jpg\" alt=\"\" width=\"1200\" height=\"801\" srcset=\"https:\/\/labs.100x100.net\/projects\/rutasal\/custom\/uploads\/2024\/03\/DSC_8180.jpg 1200w, https:\/\/labs.100x100.net\/projects\/rutasal\/custom\/uploads\/2024\/03\/DSC_8180-300x200.jpg 300w, https:\/\/labs.100x100.net\/projects\/rutasal\/custom\/uploads\/2024\/03\/DSC_8180-1024x684.jpg 1024w, https:\/\/labs.100x100.net\/projects\/rutasal\/custom\/uploads\/2024\/03\/DSC_8180-768x513.jpg 768w\" sizes=\"(max-width: 1200px) 100vw, 1200px\" \/><p id=\"caption-attachment-9426\" class=\"wp-caption-text\">De izquierda a derecha: Alex Balletb\u00f3, consejero delegado Port Ginesta; Enrique Mas, director deportivo del Club N\u00e1utic Sant Antoni; Isabel Subirats, creadora de La Ruta de la Sal; Rodrigo de Febrer, capit\u00e1n Port Ginesta; Enrique Curt, presidente Club N\u00e1utico Skipper; Joan Tubella, presidente Port Ginesta; Andr\u00e9s Oliva, director de La Ruta de la Sal<\/p><\/div>\n<p>&nbsp;<\/p>\n<div id=\"attachment_9415\" style=\"width: 2570px\" class=\"wp-caption alignnone\"><img loading=\"lazy\" decoding=\"async\" aria-describedby=\"caption-attachment-9415\" class=\"wp-image-9415 size-full\" src=\"http:\/\/larutadelasal.com\/custom\/uploads\/2024\/03\/DSC_8143-scaled.jpg\" alt=\"\" width=\"2560\" height=\"1709\" srcset=\"https:\/\/labs.100x100.net\/projects\/rutasal\/custom\/uploads\/2024\/03\/DSC_8143-scaled.jpg 2560w, https:\/\/labs.100x100.net\/projects\/rutasal\/custom\/uploads\/2024\/03\/DSC_8143-300x200.jpg 300w, https:\/\/labs.100x100.net\/projects\/rutasal\/custom\/uploads\/2024\/03\/DSC_8143-1024x684.jpg 1024w, https:\/\/labs.100x100.net\/projects\/rutasal\/custom\/uploads\/2024\/03\/DSC_8143-768x513.jpg 768w, https:\/\/labs.100x100.net\/projects\/rutasal\/custom\/uploads\/2024\/03\/DSC_8143-1536x1025.jpg 1536w, https:\/\/labs.100x100.net\/projects\/rutasal\/custom\/uploads\/2024\/03\/DSC_8143-2048x1367.jpg 2048w\" sizes=\"(max-width: 2560px) 100vw, 2560px\" \/><p id=\"caption-attachment-9415\" class=\"wp-caption-text\">Foto de familia: autoridades, instituciones y patrocinadores<\/p><\/div>\n<p>&nbsp;<\/p>\n<p>&nbsp;<\/p>\n<div id=\"attachment_9418\" style=\"width: 1210px\" class=\"wp-caption alignnone\"><img loading=\"lazy\" decoding=\"async\" aria-describedby=\"caption-attachment-9418\" class=\"wp-image-9418 size-full\" src=\"http:\/\/larutadelasal.com\/custom\/uploads\/2024\/03\/DSC_8171.jpg\" alt=\"\" width=\"1200\" height=\"801\" srcset=\"https:\/\/labs.100x100.net\/projects\/rutasal\/custom\/uploads\/2024\/03\/DSC_8171.jpg 1200w, https:\/\/labs.100x100.net\/projects\/rutasal\/custom\/uploads\/2024\/03\/DSC_8171-300x200.jpg 300w, https:\/\/labs.100x100.net\/projects\/rutasal\/custom\/uploads\/2024\/03\/DSC_8171-1024x684.jpg 1024w, https:\/\/labs.100x100.net\/projects\/rutasal\/custom\/uploads\/2024\/03\/DSC_8171-768x513.jpg 768w\" sizes=\"(max-width: 1200px) 100vw, 1200px\" \/><p id=\"caption-attachment-9418\" class=\"wp-caption-text\">Foto de familia: Prensa especializada y generalista<\/p><\/div>\n<p style=\"text-align: justify;\"><span style=\"font-weight: 400;\">\u00a0\u00a0<\/span><\/p>\n<p style=\"text-align: justify;\">\n","protected":false},"excerpt":{"rendered":"<p>&nbsp; El alto n\u00famero de pre-inscritos, que superan ya los 170 barcos, hace prever que un a\u00f1o m\u00e1s se deber\u00e1 activar la lista de espera. Andr\u00e9s Oliva, director de Enregata, entidad que ha asumida recientemente la principal funci\u00f3n promotora de La Ruta de la Sal, abre el acto agradeciendo a Isabel Subirats y a Enrique [&hellip;]<\/p>\n","protected":false},"author":7,"featured_media":9391,"comment_status":"open","ping_status":"open","sticky":false,"template":"","format":"standard","meta":{"_acf_changed":false,"footnotes":""},"categories":[3],"tags":[],"acf":[],"yoast_head":"<!-- This site is optimized with the Yoast SEO plugin v23.0 - https:\/\/yoast.com\/wordpress\/plugins\/seo\/ -->\n<title>Presentaci\u00f3n oficial de la 36\u00aa edici\u00f3n de La Ruta de la Sal en Hotel Ocean Drive de Barcelona<\/title>\n<meta name=\"robots\" content=\"noindex, follow, max-snippet:-1, max-image-preview:large, max-video-preview:-1\" \/>\n<meta property=\"og:locale\" content=\"es_ES\" \/>\n<meta property=\"og:type\" content=\"article\" \/>\n<meta property=\"og:title\" content=\"Presentaci\u00f3n oficial de la 36\u00aa edici\u00f3n de La Ruta de la Sal en Hotel Ocean Drive de Barcelona\" \/>\n<meta property=\"og:description\" content=\"&nbsp; El alto n\u00famero de pre-inscritos, que superan ya los 170 barcos, hace prever que un a\u00f1o m\u00e1s se deber\u00e1 activar la lista de espera. Andr\u00e9s Oliva, director de Enregata, entidad que ha asumida recientemente la principal funci\u00f3n promotora de La Ruta de la Sal, abre el acto agradeciendo a Isabel Subirats y a Enrique [&hellip;]\" \/>\n<meta property=\"og:url\" content=\"https:\/\/labs.100x100.net\/projects\/rutasal\/presentacion-oficial-xxxvi-edicion\/\" \/>\n<meta property=\"og:site_name\" content=\"Regata La Ruta de la Sal\" \/>\n<meta property=\"article:publisher\" content=\"https:\/\/www.facebook.com\/rutadelasal\/\" \/>\n<meta property=\"article:published_time\" content=\"2024-03-05T18:54:04+00:00\" \/>\n<meta property=\"article:modified_time\" content=\"2024-03-06T12:47:36+00:00\" \/>\n<meta property=\"og:image\" content=\"https:\/\/labs.100x100.net\/projects\/rutasal\/custom\/uploads\/2024\/03\/Enrique-Curt_Andres-Oliva_Isabel-Subirat-Alfred-Farre-\u00a9Alfred-Farre-scaled.jpg\" \/>\n\t<meta property=\"og:image:width\" content=\"2560\" \/>\n\t<meta property=\"og:image:height\" content=\"1709\" \/>\n\t<meta property=\"og:image:type\" content=\"image\/jpeg\" \/>\n<meta name=\"author\" content=\"Valentina Libri\" \/>\n<meta name=\"twitter:card\" content=\"summary_large_image\" \/>\n<meta name=\"twitter:creator\" content=\"@AnamMedi\" \/>\n<meta name=\"twitter:site\" content=\"@AnamMedi\" \/>\n<meta name=\"twitter:label1\" content=\"Escrito por\" \/>\n\t<meta name=\"twitter:data1\" content=\"Valentina Libri\" \/>\n\t<meta name=\"twitter:label2\" content=\"Tiempo de lectura\" \/>\n\t<meta name=\"twitter:data2\" content=\"7 minutos\" \/>\n<script type=\"application\/ld+json\" class=\"yoast-schema-graph\">{\"@context\":\"https:\/\/schema.org\",\"@graph\":[{\"@type\":\"WebPage\",\"@id\":\"https:\/\/labs.100x100.net\/projects\/rutasal\/presentacion-oficial-xxxvi-edicion\/\",\"url\":\"https:\/\/labs.100x100.net\/projects\/rutasal\/presentacion-oficial-xxxvi-edicion\/\",\"name\":\"Presentaci\u00f3n oficial de la 36\u00aa edici\u00f3n de La Ruta de la Sal en Hotel Ocean Drive de Barcelona\",\"isPartOf\":{\"@id\":\"https:\/\/labs.100x100.net\/projects\/rutasal\/#website\"},\"primaryImageOfPage\":{\"@id\":\"https:\/\/labs.100x100.net\/projects\/rutasal\/presentacion-oficial-xxxvi-edicion\/#primaryimage\"},\"image\":{\"@id\":\"https:\/\/labs.100x100.net\/projects\/rutasal\/presentacion-oficial-xxxvi-edicion\/#primaryimage\"},\"thumbnailUrl\":\"https:\/\/labs.100x100.net\/projects\/rutasal\/custom\/uploads\/2024\/03\/Enrique-Curt_Andres-Oliva_Isabel-Subirat-Alfred-Farre-\u00a9Alfred-Farre-scaled.jpg\",\"datePublished\":\"2024-03-05T18:54:04+00:00\",\"dateModified\":\"2024-03-06T12:47:36+00:00\",\"author\":{\"@id\":\"https:\/\/labs.100x100.net\/projects\/rutasal\/#\/schema\/person\/78b3519b5320819eb3428bc4a4363faf\"},\"breadcrumb\":{\"@id\":\"https:\/\/labs.100x100.net\/projects\/rutasal\/presentacion-oficial-xxxvi-edicion\/#breadcrumb\"},\"inLanguage\":\"es\",\"potentialAction\":[{\"@type\":\"ReadAction\",\"target\":[\"https:\/\/labs.100x100.net\/projects\/rutasal\/presentacion-oficial-xxxvi-edicion\/\"]}]},{\"@type\":\"ImageObject\",\"inLanguage\":\"es\",\"@id\":\"https:\/\/labs.100x100.net\/projects\/rutasal\/presentacion-oficial-xxxvi-edicion\/#primaryimage\",\"url\":\"https:\/\/labs.100x100.net\/projects\/rutasal\/custom\/uploads\/2024\/03\/Enrique-Curt_Andres-Oliva_Isabel-Subirat-Alfred-Farre-\u00a9Alfred-Farre-scaled.jpg\",\"contentUrl\":\"https:\/\/labs.100x100.net\/projects\/rutasal\/custom\/uploads\/2024\/03\/Enrique-Curt_Andres-Oliva_Isabel-Subirat-Alfred-Farre-\u00a9Alfred-Farre-scaled.jpg\",\"width\":2560,\"height\":1709},{\"@type\":\"BreadcrumbList\",\"@id\":\"https:\/\/labs.100x100.net\/projects\/rutasal\/presentacion-oficial-xxxvi-edicion\/#breadcrumb\",\"itemListElement\":[{\"@type\":\"ListItem\",\"position\":1,\"name\":\"Portada\",\"item\":\"https:\/\/labs.100x100.net\/projects\/rutasal\/\"},{\"@type\":\"ListItem\",\"position\":2,\"name\":\"Presentaci\u00f3n oficial de la 36\u00aa edici\u00f3n de La Ruta de la Sal en Hotel Ocean Drive de Barcelona\"}]},{\"@type\":\"WebSite\",\"@id\":\"https:\/\/labs.100x100.net\/projects\/rutasal\/#website\",\"url\":\"https:\/\/labs.100x100.net\/projects\/rutasal\/\",\"name\":\"Regata La Ruta de la Sal\",\"description\":\"Regata La Ruta de la Sal es una regata de Altura Mediterr\u00e1nea para barcos de crucero a vela con destino en Ibiza, que se disputa anualmente en Semana Santa.\",\"potentialAction\":[{\"@type\":\"SearchAction\",\"target\":{\"@type\":\"EntryPoint\",\"urlTemplate\":\"https:\/\/labs.100x100.net\/projects\/rutasal\/?s={search_term_string}\"},\"query-input\":\"required name=search_term_string\"}],\"inLanguage\":\"es\"},{\"@type\":\"Person\",\"@id\":\"https:\/\/labs.100x100.net\/projects\/rutasal\/#\/schema\/person\/78b3519b5320819eb3428bc4a4363faf\",\"name\":\"Valentina Libri\",\"image\":{\"@type\":\"ImageObject\",\"inLanguage\":\"es\",\"@id\":\"https:\/\/labs.100x100.net\/projects\/rutasal\/#\/schema\/person\/image\/\",\"url\":\"https:\/\/secure.gravatar.com\/avatar\/99c0547d5c3f4720c6410e401af04fe2?s=96&d=mm&r=g\",\"contentUrl\":\"https:\/\/secure.gravatar.com\/avatar\/99c0547d5c3f4720c6410e401af04fe2?s=96&d=mm&r=g\",\"caption\":\"Valentina Libri\"}}]}<\/script>\n<!-- \/ Yoast SEO plugin. -->","yoast_head_json":{"title":"Presentaci\u00f3n oficial de la 36\u00aa edici\u00f3n de La Ruta de la Sal en Hotel Ocean Drive de Barcelona","robots":{"index":"noindex","follow":"follow","max-snippet":"max-snippet:-1","max-image-preview":"max-image-preview:large","max-video-preview":"max-video-preview:-1"},"og_locale":"es_ES","og_type":"article","og_title":"Presentaci\u00f3n oficial de la 36\u00aa edici\u00f3n de La Ruta de la Sal en Hotel Ocean Drive de Barcelona","og_description":"&nbsp; El alto n\u00famero de pre-inscritos, que superan ya los 170 barcos, hace prever que un a\u00f1o m\u00e1s se deber\u00e1 activar la lista de espera. Andr\u00e9s Oliva, director de Enregata, entidad que ha asumida recientemente la principal funci\u00f3n promotora de La Ruta de la Sal, abre el acto agradeciendo a Isabel Subirats y a Enrique [&hellip;]","og_url":"https:\/\/labs.100x100.net\/projects\/rutasal\/presentacion-oficial-xxxvi-edicion\/","og_site_name":"Regata La Ruta de la Sal","article_publisher":"https:\/\/www.facebook.com\/rutadelasal\/","article_published_time":"2024-03-05T18:54:04+00:00","article_modified_time":"2024-03-06T12:47:36+00:00","og_image":[{"width":2560,"height":1709,"url":"https:\/\/labs.100x100.net\/projects\/rutasal\/custom\/uploads\/2024\/03\/Enrique-Curt_Andres-Oliva_Isabel-Subirat-Alfred-Farre-\u00a9Alfred-Farre-scaled.jpg","type":"image\/jpeg"}],"author":"Valentina Libri","twitter_card":"summary_large_image","twitter_creator":"@AnamMedi","twitter_site":"@AnamMedi","twitter_misc":{"Escrito por":"Valentina Libri","Tiempo de lectura":"7 minutos"},"schema":{"@context":"https:\/\/schema.org","@graph":[{"@type":"WebPage","@id":"https:\/\/labs.100x100.net\/projects\/rutasal\/presentacion-oficial-xxxvi-edicion\/","url":"https:\/\/labs.100x100.net\/projects\/rutasal\/presentacion-oficial-xxxvi-edicion\/","name":"Presentaci\u00f3n oficial de la 36\u00aa edici\u00f3n de La Ruta de la Sal en Hotel Ocean Drive de Barcelona","isPartOf":{"@id":"https:\/\/labs.100x100.net\/projects\/rutasal\/#website"},"primaryImageOfPage":{"@id":"https:\/\/labs.100x100.net\/projects\/rutasal\/presentacion-oficial-xxxvi-edicion\/#primaryimage"},"image":{"@id":"https:\/\/labs.100x100.net\/projects\/rutasal\/presentacion-oficial-xxxvi-edicion\/#primaryimage"},"thumbnailUrl":"https:\/\/labs.100x100.net\/projects\/rutasal\/custom\/uploads\/2024\/03\/Enrique-Curt_Andres-Oliva_Isabel-Subirat-Alfred-Farre-\u00a9Alfred-Farre-scaled.jpg","datePublished":"2024-03-05T18:54:04+00:00","dateModified":"2024-03-06T12:47:36+00:00","author":{"@id":"https:\/\/labs.100x100.net\/projects\/rutasal\/#\/schema\/person\/78b3519b5320819eb3428bc4a4363faf"},"breadcrumb":{"@id":"https:\/\/labs.100x100.net\/projects\/rutasal\/presentacion-oficial-xxxvi-edicion\/#breadcrumb"},"inLanguage":"es","potentialAction":[{"@type":"ReadAction","target":["https:\/\/labs.100x100.net\/projects\/rutasal\/presentacion-oficial-xxxvi-edicion\/"]}]},{"@type":"ImageObject","inLanguage":"es","@id":"https:\/\/labs.100x100.net\/projects\/rutasal\/presentacion-oficial-xxxvi-edicion\/#primaryimage","url":"https:\/\/labs.100x100.net\/projects\/rutasal\/custom\/uploads\/2024\/03\/Enrique-Curt_Andres-Oliva_Isabel-Subirat-Alfred-Farre-\u00a9Alfred-Farre-scaled.jpg","contentUrl":"https:\/\/labs.100x100.net\/projects\/rutasal\/custom\/uploads\/2024\/03\/Enrique-Curt_Andres-Oliva_Isabel-Subirat-Alfred-Farre-\u00a9Alfred-Farre-scaled.jpg","width":2560,"height":1709},{"@type":"BreadcrumbList","@id":"https:\/\/labs.100x100.net\/projects\/rutasal\/presentacion-oficial-xxxvi-edicion\/#breadcrumb","itemListElement":[{"@type":"ListItem","position":1,"name":"Portada","item":"https:\/\/labs.100x100.net\/projects\/rutasal\/"},{"@type":"ListItem","position":2,"name":"Presentaci\u00f3n oficial de la 36\u00aa edici\u00f3n de La Ruta de la Sal en Hotel Ocean Drive de Barcelona"}]},{"@type":"WebSite","@id":"https:\/\/labs.100x100.net\/projects\/rutasal\/#website","url":"https:\/\/labs.100x100.net\/projects\/rutasal\/","name":"Regata La Ruta de la Sal","description":"Regata La Ruta de la Sal es una regata de Altura Mediterr\u00e1nea para barcos de crucero a vela con destino en Ibiza, que se disputa anualmente en Semana Santa.","potentialAction":[{"@type":"SearchAction","target":{"@type":"EntryPoint","urlTemplate":"https:\/\/labs.100x100.net\/projects\/rutasal\/?s={search_term_string}"},"query-input":"required name=search_term_string"}],"inLanguage":"es"},{"@type":"Person","@id":"https:\/\/labs.100x100.net\/projects\/rutasal\/#\/schema\/person\/78b3519b5320819eb3428bc4a4363faf","name":"Valentina Libri","image":{"@type":"ImageObject","inLanguage":"es","@id":"https:\/\/labs.100x100.net\/projects\/rutasal\/#\/schema\/person\/image\/","url":"https:\/\/secure.gravatar.com\/avatar\/99c0547d5c3f4720c6410e401af04fe2?s=96&d=mm&r=g","contentUrl":"https:\/\/secure.gravatar.com\/avatar\/99c0547d5c3f4720c6410e401af04fe2?s=96&d=mm&r=g","caption":"Valentina Libri"}}]}},"_links":{"self":[{"href":"https:\/\/labs.100x100.net\/projects\/rutasal\/wp-json\/wp\/v2\/posts\/9390"}],"collection":[{"href":"https:\/\/labs.100x100.net\/projects\/rutasal\/wp-json\/wp\/v2\/posts"}],"about":[{"href":"https:\/\/labs.100x100.net\/projects\/rutasal\/wp-json\/wp\/v2\/types\/post"}],"author":[{"embeddable":true,"href":"https:\/\/labs.100x100.net\/projects\/rutasal\/wp-json\/wp\/v2\/users\/7"}],"replies":[{"embeddable":true,"href":"https:\/\/labs.100x100.net\/projects\/rutasal\/wp-json\/wp\/v2\/comments?post=9390"}],"version-history":[{"count":5,"href":"https:\/\/labs.100x100.net\/projects\/rutasal\/wp-json\/wp\/v2\/posts\/9390\/revisions"}],"predecessor-version":[{"id":9431,"href":"https:\/\/labs.100x100.net\/projects\/rutasal\/wp-json\/wp\/v2\/posts\/9390\/revisions\/9431"}],"wp:featuredmedia":[{"embeddable":true,"href":"https:\/\/labs.100x100.net\/projects\/rutasal\/wp-json\/wp\/v2\/media\/9391"}],"wp:attachment":[{"href":"https:\/\/labs.100x100.net\/projects\/rutasal\/wp-json\/wp\/v2\/media?parent=9390"}],"wp:term":[{"taxonomy":"category","embeddable":true,"href":"https:\/\/labs.100x100.net\/projects\/rutasal\/wp-json\/wp\/v2\/categories?post=9390"},{"taxonomy":"post_tag","embeddable":true,"href":"https:\/\/labs.100x100.net\/projects\/rutasal\/wp-json\/wp\/v2\/tags?post=9390"}],"curies":[{"name":"wp","href":"https:\/\/api.w.org\/{rel}","templated":true}]}}