{"id":9367,"date":"2024-03-04T01:36:11","date_gmt":"2024-03-03T23:36:11","guid":{"rendered":"https:\/\/larutadelasal.com\/?p=9367"},"modified":"2024-03-04T01:59:15","modified_gmt":"2024-03-03T23:59:15","slug":"patrocinio-vetus","status":"publish","type":"post","link":"https:\/\/labs.100x100.net\/projects\/rutasal\/patrocinio-vetus\/","title":{"rendered":"Vetus, empresa especializada en sistemas n\u00e1uticos, renueva patrocinio con La Ruta de la Sal"},"content":{"rendered":"<p style=\"font-weight: 400; text-align: justify;\"><img loading=\"lazy\" decoding=\"async\" class=\"alignnone wp-image-9379 size-full\" src=\"http:\/\/larutadelasal.com\/custom\/uploads\/2024\/03\/LaSal2023.jpg\" alt=\"\" width=\"1200\" height=\"801\" srcset=\"https:\/\/labs.100x100.net\/projects\/rutasal\/custom\/uploads\/2024\/03\/LaSal2023.jpg 1200w, https:\/\/labs.100x100.net\/projects\/rutasal\/custom\/uploads\/2024\/03\/LaSal2023-300x200.jpg 300w, https:\/\/labs.100x100.net\/projects\/rutasal\/custom\/uploads\/2024\/03\/LaSal2023-1024x684.jpg 1024w, https:\/\/labs.100x100.net\/projects\/rutasal\/custom\/uploads\/2024\/03\/LaSal2023-768x513.jpg 768w\" sizes=\"(max-width: 1200px) 100vw, 1200px\" \/>La Ruta de la Sal\u00a0tiene el placer de\u00a0anunciar que <a href=\"https:\/\/vetus.com\/es\/\">Vetus<\/a> renueva patrocinio.\u00a0 Empresa reconocida mundialmente por su innovaci\u00f3n en sistemas n\u00e1uticos, se uni\u00f3 a esta m\u00edtica regata en la edici\u00f3n de 2023.<\/p>\n<p style=\"font-weight: 400; text-align: justify;\">Con una gama de productos que abarca desde sistemas de motorizaci\u00f3n, ya sea el\u00e9ctricos o di\u00e9sel, hasta soluciones integrales para el manejo del agua y la energ\u00eda a bordo, Vetus se destaca por su enfoque en la mejora continua de la comodidad y la seguridad en el mar. Su cat\u00e1logo, que entre otro productos incluye sistemas de propulsi\u00f3n y de direcci\u00f3n hidr\u00e1ulica, escotillas y portillos, refleja un compromiso inquebrantable con la calidad y la innovaci\u00f3n.<\/p>\n<p style=\"font-weight: 400; text-align: justify;\">Vetus, con sede en Holanda y presencia en m\u00e1s de 18 pa\u00edses, cuenta con una amplia red de distribuci\u00f3n y servicios a nivel global, asegurando soporte y asistencia dondequiera que se encuentre un navegante. La compa\u00f1\u00eda, que tambi\u00e9n opera las marcas Maxwell, V-quipment, Marex y Yellow V, demuestra su liderazgo en el sector con productos que van desde equipamiento n\u00e1utico hasta soluciones de ocio\u00a0como el <a href=\"https:\/\/yellowv.com\/english\/inflatable-fun-tube-donut-1-pers-nylon-quick-connector-1.html\">Donut Futube de YellowV<\/a>, que ser\u00e1 sorteado\u00a0entre todos los participantes de La Ruta de la Sal en el evento de clausura en Sant Antoni de Portmany.<\/p>\n<p style=\"text-align: justify;\"><a href=\"https:\/\/vetus.com\/es\/\">www.vetus.com<\/a><\/p>\n<div id=\"attachment_9368\" style=\"width: 1021px\" class=\"wp-caption aligncenter\"><img loading=\"lazy\" decoding=\"async\" aria-describedby=\"caption-attachment-9368\" class=\"wp-image-9368 size-full\" src=\"http:\/\/larutadelasal.com\/custom\/uploads\/2024\/03\/image002.png\" alt=\"\" width=\"1011\" height=\"809\" srcset=\"https:\/\/labs.100x100.net\/projects\/rutasal\/custom\/uploads\/2024\/03\/image002.png 1011w, https:\/\/labs.100x100.net\/projects\/rutasal\/custom\/uploads\/2024\/03\/image002-300x240.png 300w, https:\/\/labs.100x100.net\/projects\/rutasal\/custom\/uploads\/2024\/03\/image002-768x615.png 768w\" sizes=\"(max-width: 1011px) 100vw, 1011px\" \/><p id=\"caption-attachment-9368\" class=\"wp-caption-text\">El Donut Futube de YellowV ser\u00e1 sorteado\u00a0entre todos los participantes de La Ruta de la Sal.<\/p><\/div>\n","protected":false},"excerpt":{"rendered":"<p>La Ruta de la Sal\u00a0tiene el placer de\u00a0anunciar que Vetus renueva patrocinio.\u00a0 Empresa reconocida mundialmente por su innovaci\u00f3n en sistemas n\u00e1uticos, se uni\u00f3 a esta m\u00edtica regata en la edici\u00f3n de 2023. Con una gama de productos que abarca desde sistemas de motorizaci\u00f3n, ya sea el\u00e9ctricos o di\u00e9sel, hasta soluciones integrales para el manejo del [&hellip;]<\/p>\n","protected":false},"author":7,"featured_media":9379,"comment_status":"open","ping_status":"open","sticky":false,"template":"","format":"standard","meta":{"_acf_changed":false,"footnotes":""},"categories":[3],"tags":[],"acf":[],"yoast_head":"<!-- This site is optimized with the Yoast SEO plugin v23.0 - https:\/\/yoast.com\/wordpress\/plugins\/seo\/ -->\n<title>Vetus, empresa especializada en sistemas n\u00e1uticos, renueva patrocinio con La Ruta de la Sal | Regata La Ruta de la Sal<\/title>\n<meta name=\"robots\" content=\"noindex, follow, max-snippet:-1, max-image-preview:large, max-video-preview:-1\" \/>\n<meta property=\"og:locale\" content=\"es_ES\" \/>\n<meta property=\"og:type\" content=\"article\" \/>\n<meta property=\"og:title\" content=\"Vetus, empresa especializada en sistemas n\u00e1uticos, renueva patrocinio con La Ruta de la Sal | Regata La Ruta de la Sal\" \/>\n<meta property=\"og:description\" content=\"La Ruta de la Sal\u00a0tiene el placer de\u00a0anunciar que Vetus renueva patrocinio.\u00a0 Empresa reconocida mundialmente por su innovaci\u00f3n en sistemas n\u00e1uticos, se uni\u00f3 a esta m\u00edtica regata en la edici\u00f3n de 2023. Con una gama de productos que abarca desde sistemas de motorizaci\u00f3n, ya sea el\u00e9ctricos o di\u00e9sel, hasta soluciones integrales para el manejo del [&hellip;]\" \/>\n<meta property=\"og:url\" content=\"https:\/\/labs.100x100.net\/projects\/rutasal\/patrocinio-vetus\/\" \/>\n<meta property=\"og:site_name\" content=\"Regata La Ruta de la Sal\" \/>\n<meta property=\"article:publisher\" content=\"https:\/\/www.facebook.com\/rutadelasal\/\" \/>\n<meta property=\"article:published_time\" content=\"2024-03-03T23:36:11+00:00\" \/>\n<meta property=\"article:modified_time\" content=\"2024-03-03T23:59:15+00:00\" \/>\n<meta property=\"og:image\" content=\"https:\/\/labs.100x100.net\/projects\/rutasal\/custom\/uploads\/2024\/03\/LaSal2023.jpg\" \/>\n\t<meta property=\"og:image:width\" content=\"1200\" \/>\n\t<meta property=\"og:image:height\" content=\"801\" \/>\n\t<meta property=\"og:image:type\" content=\"image\/jpeg\" \/>\n<meta name=\"author\" content=\"Valentina Libri\" \/>\n<meta name=\"twitter:card\" content=\"summary_large_image\" \/>\n<meta name=\"twitter:creator\" content=\"@AnamMedi\" \/>\n<meta name=\"twitter:site\" content=\"@AnamMedi\" \/>\n<meta name=\"twitter:label1\" content=\"Escrito por\" \/>\n\t<meta name=\"twitter:data1\" content=\"Valentina Libri\" \/>\n\t<meta name=\"twitter:label2\" content=\"Tiempo de lectura\" \/>\n\t<meta name=\"twitter:data2\" content=\"2 minutos\" \/>\n<script type=\"application\/ld+json\" class=\"yoast-schema-graph\">{\"@context\":\"https:\/\/schema.org\",\"@graph\":[{\"@type\":\"WebPage\",\"@id\":\"https:\/\/labs.100x100.net\/projects\/rutasal\/patrocinio-vetus\/\",\"url\":\"https:\/\/labs.100x100.net\/projects\/rutasal\/patrocinio-vetus\/\",\"name\":\"Vetus, empresa especializada en sistemas n\u00e1uticos, renueva patrocinio con La Ruta de la Sal | Regata La Ruta de la Sal\",\"isPartOf\":{\"@id\":\"https:\/\/labs.100x100.net\/projects\/rutasal\/#website\"},\"primaryImageOfPage\":{\"@id\":\"https:\/\/labs.100x100.net\/projects\/rutasal\/patrocinio-vetus\/#primaryimage\"},\"image\":{\"@id\":\"https:\/\/labs.100x100.net\/projects\/rutasal\/patrocinio-vetus\/#primaryimage\"},\"thumbnailUrl\":\"https:\/\/labs.100x100.net\/projects\/rutasal\/custom\/uploads\/2024\/03\/LaSal2023.jpg\",\"datePublished\":\"2024-03-03T23:36:11+00:00\",\"dateModified\":\"2024-03-03T23:59:15+00:00\",\"author\":{\"@id\":\"https:\/\/labs.100x100.net\/projects\/rutasal\/#\/schema\/person\/78b3519b5320819eb3428bc4a4363faf\"},\"breadcrumb\":{\"@id\":\"https:\/\/labs.100x100.net\/projects\/rutasal\/patrocinio-vetus\/#breadcrumb\"},\"inLanguage\":\"es\",\"potentialAction\":[{\"@type\":\"ReadAction\",\"target\":[\"https:\/\/labs.100x100.net\/projects\/rutasal\/patrocinio-vetus\/\"]}]},{\"@type\":\"ImageObject\",\"inLanguage\":\"es\",\"@id\":\"https:\/\/labs.100x100.net\/projects\/rutasal\/patrocinio-vetus\/#primaryimage\",\"url\":\"https:\/\/labs.100x100.net\/projects\/rutasal\/custom\/uploads\/2024\/03\/LaSal2023.jpg\",\"contentUrl\":\"https:\/\/labs.100x100.net\/projects\/rutasal\/custom\/uploads\/2024\/03\/LaSal2023.jpg\",\"width\":1200,\"height\":801},{\"@type\":\"BreadcrumbList\",\"@id\":\"https:\/\/labs.100x100.net\/projects\/rutasal\/patrocinio-vetus\/#breadcrumb\",\"itemListElement\":[{\"@type\":\"ListItem\",\"position\":1,\"name\":\"Portada\",\"item\":\"https:\/\/labs.100x100.net\/projects\/rutasal\/\"},{\"@type\":\"ListItem\",\"position\":2,\"name\":\"Vetus, empresa especializada en sistemas n\u00e1uticos, renueva patrocinio con La Ruta de la Sal\"}]},{\"@type\":\"WebSite\",\"@id\":\"https:\/\/labs.100x100.net\/projects\/rutasal\/#website\",\"url\":\"https:\/\/labs.100x100.net\/projects\/rutasal\/\",\"name\":\"Regata La Ruta de la Sal\",\"description\":\"Regata La Ruta de la Sal es una regata de Altura Mediterr\u00e1nea para barcos de crucero a vela con destino en Ibiza, que se disputa anualmente en Semana Santa.\",\"potentialAction\":[{\"@type\":\"SearchAction\",\"target\":{\"@type\":\"EntryPoint\",\"urlTemplate\":\"https:\/\/labs.100x100.net\/projects\/rutasal\/?s={search_term_string}\"},\"query-input\":\"required name=search_term_string\"}],\"inLanguage\":\"es\"},{\"@type\":\"Person\",\"@id\":\"https:\/\/labs.100x100.net\/projects\/rutasal\/#\/schema\/person\/78b3519b5320819eb3428bc4a4363faf\",\"name\":\"Valentina Libri\",\"image\":{\"@type\":\"ImageObject\",\"inLanguage\":\"es\",\"@id\":\"https:\/\/labs.100x100.net\/projects\/rutasal\/#\/schema\/person\/image\/\",\"url\":\"https:\/\/secure.gravatar.com\/avatar\/99c0547d5c3f4720c6410e401af04fe2?s=96&d=mm&r=g\",\"contentUrl\":\"https:\/\/secure.gravatar.com\/avatar\/99c0547d5c3f4720c6410e401af04fe2?s=96&d=mm&r=g\",\"caption\":\"Valentina Libri\"}}]}<\/script>\n<!-- \/ Yoast SEO plugin. -->","yoast_head_json":{"title":"Vetus, empresa especializada en sistemas n\u00e1uticos, renueva patrocinio con La Ruta de la Sal | Regata La Ruta de la Sal","robots":{"index":"noindex","follow":"follow","max-snippet":"max-snippet:-1","max-image-preview":"max-image-preview:large","max-video-preview":"max-video-preview:-1"},"og_locale":"es_ES","og_type":"article","og_title":"Vetus, empresa especializada en sistemas n\u00e1uticos, renueva patrocinio con La Ruta de la Sal | Regata La Ruta de la Sal","og_description":"La Ruta de la Sal\u00a0tiene el placer de\u00a0anunciar que Vetus renueva patrocinio.\u00a0 Empresa reconocida mundialmente por su innovaci\u00f3n en sistemas n\u00e1uticos, se uni\u00f3 a esta m\u00edtica regata en la edici\u00f3n de 2023. Con una gama de productos que abarca desde sistemas de motorizaci\u00f3n, ya sea el\u00e9ctricos o di\u00e9sel, hasta soluciones integrales para el manejo del [&hellip;]","og_url":"https:\/\/labs.100x100.net\/projects\/rutasal\/patrocinio-vetus\/","og_site_name":"Regata La Ruta de la Sal","article_publisher":"https:\/\/www.facebook.com\/rutadelasal\/","article_published_time":"2024-03-03T23:36:11+00:00","article_modified_time":"2024-03-03T23:59:15+00:00","og_image":[{"width":1200,"height":801,"url":"https:\/\/labs.100x100.net\/projects\/rutasal\/custom\/uploads\/2024\/03\/LaSal2023.jpg","type":"image\/jpeg"}],"author":"Valentina Libri","twitter_card":"summary_large_image","twitter_creator":"@AnamMedi","twitter_site":"@AnamMedi","twitter_misc":{"Escrito por":"Valentina Libri","Tiempo de lectura":"2 minutos"},"schema":{"@context":"https:\/\/schema.org","@graph":[{"@type":"WebPage","@id":"https:\/\/labs.100x100.net\/projects\/rutasal\/patrocinio-vetus\/","url":"https:\/\/labs.100x100.net\/projects\/rutasal\/patrocinio-vetus\/","name":"Vetus, empresa especializada en sistemas n\u00e1uticos, renueva patrocinio con La Ruta de la Sal | Regata La Ruta de la Sal","isPartOf":{"@id":"https:\/\/labs.100x100.net\/projects\/rutasal\/#website"},"primaryImageOfPage":{"@id":"https:\/\/labs.100x100.net\/projects\/rutasal\/patrocinio-vetus\/#primaryimage"},"image":{"@id":"https:\/\/labs.100x100.net\/projects\/rutasal\/patrocinio-vetus\/#primaryimage"},"thumbnailUrl":"https:\/\/labs.100x100.net\/projects\/rutasal\/custom\/uploads\/2024\/03\/LaSal2023.jpg","datePublished":"2024-03-03T23:36:11+00:00","dateModified":"2024-03-03T23:59:15+00:00","author":{"@id":"https:\/\/labs.100x100.net\/projects\/rutasal\/#\/schema\/person\/78b3519b5320819eb3428bc4a4363faf"},"breadcrumb":{"@id":"https:\/\/labs.100x100.net\/projects\/rutasal\/patrocinio-vetus\/#breadcrumb"},"inLanguage":"es","potentialAction":[{"@type":"ReadAction","target":["https:\/\/labs.100x100.net\/projects\/rutasal\/patrocinio-vetus\/"]}]},{"@type":"ImageObject","inLanguage":"es","@id":"https:\/\/labs.100x100.net\/projects\/rutasal\/patrocinio-vetus\/#primaryimage","url":"https:\/\/labs.100x100.net\/projects\/rutasal\/custom\/uploads\/2024\/03\/LaSal2023.jpg","contentUrl":"https:\/\/labs.100x100.net\/projects\/rutasal\/custom\/uploads\/2024\/03\/LaSal2023.jpg","width":1200,"height":801},{"@type":"BreadcrumbList","@id":"https:\/\/labs.100x100.net\/projects\/rutasal\/patrocinio-vetus\/#breadcrumb","itemListElement":[{"@type":"ListItem","position":1,"name":"Portada","item":"https:\/\/labs.100x100.net\/projects\/rutasal\/"},{"@type":"ListItem","position":2,"name":"Vetus, empresa especializada en sistemas n\u00e1uticos, renueva patrocinio con La Ruta de la Sal"}]},{"@type":"WebSite","@id":"https:\/\/labs.100x100.net\/projects\/rutasal\/#website","url":"https:\/\/labs.100x100.net\/projects\/rutasal\/","name":"Regata La Ruta de la Sal","description":"Regata La Ruta de la Sal es una regata de Altura Mediterr\u00e1nea para barcos de crucero a vela con destino en Ibiza, que se disputa anualmente en Semana Santa.","potentialAction":[{"@type":"SearchAction","target":{"@type":"EntryPoint","urlTemplate":"https:\/\/labs.100x100.net\/projects\/rutasal\/?s={search_term_string}"},"query-input":"required name=search_term_string"}],"inLanguage":"es"},{"@type":"Person","@id":"https:\/\/labs.100x100.net\/projects\/rutasal\/#\/schema\/person\/78b3519b5320819eb3428bc4a4363faf","name":"Valentina Libri","image":{"@type":"ImageObject","inLanguage":"es","@id":"https:\/\/labs.100x100.net\/projects\/rutasal\/#\/schema\/person\/image\/","url":"https:\/\/secure.gravatar.com\/avatar\/99c0547d5c3f4720c6410e401af04fe2?s=96&d=mm&r=g","contentUrl":"https:\/\/secure.gravatar.com\/avatar\/99c0547d5c3f4720c6410e401af04fe2?s=96&d=mm&r=g","caption":"Valentina Libri"}}]}},"_links":{"self":[{"href":"https:\/\/labs.100x100.net\/projects\/rutasal\/wp-json\/wp\/v2\/posts\/9367"}],"collection":[{"href":"https:\/\/labs.100x100.net\/projects\/rutasal\/wp-json\/wp\/v2\/posts"}],"about":[{"href":"https:\/\/labs.100x100.net\/projects\/rutasal\/wp-json\/wp\/v2\/types\/post"}],"author":[{"embeddable":true,"href":"https:\/\/labs.100x100.net\/projects\/rutasal\/wp-json\/wp\/v2\/users\/7"}],"replies":[{"embeddable":true,"href":"https:\/\/labs.100x100.net\/projects\/rutasal\/wp-json\/wp\/v2\/comments?post=9367"}],"version-history":[{"count":3,"href":"https:\/\/labs.100x100.net\/projects\/rutasal\/wp-json\/wp\/v2\/posts\/9367\/revisions"}],"predecessor-version":[{"id":9382,"href":"https:\/\/labs.100x100.net\/projects\/rutasal\/wp-json\/wp\/v2\/posts\/9367\/revisions\/9382"}],"wp:featuredmedia":[{"embeddable":true,"href":"https:\/\/labs.100x100.net\/projects\/rutasal\/wp-json\/wp\/v2\/media\/9379"}],"wp:attachment":[{"href":"https:\/\/labs.100x100.net\/projects\/rutasal\/wp-json\/wp\/v2\/media?parent=9367"}],"wp:term":[{"taxonomy":"category","embeddable":true,"href":"https:\/\/labs.100x100.net\/projects\/rutasal\/wp-json\/wp\/v2\/categories?post=9367"},{"taxonomy":"post_tag","embeddable":true,"href":"https:\/\/labs.100x100.net\/projects\/rutasal\/wp-json\/wp\/v2\/tags?post=9367"}],"curies":[{"name":"wp","href":"https:\/\/api.w.org\/{rel}","templated":true}]}}