{"id":9355,"date":"2024-03-06T19:20:41","date_gmt":"2024-03-06T17:20:41","guid":{"rendered":"https:\/\/larutadelasal.com\/?p=9355"},"modified":"2024-03-07T20:18:35","modified_gmt":"2024-03-07T18:18:35","slug":"navegantes-de-renombre","status":"publish","type":"post","link":"https:\/\/labs.100x100.net\/projects\/rutasal\/navegantes-de-renombre\/","title":{"rendered":"Navegantes estelares entre los participantes de las \u00faltimas ediciones de La Ruta de La Sal"},"content":{"rendered":"<div id=\"attachment_9356\" style=\"width: 2570px\" class=\"wp-caption alignnone\"><img loading=\"lazy\" decoding=\"async\" aria-describedby=\"caption-attachment-9356\" class=\"wp-image-9356 size-full\" src=\"http:\/\/larutadelasal.com\/custom\/uploads\/2024\/03\/Ndp05_Origins_Foto_La-Ruta-de-la-Sal-2019_Barco-Repique-@Alfred-Farre-scaled.jpg\" alt=\"\" width=\"2560\" height=\"1709\" srcset=\"https:\/\/labs.100x100.net\/projects\/rutasal\/custom\/uploads\/2024\/03\/Ndp05_Origins_Foto_La-Ruta-de-la-Sal-2019_Barco-Repique-@Alfred-Farre-scaled.jpg 2560w, https:\/\/labs.100x100.net\/projects\/rutasal\/custom\/uploads\/2024\/03\/Ndp05_Origins_Foto_La-Ruta-de-la-Sal-2019_Barco-Repique-@Alfred-Farre-300x200.jpg 300w, https:\/\/labs.100x100.net\/projects\/rutasal\/custom\/uploads\/2024\/03\/Ndp05_Origins_Foto_La-Ruta-de-la-Sal-2019_Barco-Repique-@Alfred-Farre-1024x684.jpg 1024w, https:\/\/labs.100x100.net\/projects\/rutasal\/custom\/uploads\/2024\/03\/Ndp05_Origins_Foto_La-Ruta-de-la-Sal-2019_Barco-Repique-@Alfred-Farre-768x513.jpg 768w, https:\/\/labs.100x100.net\/projects\/rutasal\/custom\/uploads\/2024\/03\/Ndp05_Origins_Foto_La-Ruta-de-la-Sal-2019_Barco-Repique-@Alfred-Farre-1536x1025.jpg 1536w, https:\/\/labs.100x100.net\/projects\/rutasal\/custom\/uploads\/2024\/03\/Ndp05_Origins_Foto_La-Ruta-de-la-Sal-2019_Barco-Repique-@Alfred-Farre-2048x1367.jpg 2048w\" sizes=\"(max-width: 2560px) 100vw, 2560px\" \/><p id=\"caption-attachment-9356\" class=\"wp-caption-text\">Repique de Federico Waksman &#8211; La Sal 2019 @Alfred Farre<\/p><\/div>\n<p>&nbsp;<\/p>\n<p style=\"text-align: justify;\"><span style=\"font-weight: 400;\">Al revisar la lista de inscritos e incluso el palmar\u00e9s <\/span><span style=\"font-weight: 400;\">de algunas grandes regatas oce\u00e1nicas de estos \u00faltimos tiempos podemos encontrar nombres de participantes puntuales e incluso de ganadores de \u201cLa Sal\u201d, como la denominan los m\u00e1s cercanos a ella. <\/span><\/p>\n<p style=\"text-align: justify;\"><span style=\"font-weight: 400;\">Tal es el caso de Guillermo Altadill, qui\u00e9n cuenta en su haber con nada menos que siete vueltas al mundo a vela&#8230; y ocho participaciones en La Ruta de la Sal.<\/span><\/p>\n<p style=\"text-align: justify;\"><span style=\"font-weight: 400;\"> Pachi Rivero, Alex Pella, Jordi Domenech (Peque), todos ellos con amplio recorrido en el mundo de la vela oce\u00e1nica, han sido a su vez, y a lo largo de sus 35 ediciones, participantes habituales de La Ruta de la Sal. <\/span><\/p>\n<p style=\"text-align: justify;\"><span style=\"font-weight: 400;\">Otro caso a destacar es el de Jean Christophe Petit qui\u00e9n, como patr\u00f3n del Sun Fast 3200 \u201cGilolo\u201d, gan\u00f3 la Versi\u00f3n Barcelona en el a\u00f1o 2019 y qu\u00e9 en estos momentos, a bordo del Swan 47 \u201cWhite Shadow\u201d, se encuentra dando la vuelta al mundo como participante en la Ocean Globe Race, habiendo ya doblado el m\u00edtico Cabo de Hornos a principios de febrero, siendo de hecho el \u00fanico participante con bandera espa\u00f1ola en esta regata que conmemora la primera edici\u00f3n de la ya m\u00edtica Whitbread.<\/span><\/p>\n<div id=\"attachment_9359\" style=\"width: 910px\" class=\"wp-caption aligncenter\"><img loading=\"lazy\" decoding=\"async\" aria-describedby=\"caption-attachment-9359\" class=\"wp-image-9359 size-full\" src=\"http:\/\/larutadelasal.com\/custom\/uploads\/2024\/03\/Jean-Christophe-Petit-La-Sal-2019.jpg\" alt=\"\" width=\"900\" height=\"601\" srcset=\"https:\/\/labs.100x100.net\/projects\/rutasal\/custom\/uploads\/2024\/03\/Jean-Christophe-Petit-La-Sal-2019.jpg 900w, https:\/\/labs.100x100.net\/projects\/rutasal\/custom\/uploads\/2024\/03\/Jean-Christophe-Petit-La-Sal-2019-300x200.jpg 300w, https:\/\/labs.100x100.net\/projects\/rutasal\/custom\/uploads\/2024\/03\/Jean-Christophe-Petit-La-Sal-2019-768x513.jpg 768w\" sizes=\"(max-width: 900px) 100vw, 900px\" \/><p id=\"caption-attachment-9359\" class=\"wp-caption-text\">Segundo de la derecha: Jean Christophe Petit- Ganador absoluto Versi\u00f3n Barcelona La Sal 2019 @Alfred Farr\u00e9<\/p><\/div>\n<p>&nbsp;<\/p>\n<p style=\"text-align: justify;\"><span style=\"font-weight: 400;\">Y doble triunfo de \u201csaleros\u201d en la dura Mini Transat 2023, la del espa\u00f1ol Carlos Manera, participante en La Ruta de la Sal en sus a\u00f1os j\u00f3venes y que ha logrado un m\u00e1s que merecido y disputado segundo puesto en la clasificaci\u00f3n de esta dura regata oce\u00e1nica reservado a barcos de 6,50 m. de eslora, y el del uruguayo Federico Waksman, qui\u00e9n se ha erigido como ganador absoluto de la misma y cuyo nombre consta a su vez en el palmar\u00e9s de La Ruta de la Sal en su condici\u00f3n de vencedor en la categor\u00eda A Dos de la versi\u00f3n Barcelona disputada en el a\u00f1o 2019, a bordo de su Pogo 2 de nombre \u201cRepique\u201d.<\/span><\/p>\n<p style=\"text-align: justify;\"><span style=\"font-weight: 400;\">Precisamente ese a\u00f1o el parte meteorol\u00f3gico no pod\u00eda ser m\u00e1s adverso, por lo que a los organizadores de La Ruta de la Sal les sorprendi\u00f3 recibir una llamada de \u00faltima hora solicitando la inscripci\u00f3n a la misma. Al preguntarle al patr\u00f3n si ten\u00eda constancia de dichas predicciones, su respuesta fue tajante: \u201cs\u00ed las conozco, precisamente por eso quiero apuntarme\u201d. Obviamente, se trataba de Federico Waksman, qui\u00e9n no tan solo particip\u00f3, sino que gan\u00f3 en su cateogr\u00eda.<\/span><\/p>\n<div id=\"attachment_8893\" style=\"width: 1210px\" class=\"wp-caption alignnone\"><img loading=\"lazy\" decoding=\"async\" aria-describedby=\"caption-attachment-8893\" class=\"wp-image-8893 size-full\" src=\"http:\/\/larutadelasal.com\/custom\/uploads\/2024\/01\/LaRuta2023-Alfred-Farre-1.jpg\" alt=\"\" width=\"1200\" height=\"757\" srcset=\"https:\/\/labs.100x100.net\/projects\/rutasal\/custom\/uploads\/2024\/01\/LaRuta2023-Alfred-Farre-1.jpg 1200w, https:\/\/labs.100x100.net\/projects\/rutasal\/custom\/uploads\/2024\/01\/LaRuta2023-Alfred-Farre-1-300x189.jpg 300w, https:\/\/labs.100x100.net\/projects\/rutasal\/custom\/uploads\/2024\/01\/LaRuta2023-Alfred-Farre-1-1024x646.jpg 1024w, https:\/\/labs.100x100.net\/projects\/rutasal\/custom\/uploads\/2024\/01\/LaRuta2023-Alfred-Farre-1-768x484.jpg 768w\" sizes=\"(max-width: 1200px) 100vw, 1200px\" \/><p id=\"caption-attachment-8893\" class=\"wp-caption-text\">Guillermo Altadill &#8211; La Sal 2023 @Alfred Farr\u00e9<\/p><\/div>\n","protected":false},"excerpt":{"rendered":"<p>&nbsp; Al revisar la lista de inscritos e incluso el palmar\u00e9s de algunas grandes regatas oce\u00e1nicas de estos \u00faltimos tiempos podemos encontrar nombres de participantes puntuales e incluso de ganadores de \u201cLa Sal\u201d, como la denominan los m\u00e1s cercanos a ella. Tal es el caso de Guillermo Altadill, qui\u00e9n cuenta en su haber con nada [&hellip;]<\/p>\n","protected":false},"author":7,"featured_media":9356,"comment_status":"open","ping_status":"open","sticky":false,"template":"","format":"standard","meta":{"_acf_changed":false,"footnotes":""},"categories":[3],"tags":[],"acf":[],"yoast_head":"<!-- This site is optimized with the Yoast SEO plugin v23.0 - https:\/\/yoast.com\/wordpress\/plugins\/seo\/ -->\n<title>Navegantes estelares entre los participantes de las \u00faltimas ediciones de La Ruta de La Sal<\/title>\n<meta name=\"robots\" content=\"noindex, follow, max-snippet:-1, max-image-preview:large, max-video-preview:-1\" \/>\n<meta property=\"og:locale\" content=\"es_ES\" \/>\n<meta property=\"og:type\" content=\"article\" \/>\n<meta property=\"og:title\" content=\"Navegantes estelares entre los participantes de las \u00faltimas ediciones de La Ruta de La Sal\" \/>\n<meta property=\"og:description\" content=\"&nbsp; Al revisar la lista de inscritos e incluso el palmar\u00e9s de algunas grandes regatas oce\u00e1nicas de estos \u00faltimos tiempos podemos encontrar nombres de participantes puntuales e incluso de ganadores de \u201cLa Sal\u201d, como la denominan los m\u00e1s cercanos a ella. Tal es el caso de Guillermo Altadill, qui\u00e9n cuenta en su haber con nada [&hellip;]\" \/>\n<meta property=\"og:url\" content=\"https:\/\/labs.100x100.net\/projects\/rutasal\/navegantes-de-renombre\/\" \/>\n<meta property=\"og:site_name\" content=\"Regata La Ruta de la Sal\" \/>\n<meta property=\"article:publisher\" content=\"https:\/\/www.facebook.com\/rutadelasal\/\" \/>\n<meta property=\"article:published_time\" content=\"2024-03-06T17:20:41+00:00\" \/>\n<meta property=\"article:modified_time\" content=\"2024-03-07T18:18:35+00:00\" \/>\n<meta property=\"og:image\" content=\"https:\/\/labs.100x100.net\/projects\/rutasal\/custom\/uploads\/2024\/03\/Ndp05_Origins_Foto_La-Ruta-de-la-Sal-2019_Barco-Repique-@Alfred-Farre-scaled.jpg\" \/>\n\t<meta property=\"og:image:width\" content=\"2560\" \/>\n\t<meta property=\"og:image:height\" content=\"1709\" \/>\n\t<meta property=\"og:image:type\" content=\"image\/jpeg\" \/>\n<meta name=\"author\" content=\"Valentina Libri\" \/>\n<meta name=\"twitter:card\" content=\"summary_large_image\" \/>\n<meta name=\"twitter:creator\" content=\"@AnamMedi\" \/>\n<meta name=\"twitter:site\" content=\"@AnamMedi\" \/>\n<meta name=\"twitter:label1\" content=\"Escrito por\" \/>\n\t<meta name=\"twitter:data1\" content=\"Valentina Libri\" \/>\n\t<meta name=\"twitter:label2\" content=\"Tiempo de lectura\" \/>\n\t<meta name=\"twitter:data2\" content=\"3 minutos\" \/>\n<script type=\"application\/ld+json\" class=\"yoast-schema-graph\">{\"@context\":\"https:\/\/schema.org\",\"@graph\":[{\"@type\":\"WebPage\",\"@id\":\"https:\/\/labs.100x100.net\/projects\/rutasal\/navegantes-de-renombre\/\",\"url\":\"https:\/\/labs.100x100.net\/projects\/rutasal\/navegantes-de-renombre\/\",\"name\":\"Navegantes estelares entre los participantes de las \u00faltimas ediciones de La Ruta de La Sal\",\"isPartOf\":{\"@id\":\"https:\/\/labs.100x100.net\/projects\/rutasal\/#website\"},\"primaryImageOfPage\":{\"@id\":\"https:\/\/labs.100x100.net\/projects\/rutasal\/navegantes-de-renombre\/#primaryimage\"},\"image\":{\"@id\":\"https:\/\/labs.100x100.net\/projects\/rutasal\/navegantes-de-renombre\/#primaryimage\"},\"thumbnailUrl\":\"https:\/\/labs.100x100.net\/projects\/rutasal\/custom\/uploads\/2024\/03\/Ndp05_Origins_Foto_La-Ruta-de-la-Sal-2019_Barco-Repique-@Alfred-Farre-scaled.jpg\",\"datePublished\":\"2024-03-06T17:20:41+00:00\",\"dateModified\":\"2024-03-07T18:18:35+00:00\",\"author\":{\"@id\":\"https:\/\/labs.100x100.net\/projects\/rutasal\/#\/schema\/person\/78b3519b5320819eb3428bc4a4363faf\"},\"breadcrumb\":{\"@id\":\"https:\/\/labs.100x100.net\/projects\/rutasal\/navegantes-de-renombre\/#breadcrumb\"},\"inLanguage\":\"es\",\"potentialAction\":[{\"@type\":\"ReadAction\",\"target\":[\"https:\/\/labs.100x100.net\/projects\/rutasal\/navegantes-de-renombre\/\"]}]},{\"@type\":\"ImageObject\",\"inLanguage\":\"es\",\"@id\":\"https:\/\/labs.100x100.net\/projects\/rutasal\/navegantes-de-renombre\/#primaryimage\",\"url\":\"https:\/\/labs.100x100.net\/projects\/rutasal\/custom\/uploads\/2024\/03\/Ndp05_Origins_Foto_La-Ruta-de-la-Sal-2019_Barco-Repique-@Alfred-Farre-scaled.jpg\",\"contentUrl\":\"https:\/\/labs.100x100.net\/projects\/rutasal\/custom\/uploads\/2024\/03\/Ndp05_Origins_Foto_La-Ruta-de-la-Sal-2019_Barco-Repique-@Alfred-Farre-scaled.jpg\",\"width\":2560,\"height\":1709},{\"@type\":\"BreadcrumbList\",\"@id\":\"https:\/\/labs.100x100.net\/projects\/rutasal\/navegantes-de-renombre\/#breadcrumb\",\"itemListElement\":[{\"@type\":\"ListItem\",\"position\":1,\"name\":\"Portada\",\"item\":\"https:\/\/labs.100x100.net\/projects\/rutasal\/\"},{\"@type\":\"ListItem\",\"position\":2,\"name\":\"Navegantes estelares entre los participantes de las \u00faltimas ediciones de La Ruta de La Sal\"}]},{\"@type\":\"WebSite\",\"@id\":\"https:\/\/labs.100x100.net\/projects\/rutasal\/#website\",\"url\":\"https:\/\/labs.100x100.net\/projects\/rutasal\/\",\"name\":\"Regata La Ruta de la Sal\",\"description\":\"Regata La Ruta de la Sal es una regata de Altura Mediterr\u00e1nea para barcos de crucero a vela con destino en Ibiza, que se disputa anualmente en Semana Santa.\",\"potentialAction\":[{\"@type\":\"SearchAction\",\"target\":{\"@type\":\"EntryPoint\",\"urlTemplate\":\"https:\/\/labs.100x100.net\/projects\/rutasal\/?s={search_term_string}\"},\"query-input\":\"required name=search_term_string\"}],\"inLanguage\":\"es\"},{\"@type\":\"Person\",\"@id\":\"https:\/\/labs.100x100.net\/projects\/rutasal\/#\/schema\/person\/78b3519b5320819eb3428bc4a4363faf\",\"name\":\"Valentina Libri\",\"image\":{\"@type\":\"ImageObject\",\"inLanguage\":\"es\",\"@id\":\"https:\/\/labs.100x100.net\/projects\/rutasal\/#\/schema\/person\/image\/\",\"url\":\"https:\/\/secure.gravatar.com\/avatar\/99c0547d5c3f4720c6410e401af04fe2?s=96&d=mm&r=g\",\"contentUrl\":\"https:\/\/secure.gravatar.com\/avatar\/99c0547d5c3f4720c6410e401af04fe2?s=96&d=mm&r=g\",\"caption\":\"Valentina Libri\"}}]}<\/script>\n<!-- \/ Yoast SEO plugin. -->","yoast_head_json":{"title":"Navegantes estelares entre los participantes de las \u00faltimas ediciones de La Ruta de La Sal","robots":{"index":"noindex","follow":"follow","max-snippet":"max-snippet:-1","max-image-preview":"max-image-preview:large","max-video-preview":"max-video-preview:-1"},"og_locale":"es_ES","og_type":"article","og_title":"Navegantes estelares entre los participantes de las \u00faltimas ediciones de La Ruta de La Sal","og_description":"&nbsp; Al revisar la lista de inscritos e incluso el palmar\u00e9s de algunas grandes regatas oce\u00e1nicas de estos \u00faltimos tiempos podemos encontrar nombres de participantes puntuales e incluso de ganadores de \u201cLa Sal\u201d, como la denominan los m\u00e1s cercanos a ella. Tal es el caso de Guillermo Altadill, qui\u00e9n cuenta en su haber con nada [&hellip;]","og_url":"https:\/\/labs.100x100.net\/projects\/rutasal\/navegantes-de-renombre\/","og_site_name":"Regata La Ruta de la Sal","article_publisher":"https:\/\/www.facebook.com\/rutadelasal\/","article_published_time":"2024-03-06T17:20:41+00:00","article_modified_time":"2024-03-07T18:18:35+00:00","og_image":[{"width":2560,"height":1709,"url":"https:\/\/labs.100x100.net\/projects\/rutasal\/custom\/uploads\/2024\/03\/Ndp05_Origins_Foto_La-Ruta-de-la-Sal-2019_Barco-Repique-@Alfred-Farre-scaled.jpg","type":"image\/jpeg"}],"author":"Valentina Libri","twitter_card":"summary_large_image","twitter_creator":"@AnamMedi","twitter_site":"@AnamMedi","twitter_misc":{"Escrito por":"Valentina Libri","Tiempo de lectura":"3 minutos"},"schema":{"@context":"https:\/\/schema.org","@graph":[{"@type":"WebPage","@id":"https:\/\/labs.100x100.net\/projects\/rutasal\/navegantes-de-renombre\/","url":"https:\/\/labs.100x100.net\/projects\/rutasal\/navegantes-de-renombre\/","name":"Navegantes estelares entre los participantes de las \u00faltimas ediciones de La Ruta de La Sal","isPartOf":{"@id":"https:\/\/labs.100x100.net\/projects\/rutasal\/#website"},"primaryImageOfPage":{"@id":"https:\/\/labs.100x100.net\/projects\/rutasal\/navegantes-de-renombre\/#primaryimage"},"image":{"@id":"https:\/\/labs.100x100.net\/projects\/rutasal\/navegantes-de-renombre\/#primaryimage"},"thumbnailUrl":"https:\/\/labs.100x100.net\/projects\/rutasal\/custom\/uploads\/2024\/03\/Ndp05_Origins_Foto_La-Ruta-de-la-Sal-2019_Barco-Repique-@Alfred-Farre-scaled.jpg","datePublished":"2024-03-06T17:20:41+00:00","dateModified":"2024-03-07T18:18:35+00:00","author":{"@id":"https:\/\/labs.100x100.net\/projects\/rutasal\/#\/schema\/person\/78b3519b5320819eb3428bc4a4363faf"},"breadcrumb":{"@id":"https:\/\/labs.100x100.net\/projects\/rutasal\/navegantes-de-renombre\/#breadcrumb"},"inLanguage":"es","potentialAction":[{"@type":"ReadAction","target":["https:\/\/labs.100x100.net\/projects\/rutasal\/navegantes-de-renombre\/"]}]},{"@type":"ImageObject","inLanguage":"es","@id":"https:\/\/labs.100x100.net\/projects\/rutasal\/navegantes-de-renombre\/#primaryimage","url":"https:\/\/labs.100x100.net\/projects\/rutasal\/custom\/uploads\/2024\/03\/Ndp05_Origins_Foto_La-Ruta-de-la-Sal-2019_Barco-Repique-@Alfred-Farre-scaled.jpg","contentUrl":"https:\/\/labs.100x100.net\/projects\/rutasal\/custom\/uploads\/2024\/03\/Ndp05_Origins_Foto_La-Ruta-de-la-Sal-2019_Barco-Repique-@Alfred-Farre-scaled.jpg","width":2560,"height":1709},{"@type":"BreadcrumbList","@id":"https:\/\/labs.100x100.net\/projects\/rutasal\/navegantes-de-renombre\/#breadcrumb","itemListElement":[{"@type":"ListItem","position":1,"name":"Portada","item":"https:\/\/labs.100x100.net\/projects\/rutasal\/"},{"@type":"ListItem","position":2,"name":"Navegantes estelares entre los participantes de las \u00faltimas ediciones de La Ruta de La Sal"}]},{"@type":"WebSite","@id":"https:\/\/labs.100x100.net\/projects\/rutasal\/#website","url":"https:\/\/labs.100x100.net\/projects\/rutasal\/","name":"Regata La Ruta de la Sal","description":"Regata La Ruta de la Sal es una regata de Altura Mediterr\u00e1nea para barcos de crucero a vela con destino en Ibiza, que se disputa anualmente en Semana Santa.","potentialAction":[{"@type":"SearchAction","target":{"@type":"EntryPoint","urlTemplate":"https:\/\/labs.100x100.net\/projects\/rutasal\/?s={search_term_string}"},"query-input":"required name=search_term_string"}],"inLanguage":"es"},{"@type":"Person","@id":"https:\/\/labs.100x100.net\/projects\/rutasal\/#\/schema\/person\/78b3519b5320819eb3428bc4a4363faf","name":"Valentina Libri","image":{"@type":"ImageObject","inLanguage":"es","@id":"https:\/\/labs.100x100.net\/projects\/rutasal\/#\/schema\/person\/image\/","url":"https:\/\/secure.gravatar.com\/avatar\/99c0547d5c3f4720c6410e401af04fe2?s=96&d=mm&r=g","contentUrl":"https:\/\/secure.gravatar.com\/avatar\/99c0547d5c3f4720c6410e401af04fe2?s=96&d=mm&r=g","caption":"Valentina Libri"}}]}},"_links":{"self":[{"href":"https:\/\/labs.100x100.net\/projects\/rutasal\/wp-json\/wp\/v2\/posts\/9355"}],"collection":[{"href":"https:\/\/labs.100x100.net\/projects\/rutasal\/wp-json\/wp\/v2\/posts"}],"about":[{"href":"https:\/\/labs.100x100.net\/projects\/rutasal\/wp-json\/wp\/v2\/types\/post"}],"author":[{"embeddable":true,"href":"https:\/\/labs.100x100.net\/projects\/rutasal\/wp-json\/wp\/v2\/users\/7"}],"replies":[{"embeddable":true,"href":"https:\/\/labs.100x100.net\/projects\/rutasal\/wp-json\/wp\/v2\/comments?post=9355"}],"version-history":[{"count":4,"href":"https:\/\/labs.100x100.net\/projects\/rutasal\/wp-json\/wp\/v2\/posts\/9355\/revisions"}],"predecessor-version":[{"id":9438,"href":"https:\/\/labs.100x100.net\/projects\/rutasal\/wp-json\/wp\/v2\/posts\/9355\/revisions\/9438"}],"wp:featuredmedia":[{"embeddable":true,"href":"https:\/\/labs.100x100.net\/projects\/rutasal\/wp-json\/wp\/v2\/media\/9356"}],"wp:attachment":[{"href":"https:\/\/labs.100x100.net\/projects\/rutasal\/wp-json\/wp\/v2\/media?parent=9355"}],"wp:term":[{"taxonomy":"category","embeddable":true,"href":"https:\/\/labs.100x100.net\/projects\/rutasal\/wp-json\/wp\/v2\/categories?post=9355"},{"taxonomy":"post_tag","embeddable":true,"href":"https:\/\/labs.100x100.net\/projects\/rutasal\/wp-json\/wp\/v2\/tags?post=9355"}],"curies":[{"name":"wp","href":"https:\/\/api.w.org\/{rel}","templated":true}]}}