{"id":9077,"date":"2024-02-17T12:23:45","date_gmt":"2024-02-17T10:23:45","guid":{"rendered":"https:\/\/larutadelasal.com\/?p=9077"},"modified":"2024-02-17T16:33:08","modified_gmt":"2024-02-17T14:33:08","slug":"patrocinio-globesailor","status":"publish","type":"post","link":"https:\/\/labs.100x100.net\/projects\/rutasal\/patrocinio-globesailor\/","title":{"rendered":"GlobeSailor renueva su patrocinio de La Ruta de la Sal y ve crecer la participaci\u00f3n en la categor\u00eda que lleva su nombre"},"content":{"rendered":"<div id=\"attachment_9091\" style=\"width: 2570px\" class=\"wp-caption alignnone\"><img loading=\"lazy\" decoding=\"async\" aria-describedby=\"caption-attachment-9091\" class=\"wp-image-9091 size-full\" src=\"http:\/\/larutadelasal.com\/custom\/uploads\/2024\/02\/equipo-GlobeSailor2-scaled.jpeg\" alt=\"\" width=\"2560\" height=\"1649\" srcset=\"https:\/\/labs.100x100.net\/projects\/rutasal\/custom\/uploads\/2024\/02\/equipo-GlobeSailor2-scaled.jpeg 2560w, https:\/\/labs.100x100.net\/projects\/rutasal\/custom\/uploads\/2024\/02\/equipo-GlobeSailor2-300x193.jpeg 300w, https:\/\/labs.100x100.net\/projects\/rutasal\/custom\/uploads\/2024\/02\/equipo-GlobeSailor2-1024x660.jpeg 1024w, https:\/\/labs.100x100.net\/projects\/rutasal\/custom\/uploads\/2024\/02\/equipo-GlobeSailor2-768x495.jpeg 768w, https:\/\/labs.100x100.net\/projects\/rutasal\/custom\/uploads\/2024\/02\/equipo-GlobeSailor2-1536x989.jpeg 1536w, https:\/\/labs.100x100.net\/projects\/rutasal\/custom\/uploads\/2024\/02\/equipo-GlobeSailor2-2048x1319.jpeg 2048w\" sizes=\"(max-width: 2560px) 100vw, 2560px\" \/><p id=\"caption-attachment-9091\" class=\"wp-caption-text\">Equipo de GlobeSailor<\/p><\/div>\n<p style=\"text-align: justify;\"><span style=\"font-weight: 400;\">La flota de barcos de lista 6\u00aa que conformaron la categor\u00eda GlobeSailor en La Ruta de la Sal del pasado a\u00f1o, en su Versi\u00f3n Barcelona, se va a ver seguramente incrementada en esta nueva edici\u00f3n, al haber ya casi igualado las preinscripciones dicha cifra, a falta de m\u00e1s de un mes para el inicio de la regata. Hay claros indicios, a su vez, de que en esta ocasi\u00f3n tambi\u00e9n se podr\u00e1 formar la categor\u00eda GlobeSailor en la Versi\u00f3n Denia.<\/span><\/p>\n<p style=\"text-align: justify;\"><span style=\"font-weight: 400;\">Este a\u00f1o tambi\u00e9n, <a href=\"https:\/\/www.globesailor.es\/\">GlobeSailor<\/a>, patrocinadora de La Ruta de la Sal desde 2019 y promotora de la participaci\u00f3n en ella de la siempre creciente flota de barcos de lista 6\u00aa dedicados al charter, organiza un sorteo cuyo premio, que est\u00e1 a\u00fan por definir,<\/span><span style=\"font-weight: 400;\">\u00a0puede recaer en cualquiera de los participantes de La Ruta de la Sal al que le sonr\u00eda el azar.<\/span><\/p>\n<p style=\"text-align: justify;\"><span style=\"font-weight: 400;\">Con sede en Par\u00eds y creada en el a\u00f1o 2008, <a href=\"https:\/\/www.globesailor.es\/\">GlobeSailor<\/a> es una de las principales agencias de alquiler de barcos que abarca todo el mundo, disponiendo para ello de un potente motor de b\u00fasqueda que referencia a miles de barcos de un sinf\u00edn de empresas de alquiler en m\u00e1s de 180 destinos.\u00a0<\/span><\/p>\n<p style=\"text-align: justify;\"><span style=\"font-weight: 400;\">Actualmente, <a href=\"https:\/\/www.globesailor.es\/\">GlobeSailor<\/a> ampl\u00eda las ventajas de llevar a cabo las reservas de charter a trav\u00e9s de su plataforma al ofrecer, de forma gratuita, a cuantos optan por contar con sus expertos servicios, diversas aplicaciones que facilitan la navegaci\u00f3n y refuerzan la seguridad a bordo, como son Navily, Savvy Navvy y Meteo Consult, as\u00ed como la suscripci\u00f3n a la revista n\u00e1utica Skipper durante todo un a\u00f1o.\u00a0\u00a0<\/span><\/p>\n<p style=\"text-align: justify;\"><span style=\"font-weight: 400;\">Para obtener m\u00e1s informaci\u00f3n sobre las significativas ventajas de reservar un charter con GlobeSailor, haz clic en el siguiente enlace: <a href=\"https:\/\/blog.globesailor.es\/ahora-hay-mas-ventajas-al-reservar-con-globesailor\/\">Ahora m\u00e1s ventajas al alquilar con GlobeSailor<\/a>\u00a0<\/span><\/p>\n<div id=\"attachment_9099\" style=\"width: 1210px\" class=\"wp-caption alignnone\"><img loading=\"lazy\" decoding=\"async\" aria-describedby=\"caption-attachment-9099\" class=\"wp-image-9099 size-full\" src=\"http:\/\/larutadelasal.com\/custom\/uploads\/2024\/02\/Equitat.jpg\" alt=\"\" width=\"1200\" height=\"801\" srcset=\"https:\/\/labs.100x100.net\/projects\/rutasal\/custom\/uploads\/2024\/02\/Equitat.jpg 1200w, https:\/\/labs.100x100.net\/projects\/rutasal\/custom\/uploads\/2024\/02\/Equitat-300x200.jpg 300w, https:\/\/labs.100x100.net\/projects\/rutasal\/custom\/uploads\/2024\/02\/Equitat-1024x684.jpg 1024w, https:\/\/labs.100x100.net\/projects\/rutasal\/custom\/uploads\/2024\/02\/Equitat-768x513.jpg 768w\" sizes=\"(max-width: 1200px) 100vw, 1200px\" \/><p id=\"caption-attachment-9099\" class=\"wp-caption-text\">Aquitat III, Sun Odissey 49 de Yacht Point Barcelona. Ganador en numerosas ocasiones de la Categor\u00eda GlobeSailor.<\/p><\/div>\n<p><span style=\"font-weight: 400;\">\u00a0<\/span><\/p>\n","protected":false},"excerpt":{"rendered":"<p>La flota de barcos de lista 6\u00aa que conformaron la categor\u00eda GlobeSailor en La Ruta de la Sal del pasado a\u00f1o, en su Versi\u00f3n Barcelona, se va a ver seguramente incrementada en esta nueva edici\u00f3n, al haber ya casi igualado las preinscripciones dicha cifra, a falta de m\u00e1s de un mes para el inicio de [&hellip;]<\/p>\n","protected":false},"author":7,"featured_media":9091,"comment_status":"open","ping_status":"open","sticky":false,"template":"","format":"standard","meta":{"_acf_changed":false,"footnotes":""},"categories":[3],"tags":[],"acf":[],"yoast_head":"<!-- This site is optimized with the Yoast SEO plugin v23.0 - https:\/\/yoast.com\/wordpress\/plugins\/seo\/ -->\n<title>GlobeSailor renueva su patrocinio de La Ruta de la Sal y ve crecer la participaci\u00f3n en la categor\u00eda que lleva su nombre<\/title>\n<meta name=\"description\" content=\"A m\u00e1s de un mes de la salida, la Categor\u00eda GlobeSailor, dedicada a embarcaciones escuela y de charter, se formar\u00e1 tanto en Barcelona como en Denia.\" \/>\n<meta name=\"robots\" content=\"noindex, follow, max-snippet:-1, max-image-preview:large, max-video-preview:-1\" \/>\n<meta property=\"og:locale\" content=\"es_ES\" \/>\n<meta property=\"og:type\" content=\"article\" \/>\n<meta property=\"og:title\" content=\"GlobeSailor renueva su patrocinio de La Ruta de la Sal y ve crecer la participaci\u00f3n en la categor\u00eda que lleva su nombre\" \/>\n<meta property=\"og:description\" content=\"A m\u00e1s de un mes de la salida, la Categor\u00eda GlobeSailor, dedicada a embarcaciones escuela y de charter, se formar\u00e1 tanto en Barcelona como en Denia.\" \/>\n<meta property=\"og:url\" content=\"https:\/\/labs.100x100.net\/projects\/rutasal\/patrocinio-globesailor\/\" \/>\n<meta property=\"og:site_name\" content=\"Regata La Ruta de la Sal\" \/>\n<meta property=\"article:publisher\" content=\"https:\/\/www.facebook.com\/rutadelasal\/\" \/>\n<meta property=\"article:published_time\" content=\"2024-02-17T10:23:45+00:00\" \/>\n<meta property=\"article:modified_time\" content=\"2024-02-17T14:33:08+00:00\" \/>\n<meta property=\"og:image\" content=\"https:\/\/labs.100x100.net\/projects\/rutasal\/custom\/uploads\/2024\/02\/equipo-GlobeSailor2-scaled.jpeg\" \/>\n\t<meta property=\"og:image:width\" content=\"2560\" \/>\n\t<meta property=\"og:image:height\" content=\"1649\" \/>\n\t<meta property=\"og:image:type\" content=\"image\/jpeg\" \/>\n<meta name=\"author\" content=\"Valentina Libri\" \/>\n<meta name=\"twitter:card\" content=\"summary_large_image\" \/>\n<meta name=\"twitter:creator\" content=\"@AnamMedi\" \/>\n<meta name=\"twitter:site\" content=\"@AnamMedi\" \/>\n<meta name=\"twitter:label1\" content=\"Escrito por\" \/>\n\t<meta name=\"twitter:data1\" content=\"Valentina Libri\" \/>\n\t<meta name=\"twitter:label2\" content=\"Tiempo de lectura\" \/>\n\t<meta name=\"twitter:data2\" content=\"2 minutos\" \/>\n<script type=\"application\/ld+json\" class=\"yoast-schema-graph\">{\"@context\":\"https:\/\/schema.org\",\"@graph\":[{\"@type\":\"WebPage\",\"@id\":\"https:\/\/labs.100x100.net\/projects\/rutasal\/patrocinio-globesailor\/\",\"url\":\"https:\/\/labs.100x100.net\/projects\/rutasal\/patrocinio-globesailor\/\",\"name\":\"GlobeSailor renueva su patrocinio de La Ruta de la Sal y ve crecer la participaci\u00f3n en la categor\u00eda que lleva su nombre\",\"isPartOf\":{\"@id\":\"https:\/\/labs.100x100.net\/projects\/rutasal\/#website\"},\"primaryImageOfPage\":{\"@id\":\"https:\/\/labs.100x100.net\/projects\/rutasal\/patrocinio-globesailor\/#primaryimage\"},\"image\":{\"@id\":\"https:\/\/labs.100x100.net\/projects\/rutasal\/patrocinio-globesailor\/#primaryimage\"},\"thumbnailUrl\":\"https:\/\/labs.100x100.net\/projects\/rutasal\/custom\/uploads\/2024\/02\/equipo-GlobeSailor2-scaled.jpeg\",\"datePublished\":\"2024-02-17T10:23:45+00:00\",\"dateModified\":\"2024-02-17T14:33:08+00:00\",\"author\":{\"@id\":\"https:\/\/labs.100x100.net\/projects\/rutasal\/#\/schema\/person\/78b3519b5320819eb3428bc4a4363faf\"},\"description\":\"A m\u00e1s de un mes de la salida, la Categor\u00eda GlobeSailor, dedicada a embarcaciones escuela y de charter, se formar\u00e1 tanto en Barcelona como en Denia.\",\"breadcrumb\":{\"@id\":\"https:\/\/labs.100x100.net\/projects\/rutasal\/patrocinio-globesailor\/#breadcrumb\"},\"inLanguage\":\"es\",\"potentialAction\":[{\"@type\":\"ReadAction\",\"target\":[\"https:\/\/labs.100x100.net\/projects\/rutasal\/patrocinio-globesailor\/\"]}]},{\"@type\":\"ImageObject\",\"inLanguage\":\"es\",\"@id\":\"https:\/\/labs.100x100.net\/projects\/rutasal\/patrocinio-globesailor\/#primaryimage\",\"url\":\"https:\/\/labs.100x100.net\/projects\/rutasal\/custom\/uploads\/2024\/02\/equipo-GlobeSailor2-scaled.jpeg\",\"contentUrl\":\"https:\/\/labs.100x100.net\/projects\/rutasal\/custom\/uploads\/2024\/02\/equipo-GlobeSailor2-scaled.jpeg\",\"width\":2560,\"height\":1649},{\"@type\":\"BreadcrumbList\",\"@id\":\"https:\/\/labs.100x100.net\/projects\/rutasal\/patrocinio-globesailor\/#breadcrumb\",\"itemListElement\":[{\"@type\":\"ListItem\",\"position\":1,\"name\":\"Portada\",\"item\":\"https:\/\/labs.100x100.net\/projects\/rutasal\/\"},{\"@type\":\"ListItem\",\"position\":2,\"name\":\"GlobeSailor renueva su patrocinio de La Ruta de la Sal y ve crecer la participaci\u00f3n en la categor\u00eda que lleva su nombre\"}]},{\"@type\":\"WebSite\",\"@id\":\"https:\/\/labs.100x100.net\/projects\/rutasal\/#website\",\"url\":\"https:\/\/labs.100x100.net\/projects\/rutasal\/\",\"name\":\"Regata La Ruta de la Sal\",\"description\":\"Regata La Ruta de la Sal es una regata de Altura Mediterr\u00e1nea para barcos de crucero a vela con destino en Ibiza, que se disputa anualmente en Semana Santa.\",\"potentialAction\":[{\"@type\":\"SearchAction\",\"target\":{\"@type\":\"EntryPoint\",\"urlTemplate\":\"https:\/\/labs.100x100.net\/projects\/rutasal\/?s={search_term_string}\"},\"query-input\":\"required name=search_term_string\"}],\"inLanguage\":\"es\"},{\"@type\":\"Person\",\"@id\":\"https:\/\/labs.100x100.net\/projects\/rutasal\/#\/schema\/person\/78b3519b5320819eb3428bc4a4363faf\",\"name\":\"Valentina Libri\",\"image\":{\"@type\":\"ImageObject\",\"inLanguage\":\"es\",\"@id\":\"https:\/\/labs.100x100.net\/projects\/rutasal\/#\/schema\/person\/image\/\",\"url\":\"https:\/\/secure.gravatar.com\/avatar\/99c0547d5c3f4720c6410e401af04fe2?s=96&d=mm&r=g\",\"contentUrl\":\"https:\/\/secure.gravatar.com\/avatar\/99c0547d5c3f4720c6410e401af04fe2?s=96&d=mm&r=g\",\"caption\":\"Valentina Libri\"}}]}<\/script>\n<!-- \/ Yoast SEO plugin. -->","yoast_head_json":{"title":"GlobeSailor renueva su patrocinio de La Ruta de la Sal y ve crecer la participaci\u00f3n en la categor\u00eda que lleva su nombre","description":"A m\u00e1s de un mes de la salida, la Categor\u00eda GlobeSailor, dedicada a embarcaciones escuela y de charter, se formar\u00e1 tanto en Barcelona como en Denia.","robots":{"index":"noindex","follow":"follow","max-snippet":"max-snippet:-1","max-image-preview":"max-image-preview:large","max-video-preview":"max-video-preview:-1"},"og_locale":"es_ES","og_type":"article","og_title":"GlobeSailor renueva su patrocinio de La Ruta de la Sal y ve crecer la participaci\u00f3n en la categor\u00eda que lleva su nombre","og_description":"A m\u00e1s de un mes de la salida, la Categor\u00eda GlobeSailor, dedicada a embarcaciones escuela y de charter, se formar\u00e1 tanto en Barcelona como en Denia.","og_url":"https:\/\/labs.100x100.net\/projects\/rutasal\/patrocinio-globesailor\/","og_site_name":"Regata La Ruta de la Sal","article_publisher":"https:\/\/www.facebook.com\/rutadelasal\/","article_published_time":"2024-02-17T10:23:45+00:00","article_modified_time":"2024-02-17T14:33:08+00:00","og_image":[{"width":2560,"height":1649,"url":"https:\/\/labs.100x100.net\/projects\/rutasal\/custom\/uploads\/2024\/02\/equipo-GlobeSailor2-scaled.jpeg","type":"image\/jpeg"}],"author":"Valentina Libri","twitter_card":"summary_large_image","twitter_creator":"@AnamMedi","twitter_site":"@AnamMedi","twitter_misc":{"Escrito por":"Valentina Libri","Tiempo de lectura":"2 minutos"},"schema":{"@context":"https:\/\/schema.org","@graph":[{"@type":"WebPage","@id":"https:\/\/labs.100x100.net\/projects\/rutasal\/patrocinio-globesailor\/","url":"https:\/\/labs.100x100.net\/projects\/rutasal\/patrocinio-globesailor\/","name":"GlobeSailor renueva su patrocinio de La Ruta de la Sal y ve crecer la participaci\u00f3n en la categor\u00eda que lleva su nombre","isPartOf":{"@id":"https:\/\/labs.100x100.net\/projects\/rutasal\/#website"},"primaryImageOfPage":{"@id":"https:\/\/labs.100x100.net\/projects\/rutasal\/patrocinio-globesailor\/#primaryimage"},"image":{"@id":"https:\/\/labs.100x100.net\/projects\/rutasal\/patrocinio-globesailor\/#primaryimage"},"thumbnailUrl":"https:\/\/labs.100x100.net\/projects\/rutasal\/custom\/uploads\/2024\/02\/equipo-GlobeSailor2-scaled.jpeg","datePublished":"2024-02-17T10:23:45+00:00","dateModified":"2024-02-17T14:33:08+00:00","author":{"@id":"https:\/\/labs.100x100.net\/projects\/rutasal\/#\/schema\/person\/78b3519b5320819eb3428bc4a4363faf"},"description":"A m\u00e1s de un mes de la salida, la Categor\u00eda GlobeSailor, dedicada a embarcaciones escuela y de charter, se formar\u00e1 tanto en Barcelona como en Denia.","breadcrumb":{"@id":"https:\/\/labs.100x100.net\/projects\/rutasal\/patrocinio-globesailor\/#breadcrumb"},"inLanguage":"es","potentialAction":[{"@type":"ReadAction","target":["https:\/\/labs.100x100.net\/projects\/rutasal\/patrocinio-globesailor\/"]}]},{"@type":"ImageObject","inLanguage":"es","@id":"https:\/\/labs.100x100.net\/projects\/rutasal\/patrocinio-globesailor\/#primaryimage","url":"https:\/\/labs.100x100.net\/projects\/rutasal\/custom\/uploads\/2024\/02\/equipo-GlobeSailor2-scaled.jpeg","contentUrl":"https:\/\/labs.100x100.net\/projects\/rutasal\/custom\/uploads\/2024\/02\/equipo-GlobeSailor2-scaled.jpeg","width":2560,"height":1649},{"@type":"BreadcrumbList","@id":"https:\/\/labs.100x100.net\/projects\/rutasal\/patrocinio-globesailor\/#breadcrumb","itemListElement":[{"@type":"ListItem","position":1,"name":"Portada","item":"https:\/\/labs.100x100.net\/projects\/rutasal\/"},{"@type":"ListItem","position":2,"name":"GlobeSailor renueva su patrocinio de La Ruta de la Sal y ve crecer la participaci\u00f3n en la categor\u00eda que lleva su nombre"}]},{"@type":"WebSite","@id":"https:\/\/labs.100x100.net\/projects\/rutasal\/#website","url":"https:\/\/labs.100x100.net\/projects\/rutasal\/","name":"Regata La Ruta de la Sal","description":"Regata La Ruta de la Sal es una regata de Altura Mediterr\u00e1nea para barcos de crucero a vela con destino en Ibiza, que se disputa anualmente en Semana Santa.","potentialAction":[{"@type":"SearchAction","target":{"@type":"EntryPoint","urlTemplate":"https:\/\/labs.100x100.net\/projects\/rutasal\/?s={search_term_string}"},"query-input":"required name=search_term_string"}],"inLanguage":"es"},{"@type":"Person","@id":"https:\/\/labs.100x100.net\/projects\/rutasal\/#\/schema\/person\/78b3519b5320819eb3428bc4a4363faf","name":"Valentina Libri","image":{"@type":"ImageObject","inLanguage":"es","@id":"https:\/\/labs.100x100.net\/projects\/rutasal\/#\/schema\/person\/image\/","url":"https:\/\/secure.gravatar.com\/avatar\/99c0547d5c3f4720c6410e401af04fe2?s=96&d=mm&r=g","contentUrl":"https:\/\/secure.gravatar.com\/avatar\/99c0547d5c3f4720c6410e401af04fe2?s=96&d=mm&r=g","caption":"Valentina Libri"}}]}},"_links":{"self":[{"href":"https:\/\/labs.100x100.net\/projects\/rutasal\/wp-json\/wp\/v2\/posts\/9077"}],"collection":[{"href":"https:\/\/labs.100x100.net\/projects\/rutasal\/wp-json\/wp\/v2\/posts"}],"about":[{"href":"https:\/\/labs.100x100.net\/projects\/rutasal\/wp-json\/wp\/v2\/types\/post"}],"author":[{"embeddable":true,"href":"https:\/\/labs.100x100.net\/projects\/rutasal\/wp-json\/wp\/v2\/users\/7"}],"replies":[{"embeddable":true,"href":"https:\/\/labs.100x100.net\/projects\/rutasal\/wp-json\/wp\/v2\/comments?post=9077"}],"version-history":[{"count":9,"href":"https:\/\/labs.100x100.net\/projects\/rutasal\/wp-json\/wp\/v2\/posts\/9077\/revisions"}],"predecessor-version":[{"id":9103,"href":"https:\/\/labs.100x100.net\/projects\/rutasal\/wp-json\/wp\/v2\/posts\/9077\/revisions\/9103"}],"wp:featuredmedia":[{"embeddable":true,"href":"https:\/\/labs.100x100.net\/projects\/rutasal\/wp-json\/wp\/v2\/media\/9091"}],"wp:attachment":[{"href":"https:\/\/labs.100x100.net\/projects\/rutasal\/wp-json\/wp\/v2\/media?parent=9077"}],"wp:term":[{"taxonomy":"category","embeddable":true,"href":"https:\/\/labs.100x100.net\/projects\/rutasal\/wp-json\/wp\/v2\/categories?post=9077"},{"taxonomy":"post_tag","embeddable":true,"href":"https:\/\/labs.100x100.net\/projects\/rutasal\/wp-json\/wp\/v2\/tags?post=9077"}],"curies":[{"name":"wp","href":"https:\/\/api.w.org\/{rel}","templated":true}]}}