{"id":8933,"date":"2024-02-08T00:53:47","date_gmt":"2024-02-07T22:53:47","guid":{"rendered":"https:\/\/larutadelasal.com\/?p=8933"},"modified":"2024-04-02T20:00:53","modified_gmt":"2024-04-02T18:00:53","slug":"garmin-renueva-patrocinio","status":"publish","type":"post","link":"https:\/\/labs.100x100.net\/projects\/rutasal\/garmin-renueva-patrocinio\/","title":{"rendered":"Garmin renueva su patrocinio y, un a\u00f1o m\u00e1s, premiar\u00e1 a los ganadores absolutos con un reloj n\u00e1utico inteligente quatix\u00ae 7"},"content":{"rendered":"<p><img loading=\"lazy\" decoding=\"async\" class=\"aligncenter wp-image-8938 size-large\" src=\"http:\/\/larutadelasal.com\/custom\/uploads\/2024\/02\/2_Static-1024x1024.jpg\" alt=\"\" width=\"1024\" height=\"1024\" srcset=\"https:\/\/labs.100x100.net\/projects\/rutasal\/custom\/uploads\/2024\/02\/2_Static-1024x1024.jpg 1024w, https:\/\/labs.100x100.net\/projects\/rutasal\/custom\/uploads\/2024\/02\/2_Static-300x300.jpg 300w, https:\/\/labs.100x100.net\/projects\/rutasal\/custom\/uploads\/2024\/02\/2_Static-150x150.jpg 150w, https:\/\/labs.100x100.net\/projects\/rutasal\/custom\/uploads\/2024\/02\/2_Static-768x768.jpg 768w, https:\/\/labs.100x100.net\/projects\/rutasal\/custom\/uploads\/2024\/02\/2_Static.jpg 1080w\" sizes=\"(max-width: 1024px) 100vw, 1024px\" \/><\/p>\n<p>&nbsp;<\/p>\n<p style=\"text-align: justify;\">Por s\u00e9ptimo a\u00f1o consecutivo, Garmin se mantiene firme como electr\u00f3nica oficial y patrocinador de La Ruta de la Sal, haciendo con ello patente, una vez m\u00e1s, su compromiso con el deporte y, muy especialmente, con la navegaci\u00f3n de altura y la vela. Y una vez m\u00e1s, los vencedores de ambas versiones se ver\u00e1n premiados con un quatix<sup>\u00ae <\/sup>7, reloj n\u00e1utico inteligente con GPS que ha pasado a ser reconocido, por los navegantes, como su mejor aliado y amigo a la hora de hacerse a la mar, por sus m\u00faltiples funciones de gran utilidad a bordo, entre ellos la conectividad con los plotters de Garmin, el control del piloto autom\u00e1tico, la visualizaci\u00f3n de datos como profundidad y viento, la ubicaci\u00f3n de waypoints y la funci\u00f3n SAILASSIST\u2122, que crea una l\u00ednea de salida virtual para programar la t\u00e1ctica perfecta.<\/p>\n<div id=\"attachment_8701\" style=\"width: 1210px\" class=\"wp-caption alignnone\"><img loading=\"lazy\" decoding=\"async\" aria-describedby=\"caption-attachment-8701\" class=\"wp-image-8701 size-full\" src=\"http:\/\/larutadelasal.com\/custom\/uploads\/2023\/04\/01_Alberto-de-Castro-armador-del-Brujo-Oscar-Chaves-armador-del-Hydra-HM-Hospitales.jpg\" alt=\"\" width=\"1200\" height=\"801\" srcset=\"https:\/\/labs.100x100.net\/projects\/rutasal\/custom\/uploads\/2023\/04\/01_Alberto-de-Castro-armador-del-Brujo-Oscar-Chaves-armador-del-Hydra-HM-Hospitales.jpg 1200w, https:\/\/labs.100x100.net\/projects\/rutasal\/custom\/uploads\/2023\/04\/01_Alberto-de-Castro-armador-del-Brujo-Oscar-Chaves-armador-del-Hydra-HM-Hospitales-300x200.jpg 300w, https:\/\/labs.100x100.net\/projects\/rutasal\/custom\/uploads\/2023\/04\/01_Alberto-de-Castro-armador-del-Brujo-Oscar-Chaves-armador-del-Hydra-HM-Hospitales-1024x684.jpg 1024w, https:\/\/labs.100x100.net\/projects\/rutasal\/custom\/uploads\/2023\/04\/01_Alberto-de-Castro-armador-del-Brujo-Oscar-Chaves-armador-del-Hydra-HM-Hospitales-768x513.jpg 768w\" sizes=\"(max-width: 1200px) 100vw, 1200px\" \/><p id=\"caption-attachment-8701\" class=\"wp-caption-text\">De izquierda a derecha: Alberto de Castro armador de Brujo y Oscar Chaves armador de Hydra HM-Hospitales, Ganadores Absolutos de La Ruta de la Sal 2023 Versi\u00f3n Denia y Barcelona respectivamente<\/p><\/div>\n<p>&nbsp;<\/p>\n<p style=\"text-align: justify;\">Garmin y Enregata unen as\u00ed sus respectivas fuerzas y experiencias para volcarlas en seguir haciendo de La Ruta de la Sal un evento especial que a\u00fana deporte con aventura, que puede disfrutarse como competici\u00f3n o como crucero familiar y que es una muestra evidente de que el turismo n\u00e1utico, a lo largo de todo el a\u00f1o, es una modalidad a potenciar.<\/p>\n<p style=\"text-align: justify;\">Tan solo nos queda esperar a que finalice el mes de marzo para saber, tras la llegada de ambas flotas al Club Nautic Sant Antoni de Portmany, el nombre de los felices y flamantes ganadores de las dos versiones de La Ruta de la Sal 2024 y, con ello, de los ansiados quatix<sup>\u00ae <\/sup>7 ofrecidos por Garmin.<\/p>\n<p style=\"text-align: justify;\"><a href=\"https:\/\/www.garmin.com\/es-ES\/\" data-saferedirecturl=\"https:\/\/www.google.com\/url?q=https:\/\/www.garmin.com\/es-ES\/&amp;source=gmail&amp;ust=1707429693511000&amp;usg=AOvVaw0GPQM0gU1p6acwu-OLKOyG\"><strong>www.garmin.com<\/strong><\/a><\/p>\n<p style=\"text-align: justify;\">\n","protected":false},"excerpt":{"rendered":"<p>&nbsp; Por s\u00e9ptimo a\u00f1o consecutivo, Garmin se mantiene firme como electr\u00f3nica oficial y patrocinador de La Ruta de la Sal, haciendo con ello patente, una vez m\u00e1s, su compromiso con el deporte y, muy especialmente, con la navegaci\u00f3n de altura y la vela. Y una vez m\u00e1s, los vencedores de ambas versiones se ver\u00e1n premiados [&hellip;]<\/p>\n","protected":false},"author":7,"featured_media":8938,"comment_status":"open","ping_status":"open","sticky":false,"template":"","format":"standard","meta":{"_acf_changed":false,"footnotes":""},"categories":[3],"tags":[],"acf":[],"yoast_head":"<!-- This site is optimized with the Yoast SEO plugin v23.0 - https:\/\/yoast.com\/wordpress\/plugins\/seo\/ -->\n<title>Garmin renueva su patrocinio y, un a\u00f1o m\u00e1s, premiar\u00e1 a los ganadores absolutos con un reloj n\u00e1utico inteligente quatix\u00ae 7 | Regata La Ruta de la Sal<\/title>\n<meta name=\"robots\" content=\"noindex, follow, max-snippet:-1, max-image-preview:large, max-video-preview:-1\" \/>\n<meta property=\"og:locale\" content=\"es_ES\" \/>\n<meta property=\"og:type\" content=\"article\" \/>\n<meta property=\"og:title\" content=\"Garmin renueva su patrocinio y, un a\u00f1o m\u00e1s, premiar\u00e1 a los ganadores absolutos con un reloj n\u00e1utico inteligente quatix\u00ae 7 | Regata La Ruta de la Sal\" \/>\n<meta property=\"og:description\" content=\"&nbsp; Por s\u00e9ptimo a\u00f1o consecutivo, Garmin se mantiene firme como electr\u00f3nica oficial y patrocinador de La Ruta de la Sal, haciendo con ello patente, una vez m\u00e1s, su compromiso con el deporte y, muy especialmente, con la navegaci\u00f3n de altura y la vela. Y una vez m\u00e1s, los vencedores de ambas versiones se ver\u00e1n premiados [&hellip;]\" \/>\n<meta property=\"og:url\" content=\"https:\/\/labs.100x100.net\/projects\/rutasal\/garmin-renueva-patrocinio\/\" \/>\n<meta property=\"og:site_name\" content=\"Regata La Ruta de la Sal\" \/>\n<meta property=\"article:publisher\" content=\"https:\/\/www.facebook.com\/rutadelasal\/\" \/>\n<meta property=\"article:published_time\" content=\"2024-02-07T22:53:47+00:00\" \/>\n<meta property=\"article:modified_time\" content=\"2024-04-02T18:00:53+00:00\" \/>\n<meta property=\"og:image\" content=\"https:\/\/labs.100x100.net\/projects\/rutasal\/custom\/uploads\/2024\/02\/2_Static.jpg\" \/>\n\t<meta property=\"og:image:width\" content=\"1080\" \/>\n\t<meta property=\"og:image:height\" content=\"1080\" \/>\n\t<meta property=\"og:image:type\" content=\"image\/jpeg\" \/>\n<meta name=\"author\" content=\"Valentina Libri\" \/>\n<meta name=\"twitter:card\" content=\"summary_large_image\" \/>\n<meta name=\"twitter:creator\" content=\"@AnamMedi\" \/>\n<meta name=\"twitter:site\" content=\"@AnamMedi\" \/>\n<meta name=\"twitter:label1\" content=\"Escrito por\" \/>\n\t<meta name=\"twitter:data1\" content=\"Valentina Libri\" \/>\n\t<meta name=\"twitter:label2\" content=\"Tiempo de lectura\" \/>\n\t<meta name=\"twitter:data2\" content=\"2 minutos\" \/>\n<script type=\"application\/ld+json\" class=\"yoast-schema-graph\">{\"@context\":\"https:\/\/schema.org\",\"@graph\":[{\"@type\":\"WebPage\",\"@id\":\"https:\/\/labs.100x100.net\/projects\/rutasal\/garmin-renueva-patrocinio\/\",\"url\":\"https:\/\/labs.100x100.net\/projects\/rutasal\/garmin-renueva-patrocinio\/\",\"name\":\"Garmin renueva su patrocinio y, un a\u00f1o m\u00e1s, premiar\u00e1 a los ganadores absolutos con un reloj n\u00e1utico inteligente quatix\u00ae 7 | Regata La Ruta de la Sal\",\"isPartOf\":{\"@id\":\"https:\/\/labs.100x100.net\/projects\/rutasal\/#website\"},\"primaryImageOfPage\":{\"@id\":\"https:\/\/labs.100x100.net\/projects\/rutasal\/garmin-renueva-patrocinio\/#primaryimage\"},\"image\":{\"@id\":\"https:\/\/labs.100x100.net\/projects\/rutasal\/garmin-renueva-patrocinio\/#primaryimage\"},\"thumbnailUrl\":\"https:\/\/labs.100x100.net\/projects\/rutasal\/custom\/uploads\/2024\/02\/2_Static.jpg\",\"datePublished\":\"2024-02-07T22:53:47+00:00\",\"dateModified\":\"2024-04-02T18:00:53+00:00\",\"author\":{\"@id\":\"https:\/\/labs.100x100.net\/projects\/rutasal\/#\/schema\/person\/78b3519b5320819eb3428bc4a4363faf\"},\"breadcrumb\":{\"@id\":\"https:\/\/labs.100x100.net\/projects\/rutasal\/garmin-renueva-patrocinio\/#breadcrumb\"},\"inLanguage\":\"es\",\"potentialAction\":[{\"@type\":\"ReadAction\",\"target\":[\"https:\/\/labs.100x100.net\/projects\/rutasal\/garmin-renueva-patrocinio\/\"]}]},{\"@type\":\"ImageObject\",\"inLanguage\":\"es\",\"@id\":\"https:\/\/labs.100x100.net\/projects\/rutasal\/garmin-renueva-patrocinio\/#primaryimage\",\"url\":\"https:\/\/labs.100x100.net\/projects\/rutasal\/custom\/uploads\/2024\/02\/2_Static.jpg\",\"contentUrl\":\"https:\/\/labs.100x100.net\/projects\/rutasal\/custom\/uploads\/2024\/02\/2_Static.jpg\",\"width\":1080,\"height\":1080},{\"@type\":\"BreadcrumbList\",\"@id\":\"https:\/\/labs.100x100.net\/projects\/rutasal\/garmin-renueva-patrocinio\/#breadcrumb\",\"itemListElement\":[{\"@type\":\"ListItem\",\"position\":1,\"name\":\"Portada\",\"item\":\"https:\/\/labs.100x100.net\/projects\/rutasal\/\"},{\"@type\":\"ListItem\",\"position\":2,\"name\":\"Garmin renueva su patrocinio y, un a\u00f1o m\u00e1s, premiar\u00e1 a los ganadores absolutos con un reloj n\u00e1utico inteligente quatix\u00ae 7\"}]},{\"@type\":\"WebSite\",\"@id\":\"https:\/\/labs.100x100.net\/projects\/rutasal\/#website\",\"url\":\"https:\/\/labs.100x100.net\/projects\/rutasal\/\",\"name\":\"Regata La Ruta de la Sal\",\"description\":\"Regata La Ruta de la Sal es una regata de Altura Mediterr\u00e1nea para barcos de crucero a vela con destino en Ibiza, que se disputa anualmente en Semana Santa.\",\"potentialAction\":[{\"@type\":\"SearchAction\",\"target\":{\"@type\":\"EntryPoint\",\"urlTemplate\":\"https:\/\/labs.100x100.net\/projects\/rutasal\/?s={search_term_string}\"},\"query-input\":\"required name=search_term_string\"}],\"inLanguage\":\"es\"},{\"@type\":\"Person\",\"@id\":\"https:\/\/labs.100x100.net\/projects\/rutasal\/#\/schema\/person\/78b3519b5320819eb3428bc4a4363faf\",\"name\":\"Valentina Libri\",\"image\":{\"@type\":\"ImageObject\",\"inLanguage\":\"es\",\"@id\":\"https:\/\/labs.100x100.net\/projects\/rutasal\/#\/schema\/person\/image\/\",\"url\":\"https:\/\/secure.gravatar.com\/avatar\/99c0547d5c3f4720c6410e401af04fe2?s=96&d=mm&r=g\",\"contentUrl\":\"https:\/\/secure.gravatar.com\/avatar\/99c0547d5c3f4720c6410e401af04fe2?s=96&d=mm&r=g\",\"caption\":\"Valentina Libri\"}}]}<\/script>\n<!-- \/ Yoast SEO plugin. -->","yoast_head_json":{"title":"Garmin renueva su patrocinio y, un a\u00f1o m\u00e1s, premiar\u00e1 a los ganadores absolutos con un reloj n\u00e1utico inteligente quatix\u00ae 7 | Regata La Ruta de la Sal","robots":{"index":"noindex","follow":"follow","max-snippet":"max-snippet:-1","max-image-preview":"max-image-preview:large","max-video-preview":"max-video-preview:-1"},"og_locale":"es_ES","og_type":"article","og_title":"Garmin renueva su patrocinio y, un a\u00f1o m\u00e1s, premiar\u00e1 a los ganadores absolutos con un reloj n\u00e1utico inteligente quatix\u00ae 7 | Regata La Ruta de la Sal","og_description":"&nbsp; Por s\u00e9ptimo a\u00f1o consecutivo, Garmin se mantiene firme como electr\u00f3nica oficial y patrocinador de La Ruta de la Sal, haciendo con ello patente, una vez m\u00e1s, su compromiso con el deporte y, muy especialmente, con la navegaci\u00f3n de altura y la vela. Y una vez m\u00e1s, los vencedores de ambas versiones se ver\u00e1n premiados [&hellip;]","og_url":"https:\/\/labs.100x100.net\/projects\/rutasal\/garmin-renueva-patrocinio\/","og_site_name":"Regata La Ruta de la Sal","article_publisher":"https:\/\/www.facebook.com\/rutadelasal\/","article_published_time":"2024-02-07T22:53:47+00:00","article_modified_time":"2024-04-02T18:00:53+00:00","og_image":[{"width":1080,"height":1080,"url":"https:\/\/labs.100x100.net\/projects\/rutasal\/custom\/uploads\/2024\/02\/2_Static.jpg","type":"image\/jpeg"}],"author":"Valentina Libri","twitter_card":"summary_large_image","twitter_creator":"@AnamMedi","twitter_site":"@AnamMedi","twitter_misc":{"Escrito por":"Valentina Libri","Tiempo de lectura":"2 minutos"},"schema":{"@context":"https:\/\/schema.org","@graph":[{"@type":"WebPage","@id":"https:\/\/labs.100x100.net\/projects\/rutasal\/garmin-renueva-patrocinio\/","url":"https:\/\/labs.100x100.net\/projects\/rutasal\/garmin-renueva-patrocinio\/","name":"Garmin renueva su patrocinio y, un a\u00f1o m\u00e1s, premiar\u00e1 a los ganadores absolutos con un reloj n\u00e1utico inteligente quatix\u00ae 7 | Regata La Ruta de la Sal","isPartOf":{"@id":"https:\/\/labs.100x100.net\/projects\/rutasal\/#website"},"primaryImageOfPage":{"@id":"https:\/\/labs.100x100.net\/projects\/rutasal\/garmin-renueva-patrocinio\/#primaryimage"},"image":{"@id":"https:\/\/labs.100x100.net\/projects\/rutasal\/garmin-renueva-patrocinio\/#primaryimage"},"thumbnailUrl":"https:\/\/labs.100x100.net\/projects\/rutasal\/custom\/uploads\/2024\/02\/2_Static.jpg","datePublished":"2024-02-07T22:53:47+00:00","dateModified":"2024-04-02T18:00:53+00:00","author":{"@id":"https:\/\/labs.100x100.net\/projects\/rutasal\/#\/schema\/person\/78b3519b5320819eb3428bc4a4363faf"},"breadcrumb":{"@id":"https:\/\/labs.100x100.net\/projects\/rutasal\/garmin-renueva-patrocinio\/#breadcrumb"},"inLanguage":"es","potentialAction":[{"@type":"ReadAction","target":["https:\/\/labs.100x100.net\/projects\/rutasal\/garmin-renueva-patrocinio\/"]}]},{"@type":"ImageObject","inLanguage":"es","@id":"https:\/\/labs.100x100.net\/projects\/rutasal\/garmin-renueva-patrocinio\/#primaryimage","url":"https:\/\/labs.100x100.net\/projects\/rutasal\/custom\/uploads\/2024\/02\/2_Static.jpg","contentUrl":"https:\/\/labs.100x100.net\/projects\/rutasal\/custom\/uploads\/2024\/02\/2_Static.jpg","width":1080,"height":1080},{"@type":"BreadcrumbList","@id":"https:\/\/labs.100x100.net\/projects\/rutasal\/garmin-renueva-patrocinio\/#breadcrumb","itemListElement":[{"@type":"ListItem","position":1,"name":"Portada","item":"https:\/\/labs.100x100.net\/projects\/rutasal\/"},{"@type":"ListItem","position":2,"name":"Garmin renueva su patrocinio y, un a\u00f1o m\u00e1s, premiar\u00e1 a los ganadores absolutos con un reloj n\u00e1utico inteligente quatix\u00ae 7"}]},{"@type":"WebSite","@id":"https:\/\/labs.100x100.net\/projects\/rutasal\/#website","url":"https:\/\/labs.100x100.net\/projects\/rutasal\/","name":"Regata La Ruta de la Sal","description":"Regata La Ruta de la Sal es una regata de Altura Mediterr\u00e1nea para barcos de crucero a vela con destino en Ibiza, que se disputa anualmente en Semana Santa.","potentialAction":[{"@type":"SearchAction","target":{"@type":"EntryPoint","urlTemplate":"https:\/\/labs.100x100.net\/projects\/rutasal\/?s={search_term_string}"},"query-input":"required name=search_term_string"}],"inLanguage":"es"},{"@type":"Person","@id":"https:\/\/labs.100x100.net\/projects\/rutasal\/#\/schema\/person\/78b3519b5320819eb3428bc4a4363faf","name":"Valentina Libri","image":{"@type":"ImageObject","inLanguage":"es","@id":"https:\/\/labs.100x100.net\/projects\/rutasal\/#\/schema\/person\/image\/","url":"https:\/\/secure.gravatar.com\/avatar\/99c0547d5c3f4720c6410e401af04fe2?s=96&d=mm&r=g","contentUrl":"https:\/\/secure.gravatar.com\/avatar\/99c0547d5c3f4720c6410e401af04fe2?s=96&d=mm&r=g","caption":"Valentina Libri"}}]}},"_links":{"self":[{"href":"https:\/\/labs.100x100.net\/projects\/rutasal\/wp-json\/wp\/v2\/posts\/8933"}],"collection":[{"href":"https:\/\/labs.100x100.net\/projects\/rutasal\/wp-json\/wp\/v2\/posts"}],"about":[{"href":"https:\/\/labs.100x100.net\/projects\/rutasal\/wp-json\/wp\/v2\/types\/post"}],"author":[{"embeddable":true,"href":"https:\/\/labs.100x100.net\/projects\/rutasal\/wp-json\/wp\/v2\/users\/7"}],"replies":[{"embeddable":true,"href":"https:\/\/labs.100x100.net\/projects\/rutasal\/wp-json\/wp\/v2\/comments?post=8933"}],"version-history":[{"count":8,"href":"https:\/\/labs.100x100.net\/projects\/rutasal\/wp-json\/wp\/v2\/posts\/8933\/revisions"}],"predecessor-version":[{"id":8948,"href":"https:\/\/labs.100x100.net\/projects\/rutasal\/wp-json\/wp\/v2\/posts\/8933\/revisions\/8948"}],"wp:featuredmedia":[{"embeddable":true,"href":"https:\/\/labs.100x100.net\/projects\/rutasal\/wp-json\/wp\/v2\/media\/8938"}],"wp:attachment":[{"href":"https:\/\/labs.100x100.net\/projects\/rutasal\/wp-json\/wp\/v2\/media?parent=8933"}],"wp:term":[{"taxonomy":"category","embeddable":true,"href":"https:\/\/labs.100x100.net\/projects\/rutasal\/wp-json\/wp\/v2\/categories?post=8933"},{"taxonomy":"post_tag","embeddable":true,"href":"https:\/\/labs.100x100.net\/projects\/rutasal\/wp-json\/wp\/v2\/tags?post=8933"}],"curies":[{"name":"wp","href":"https:\/\/api.w.org\/{rel}","templated":true}]}}