{"id":8892,"date":"2024-01-26T21:36:26","date_gmt":"2024-01-26T19:36:26","guid":{"rendered":"https:\/\/larutadelasal.com\/?p=8892"},"modified":"2024-02-02T13:06:41","modified_gmt":"2024-02-02T11:06:41","slug":"fitur","status":"publish","type":"post","link":"https:\/\/labs.100x100.net\/projects\/rutasal\/fitur\/","title":{"rendered":"La Ruta de la Sal se presenta en el marco de Fitur de la mano del  Consell de Ibiza y con Guillermo Altadill como embajador"},"content":{"rendered":"<p><img loading=\"lazy\" decoding=\"async\" class=\"wp-image-8903 size-full\" src=\"http:\/\/larutadelasal.com\/custom\/uploads\/2024\/01\/1PN0932_1.jpg\" alt=\"\" width=\"1500\" height=\"911\" srcset=\"https:\/\/labs.100x100.net\/projects\/rutasal\/custom\/uploads\/2024\/01\/1PN0932_1.jpg 1500w, https:\/\/labs.100x100.net\/projects\/rutasal\/custom\/uploads\/2024\/01\/1PN0932_1-300x182.jpg 300w, https:\/\/labs.100x100.net\/projects\/rutasal\/custom\/uploads\/2024\/01\/1PN0932_1-1024x622.jpg 1024w, https:\/\/labs.100x100.net\/projects\/rutasal\/custom\/uploads\/2024\/01\/1PN0932_1-768x466.jpg 768w\" sizes=\"(max-width: 1500px) 100vw, 1500px\" \/><\/p>\n<p>&nbsp;<\/p>\n<p style=\"text-align: justify;\"><span style=\"font-weight: 400;\">Coincidiendo con la celebraci\u00f3n de FITUR, el Consell de Ibiza organiz\u00f3 en Madrid la presentaci\u00f3n de la agenda deportiva de 2024 y los nueve eventos deportivos declarados de inter\u00e9s tur\u00edstico insular, entre los que se encuentra La Ruta de la Sal como evento n\u00e1utico de referencia de la isla.<\/span><\/p>\n<p style=\"text-align: justify;\"><span style=\"font-weight: 400;\">Esta regata de altura destaca, dentro del calendario propuesto por Ibiza, por ser la de mayor participaci\u00f3n en Espa\u00f1a y por su larga trayectoria, al celebrar este a\u00f1o su 36\u00ba aniversario. Tambi\u00e9n destaca por el inter\u00e9s de su ruta, que desde Barcelona y Denia lleva a los participantes a navegar a Sant Antoni de Portmany, en\u00a0 la costa oeste de Ibiza; por crear, en tan bello enclave, un muy grato ambiente deportivo y familiar; por ser, para algunos armadores, la ocasi\u00f3n perfecta para poner a prueba su esp\u00edritu competitivo, mientras que para otros supone la mejor excusa para acercarse a disfrutar, en las jornadas festivas de Semana Santa, de los muchos atractivos que ofrece la isla de Ibiza. Esto hace que cada a\u00f1o se deba crear una lista de espera, al superar la demanda la capacidad de acogida del puerto de arribada, y que, a dos meses de la celebraci\u00f3n de la edici\u00f3n del 2024, el n\u00famero de inscritos supere ya el 50% de las plazas disponibles.<\/span><\/p>\n<p><img loading=\"lazy\" decoding=\"async\" class=\"wp-image-8906 size-full\" src=\"http:\/\/larutadelasal.com\/custom\/uploads\/2024\/01\/1PN0882.jpg\" alt=\"\" width=\"1500\" height=\"1000\" srcset=\"https:\/\/labs.100x100.net\/projects\/rutasal\/custom\/uploads\/2024\/01\/1PN0882.jpg 1500w, https:\/\/labs.100x100.net\/projects\/rutasal\/custom\/uploads\/2024\/01\/1PN0882-300x200.jpg 300w, https:\/\/labs.100x100.net\/projects\/rutasal\/custom\/uploads\/2024\/01\/1PN0882-1024x683.jpg 1024w, https:\/\/labs.100x100.net\/projects\/rutasal\/custom\/uploads\/2024\/01\/1PN0882-768x512.jpg 768w\" sizes=\"(max-width: 1500px) 100vw, 1500px\" \/><\/p>\n<p style=\"text-align: justify;\"><span style=\"font-weight: 400;\">En el acto de presentaci\u00f3n de la agenda deportiva para 2024, el presidente del Consell de Ibiza, Vicent Mar\u00ed Torres, resalt\u00f3 la importancia de los grandes eventos deportivos, destacando que gracias a ellos Ibiza ha conseguido superar la estacionalidad del turismo en \u00e9poca veraniega. Los eventos deportivos de referencia, como La Ruta de la Sal, sirven como foco de atracci\u00f3n de visitantes a lo largo de todo el a\u00f1o, poniendo en valor el magn\u00edfico entorno natural de la isla y proyectando una imagen de destino saludable y respetuoso con el medio ambiente.\u00a0<\/span><\/p>\n<p><img loading=\"lazy\" decoding=\"async\" class=\"wp-image-8909 size-full\" src=\"http:\/\/larutadelasal.com\/custom\/uploads\/2024\/01\/1PN0951.jpg\" alt=\"\" width=\"1500\" height=\"906\" srcset=\"https:\/\/labs.100x100.net\/projects\/rutasal\/custom\/uploads\/2024\/01\/1PN0951.jpg 1500w, https:\/\/labs.100x100.net\/projects\/rutasal\/custom\/uploads\/2024\/01\/1PN0951-300x181.jpg 300w, https:\/\/labs.100x100.net\/projects\/rutasal\/custom\/uploads\/2024\/01\/1PN0951-1024x618.jpg 1024w, https:\/\/labs.100x100.net\/projects\/rutasal\/custom\/uploads\/2024\/01\/1PN0951-768x464.jpg 768w\" sizes=\"(max-width: 1500px) 100vw, 1500px\" \/><\/p>\n<p>&nbsp;<\/p>\n<p style=\"text-align: justify;\"><span style=\"font-weight: 400;\">En el acto, La Ruta de la Sal ha contado con un excepcional \u201cembajador\u201d: Guillermo Altadill qui\u00e9n, tras haber completado siete Vueltas al Mundo a vela, es ahora el m\u00e1ximo responsable de los equipos espa\u00f1oles de j\u00f3venes y mujeres que competir\u00e1n en la pr\u00f3xima Copa Am\u00e9rica que se celebra en aguas de Barcelona a partir de finales de agosto. Altadill, habl\u00f3 de su extensa relaci\u00f3n con La Ruta de la Sal, en la cual ha participado en m\u00e1s de ocho ocasiones y a la que le reconoce el m\u00e9rito de ser el trampol\u00edn perfecto para que los armadores se animen a emprender navegaciones de mayor envergadura. En la presentaci\u00f3n, comparti\u00f3 c\u00f3mo su relaci\u00f3n con Ibiza se remonta a su infancia, y a la temprana edad en la que tuvo la oportunidad de descubrir sus transparentes aguas navegando en familia. Destac\u00f3 el car\u00e1cter abierto de la regata, que gracias a la belleza natural de Ibiza y del formato del evento es capaz de atraer tanto a los regatistas de alto nivel como a los navegantes que enfocan su participaci\u00f3n como una experiencia n\u00e1utica sin esp\u00edritu competitivo.<\/span><\/p>\n<h3 style=\"text-align: center;\"><\/h3>\n<h3 style=\"text-align: center;\"><b>Datos t\u00e9cnicos de La Ruta de la Sal<\/b><\/h3>\n<p style=\"text-align: justify;\"><b>Salida: <\/b><span style=\"font-weight: 400;\">jueves 28 de marzo<\/span><\/p>\n<p style=\"text-align: justify;\"><b>Recorrido:<\/b><\/p>\n<ul style=\"text-align: justify;\">\n<li aria-level=\"1\"><b>Versi\u00f3n Barcelona: De Port Ginesta al Club N\u00e0utic Sant Antoni de Portmany (140 millas)\u00a0<\/b><\/li>\n<\/ul>\n<ul style=\"text-align: justify;\">\n<li aria-level=\"1\"><b>Versi\u00f3n Denia: Del Real Club N\u00e1utico de Denia al Club N\u00e0utic Sant Antoni de Portmany (120 millas)\u00a0<\/b><\/li>\n<\/ul>\n<ul style=\"text-align: justify;\">\n<li aria-level=\"1\"><b>Versi\u00f3n Mini Sal: con rumbo directo desde el RCN de Denia al CN Sant Antoni de Portmany (55 millas)\u00a0<\/b><\/li>\n<\/ul>\n<p style=\"text-align: justify;\"><b>Regata ORC:<\/b><span style=\"font-weight: 400;\"> Los barcos de ambas flotas\u00a0 se reparten por categor\u00edas seg\u00fan su rating ORC, sistema de medici\u00f3n gestionado por la Real Federaci\u00f3n Espa\u00f1ola de Vela.<\/span><\/p>\n<p style=\"text-align: justify;\"><b>Clases adicionales:\u00a0<\/b><\/p>\n<ul style=\"text-align: justify;\">\n<li><b> A2: <\/b><span style=\"font-weight: 400;\">barcos tripulados por dos personas<\/span><\/li>\n<li><b> Salina: <\/b><span style=\"font-weight: 400;\">barcos patroneados por una mujer y con un m\u00ednimo del 50% de la tripulaci\u00f3n femenina\u00a0<\/span><\/li>\n<li><b>MedCat<\/b><span style=\"font-weight: 400;\">: categor\u00eda abierta a multicascos de crucero<\/span><\/li>\n<li><b> Globe Sailor: <\/b><span style=\"font-weight: 400;\">barcos en lista 6\u00aa destinados a charter o a escuela de vela.\u00a0<\/span><\/li>\n<\/ul>\n<p style=\"text-align: justify;\"><b>Ganadores absolutos: <\/b><span style=\"font-weight: 400;\">Se proclamar\u00e1, a su vez, a un ganador absoluto en cada una de las dos Versiones, recibiendo ambos, como gran premio a su triunfo, un reloj inteligente de la firma Garmin, electr\u00f3nica oficial de la regata.\u00a0\u00a0\u00a0\u00a0\u00a0\u00a0\u00a0\u00a0\u00a0<\/span><\/p>\n","protected":false},"excerpt":{"rendered":"<p>&nbsp; Coincidiendo con la celebraci\u00f3n de FITUR, el Consell de Ibiza organiz\u00f3 en Madrid la presentaci\u00f3n de la agenda deportiva de 2024 y los nueve eventos deportivos declarados de inter\u00e9s tur\u00edstico insular, entre los que se encuentra La Ruta de la Sal como evento n\u00e1utico de referencia de la isla. Esta regata de altura destaca, [&hellip;]<\/p>\n","protected":false},"author":7,"featured_media":8903,"comment_status":"open","ping_status":"open","sticky":false,"template":"","format":"standard","meta":{"_acf_changed":false,"footnotes":""},"categories":[3],"tags":[],"acf":[],"yoast_head":"<!-- This site is optimized with the Yoast SEO plugin v23.0 - https:\/\/yoast.com\/wordpress\/plugins\/seo\/ -->\n<title>La Ruta de la Sal se presenta en el marco de Fitur de la mano del Consell de Ibiza y con Guillermo Altadill como embajador<\/title>\n<meta name=\"robots\" content=\"noindex, follow, max-snippet:-1, max-image-preview:large, max-video-preview:-1\" \/>\n<meta property=\"og:locale\" content=\"es_ES\" \/>\n<meta property=\"og:type\" content=\"article\" \/>\n<meta property=\"og:title\" content=\"La Ruta de la Sal se presenta en el marco de Fitur de la mano del Consell de Ibiza y con Guillermo Altadill como embajador\" \/>\n<meta property=\"og:description\" content=\"&nbsp; Coincidiendo con la celebraci\u00f3n de FITUR, el Consell de Ibiza organiz\u00f3 en Madrid la presentaci\u00f3n de la agenda deportiva de 2024 y los nueve eventos deportivos declarados de inter\u00e9s tur\u00edstico insular, entre los que se encuentra La Ruta de la Sal como evento n\u00e1utico de referencia de la isla. Esta regata de altura destaca, [&hellip;]\" \/>\n<meta property=\"og:url\" content=\"https:\/\/labs.100x100.net\/projects\/rutasal\/fitur\/\" \/>\n<meta property=\"og:site_name\" content=\"Regata La Ruta de la Sal\" \/>\n<meta property=\"article:publisher\" content=\"https:\/\/www.facebook.com\/rutadelasal\/\" \/>\n<meta property=\"article:published_time\" content=\"2024-01-26T19:36:26+00:00\" \/>\n<meta property=\"article:modified_time\" content=\"2024-02-02T11:06:41+00:00\" \/>\n<meta property=\"og:image\" content=\"https:\/\/labs.100x100.net\/projects\/rutasal\/custom\/uploads\/2024\/01\/1PN0932_1.jpg\" \/>\n\t<meta property=\"og:image:width\" content=\"1500\" \/>\n\t<meta property=\"og:image:height\" content=\"911\" \/>\n\t<meta property=\"og:image:type\" content=\"image\/jpeg\" \/>\n<meta name=\"author\" content=\"Valentina Libri\" \/>\n<meta name=\"twitter:card\" content=\"summary_large_image\" \/>\n<meta name=\"twitter:creator\" content=\"@AnamMedi\" \/>\n<meta name=\"twitter:site\" content=\"@AnamMedi\" \/>\n<meta name=\"twitter:label1\" content=\"Escrito por\" \/>\n\t<meta name=\"twitter:data1\" content=\"Valentina Libri\" \/>\n\t<meta name=\"twitter:label2\" content=\"Tiempo de lectura\" \/>\n\t<meta name=\"twitter:data2\" content=\"4 minutos\" \/>\n<script type=\"application\/ld+json\" class=\"yoast-schema-graph\">{\"@context\":\"https:\/\/schema.org\",\"@graph\":[{\"@type\":\"WebPage\",\"@id\":\"https:\/\/labs.100x100.net\/projects\/rutasal\/fitur\/\",\"url\":\"https:\/\/labs.100x100.net\/projects\/rutasal\/fitur\/\",\"name\":\"La Ruta de la Sal se presenta en el marco de Fitur de la mano del Consell de Ibiza y con Guillermo Altadill como embajador\",\"isPartOf\":{\"@id\":\"https:\/\/labs.100x100.net\/projects\/rutasal\/#website\"},\"primaryImageOfPage\":{\"@id\":\"https:\/\/labs.100x100.net\/projects\/rutasal\/fitur\/#primaryimage\"},\"image\":{\"@id\":\"https:\/\/labs.100x100.net\/projects\/rutasal\/fitur\/#primaryimage\"},\"thumbnailUrl\":\"https:\/\/labs.100x100.net\/projects\/rutasal\/custom\/uploads\/2024\/01\/1PN0932_1.jpg\",\"datePublished\":\"2024-01-26T19:36:26+00:00\",\"dateModified\":\"2024-02-02T11:06:41+00:00\",\"author\":{\"@id\":\"https:\/\/labs.100x100.net\/projects\/rutasal\/#\/schema\/person\/78b3519b5320819eb3428bc4a4363faf\"},\"breadcrumb\":{\"@id\":\"https:\/\/labs.100x100.net\/projects\/rutasal\/fitur\/#breadcrumb\"},\"inLanguage\":\"es\",\"potentialAction\":[{\"@type\":\"ReadAction\",\"target\":[\"https:\/\/labs.100x100.net\/projects\/rutasal\/fitur\/\"]}]},{\"@type\":\"ImageObject\",\"inLanguage\":\"es\",\"@id\":\"https:\/\/labs.100x100.net\/projects\/rutasal\/fitur\/#primaryimage\",\"url\":\"https:\/\/labs.100x100.net\/projects\/rutasal\/custom\/uploads\/2024\/01\/1PN0932_1.jpg\",\"contentUrl\":\"https:\/\/labs.100x100.net\/projects\/rutasal\/custom\/uploads\/2024\/01\/1PN0932_1.jpg\",\"width\":1500,\"height\":911,\"caption\":\"Presentaci\u00f3n 10KIBIZA LaRutaDeLaSal Vuelta IBIZA MTB IBIZA Marathon Ibiza Media Marathon Vuelta CIcloturismo Ibiza Trail Festival Trail IBIZA Sede Comet Madrid\"},{\"@type\":\"BreadcrumbList\",\"@id\":\"https:\/\/labs.100x100.net\/projects\/rutasal\/fitur\/#breadcrumb\",\"itemListElement\":[{\"@type\":\"ListItem\",\"position\":1,\"name\":\"Portada\",\"item\":\"https:\/\/labs.100x100.net\/projects\/rutasal\/\"},{\"@type\":\"ListItem\",\"position\":2,\"name\":\"La Ruta de la Sal se presenta en el marco de Fitur de la mano del Consell de Ibiza y con Guillermo Altadill como embajador\"}]},{\"@type\":\"WebSite\",\"@id\":\"https:\/\/labs.100x100.net\/projects\/rutasal\/#website\",\"url\":\"https:\/\/labs.100x100.net\/projects\/rutasal\/\",\"name\":\"Regata La Ruta de la Sal\",\"description\":\"Regata La Ruta de la Sal es una regata de Altura Mediterr\u00e1nea para barcos de crucero a vela con destino en Ibiza, que se disputa anualmente en Semana Santa.\",\"potentialAction\":[{\"@type\":\"SearchAction\",\"target\":{\"@type\":\"EntryPoint\",\"urlTemplate\":\"https:\/\/labs.100x100.net\/projects\/rutasal\/?s={search_term_string}\"},\"query-input\":\"required name=search_term_string\"}],\"inLanguage\":\"es\"},{\"@type\":\"Person\",\"@id\":\"https:\/\/labs.100x100.net\/projects\/rutasal\/#\/schema\/person\/78b3519b5320819eb3428bc4a4363faf\",\"name\":\"Valentina Libri\",\"image\":{\"@type\":\"ImageObject\",\"inLanguage\":\"es\",\"@id\":\"https:\/\/labs.100x100.net\/projects\/rutasal\/#\/schema\/person\/image\/\",\"url\":\"https:\/\/secure.gravatar.com\/avatar\/99c0547d5c3f4720c6410e401af04fe2?s=96&d=mm&r=g\",\"contentUrl\":\"https:\/\/secure.gravatar.com\/avatar\/99c0547d5c3f4720c6410e401af04fe2?s=96&d=mm&r=g\",\"caption\":\"Valentina Libri\"}}]}<\/script>\n<!-- \/ Yoast SEO plugin. -->","yoast_head_json":{"title":"La Ruta de la Sal se presenta en el marco de Fitur de la mano del Consell de Ibiza y con Guillermo Altadill como embajador","robots":{"index":"noindex","follow":"follow","max-snippet":"max-snippet:-1","max-image-preview":"max-image-preview:large","max-video-preview":"max-video-preview:-1"},"og_locale":"es_ES","og_type":"article","og_title":"La Ruta de la Sal se presenta en el marco de Fitur de la mano del Consell de Ibiza y con Guillermo Altadill como embajador","og_description":"&nbsp; Coincidiendo con la celebraci\u00f3n de FITUR, el Consell de Ibiza organiz\u00f3 en Madrid la presentaci\u00f3n de la agenda deportiva de 2024 y los nueve eventos deportivos declarados de inter\u00e9s tur\u00edstico insular, entre los que se encuentra La Ruta de la Sal como evento n\u00e1utico de referencia de la isla. Esta regata de altura destaca, [&hellip;]","og_url":"https:\/\/labs.100x100.net\/projects\/rutasal\/fitur\/","og_site_name":"Regata La Ruta de la Sal","article_publisher":"https:\/\/www.facebook.com\/rutadelasal\/","article_published_time":"2024-01-26T19:36:26+00:00","article_modified_time":"2024-02-02T11:06:41+00:00","og_image":[{"width":1500,"height":911,"url":"https:\/\/labs.100x100.net\/projects\/rutasal\/custom\/uploads\/2024\/01\/1PN0932_1.jpg","type":"image\/jpeg"}],"author":"Valentina Libri","twitter_card":"summary_large_image","twitter_creator":"@AnamMedi","twitter_site":"@AnamMedi","twitter_misc":{"Escrito por":"Valentina Libri","Tiempo de lectura":"4 minutos"},"schema":{"@context":"https:\/\/schema.org","@graph":[{"@type":"WebPage","@id":"https:\/\/labs.100x100.net\/projects\/rutasal\/fitur\/","url":"https:\/\/labs.100x100.net\/projects\/rutasal\/fitur\/","name":"La Ruta de la Sal se presenta en el marco de Fitur de la mano del Consell de Ibiza y con Guillermo Altadill como embajador","isPartOf":{"@id":"https:\/\/labs.100x100.net\/projects\/rutasal\/#website"},"primaryImageOfPage":{"@id":"https:\/\/labs.100x100.net\/projects\/rutasal\/fitur\/#primaryimage"},"image":{"@id":"https:\/\/labs.100x100.net\/projects\/rutasal\/fitur\/#primaryimage"},"thumbnailUrl":"https:\/\/labs.100x100.net\/projects\/rutasal\/custom\/uploads\/2024\/01\/1PN0932_1.jpg","datePublished":"2024-01-26T19:36:26+00:00","dateModified":"2024-02-02T11:06:41+00:00","author":{"@id":"https:\/\/labs.100x100.net\/projects\/rutasal\/#\/schema\/person\/78b3519b5320819eb3428bc4a4363faf"},"breadcrumb":{"@id":"https:\/\/labs.100x100.net\/projects\/rutasal\/fitur\/#breadcrumb"},"inLanguage":"es","potentialAction":[{"@type":"ReadAction","target":["https:\/\/labs.100x100.net\/projects\/rutasal\/fitur\/"]}]},{"@type":"ImageObject","inLanguage":"es","@id":"https:\/\/labs.100x100.net\/projects\/rutasal\/fitur\/#primaryimage","url":"https:\/\/labs.100x100.net\/projects\/rutasal\/custom\/uploads\/2024\/01\/1PN0932_1.jpg","contentUrl":"https:\/\/labs.100x100.net\/projects\/rutasal\/custom\/uploads\/2024\/01\/1PN0932_1.jpg","width":1500,"height":911,"caption":"Presentaci\u00f3n 10KIBIZA LaRutaDeLaSal Vuelta IBIZA MTB IBIZA Marathon Ibiza Media Marathon Vuelta CIcloturismo Ibiza Trail Festival Trail IBIZA Sede Comet Madrid"},{"@type":"BreadcrumbList","@id":"https:\/\/labs.100x100.net\/projects\/rutasal\/fitur\/#breadcrumb","itemListElement":[{"@type":"ListItem","position":1,"name":"Portada","item":"https:\/\/labs.100x100.net\/projects\/rutasal\/"},{"@type":"ListItem","position":2,"name":"La Ruta de la Sal se presenta en el marco de Fitur de la mano del Consell de Ibiza y con Guillermo Altadill como embajador"}]},{"@type":"WebSite","@id":"https:\/\/labs.100x100.net\/projects\/rutasal\/#website","url":"https:\/\/labs.100x100.net\/projects\/rutasal\/","name":"Regata La Ruta de la Sal","description":"Regata La Ruta de la Sal es una regata de Altura Mediterr\u00e1nea para barcos de crucero a vela con destino en Ibiza, que se disputa anualmente en Semana Santa.","potentialAction":[{"@type":"SearchAction","target":{"@type":"EntryPoint","urlTemplate":"https:\/\/labs.100x100.net\/projects\/rutasal\/?s={search_term_string}"},"query-input":"required name=search_term_string"}],"inLanguage":"es"},{"@type":"Person","@id":"https:\/\/labs.100x100.net\/projects\/rutasal\/#\/schema\/person\/78b3519b5320819eb3428bc4a4363faf","name":"Valentina Libri","image":{"@type":"ImageObject","inLanguage":"es","@id":"https:\/\/labs.100x100.net\/projects\/rutasal\/#\/schema\/person\/image\/","url":"https:\/\/secure.gravatar.com\/avatar\/99c0547d5c3f4720c6410e401af04fe2?s=96&d=mm&r=g","contentUrl":"https:\/\/secure.gravatar.com\/avatar\/99c0547d5c3f4720c6410e401af04fe2?s=96&d=mm&r=g","caption":"Valentina Libri"}}]}},"_links":{"self":[{"href":"https:\/\/labs.100x100.net\/projects\/rutasal\/wp-json\/wp\/v2\/posts\/8892"}],"collection":[{"href":"https:\/\/labs.100x100.net\/projects\/rutasal\/wp-json\/wp\/v2\/posts"}],"about":[{"href":"https:\/\/labs.100x100.net\/projects\/rutasal\/wp-json\/wp\/v2\/types\/post"}],"author":[{"embeddable":true,"href":"https:\/\/labs.100x100.net\/projects\/rutasal\/wp-json\/wp\/v2\/users\/7"}],"replies":[{"embeddable":true,"href":"https:\/\/labs.100x100.net\/projects\/rutasal\/wp-json\/wp\/v2\/comments?post=8892"}],"version-history":[{"count":5,"href":"https:\/\/labs.100x100.net\/projects\/rutasal\/wp-json\/wp\/v2\/posts\/8892\/revisions"}],"predecessor-version":[{"id":8912,"href":"https:\/\/labs.100x100.net\/projects\/rutasal\/wp-json\/wp\/v2\/posts\/8892\/revisions\/8912"}],"wp:featuredmedia":[{"embeddable":true,"href":"https:\/\/labs.100x100.net\/projects\/rutasal\/wp-json\/wp\/v2\/media\/8903"}],"wp:attachment":[{"href":"https:\/\/labs.100x100.net\/projects\/rutasal\/wp-json\/wp\/v2\/media?parent=8892"}],"wp:term":[{"taxonomy":"category","embeddable":true,"href":"https:\/\/labs.100x100.net\/projects\/rutasal\/wp-json\/wp\/v2\/categories?post=8892"},{"taxonomy":"post_tag","embeddable":true,"href":"https:\/\/labs.100x100.net\/projects\/rutasal\/wp-json\/wp\/v2\/tags?post=8892"}],"curies":[{"name":"wp","href":"https:\/\/api.w.org\/{rel}","templated":true}]}}