{"id":8876,"date":"2023-10-16T11:00:31","date_gmt":"2023-10-16T09:00:31","guid":{"rendered":"https:\/\/larutadelasal.com\/?p=8876"},"modified":"2024-01-16T19:15:50","modified_gmt":"2024-01-16T17:15:50","slug":"salon-nautico-barcelona","status":"publish","type":"post","link":"https:\/\/labs.100x100.net\/projects\/rutasal\/salon-nautico-barcelona\/","title":{"rendered":"Presentaci\u00f3n en el Sal\u00f3n N\u00e1utico de Barcelona de la 36\u00ba edici\u00f3n de La Ruta de la Sal"},"content":{"rendered":"<div id=\"attachment_8877\" style=\"width: 2570px\" class=\"wp-caption alignnone\"><img loading=\"lazy\" decoding=\"async\" aria-describedby=\"caption-attachment-8877\" class=\"wp-image-8877 size-full\" src=\"http:\/\/larutadelasal.com\/custom\/uploads\/2024\/01\/Salon-Nautico-2023-scaled.jpg\" alt=\"\" width=\"2560\" height=\"1707\" srcset=\"https:\/\/labs.100x100.net\/projects\/rutasal\/custom\/uploads\/2024\/01\/Salon-Nautico-2023-scaled.jpg 2560w, https:\/\/labs.100x100.net\/projects\/rutasal\/custom\/uploads\/2024\/01\/Salon-Nautico-2023-300x200.jpg 300w, https:\/\/labs.100x100.net\/projects\/rutasal\/custom\/uploads\/2024\/01\/Salon-Nautico-2023-1024x683.jpg 1024w, https:\/\/labs.100x100.net\/projects\/rutasal\/custom\/uploads\/2024\/01\/Salon-Nautico-2023-768x512.jpg 768w, https:\/\/labs.100x100.net\/projects\/rutasal\/custom\/uploads\/2024\/01\/Salon-Nautico-2023-1536x1024.jpg 1536w, https:\/\/labs.100x100.net\/projects\/rutasal\/custom\/uploads\/2024\/01\/Salon-Nautico-2023-2048x1365.jpg 2048w\" sizes=\"(max-width: 2560px) 100vw, 2560px\" \/><p id=\"caption-attachment-8877\" class=\"wp-caption-text\">De izquierda a derecha: Andr\u00e9s Oliva, director de La Ruta de la Sal; Rodrigo de Febrer, capit\u00e1n de Port Ginesta; Javir Valencia, Capit\u00e1n Mar\u00edtimo de Barcelona; Luis Conde, presidente del Sal\u00f3n N\u00e1utico; Luis G\u00f3mez y Josep Tur, secretario y presidente, respectivamente, del Club N\u00e1utico de Sant Antoni de Portmany; Enrique Curt, presidente Club N\u00e1utico Skipper.<\/p><\/div>\n<p style=\"text-align: justify;\">En el marco incomparable del Sal\u00f3n N\u00e1utico de Barcelona, tuvo lugar la presentaci\u00f3n de la regata La Ruta de la Sal que, en su edici\u00f3n del 2024 (28 a 31 de marzo) celebra sus 36 a\u00f1os de existencia, afianzada ya como una de las regatas de altura de referencia en el Mediterr\u00e1neo y la de mayor participaci\u00f3n dentro del calendario nacional.<\/p>\n<p style=\"text-align: justify;\">Muy celebradas fueron las palabras pronunciadas por D. Luis G\u00f3mez, secretario del Club N\u00e0utic de Sant Antoni de Portmany, al resaltar el valor fundamental que aporta el mar, especialmente a una isla como es Ibiza, y de ah\u00ed la necesidad de protegerlo como fuente de riqueza, llegando a calificarlo de\u00a0 \u201coro azul\u201d. Tras informar D. Andr\u00e9s Oliva de las caracter\u00edsticas de La Ruta de la Sal, en su calidad de director t\u00e9cnico de la misma, y de unas sentidas palabras emitidas por Enrique Curt referente a la ya larga historia de esta regata, cerraron el acto D. Josep Tur, presidente del Club N\u00e0utic de Sant Antoni de Portmany, y D. Luis Conde, presidente del Sal\u00f3n N\u00e1utico de Barcelona, poniendo ambos de relieve la importancia de este evento, tanto a nivel deportivo como social.<\/p>\n<p style=\"text-align: justify;\"><a href=\"https:\/\/www.salonnautico.com\/\">salonnautico.com<\/a><\/p>\n","protected":false},"excerpt":{"rendered":"<p>En el marco incomparable del Sal\u00f3n N\u00e1utico de Barcelona, tuvo lugar la presentaci\u00f3n de la regata La Ruta de la Sal que, en su edici\u00f3n del 2024 (28 a 31 de marzo) celebra sus 36 a\u00f1os de existencia, afianzada ya como una de las regatas de altura de referencia en el Mediterr\u00e1neo y la de [&hellip;]<\/p>\n","protected":false},"author":7,"featured_media":8877,"comment_status":"open","ping_status":"open","sticky":false,"template":"","format":"standard","meta":{"_acf_changed":false,"footnotes":""},"categories":[3],"tags":[],"acf":[],"yoast_head":"<!-- This site is optimized with the Yoast SEO plugin v23.0 - https:\/\/yoast.com\/wordpress\/plugins\/seo\/ -->\n<title>Presentaci\u00f3n en el Sal\u00f3n N\u00e1utico de Barcelona de la 36\u00ba edici\u00f3n de La Ruta de la Sal<\/title>\n<meta name=\"robots\" content=\"noindex, follow, max-snippet:-1, max-image-preview:large, max-video-preview:-1\" \/>\n<meta property=\"og:locale\" content=\"es_ES\" \/>\n<meta property=\"og:type\" content=\"article\" \/>\n<meta property=\"og:title\" content=\"Presentaci\u00f3n en el Sal\u00f3n N\u00e1utico de Barcelona de la 36\u00ba edici\u00f3n de La Ruta de la Sal\" \/>\n<meta property=\"og:description\" content=\"En el marco incomparable del Sal\u00f3n N\u00e1utico de Barcelona, tuvo lugar la presentaci\u00f3n de la regata La Ruta de la Sal que, en su edici\u00f3n del 2024 (28 a 31 de marzo) celebra sus 36 a\u00f1os de existencia, afianzada ya como una de las regatas de altura de referencia en el Mediterr\u00e1neo y la de [&hellip;]\" \/>\n<meta property=\"og:url\" content=\"https:\/\/labs.100x100.net\/projects\/rutasal\/salon-nautico-barcelona\/\" \/>\n<meta property=\"og:site_name\" content=\"Regata La Ruta de la Sal\" \/>\n<meta property=\"article:publisher\" content=\"https:\/\/www.facebook.com\/rutadelasal\/\" \/>\n<meta property=\"article:published_time\" content=\"2023-10-16T09:00:31+00:00\" \/>\n<meta property=\"article:modified_time\" content=\"2024-01-16T17:15:50+00:00\" \/>\n<meta property=\"og:image\" content=\"https:\/\/labs.100x100.net\/projects\/rutasal\/custom\/uploads\/2024\/01\/Salon-Nautico-2023-scaled.jpg\" \/>\n\t<meta property=\"og:image:width\" content=\"2560\" \/>\n\t<meta property=\"og:image:height\" content=\"1707\" \/>\n\t<meta property=\"og:image:type\" content=\"image\/jpeg\" \/>\n<meta name=\"author\" content=\"Valentina Libri\" \/>\n<meta name=\"twitter:card\" content=\"summary_large_image\" \/>\n<meta name=\"twitter:creator\" content=\"@AnamMedi\" \/>\n<meta name=\"twitter:site\" content=\"@AnamMedi\" \/>\n<meta name=\"twitter:label1\" content=\"Escrito por\" \/>\n\t<meta name=\"twitter:data1\" content=\"Valentina Libri\" \/>\n\t<meta name=\"twitter:label2\" content=\"Tiempo de lectura\" \/>\n\t<meta name=\"twitter:data2\" content=\"2 minutos\" \/>\n<script type=\"application\/ld+json\" class=\"yoast-schema-graph\">{\"@context\":\"https:\/\/schema.org\",\"@graph\":[{\"@type\":\"WebPage\",\"@id\":\"https:\/\/labs.100x100.net\/projects\/rutasal\/salon-nautico-barcelona\/\",\"url\":\"https:\/\/labs.100x100.net\/projects\/rutasal\/salon-nautico-barcelona\/\",\"name\":\"Presentaci\u00f3n en el Sal\u00f3n N\u00e1utico de Barcelona de la 36\u00ba edici\u00f3n de La Ruta de la Sal\",\"isPartOf\":{\"@id\":\"https:\/\/labs.100x100.net\/projects\/rutasal\/#website\"},\"primaryImageOfPage\":{\"@id\":\"https:\/\/labs.100x100.net\/projects\/rutasal\/salon-nautico-barcelona\/#primaryimage\"},\"image\":{\"@id\":\"https:\/\/labs.100x100.net\/projects\/rutasal\/salon-nautico-barcelona\/#primaryimage\"},\"thumbnailUrl\":\"https:\/\/labs.100x100.net\/projects\/rutasal\/custom\/uploads\/2024\/01\/Salon-Nautico-2023-scaled.jpg\",\"datePublished\":\"2023-10-16T09:00:31+00:00\",\"dateModified\":\"2024-01-16T17:15:50+00:00\",\"author\":{\"@id\":\"https:\/\/labs.100x100.net\/projects\/rutasal\/#\/schema\/person\/78b3519b5320819eb3428bc4a4363faf\"},\"breadcrumb\":{\"@id\":\"https:\/\/labs.100x100.net\/projects\/rutasal\/salon-nautico-barcelona\/#breadcrumb\"},\"inLanguage\":\"es\",\"potentialAction\":[{\"@type\":\"ReadAction\",\"target\":[\"https:\/\/labs.100x100.net\/projects\/rutasal\/salon-nautico-barcelona\/\"]}]},{\"@type\":\"ImageObject\",\"inLanguage\":\"es\",\"@id\":\"https:\/\/labs.100x100.net\/projects\/rutasal\/salon-nautico-barcelona\/#primaryimage\",\"url\":\"https:\/\/labs.100x100.net\/projects\/rutasal\/custom\/uploads\/2024\/01\/Salon-Nautico-2023-scaled.jpg\",\"contentUrl\":\"https:\/\/labs.100x100.net\/projects\/rutasal\/custom\/uploads\/2024\/01\/Salon-Nautico-2023-scaled.jpg\",\"width\":2560,\"height\":1707},{\"@type\":\"BreadcrumbList\",\"@id\":\"https:\/\/labs.100x100.net\/projects\/rutasal\/salon-nautico-barcelona\/#breadcrumb\",\"itemListElement\":[{\"@type\":\"ListItem\",\"position\":1,\"name\":\"Portada\",\"item\":\"https:\/\/labs.100x100.net\/projects\/rutasal\/\"},{\"@type\":\"ListItem\",\"position\":2,\"name\":\"Presentaci\u00f3n en el Sal\u00f3n N\u00e1utico de Barcelona de la 36\u00ba edici\u00f3n de La Ruta de la Sal\"}]},{\"@type\":\"WebSite\",\"@id\":\"https:\/\/labs.100x100.net\/projects\/rutasal\/#website\",\"url\":\"https:\/\/labs.100x100.net\/projects\/rutasal\/\",\"name\":\"Regata La Ruta de la Sal\",\"description\":\"Regata La Ruta de la Sal es una regata de Altura Mediterr\u00e1nea para barcos de crucero a vela con destino en Ibiza, que se disputa anualmente en Semana Santa.\",\"potentialAction\":[{\"@type\":\"SearchAction\",\"target\":{\"@type\":\"EntryPoint\",\"urlTemplate\":\"https:\/\/labs.100x100.net\/projects\/rutasal\/?s={search_term_string}\"},\"query-input\":\"required name=search_term_string\"}],\"inLanguage\":\"es\"},{\"@type\":\"Person\",\"@id\":\"https:\/\/labs.100x100.net\/projects\/rutasal\/#\/schema\/person\/78b3519b5320819eb3428bc4a4363faf\",\"name\":\"Valentina Libri\",\"image\":{\"@type\":\"ImageObject\",\"inLanguage\":\"es\",\"@id\":\"https:\/\/labs.100x100.net\/projects\/rutasal\/#\/schema\/person\/image\/\",\"url\":\"https:\/\/secure.gravatar.com\/avatar\/99c0547d5c3f4720c6410e401af04fe2?s=96&d=mm&r=g\",\"contentUrl\":\"https:\/\/secure.gravatar.com\/avatar\/99c0547d5c3f4720c6410e401af04fe2?s=96&d=mm&r=g\",\"caption\":\"Valentina Libri\"}}]}<\/script>\n<!-- \/ Yoast SEO plugin. -->","yoast_head_json":{"title":"Presentaci\u00f3n en el Sal\u00f3n N\u00e1utico de Barcelona de la 36\u00ba edici\u00f3n de La Ruta de la Sal","robots":{"index":"noindex","follow":"follow","max-snippet":"max-snippet:-1","max-image-preview":"max-image-preview:large","max-video-preview":"max-video-preview:-1"},"og_locale":"es_ES","og_type":"article","og_title":"Presentaci\u00f3n en el Sal\u00f3n N\u00e1utico de Barcelona de la 36\u00ba edici\u00f3n de La Ruta de la Sal","og_description":"En el marco incomparable del Sal\u00f3n N\u00e1utico de Barcelona, tuvo lugar la presentaci\u00f3n de la regata La Ruta de la Sal que, en su edici\u00f3n del 2024 (28 a 31 de marzo) celebra sus 36 a\u00f1os de existencia, afianzada ya como una de las regatas de altura de referencia en el Mediterr\u00e1neo y la de [&hellip;]","og_url":"https:\/\/labs.100x100.net\/projects\/rutasal\/salon-nautico-barcelona\/","og_site_name":"Regata La Ruta de la Sal","article_publisher":"https:\/\/www.facebook.com\/rutadelasal\/","article_published_time":"2023-10-16T09:00:31+00:00","article_modified_time":"2024-01-16T17:15:50+00:00","og_image":[{"width":2560,"height":1707,"url":"https:\/\/labs.100x100.net\/projects\/rutasal\/custom\/uploads\/2024\/01\/Salon-Nautico-2023-scaled.jpg","type":"image\/jpeg"}],"author":"Valentina Libri","twitter_card":"summary_large_image","twitter_creator":"@AnamMedi","twitter_site":"@AnamMedi","twitter_misc":{"Escrito por":"Valentina Libri","Tiempo de lectura":"2 minutos"},"schema":{"@context":"https:\/\/schema.org","@graph":[{"@type":"WebPage","@id":"https:\/\/labs.100x100.net\/projects\/rutasal\/salon-nautico-barcelona\/","url":"https:\/\/labs.100x100.net\/projects\/rutasal\/salon-nautico-barcelona\/","name":"Presentaci\u00f3n en el Sal\u00f3n N\u00e1utico de Barcelona de la 36\u00ba edici\u00f3n de La Ruta de la Sal","isPartOf":{"@id":"https:\/\/labs.100x100.net\/projects\/rutasal\/#website"},"primaryImageOfPage":{"@id":"https:\/\/labs.100x100.net\/projects\/rutasal\/salon-nautico-barcelona\/#primaryimage"},"image":{"@id":"https:\/\/labs.100x100.net\/projects\/rutasal\/salon-nautico-barcelona\/#primaryimage"},"thumbnailUrl":"https:\/\/labs.100x100.net\/projects\/rutasal\/custom\/uploads\/2024\/01\/Salon-Nautico-2023-scaled.jpg","datePublished":"2023-10-16T09:00:31+00:00","dateModified":"2024-01-16T17:15:50+00:00","author":{"@id":"https:\/\/labs.100x100.net\/projects\/rutasal\/#\/schema\/person\/78b3519b5320819eb3428bc4a4363faf"},"breadcrumb":{"@id":"https:\/\/labs.100x100.net\/projects\/rutasal\/salon-nautico-barcelona\/#breadcrumb"},"inLanguage":"es","potentialAction":[{"@type":"ReadAction","target":["https:\/\/labs.100x100.net\/projects\/rutasal\/salon-nautico-barcelona\/"]}]},{"@type":"ImageObject","inLanguage":"es","@id":"https:\/\/labs.100x100.net\/projects\/rutasal\/salon-nautico-barcelona\/#primaryimage","url":"https:\/\/labs.100x100.net\/projects\/rutasal\/custom\/uploads\/2024\/01\/Salon-Nautico-2023-scaled.jpg","contentUrl":"https:\/\/labs.100x100.net\/projects\/rutasal\/custom\/uploads\/2024\/01\/Salon-Nautico-2023-scaled.jpg","width":2560,"height":1707},{"@type":"BreadcrumbList","@id":"https:\/\/labs.100x100.net\/projects\/rutasal\/salon-nautico-barcelona\/#breadcrumb","itemListElement":[{"@type":"ListItem","position":1,"name":"Portada","item":"https:\/\/labs.100x100.net\/projects\/rutasal\/"},{"@type":"ListItem","position":2,"name":"Presentaci\u00f3n en el Sal\u00f3n N\u00e1utico de Barcelona de la 36\u00ba edici\u00f3n de La Ruta de la Sal"}]},{"@type":"WebSite","@id":"https:\/\/labs.100x100.net\/projects\/rutasal\/#website","url":"https:\/\/labs.100x100.net\/projects\/rutasal\/","name":"Regata La Ruta de la Sal","description":"Regata La Ruta de la Sal es una regata de Altura Mediterr\u00e1nea para barcos de crucero a vela con destino en Ibiza, que se disputa anualmente en Semana Santa.","potentialAction":[{"@type":"SearchAction","target":{"@type":"EntryPoint","urlTemplate":"https:\/\/labs.100x100.net\/projects\/rutasal\/?s={search_term_string}"},"query-input":"required name=search_term_string"}],"inLanguage":"es"},{"@type":"Person","@id":"https:\/\/labs.100x100.net\/projects\/rutasal\/#\/schema\/person\/78b3519b5320819eb3428bc4a4363faf","name":"Valentina Libri","image":{"@type":"ImageObject","inLanguage":"es","@id":"https:\/\/labs.100x100.net\/projects\/rutasal\/#\/schema\/person\/image\/","url":"https:\/\/secure.gravatar.com\/avatar\/99c0547d5c3f4720c6410e401af04fe2?s=96&d=mm&r=g","contentUrl":"https:\/\/secure.gravatar.com\/avatar\/99c0547d5c3f4720c6410e401af04fe2?s=96&d=mm&r=g","caption":"Valentina Libri"}}]}},"_links":{"self":[{"href":"https:\/\/labs.100x100.net\/projects\/rutasal\/wp-json\/wp\/v2\/posts\/8876"}],"collection":[{"href":"https:\/\/labs.100x100.net\/projects\/rutasal\/wp-json\/wp\/v2\/posts"}],"about":[{"href":"https:\/\/labs.100x100.net\/projects\/rutasal\/wp-json\/wp\/v2\/types\/post"}],"author":[{"embeddable":true,"href":"https:\/\/labs.100x100.net\/projects\/rutasal\/wp-json\/wp\/v2\/users\/7"}],"replies":[{"embeddable":true,"href":"https:\/\/labs.100x100.net\/projects\/rutasal\/wp-json\/wp\/v2\/comments?post=8876"}],"version-history":[{"count":2,"href":"https:\/\/labs.100x100.net\/projects\/rutasal\/wp-json\/wp\/v2\/posts\/8876\/revisions"}],"predecessor-version":[{"id":8881,"href":"https:\/\/labs.100x100.net\/projects\/rutasal\/wp-json\/wp\/v2\/posts\/8876\/revisions\/8881"}],"wp:featuredmedia":[{"embeddable":true,"href":"https:\/\/labs.100x100.net\/projects\/rutasal\/wp-json\/wp\/v2\/media\/8877"}],"wp:attachment":[{"href":"https:\/\/labs.100x100.net\/projects\/rutasal\/wp-json\/wp\/v2\/media?parent=8876"}],"wp:term":[{"taxonomy":"category","embeddable":true,"href":"https:\/\/labs.100x100.net\/projects\/rutasal\/wp-json\/wp\/v2\/categories?post=8876"},{"taxonomy":"post_tag","embeddable":true,"href":"https:\/\/labs.100x100.net\/projects\/rutasal\/wp-json\/wp\/v2\/tags?post=8876"}],"curies":[{"name":"wp","href":"https:\/\/api.w.org\/{rel}","templated":true}]}}