{"id":8863,"date":"2023-12-22T11:32:24","date_gmt":"2023-12-22T09:32:24","guid":{"rendered":"https:\/\/larutadelasal.com\/?p=8863"},"modified":"2023-12-22T13:22:03","modified_gmt":"2023-12-22T11:22:03","slug":"se-abren-las-inscripciones","status":"publish","type":"post","link":"https:\/\/labs.100x100.net\/projects\/rutasal\/se-abren-las-inscripciones\/","title":{"rendered":"Se abren las inscripciones para la 36\u00aa edici\u00f3n de La Ruta de la Sal"},"content":{"rendered":"<p><img loading=\"lazy\" decoding=\"async\" class=\"wp-image-8848 size-full\" src=\"http:\/\/larutadelasal.com\/custom\/uploads\/2023\/12\/Enregata-\u00a9Torveo.jpg\" alt=\"\" width=\"2048\" height=\"1365\" srcset=\"https:\/\/labs.100x100.net\/projects\/rutasal\/custom\/uploads\/2023\/12\/Enregata-\u00a9Torveo.jpg 2048w, https:\/\/labs.100x100.net\/projects\/rutasal\/custom\/uploads\/2023\/12\/Enregata-\u00a9Torveo-300x200.jpg 300w, https:\/\/labs.100x100.net\/projects\/rutasal\/custom\/uploads\/2023\/12\/Enregata-\u00a9Torveo-1024x683.jpg 1024w, https:\/\/labs.100x100.net\/projects\/rutasal\/custom\/uploads\/2023\/12\/Enregata-\u00a9Torveo-768x512.jpg 768w, https:\/\/labs.100x100.net\/projects\/rutasal\/custom\/uploads\/2023\/12\/Enregata-\u00a9Torveo-1536x1024.jpg 1536w\" sizes=\"(max-width: 2048px) 100vw, 2048px\" \/><\/p>\n<p style=\"text-align: justify;\"><a href=\"https:\/\/www.enregata.com\/\">Enregata<\/a>, liderada por Andr\u00e9s Oliva, anuncia con entusiasmo la apertura de inscripciones para la 36\u00aa edici\u00f3n de La Ruta de la Sal. Este anuncio llega tras el reciente <a href=\"https:\/\/larutadelasal.com\/enregata\/\">traspaso de la organizaci\u00f3n de eventos n\u00e1uticos<\/a> de Difusi\u00f3n N\u00e1utica a Enregata, marcando un nuevo cap\u00edtulo en la historia de estos prestigiosos cert\u00e1menes.<\/p>\n<p style=\"text-align: justify;\">La Ruta de la Sal, uno de los eventos m\u00e1s destacados transferidos de Difusi\u00f3n N\u00e1utica a Enregata, se celebrar\u00e1 durante Semana Santa, con inicio el jueves 28 de marzo. Los participantes podr\u00e1n elegir entre dos recorridos: uno desde Port Ginesta, Barcelona, con una distancia de 140 millas n\u00e1uticas, y otro desde el Real Club N\u00e1utico de Denia, Alicante, abarcando 120 millas. Ambas rutas concluyen en Sant Antoni de Portmany, Ibiza.<\/p>\n<p style=\"text-align: justify;\">Esta edici\u00f3n mantendr\u00e1 el sistema de rating ORC, respaldado por la Federaci\u00f3n Espa\u00f1ola de Vela, garantizando una competici\u00f3n justa y emocionante. Bajo la direcci\u00f3n de Andr\u00e9s Oliva, quien ha gestionado con \u00e9xito La Ruta de la Sal durante los \u00faltimos 7 a\u00f1os, Enregata se compromete a mantener el alto nivel y el esp\u00edritu de esta \u00e9mbletmatica regata.<\/p>\n<p style=\"text-align: justify;\">Enregata expresa su gratitud a patrocinadores y colaboradores por renovar su apoyo y se prepara para acoger a las numerosas tripulaciones que hacen de La Ruta de la Sal un evento crucial en el calendario n\u00e1utico de primavera.<\/p>\n<p style=\"text-align: justify;\">Para inscribirse, haga clic en el siguiente enlace: <a href=\"https:\/\/larutadelasal.com\/hoja-de-inscripcion\/\">https:\/\/larutadelasal.com\/hoja-de-inscripcion\/<\/a><\/p>\n<p>&nbsp;<\/p>\n","protected":false},"excerpt":{"rendered":"<p>Enregata, liderada por Andr\u00e9s Oliva, anuncia con entusiasmo la apertura de inscripciones para la 36\u00aa edici\u00f3n de La Ruta de la Sal. Este anuncio llega tras el reciente traspaso de la organizaci\u00f3n de eventos n\u00e1uticos de Difusi\u00f3n N\u00e1utica a Enregata, marcando un nuevo cap\u00edtulo en la historia de estos prestigiosos cert\u00e1menes. La Ruta de la [&hellip;]<\/p>\n","protected":false},"author":7,"featured_media":8848,"comment_status":"open","ping_status":"open","sticky":false,"template":"","format":"standard","meta":{"_acf_changed":false,"footnotes":""},"categories":[3],"tags":[],"acf":[],"yoast_head":"<!-- This site is optimized with the Yoast SEO plugin v23.0 - https:\/\/yoast.com\/wordpress\/plugins\/seo\/ -->\n<title>Se abren las inscripciones para la 36\u00aa edici\u00f3n de La Ruta de la Sal<\/title>\n<meta name=\"robots\" content=\"noindex, follow, max-snippet:-1, max-image-preview:large, max-video-preview:-1\" \/>\n<meta property=\"og:locale\" content=\"es_ES\" \/>\n<meta property=\"og:type\" content=\"article\" \/>\n<meta property=\"og:title\" content=\"Se abren las inscripciones para la 36\u00aa edici\u00f3n de La Ruta de la Sal\" \/>\n<meta property=\"og:description\" content=\"Enregata, liderada por Andr\u00e9s Oliva, anuncia con entusiasmo la apertura de inscripciones para la 36\u00aa edici\u00f3n de La Ruta de la Sal. Este anuncio llega tras el reciente traspaso de la organizaci\u00f3n de eventos n\u00e1uticos de Difusi\u00f3n N\u00e1utica a Enregata, marcando un nuevo cap\u00edtulo en la historia de estos prestigiosos cert\u00e1menes. La Ruta de la [&hellip;]\" \/>\n<meta property=\"og:url\" content=\"https:\/\/labs.100x100.net\/projects\/rutasal\/se-abren-las-inscripciones\/\" \/>\n<meta property=\"og:site_name\" content=\"Regata La Ruta de la Sal\" \/>\n<meta property=\"article:publisher\" content=\"https:\/\/www.facebook.com\/rutadelasal\/\" \/>\n<meta property=\"article:published_time\" content=\"2023-12-22T09:32:24+00:00\" \/>\n<meta property=\"article:modified_time\" content=\"2023-12-22T11:22:03+00:00\" \/>\n<meta property=\"og:image\" content=\"https:\/\/labs.100x100.net\/projects\/rutasal\/custom\/uploads\/2023\/12\/Enregata-\u00a9Torveo.jpg\" \/>\n\t<meta property=\"og:image:width\" content=\"2048\" \/>\n\t<meta property=\"og:image:height\" content=\"1365\" \/>\n\t<meta property=\"og:image:type\" content=\"image\/jpeg\" \/>\n<meta name=\"author\" content=\"Valentina Libri\" \/>\n<meta name=\"twitter:card\" content=\"summary_large_image\" \/>\n<meta name=\"twitter:creator\" content=\"@AnamMedi\" \/>\n<meta name=\"twitter:site\" content=\"@AnamMedi\" \/>\n<meta name=\"twitter:label1\" content=\"Escrito por\" \/>\n\t<meta name=\"twitter:data1\" content=\"Valentina Libri\" \/>\n\t<meta name=\"twitter:label2\" content=\"Tiempo de lectura\" \/>\n\t<meta name=\"twitter:data2\" content=\"2 minutos\" \/>\n<script type=\"application\/ld+json\" class=\"yoast-schema-graph\">{\"@context\":\"https:\/\/schema.org\",\"@graph\":[{\"@type\":\"WebPage\",\"@id\":\"https:\/\/labs.100x100.net\/projects\/rutasal\/se-abren-las-inscripciones\/\",\"url\":\"https:\/\/labs.100x100.net\/projects\/rutasal\/se-abren-las-inscripciones\/\",\"name\":\"Se abren las inscripciones para la 36\u00aa edici\u00f3n de La Ruta de la Sal\",\"isPartOf\":{\"@id\":\"https:\/\/labs.100x100.net\/projects\/rutasal\/#website\"},\"primaryImageOfPage\":{\"@id\":\"https:\/\/labs.100x100.net\/projects\/rutasal\/se-abren-las-inscripciones\/#primaryimage\"},\"image\":{\"@id\":\"https:\/\/labs.100x100.net\/projects\/rutasal\/se-abren-las-inscripciones\/#primaryimage\"},\"thumbnailUrl\":\"https:\/\/labs.100x100.net\/projects\/rutasal\/custom\/uploads\/2023\/12\/Enregata-\u00a9Torveo.jpg\",\"datePublished\":\"2023-12-22T09:32:24+00:00\",\"dateModified\":\"2023-12-22T11:22:03+00:00\",\"author\":{\"@id\":\"https:\/\/labs.100x100.net\/projects\/rutasal\/#\/schema\/person\/78b3519b5320819eb3428bc4a4363faf\"},\"breadcrumb\":{\"@id\":\"https:\/\/labs.100x100.net\/projects\/rutasal\/se-abren-las-inscripciones\/#breadcrumb\"},\"inLanguage\":\"es\",\"potentialAction\":[{\"@type\":\"ReadAction\",\"target\":[\"https:\/\/labs.100x100.net\/projects\/rutasal\/se-abren-las-inscripciones\/\"]}]},{\"@type\":\"ImageObject\",\"inLanguage\":\"es\",\"@id\":\"https:\/\/labs.100x100.net\/projects\/rutasal\/se-abren-las-inscripciones\/#primaryimage\",\"url\":\"https:\/\/labs.100x100.net\/projects\/rutasal\/custom\/uploads\/2023\/12\/Enregata-\u00a9Torveo.jpg\",\"contentUrl\":\"https:\/\/labs.100x100.net\/projects\/rutasal\/custom\/uploads\/2023\/12\/Enregata-\u00a9Torveo.jpg\",\"width\":2048,\"height\":1365},{\"@type\":\"BreadcrumbList\",\"@id\":\"https:\/\/labs.100x100.net\/projects\/rutasal\/se-abren-las-inscripciones\/#breadcrumb\",\"itemListElement\":[{\"@type\":\"ListItem\",\"position\":1,\"name\":\"Portada\",\"item\":\"https:\/\/labs.100x100.net\/projects\/rutasal\/\"},{\"@type\":\"ListItem\",\"position\":2,\"name\":\"Se abren las inscripciones para la 36\u00aa edici\u00f3n de La Ruta de la Sal\"}]},{\"@type\":\"WebSite\",\"@id\":\"https:\/\/labs.100x100.net\/projects\/rutasal\/#website\",\"url\":\"https:\/\/labs.100x100.net\/projects\/rutasal\/\",\"name\":\"Regata La Ruta de la Sal\",\"description\":\"Regata La Ruta de la Sal es una regata de Altura Mediterr\u00e1nea para barcos de crucero a vela con destino en Ibiza, que se disputa anualmente en Semana Santa.\",\"potentialAction\":[{\"@type\":\"SearchAction\",\"target\":{\"@type\":\"EntryPoint\",\"urlTemplate\":\"https:\/\/labs.100x100.net\/projects\/rutasal\/?s={search_term_string}\"},\"query-input\":\"required name=search_term_string\"}],\"inLanguage\":\"es\"},{\"@type\":\"Person\",\"@id\":\"https:\/\/labs.100x100.net\/projects\/rutasal\/#\/schema\/person\/78b3519b5320819eb3428bc4a4363faf\",\"name\":\"Valentina Libri\",\"image\":{\"@type\":\"ImageObject\",\"inLanguage\":\"es\",\"@id\":\"https:\/\/labs.100x100.net\/projects\/rutasal\/#\/schema\/person\/image\/\",\"url\":\"https:\/\/secure.gravatar.com\/avatar\/99c0547d5c3f4720c6410e401af04fe2?s=96&d=mm&r=g\",\"contentUrl\":\"https:\/\/secure.gravatar.com\/avatar\/99c0547d5c3f4720c6410e401af04fe2?s=96&d=mm&r=g\",\"caption\":\"Valentina Libri\"}}]}<\/script>\n<!-- \/ Yoast SEO plugin. -->","yoast_head_json":{"title":"Se abren las inscripciones para la 36\u00aa edici\u00f3n de La Ruta de la Sal","robots":{"index":"noindex","follow":"follow","max-snippet":"max-snippet:-1","max-image-preview":"max-image-preview:large","max-video-preview":"max-video-preview:-1"},"og_locale":"es_ES","og_type":"article","og_title":"Se abren las inscripciones para la 36\u00aa edici\u00f3n de La Ruta de la Sal","og_description":"Enregata, liderada por Andr\u00e9s Oliva, anuncia con entusiasmo la apertura de inscripciones para la 36\u00aa edici\u00f3n de La Ruta de la Sal. Este anuncio llega tras el reciente traspaso de la organizaci\u00f3n de eventos n\u00e1uticos de Difusi\u00f3n N\u00e1utica a Enregata, marcando un nuevo cap\u00edtulo en la historia de estos prestigiosos cert\u00e1menes. La Ruta de la [&hellip;]","og_url":"https:\/\/labs.100x100.net\/projects\/rutasal\/se-abren-las-inscripciones\/","og_site_name":"Regata La Ruta de la Sal","article_publisher":"https:\/\/www.facebook.com\/rutadelasal\/","article_published_time":"2023-12-22T09:32:24+00:00","article_modified_time":"2023-12-22T11:22:03+00:00","og_image":[{"width":2048,"height":1365,"url":"https:\/\/labs.100x100.net\/projects\/rutasal\/custom\/uploads\/2023\/12\/Enregata-\u00a9Torveo.jpg","type":"image\/jpeg"}],"author":"Valentina Libri","twitter_card":"summary_large_image","twitter_creator":"@AnamMedi","twitter_site":"@AnamMedi","twitter_misc":{"Escrito por":"Valentina Libri","Tiempo de lectura":"2 minutos"},"schema":{"@context":"https:\/\/schema.org","@graph":[{"@type":"WebPage","@id":"https:\/\/labs.100x100.net\/projects\/rutasal\/se-abren-las-inscripciones\/","url":"https:\/\/labs.100x100.net\/projects\/rutasal\/se-abren-las-inscripciones\/","name":"Se abren las inscripciones para la 36\u00aa edici\u00f3n de La Ruta de la Sal","isPartOf":{"@id":"https:\/\/labs.100x100.net\/projects\/rutasal\/#website"},"primaryImageOfPage":{"@id":"https:\/\/labs.100x100.net\/projects\/rutasal\/se-abren-las-inscripciones\/#primaryimage"},"image":{"@id":"https:\/\/labs.100x100.net\/projects\/rutasal\/se-abren-las-inscripciones\/#primaryimage"},"thumbnailUrl":"https:\/\/labs.100x100.net\/projects\/rutasal\/custom\/uploads\/2023\/12\/Enregata-\u00a9Torveo.jpg","datePublished":"2023-12-22T09:32:24+00:00","dateModified":"2023-12-22T11:22:03+00:00","author":{"@id":"https:\/\/labs.100x100.net\/projects\/rutasal\/#\/schema\/person\/78b3519b5320819eb3428bc4a4363faf"},"breadcrumb":{"@id":"https:\/\/labs.100x100.net\/projects\/rutasal\/se-abren-las-inscripciones\/#breadcrumb"},"inLanguage":"es","potentialAction":[{"@type":"ReadAction","target":["https:\/\/labs.100x100.net\/projects\/rutasal\/se-abren-las-inscripciones\/"]}]},{"@type":"ImageObject","inLanguage":"es","@id":"https:\/\/labs.100x100.net\/projects\/rutasal\/se-abren-las-inscripciones\/#primaryimage","url":"https:\/\/labs.100x100.net\/projects\/rutasal\/custom\/uploads\/2023\/12\/Enregata-\u00a9Torveo.jpg","contentUrl":"https:\/\/labs.100x100.net\/projects\/rutasal\/custom\/uploads\/2023\/12\/Enregata-\u00a9Torveo.jpg","width":2048,"height":1365},{"@type":"BreadcrumbList","@id":"https:\/\/labs.100x100.net\/projects\/rutasal\/se-abren-las-inscripciones\/#breadcrumb","itemListElement":[{"@type":"ListItem","position":1,"name":"Portada","item":"https:\/\/labs.100x100.net\/projects\/rutasal\/"},{"@type":"ListItem","position":2,"name":"Se abren las inscripciones para la 36\u00aa edici\u00f3n de La Ruta de la Sal"}]},{"@type":"WebSite","@id":"https:\/\/labs.100x100.net\/projects\/rutasal\/#website","url":"https:\/\/labs.100x100.net\/projects\/rutasal\/","name":"Regata La Ruta de la Sal","description":"Regata La Ruta de la Sal es una regata de Altura Mediterr\u00e1nea para barcos de crucero a vela con destino en Ibiza, que se disputa anualmente en Semana Santa.","potentialAction":[{"@type":"SearchAction","target":{"@type":"EntryPoint","urlTemplate":"https:\/\/labs.100x100.net\/projects\/rutasal\/?s={search_term_string}"},"query-input":"required name=search_term_string"}],"inLanguage":"es"},{"@type":"Person","@id":"https:\/\/labs.100x100.net\/projects\/rutasal\/#\/schema\/person\/78b3519b5320819eb3428bc4a4363faf","name":"Valentina Libri","image":{"@type":"ImageObject","inLanguage":"es","@id":"https:\/\/labs.100x100.net\/projects\/rutasal\/#\/schema\/person\/image\/","url":"https:\/\/secure.gravatar.com\/avatar\/99c0547d5c3f4720c6410e401af04fe2?s=96&d=mm&r=g","contentUrl":"https:\/\/secure.gravatar.com\/avatar\/99c0547d5c3f4720c6410e401af04fe2?s=96&d=mm&r=g","caption":"Valentina Libri"}}]}},"_links":{"self":[{"href":"https:\/\/labs.100x100.net\/projects\/rutasal\/wp-json\/wp\/v2\/posts\/8863"}],"collection":[{"href":"https:\/\/labs.100x100.net\/projects\/rutasal\/wp-json\/wp\/v2\/posts"}],"about":[{"href":"https:\/\/labs.100x100.net\/projects\/rutasal\/wp-json\/wp\/v2\/types\/post"}],"author":[{"embeddable":true,"href":"https:\/\/labs.100x100.net\/projects\/rutasal\/wp-json\/wp\/v2\/users\/7"}],"replies":[{"embeddable":true,"href":"https:\/\/labs.100x100.net\/projects\/rutasal\/wp-json\/wp\/v2\/comments?post=8863"}],"version-history":[{"count":6,"href":"https:\/\/labs.100x100.net\/projects\/rutasal\/wp-json\/wp\/v2\/posts\/8863\/revisions"}],"predecessor-version":[{"id":8871,"href":"https:\/\/labs.100x100.net\/projects\/rutasal\/wp-json\/wp\/v2\/posts\/8863\/revisions\/8871"}],"wp:featuredmedia":[{"embeddable":true,"href":"https:\/\/labs.100x100.net\/projects\/rutasal\/wp-json\/wp\/v2\/media\/8848"}],"wp:attachment":[{"href":"https:\/\/labs.100x100.net\/projects\/rutasal\/wp-json\/wp\/v2\/media?parent=8863"}],"wp:term":[{"taxonomy":"category","embeddable":true,"href":"https:\/\/labs.100x100.net\/projects\/rutasal\/wp-json\/wp\/v2\/categories?post=8863"},{"taxonomy":"post_tag","embeddable":true,"href":"https:\/\/labs.100x100.net\/projects\/rutasal\/wp-json\/wp\/v2\/tags?post=8863"}],"curies":[{"name":"wp","href":"https:\/\/api.w.org\/{rel}","templated":true}]}}