{"id":8851,"date":"2023-12-22T11:05:22","date_gmt":"2023-12-22T09:05:22","guid":{"rendered":"https:\/\/larutadelasal.com\/?p=8851"},"modified":"2023-12-22T13:20:15","modified_gmt":"2023-12-22T11:20:15","slug":"enregata","status":"publish","type":"post","link":"https:\/\/labs.100x100.net\/projects\/rutasal\/enregata\/","title":{"rendered":"Enregata adquiere las emblem\u00e1ticas regatas de Difusi\u00f3n N\u00e1utica entre las que La Ruta de la Sal"},"content":{"rendered":"<div id=\"attachment_8857\" style=\"width: 1210px\" class=\"wp-caption alignnone\"><img loading=\"lazy\" decoding=\"async\" aria-describedby=\"caption-attachment-8857\" class=\"wp-image-8857 size-full\" src=\"http:\/\/larutadelasal.com\/custom\/uploads\/2023\/12\/TraspasoEnregata.jpeg\" alt=\"\" width=\"1200\" height=\"779\" srcset=\"https:\/\/labs.100x100.net\/projects\/rutasal\/custom\/uploads\/2023\/12\/TraspasoEnregata.jpeg 1200w, https:\/\/labs.100x100.net\/projects\/rutasal\/custom\/uploads\/2023\/12\/TraspasoEnregata-300x195.jpeg 300w, https:\/\/labs.100x100.net\/projects\/rutasal\/custom\/uploads\/2023\/12\/TraspasoEnregata-1024x665.jpeg 1024w, https:\/\/labs.100x100.net\/projects\/rutasal\/custom\/uploads\/2023\/12\/TraspasoEnregata-768x499.jpeg 768w\" sizes=\"(max-width: 1200px) 100vw, 1200px\" \/><p id=\"caption-attachment-8857\" class=\"wp-caption-text\">De izquierda a derecha: Andr\u00e9s Oliva, director Enregata, y Enrique y Laura Curt, presidente y gerente de Difusi\u00f3n N\u00e1utica, respectivamente.<\/p><\/div>\n<p style=\"text-align: justify;\">Difusi\u00f3n N\u00e1utica, empresa pionera en la organizaci\u00f3n de eventos n\u00e1uticos y regatas de altura en Espa\u00f1a y fundada por Enrique Curt, ha transferido la titularidad de sus emblem\u00e1ticos eventos a Eventos N\u00e1uticos Regata (Enregata). Esta empresa reci\u00e9n fundada, que se dedicar\u00e1 a la organizaci\u00f3n de regatas y eventos n\u00e1uticos, est\u00e1 liderada por Andr\u00e9s Oliva, quien durante los \u00faltimos 7 a\u00f1os ha gestionado con \u00e9xito las regatas de Difusi\u00f3n N\u00e1utica, asegurando as\u00ed la continuidad y estabilidad de dichos eventos. El cambio de titularidad abarca importantes cert\u00e1menes como La Ruta de la Sal, el Gran Prix del Atl\u00e1ntico, La Ruta de la Tramuntana, la Multihull Rally &amp; Race, la Regata Bah\u00eda de Pollen\u00e7a y la Golden Cup Badalona.<\/p>\n<p style=\"text-align: justify;\">Este traspaso de la organizaci\u00f3n de las regatas de Difusi\u00f3n N\u00e1utica a Enregata marca un momento significativo y emocionante en el mundo de la navegaci\u00f3n y garantiza la continuidad del legado de excelencia y pasi\u00f3n por la navegaci\u00f3n que ha caracterizado a estos eventos a lo largo de los a\u00f1os, abriendo un nuevo cap\u00edtulo en la historia de la n\u00e1utica en Espa\u00f1a.<\/p>\n<p><a href=\"http:\/\/www.enregata.com\">enregata.com<\/a><\/p>\n<p>&nbsp;<\/p>\n<h5 style=\"text-align: justify;\"><\/h5>\n","protected":false},"excerpt":{"rendered":"<p>Difusi\u00f3n N\u00e1utica, empresa pionera en la organizaci\u00f3n de eventos n\u00e1uticos y regatas de altura en Espa\u00f1a y fundada por Enrique Curt, ha transferido la titularidad de sus emblem\u00e1ticos eventos a Eventos N\u00e1uticos Regata (Enregata). Esta empresa reci\u00e9n fundada, que se dedicar\u00e1 a la organizaci\u00f3n de regatas y eventos n\u00e1uticos, est\u00e1 liderada por Andr\u00e9s Oliva, quien [&hellip;]<\/p>\n","protected":false},"author":7,"featured_media":8857,"comment_status":"open","ping_status":"open","sticky":false,"template":"","format":"standard","meta":{"_acf_changed":false,"footnotes":""},"categories":[3],"tags":[],"acf":[],"yoast_head":"<!-- This site is optimized with the Yoast SEO plugin v23.0 - https:\/\/yoast.com\/wordpress\/plugins\/seo\/ -->\n<title>Enregata adquiere las emblem\u00e1ticas regatas de Difusi\u00f3n N\u00e1utica entre las que La Ruta de la Sal<\/title>\n<meta name=\"robots\" content=\"noindex, follow, max-snippet:-1, max-image-preview:large, max-video-preview:-1\" \/>\n<meta property=\"og:locale\" content=\"es_ES\" \/>\n<meta property=\"og:type\" content=\"article\" \/>\n<meta property=\"og:title\" content=\"Enregata adquiere las emblem\u00e1ticas regatas de Difusi\u00f3n N\u00e1utica entre las que La Ruta de la Sal\" \/>\n<meta property=\"og:description\" content=\"Difusi\u00f3n N\u00e1utica, empresa pionera en la organizaci\u00f3n de eventos n\u00e1uticos y regatas de altura en Espa\u00f1a y fundada por Enrique Curt, ha transferido la titularidad de sus emblem\u00e1ticos eventos a Eventos N\u00e1uticos Regata (Enregata). Esta empresa reci\u00e9n fundada, que se dedicar\u00e1 a la organizaci\u00f3n de regatas y eventos n\u00e1uticos, est\u00e1 liderada por Andr\u00e9s Oliva, quien [&hellip;]\" \/>\n<meta property=\"og:url\" content=\"https:\/\/labs.100x100.net\/projects\/rutasal\/enregata\/\" \/>\n<meta property=\"og:site_name\" content=\"Regata La Ruta de la Sal\" \/>\n<meta property=\"article:publisher\" content=\"https:\/\/www.facebook.com\/rutadelasal\/\" \/>\n<meta property=\"article:published_time\" content=\"2023-12-22T09:05:22+00:00\" \/>\n<meta property=\"article:modified_time\" content=\"2023-12-22T11:20:15+00:00\" \/>\n<meta property=\"og:image\" content=\"https:\/\/labs.100x100.net\/projects\/rutasal\/custom\/uploads\/2023\/12\/TraspasoEnregata.jpeg\" \/>\n\t<meta property=\"og:image:width\" content=\"1200\" \/>\n\t<meta property=\"og:image:height\" content=\"779\" \/>\n\t<meta property=\"og:image:type\" content=\"image\/jpeg\" \/>\n<meta name=\"author\" content=\"Valentina Libri\" \/>\n<meta name=\"twitter:card\" content=\"summary_large_image\" \/>\n<meta name=\"twitter:creator\" content=\"@AnamMedi\" \/>\n<meta name=\"twitter:site\" content=\"@AnamMedi\" \/>\n<meta name=\"twitter:label1\" content=\"Escrito por\" \/>\n\t<meta name=\"twitter:data1\" content=\"Valentina Libri\" \/>\n\t<meta name=\"twitter:label2\" content=\"Tiempo de lectura\" \/>\n\t<meta name=\"twitter:data2\" content=\"2 minutos\" \/>\n<script type=\"application\/ld+json\" class=\"yoast-schema-graph\">{\"@context\":\"https:\/\/schema.org\",\"@graph\":[{\"@type\":\"WebPage\",\"@id\":\"https:\/\/labs.100x100.net\/projects\/rutasal\/enregata\/\",\"url\":\"https:\/\/labs.100x100.net\/projects\/rutasal\/enregata\/\",\"name\":\"Enregata adquiere las emblem\u00e1ticas regatas de Difusi\u00f3n N\u00e1utica entre las que La Ruta de la Sal\",\"isPartOf\":{\"@id\":\"https:\/\/labs.100x100.net\/projects\/rutasal\/#website\"},\"primaryImageOfPage\":{\"@id\":\"https:\/\/labs.100x100.net\/projects\/rutasal\/enregata\/#primaryimage\"},\"image\":{\"@id\":\"https:\/\/labs.100x100.net\/projects\/rutasal\/enregata\/#primaryimage\"},\"thumbnailUrl\":\"https:\/\/labs.100x100.net\/projects\/rutasal\/custom\/uploads\/2023\/12\/TraspasoEnregata.jpeg\",\"datePublished\":\"2023-12-22T09:05:22+00:00\",\"dateModified\":\"2023-12-22T11:20:15+00:00\",\"author\":{\"@id\":\"https:\/\/labs.100x100.net\/projects\/rutasal\/#\/schema\/person\/78b3519b5320819eb3428bc4a4363faf\"},\"breadcrumb\":{\"@id\":\"https:\/\/labs.100x100.net\/projects\/rutasal\/enregata\/#breadcrumb\"},\"inLanguage\":\"es\",\"potentialAction\":[{\"@type\":\"ReadAction\",\"target\":[\"https:\/\/labs.100x100.net\/projects\/rutasal\/enregata\/\"]}]},{\"@type\":\"ImageObject\",\"inLanguage\":\"es\",\"@id\":\"https:\/\/labs.100x100.net\/projects\/rutasal\/enregata\/#primaryimage\",\"url\":\"https:\/\/labs.100x100.net\/projects\/rutasal\/custom\/uploads\/2023\/12\/TraspasoEnregata.jpeg\",\"contentUrl\":\"https:\/\/labs.100x100.net\/projects\/rutasal\/custom\/uploads\/2023\/12\/TraspasoEnregata.jpeg\",\"width\":1200,\"height\":779},{\"@type\":\"BreadcrumbList\",\"@id\":\"https:\/\/labs.100x100.net\/projects\/rutasal\/enregata\/#breadcrumb\",\"itemListElement\":[{\"@type\":\"ListItem\",\"position\":1,\"name\":\"Portada\",\"item\":\"https:\/\/labs.100x100.net\/projects\/rutasal\/\"},{\"@type\":\"ListItem\",\"position\":2,\"name\":\"Enregata adquiere las emblem\u00e1ticas regatas de Difusi\u00f3n N\u00e1utica entre las que La Ruta de la Sal\"}]},{\"@type\":\"WebSite\",\"@id\":\"https:\/\/labs.100x100.net\/projects\/rutasal\/#website\",\"url\":\"https:\/\/labs.100x100.net\/projects\/rutasal\/\",\"name\":\"Regata La Ruta de la Sal\",\"description\":\"Regata La Ruta de la Sal es una regata de Altura Mediterr\u00e1nea para barcos de crucero a vela con destino en Ibiza, que se disputa anualmente en Semana Santa.\",\"potentialAction\":[{\"@type\":\"SearchAction\",\"target\":{\"@type\":\"EntryPoint\",\"urlTemplate\":\"https:\/\/labs.100x100.net\/projects\/rutasal\/?s={search_term_string}\"},\"query-input\":\"required name=search_term_string\"}],\"inLanguage\":\"es\"},{\"@type\":\"Person\",\"@id\":\"https:\/\/labs.100x100.net\/projects\/rutasal\/#\/schema\/person\/78b3519b5320819eb3428bc4a4363faf\",\"name\":\"Valentina Libri\",\"image\":{\"@type\":\"ImageObject\",\"inLanguage\":\"es\",\"@id\":\"https:\/\/labs.100x100.net\/projects\/rutasal\/#\/schema\/person\/image\/\",\"url\":\"https:\/\/secure.gravatar.com\/avatar\/99c0547d5c3f4720c6410e401af04fe2?s=96&d=mm&r=g\",\"contentUrl\":\"https:\/\/secure.gravatar.com\/avatar\/99c0547d5c3f4720c6410e401af04fe2?s=96&d=mm&r=g\",\"caption\":\"Valentina Libri\"}}]}<\/script>\n<!-- \/ Yoast SEO plugin. -->","yoast_head_json":{"title":"Enregata adquiere las emblem\u00e1ticas regatas de Difusi\u00f3n N\u00e1utica entre las que La Ruta de la Sal","robots":{"index":"noindex","follow":"follow","max-snippet":"max-snippet:-1","max-image-preview":"max-image-preview:large","max-video-preview":"max-video-preview:-1"},"og_locale":"es_ES","og_type":"article","og_title":"Enregata adquiere las emblem\u00e1ticas regatas de Difusi\u00f3n N\u00e1utica entre las que La Ruta de la Sal","og_description":"Difusi\u00f3n N\u00e1utica, empresa pionera en la organizaci\u00f3n de eventos n\u00e1uticos y regatas de altura en Espa\u00f1a y fundada por Enrique Curt, ha transferido la titularidad de sus emblem\u00e1ticos eventos a Eventos N\u00e1uticos Regata (Enregata). Esta empresa reci\u00e9n fundada, que se dedicar\u00e1 a la organizaci\u00f3n de regatas y eventos n\u00e1uticos, est\u00e1 liderada por Andr\u00e9s Oliva, quien [&hellip;]","og_url":"https:\/\/labs.100x100.net\/projects\/rutasal\/enregata\/","og_site_name":"Regata La Ruta de la Sal","article_publisher":"https:\/\/www.facebook.com\/rutadelasal\/","article_published_time":"2023-12-22T09:05:22+00:00","article_modified_time":"2023-12-22T11:20:15+00:00","og_image":[{"width":1200,"height":779,"url":"https:\/\/labs.100x100.net\/projects\/rutasal\/custom\/uploads\/2023\/12\/TraspasoEnregata.jpeg","type":"image\/jpeg"}],"author":"Valentina Libri","twitter_card":"summary_large_image","twitter_creator":"@AnamMedi","twitter_site":"@AnamMedi","twitter_misc":{"Escrito por":"Valentina Libri","Tiempo de lectura":"2 minutos"},"schema":{"@context":"https:\/\/schema.org","@graph":[{"@type":"WebPage","@id":"https:\/\/labs.100x100.net\/projects\/rutasal\/enregata\/","url":"https:\/\/labs.100x100.net\/projects\/rutasal\/enregata\/","name":"Enregata adquiere las emblem\u00e1ticas regatas de Difusi\u00f3n N\u00e1utica entre las que La Ruta de la Sal","isPartOf":{"@id":"https:\/\/labs.100x100.net\/projects\/rutasal\/#website"},"primaryImageOfPage":{"@id":"https:\/\/labs.100x100.net\/projects\/rutasal\/enregata\/#primaryimage"},"image":{"@id":"https:\/\/labs.100x100.net\/projects\/rutasal\/enregata\/#primaryimage"},"thumbnailUrl":"https:\/\/labs.100x100.net\/projects\/rutasal\/custom\/uploads\/2023\/12\/TraspasoEnregata.jpeg","datePublished":"2023-12-22T09:05:22+00:00","dateModified":"2023-12-22T11:20:15+00:00","author":{"@id":"https:\/\/labs.100x100.net\/projects\/rutasal\/#\/schema\/person\/78b3519b5320819eb3428bc4a4363faf"},"breadcrumb":{"@id":"https:\/\/labs.100x100.net\/projects\/rutasal\/enregata\/#breadcrumb"},"inLanguage":"es","potentialAction":[{"@type":"ReadAction","target":["https:\/\/labs.100x100.net\/projects\/rutasal\/enregata\/"]}]},{"@type":"ImageObject","inLanguage":"es","@id":"https:\/\/labs.100x100.net\/projects\/rutasal\/enregata\/#primaryimage","url":"https:\/\/labs.100x100.net\/projects\/rutasal\/custom\/uploads\/2023\/12\/TraspasoEnregata.jpeg","contentUrl":"https:\/\/labs.100x100.net\/projects\/rutasal\/custom\/uploads\/2023\/12\/TraspasoEnregata.jpeg","width":1200,"height":779},{"@type":"BreadcrumbList","@id":"https:\/\/labs.100x100.net\/projects\/rutasal\/enregata\/#breadcrumb","itemListElement":[{"@type":"ListItem","position":1,"name":"Portada","item":"https:\/\/labs.100x100.net\/projects\/rutasal\/"},{"@type":"ListItem","position":2,"name":"Enregata adquiere las emblem\u00e1ticas regatas de Difusi\u00f3n N\u00e1utica entre las que La Ruta de la Sal"}]},{"@type":"WebSite","@id":"https:\/\/labs.100x100.net\/projects\/rutasal\/#website","url":"https:\/\/labs.100x100.net\/projects\/rutasal\/","name":"Regata La Ruta de la Sal","description":"Regata La Ruta de la Sal es una regata de Altura Mediterr\u00e1nea para barcos de crucero a vela con destino en Ibiza, que se disputa anualmente en Semana Santa.","potentialAction":[{"@type":"SearchAction","target":{"@type":"EntryPoint","urlTemplate":"https:\/\/labs.100x100.net\/projects\/rutasal\/?s={search_term_string}"},"query-input":"required name=search_term_string"}],"inLanguage":"es"},{"@type":"Person","@id":"https:\/\/labs.100x100.net\/projects\/rutasal\/#\/schema\/person\/78b3519b5320819eb3428bc4a4363faf","name":"Valentina Libri","image":{"@type":"ImageObject","inLanguage":"es","@id":"https:\/\/labs.100x100.net\/projects\/rutasal\/#\/schema\/person\/image\/","url":"https:\/\/secure.gravatar.com\/avatar\/99c0547d5c3f4720c6410e401af04fe2?s=96&d=mm&r=g","contentUrl":"https:\/\/secure.gravatar.com\/avatar\/99c0547d5c3f4720c6410e401af04fe2?s=96&d=mm&r=g","caption":"Valentina Libri"}}]}},"_links":{"self":[{"href":"https:\/\/labs.100x100.net\/projects\/rutasal\/wp-json\/wp\/v2\/posts\/8851"}],"collection":[{"href":"https:\/\/labs.100x100.net\/projects\/rutasal\/wp-json\/wp\/v2\/posts"}],"about":[{"href":"https:\/\/labs.100x100.net\/projects\/rutasal\/wp-json\/wp\/v2\/types\/post"}],"author":[{"embeddable":true,"href":"https:\/\/labs.100x100.net\/projects\/rutasal\/wp-json\/wp\/v2\/users\/7"}],"replies":[{"embeddable":true,"href":"https:\/\/labs.100x100.net\/projects\/rutasal\/wp-json\/wp\/v2\/comments?post=8851"}],"version-history":[{"count":6,"href":"https:\/\/labs.100x100.net\/projects\/rutasal\/wp-json\/wp\/v2\/posts\/8851\/revisions"}],"predecessor-version":[{"id":8870,"href":"https:\/\/labs.100x100.net\/projects\/rutasal\/wp-json\/wp\/v2\/posts\/8851\/revisions\/8870"}],"wp:featuredmedia":[{"embeddable":true,"href":"https:\/\/labs.100x100.net\/projects\/rutasal\/wp-json\/wp\/v2\/media\/8857"}],"wp:attachment":[{"href":"https:\/\/labs.100x100.net\/projects\/rutasal\/wp-json\/wp\/v2\/media?parent=8851"}],"wp:term":[{"taxonomy":"category","embeddable":true,"href":"https:\/\/labs.100x100.net\/projects\/rutasal\/wp-json\/wp\/v2\/categories?post=8851"},{"taxonomy":"post_tag","embeddable":true,"href":"https:\/\/labs.100x100.net\/projects\/rutasal\/wp-json\/wp\/v2\/tags?post=8851"}],"curies":[{"name":"wp","href":"https:\/\/api.w.org\/{rel}","templated":true}]}}