{"id":8604,"date":"2023-04-08T16:48:26","date_gmt":"2023-04-08T14:48:26","guid":{"rendered":"https:\/\/larutadelasal.com\/?p=8604"},"modified":"2023-04-08T17:05:37","modified_gmt":"2023-04-08T15:05:37","slug":"las-embarcaciones-hydra-hm-y-brujo-se-hacen-con-el-titulo-de-ganadores-absolutos-en-la-xxxv-edicion-de-la-ruta-de-la-sal","status":"publish","type":"post","link":"https:\/\/labs.100x100.net\/projects\/rutasal\/las-embarcaciones-hydra-hm-y-brujo-se-hacen-con-el-titulo-de-ganadores-absolutos-en-la-xxxv-edicion-de-la-ruta-de-la-sal\/","title":{"rendered":"Las embarcaciones Hydra-HM y Brujo se hacen con el t\u00edtulo de ganadores absolutos en la XXXV edici\u00f3n de La Ruta de la Sal"},"content":{"rendered":"<div id=\"attachment_8608\" style=\"width: 1210px\" class=\"wp-caption aligncenter\"><img loading=\"lazy\" decoding=\"async\" aria-describedby=\"caption-attachment-8608\" class=\"size-full wp-image-8608\" src=\"http:\/\/larutadelasal.com\/custom\/uploads\/2023\/04\/Brujo-tripu-\u00a9Alfred-Farre.jpeg\" alt=\"\" width=\"1200\" height=\"801\" srcset=\"https:\/\/labs.100x100.net\/projects\/rutasal\/custom\/uploads\/2023\/04\/Brujo-tripu-\u00a9Alfred-Farre.jpeg 1200w, https:\/\/labs.100x100.net\/projects\/rutasal\/custom\/uploads\/2023\/04\/Brujo-tripu-\u00a9Alfred-Farre-300x200.jpeg 300w, https:\/\/labs.100x100.net\/projects\/rutasal\/custom\/uploads\/2023\/04\/Brujo-tripu-\u00a9Alfred-Farre-1024x684.jpeg 1024w, https:\/\/labs.100x100.net\/projects\/rutasal\/custom\/uploads\/2023\/04\/Brujo-tripu-\u00a9Alfred-Farre-768x513.jpeg 768w\" sizes=\"(max-width: 1200px) 100vw, 1200px\" \/><p id=\"caption-attachment-8608\" class=\"wp-caption-text\">\u00a9AlfredFarre.com \/ La Ruta de la Sal<\/p><\/div>\n<p><strong>Gracias a su navegaci\u00f3n, las embarcaciones Pelotari Project e Hydra-HM Hospitales han resultado ganadores en tiempo real<\/strong><\/p>\n<p><strong>Tras varias ediciones con dominio de extranjeros en el p\u00f3dium, los equipos espa\u00f1oles vuelven a copar las posiciones de honor este 2023<\/strong><\/p>\n<p>Los equipos de las embarcaciones Hydra-HM Hospitales y Brujo han resultado ganadores absolutos de la XXXV edici\u00f3n de La Ruta de la Sal. Adem\u00e1s, gracias a su navegaci\u00f3n, el Pelotari Project e Hydra-HM Hospitales, por su parte, se han hecho con el t\u00edtulo de ganadores en tiempo real. Los equipos espa\u00f1oles vuelven a copar las posiciones de honor este 2023, despu\u00e9s de varias ediciones con dominio de embarcaciones extranjeras en el p\u00f3dium. A las 10 de la ma\u00f1ana de hoy, 8 de abril, ha finalizado el tiempo l\u00edmite y se ha cerrado la l\u00ednea de llegada frente a la punta de Ses Variades en Sant Antoni de Portmany. Esta ha sido una edici\u00f3n lenta, marcada por vientos d\u00e9biles de componente Sur y Sureste, que ha provocado que buena parte de la flota, sobre todo la de la versi\u00f3n Barcelona, tuviera que superar las 36 horas de navegaci\u00f3n para llegar a Ibiza en la madrugada del s\u00e1bado 7 de abril.<\/p>\n<p><img loading=\"lazy\" decoding=\"async\" class=\"aligncenter size-full wp-image-8614\" src=\"http:\/\/larutadelasal.com\/custom\/uploads\/2023\/04\/02_Hydra.jpg\" alt=\"\" width=\"1200\" height=\"801\" srcset=\"https:\/\/labs.100x100.net\/projects\/rutasal\/custom\/uploads\/2023\/04\/02_Hydra.jpg 1200w, https:\/\/labs.100x100.net\/projects\/rutasal\/custom\/uploads\/2023\/04\/02_Hydra-300x200.jpg 300w, https:\/\/labs.100x100.net\/projects\/rutasal\/custom\/uploads\/2023\/04\/02_Hydra-1024x684.jpg 1024w, https:\/\/labs.100x100.net\/projects\/rutasal\/custom\/uploads\/2023\/04\/02_Hydra-768x513.jpg 768w\" sizes=\"(max-width: 1200px) 100vw, 1200px\" \/><\/p>\n<p>La versi\u00f3n Barcelona ha sido especialmente t\u00e9cnica, ya que ha contado con viento de cara y un agujero de calmas justo en la l\u00ednea del rumbo directo a Sant Antoni que obligaba a los participantes a escoger constantemente el mejor bordo, poniendo en la balanza las millas a recorrer y el riesgo de quedarse sin viento. El Hydra-HM Hospitales de \u00d3scar Chaves fue el equipo que mejor supo responder al reto t\u00e9cnico, con la ventaja de tratarse de condiciones de ce\u00f1ida con vientos moderados que se adaptan especialmente al modelo DK 46 del Club N\u00e1utico El Bal\u00eds y que lo han hecho merecedor de un amplio palmar\u00e9s de victorias en regatas de tri\u00e1ngulo. La segunda plaza del p\u00f3dium en la versi\u00f3n de Barcelona la ocupaba el Caliope, patroneado por Antonio Lorca. 13 fueron los minutos que separaron de la victoria al barco del Club N\u00e1utico Sant Feliu de Gu\u00edxols, primer modelo de J45 en navegar en Europa y que se estren\u00f3 ya el a\u00f1o pasado con su primera participaci\u00f3n en La Ruta de la Sal. La tercera plaza del p\u00f3dium la ocupar\u00eda el Lib\u00e9lula, Swan 65 patroneado por Borja Pella que, junto con sus hermanos y a bordo del Galvana, cuenta ya con dos victorias en ediciones anteriores de La Ruta de la Sal.<\/p>\n<div id=\"attachment_8617\" style=\"width: 1210px\" class=\"wp-caption aligncenter\"><img loading=\"lazy\" decoding=\"async\" aria-describedby=\"caption-attachment-8617\" class=\"size-full wp-image-8617\" src=\"http:\/\/larutadelasal.com\/custom\/uploads\/2023\/04\/Brujo-\u00a9Alfred-Farre.jpeg\" alt=\"\" width=\"1200\" height=\"801\" srcset=\"https:\/\/labs.100x100.net\/projects\/rutasal\/custom\/uploads\/2023\/04\/Brujo-\u00a9Alfred-Farre.jpeg 1200w, https:\/\/labs.100x100.net\/projects\/rutasal\/custom\/uploads\/2023\/04\/Brujo-\u00a9Alfred-Farre-300x200.jpeg 300w, https:\/\/labs.100x100.net\/projects\/rutasal\/custom\/uploads\/2023\/04\/Brujo-\u00a9Alfred-Farre-1024x684.jpeg 1024w, https:\/\/labs.100x100.net\/projects\/rutasal\/custom\/uploads\/2023\/04\/Brujo-\u00a9Alfred-Farre-768x513.jpeg 768w\" sizes=\"(max-width: 1200px) 100vw, 1200px\" \/><p id=\"caption-attachment-8617\" class=\"wp-caption-text\">\u00a9AlfredFarre.com \/ La Ruta de la Sal<\/p><\/div>\n<p>En la versi\u00f3n Denia, el Pelotari Project, Vismara Mills 68 de Andr\u00e9s Varela Entrecanales del Real Club N\u00e1utico de Port de Pollen\u00e7a se alzaba con la victoria en tiempo real. Dadas las condiciones de viento, no pudo superar el r\u00e9cord absoluto que estableciera en la edici\u00f3n anterior de La Ruta de la Sal, ni defender su rating frente a sus principales competidores. Una vez aplicados los tiempos compensados, el Brujo, Swan 45 de Alberto de Castro, con gallardete del Real Club N\u00e1utico de Valencia, se impon\u00eda con rotundidad como ganador absoluto de la versi\u00f3n Denia. Segundo en 2022, tras el Clem, ganador absoluto frente al Clem en la edici\u00f3n con calmas severas del 2021, y segundo en la edici\u00f3n de vientos duros del 2019, el equipo valenciano ha demostrado su capacidad de conseguir excelentes resultados en condiciones muy diferentes de viento, as\u00ed como una regularidad extraordinaria ocupando una de las dos plazas m\u00e1s altas del p\u00f3dium en las 4 \u00faltimas ediciones de la regata.<\/p>\n<p><img loading=\"lazy\" decoding=\"async\" class=\"aligncenter size-full wp-image-8605\" src=\"http:\/\/larutadelasal.com\/custom\/uploads\/2023\/04\/01_Pelotari-Project-\u00a9Alfred-Farre-1.jpeg\" alt=\"Pelotari project - la ruta de la sal 2023\" width=\"1200\" height=\"801\" srcset=\"https:\/\/labs.100x100.net\/projects\/rutasal\/custom\/uploads\/2023\/04\/01_Pelotari-Project-\u00a9Alfred-Farre-1.jpeg 1200w, https:\/\/labs.100x100.net\/projects\/rutasal\/custom\/uploads\/2023\/04\/01_Pelotari-Project-\u00a9Alfred-Farre-1-300x200.jpeg 300w, https:\/\/labs.100x100.net\/projects\/rutasal\/custom\/uploads\/2023\/04\/01_Pelotari-Project-\u00a9Alfred-Farre-1-1024x684.jpeg 1024w, https:\/\/labs.100x100.net\/projects\/rutasal\/custom\/uploads\/2023\/04\/01_Pelotari-Project-\u00a9Alfred-Farre-1-768x513.jpeg 768w\" sizes=\"(max-width: 1200px) 100vw, 1200px\" \/><\/p>\n<p>El Clem Primero, Swan 53 del Club de Mar, no ha podido revalidar el triunfo que consigui\u00f3 el a\u00f1o pasado y que, en caso de conseguirlo, habr\u00eda supuesto la 5\u00ba victoria de Jaime Olazabal, que lo hubiese convertido en el patr\u00f3n con m\u00e1s coronas de laurel en la historia de La Ruta de la Sal, honor que comparte actualmente con Manel Jan\u00e9 y Manel Guasch. En cualquiera de los casos, su segunda posici\u00f3n supone el tercer a\u00f1o consecutivo en uno de los dos puestos m\u00e1s altos del p\u00f3dium. La tercera plaza de la versi\u00f3n Denia la consegu\u00eda el equipo formado por tripulaci\u00f3n mayoritariamente femenina patroneada por Luc\u00eda de Tom\u00e1s a bordo del Genio IV, un First 40.7 del Real Club N\u00e1utico de Valencia que consegu\u00eda as\u00ed colocar a dos embarcaciones en lo m\u00e1s alto del p\u00f3dium.<\/p>\n<div id=\"attachment_8620\" style=\"width: 1210px\" class=\"wp-caption aligncenter\"><img loading=\"lazy\" decoding=\"async\" aria-describedby=\"caption-attachment-8620\" class=\"size-full wp-image-8620\" src=\"http:\/\/larutadelasal.com\/custom\/uploads\/2023\/04\/04_Caliope.jpg\" alt=\"\" width=\"1200\" height=\"801\" srcset=\"https:\/\/labs.100x100.net\/projects\/rutasal\/custom\/uploads\/2023\/04\/04_Caliope.jpg 1200w, https:\/\/labs.100x100.net\/projects\/rutasal\/custom\/uploads\/2023\/04\/04_Caliope-300x200.jpg 300w, https:\/\/labs.100x100.net\/projects\/rutasal\/custom\/uploads\/2023\/04\/04_Caliope-1024x684.jpg 1024w, https:\/\/labs.100x100.net\/projects\/rutasal\/custom\/uploads\/2023\/04\/04_Caliope-768x513.jpg 768w\" sizes=\"(max-width: 1200px) 100vw, 1200px\" \/><p id=\"caption-attachment-8620\" class=\"wp-caption-text\">\u00a9AlfredFarre.com \/ La Ruta de la Sal<\/p><\/div>\n<p>El Real Club N\u00e1utico de Valencia se anotaba otro triunfo, en este caso en la versi\u00f3n Mini-Sal, de rumbo directo Denia-Sant Antoni de Portmany, de la mano del Xcuba, el IMX40 de Toni Garces que se impon\u00eda por algo m\u00e1s de cuatro minutos al Escualo Tres del Real Club N\u00e1utico de Denia, un Bavaria 49 patroneado por Marcelino Cardona. La tercera posici\u00f3n era para el First 40, Adelie Dos, equipo irland\u00e9s con base en el Club N\u00e1utico de Santa Eul\u00e0lia.<\/p>\n<div id=\"attachment_8623\" style=\"width: 1210px\" class=\"wp-caption aligncenter\"><img loading=\"lazy\" decoding=\"async\" aria-describedby=\"caption-attachment-8623\" class=\"size-full wp-image-8623\" src=\"http:\/\/larutadelasal.com\/custom\/uploads\/2023\/04\/03_Flomaly.jpg\" alt=\"\" width=\"1200\" height=\"801\" srcset=\"https:\/\/labs.100x100.net\/projects\/rutasal\/custom\/uploads\/2023\/04\/03_Flomaly.jpg 1200w, https:\/\/labs.100x100.net\/projects\/rutasal\/custom\/uploads\/2023\/04\/03_Flomaly-300x200.jpg 300w, https:\/\/labs.100x100.net\/projects\/rutasal\/custom\/uploads\/2023\/04\/03_Flomaly-1024x684.jpg 1024w, https:\/\/labs.100x100.net\/projects\/rutasal\/custom\/uploads\/2023\/04\/03_Flomaly-768x513.jpg 768w\" sizes=\"(max-width: 1200px) 100vw, 1200px\" \/><p id=\"caption-attachment-8623\" class=\"wp-caption-text\">\u00a9AlfredFarre.com \/ La Ruta de la Sal<\/p><\/div>\n<p>Hoy a las 12:00 horas ha tenido lugar, en el Club N\u00e0utic Sant Antoni, la rueda de prensa con los ganadores absolutos y en tiempo real de la XXXV edici\u00f3n de La Ruta de la Sal. Este acto lo ha abierto Lu\u00eds G\u00f3mez Briones, secretario del Club N\u00e0utic Sant Antoni, quien ha querido agradecer \u201ca todos los marineros y trabajadores de los diferentes clubes n\u00e1uticos que hacen posible que cada edici\u00f3n de La Ruta de la Sal tenga un final feliz\u201d. Por su parte, el concejal de Turismo y Fiestas de Sant Antoni de Portmany, Miguel Tur, ha agradecido a La Ruta de la Sal por contar siempre con este municipio como puerto de llegada y ha dado la enhorabuena a todos los participantes por enfrentarse a todo tipo de adversidades y les ha invitado \u201ca que disfrut\u00e9is de la bah\u00eda de Sant Antoni de Portmany, insignia de nuestro municipio\u201d.<\/p>\n<p>El conseller de Deportes del Consell Insular d&#8217;Eivissa, Salvador Losa Mar\u00ed, ha destacado que \u00abpara el Consell Insular d\u2019Eivissa es un orgullo patrocinar una prueba de este nivel, declarada de Inter\u00e9s Tur\u00edstico. Porque este evento supera el \u00e1mbito puramente deportivo, ya es un atractivo tur\u00edstico\u201d. \u201cEn Ibiza tenemos grandes playas y discotecas, pero tambi\u00e9n tenemos gastronom\u00eda, cultura y deporte, mucho deporte. Y para mostrarlo, nos ayudan eventos como La Ruta de la Sal\u201d, ha a\u00f1adido Losa.<\/p>\n<div id=\"attachment_8611\" style=\"width: 1210px\" class=\"wp-caption aligncenter\"><img loading=\"lazy\" decoding=\"async\" aria-describedby=\"caption-attachment-8611\" class=\"size-full wp-image-8611\" src=\"http:\/\/larutadelasal.com\/custom\/uploads\/2023\/04\/fotofamilia_ruedadeprensa_rutadelsal.jpeg\" alt=\"\" width=\"1200\" height=\"801\" srcset=\"https:\/\/labs.100x100.net\/projects\/rutasal\/custom\/uploads\/2023\/04\/fotofamilia_ruedadeprensa_rutadelsal.jpeg 1200w, https:\/\/labs.100x100.net\/projects\/rutasal\/custom\/uploads\/2023\/04\/fotofamilia_ruedadeprensa_rutadelsal-300x200.jpeg 300w, https:\/\/labs.100x100.net\/projects\/rutasal\/custom\/uploads\/2023\/04\/fotofamilia_ruedadeprensa_rutadelsal-1024x684.jpeg 1024w, https:\/\/labs.100x100.net\/projects\/rutasal\/custom\/uploads\/2023\/04\/fotofamilia_ruedadeprensa_rutadelsal-768x513.jpeg 768w\" sizes=\"(max-width: 1200px) 100vw, 1200px\" \/><p id=\"caption-attachment-8611\" class=\"wp-caption-text\">\u00a9AlfredFarre.com \/ La Ruta de la Sal<\/p><\/div>\n<p>Asimismo, el presidente Comit\u00e9 Organizador de La Ruta de la Sal, Enric Curt, ha agradecido el apoyo de todas las entidades que hacen posible esta regata de altura y ha destacado la necesidad de establecer un acuerdo entre todas instituciones implicadas para garantizar el futuro de la regata en Ibiza frente a la progresiva reducci\u00f3n de amarres en Sant Antoni de Portmany y la imposibilidad de dar cabida en su puerto a toda la gran flota de La Sal.<\/p>\n","protected":false},"excerpt":{"rendered":"<p>Gracias a su navegaci\u00f3n, las embarcaciones Pelotari Project e Hydra-HM Hospitales han resultado ganadores en tiempo real Tras varias ediciones con dominio de extranjeros en el p\u00f3dium, los equipos espa\u00f1oles vuelven a copar las posiciones de honor este 2023 Los equipos de las embarcaciones Hydra-HM Hospitales y Brujo han resultado ganadores absolutos de la XXXV [&hellip;]<\/p>\n","protected":false},"author":2,"featured_media":8608,"comment_status":"open","ping_status":"open","sticky":false,"template":"","format":"standard","meta":{"_acf_changed":false,"footnotes":""},"categories":[3],"tags":[],"acf":[],"yoast_head":"<!-- This site is optimized with the Yoast SEO plugin v23.0 - https:\/\/yoast.com\/wordpress\/plugins\/seo\/ -->\n<title>Las embarcaciones Hydra-HM y Brujo se hacen con el t\u00edtulo de ganadores absolutos en la XXXV edici\u00f3n de La Ruta de la Sal | Regata La Ruta de la Sal<\/title>\n<meta name=\"description\" content=\"Las embarcaciones Hydra-HM y Brujo se hacen con el t\u00edtulo de ganadores absolutos en la XXXV edici\u00f3n de La Ruta de la Sal\" \/>\n<meta name=\"robots\" content=\"noindex, follow, max-snippet:-1, max-image-preview:large, max-video-preview:-1\" \/>\n<meta property=\"og:locale\" content=\"es_ES\" \/>\n<meta property=\"og:type\" content=\"article\" \/>\n<meta property=\"og:title\" content=\"Las embarcaciones Hydra-HM y Brujo se hacen con el t\u00edtulo de ganadores absolutos en la XXXV edici\u00f3n de La Ruta de la Sal | Regata La Ruta de la Sal\" \/>\n<meta property=\"og:description\" content=\"Las embarcaciones Hydra-HM y Brujo se hacen con el t\u00edtulo de ganadores absolutos en la XXXV edici\u00f3n de La Ruta de la Sal\" \/>\n<meta property=\"og:url\" content=\"https:\/\/labs.100x100.net\/projects\/rutasal\/las-embarcaciones-hydra-hm-y-brujo-se-hacen-con-el-titulo-de-ganadores-absolutos-en-la-xxxv-edicion-de-la-ruta-de-la-sal\/\" \/>\n<meta property=\"og:site_name\" content=\"Regata La Ruta de la Sal\" \/>\n<meta property=\"article:publisher\" content=\"https:\/\/www.facebook.com\/rutadelasal\/\" \/>\n<meta property=\"article:published_time\" content=\"2023-04-08T14:48:26+00:00\" \/>\n<meta property=\"article:modified_time\" content=\"2023-04-08T15:05:37+00:00\" \/>\n<meta property=\"og:image\" content=\"https:\/\/labs.100x100.net\/projects\/rutasal\/custom\/uploads\/2023\/04\/Brujo-tripu-\u00a9Alfred-Farre.jpeg\" \/>\n\t<meta property=\"og:image:width\" content=\"1200\" \/>\n\t<meta property=\"og:image:height\" content=\"801\" \/>\n\t<meta property=\"og:image:type\" content=\"image\/jpeg\" \/>\n<meta name=\"author\" content=\"Ferran\" \/>\n<meta name=\"twitter:card\" content=\"summary_large_image\" \/>\n<meta name=\"twitter:image\" content=\"https:\/\/labs.100x100.net\/projects\/rutasal\/custom\/uploads\/2023\/04\/Brujo-tripu-\u00a9Alfred-Farre.jpeg\" \/>\n<meta name=\"twitter:creator\" content=\"@AnamMedi\" \/>\n<meta name=\"twitter:site\" content=\"@AnamMedi\" \/>\n<meta name=\"twitter:label1\" content=\"Escrito por\" \/>\n\t<meta name=\"twitter:data1\" content=\"Ferran\" \/>\n\t<meta name=\"twitter:label2\" content=\"Tiempo de lectura\" \/>\n\t<meta name=\"twitter:data2\" content=\"7 minutos\" \/>\n<script type=\"application\/ld+json\" class=\"yoast-schema-graph\">{\"@context\":\"https:\/\/schema.org\",\"@graph\":[{\"@type\":\"WebPage\",\"@id\":\"https:\/\/labs.100x100.net\/projects\/rutasal\/las-embarcaciones-hydra-hm-y-brujo-se-hacen-con-el-titulo-de-ganadores-absolutos-en-la-xxxv-edicion-de-la-ruta-de-la-sal\/\",\"url\":\"https:\/\/labs.100x100.net\/projects\/rutasal\/las-embarcaciones-hydra-hm-y-brujo-se-hacen-con-el-titulo-de-ganadores-absolutos-en-la-xxxv-edicion-de-la-ruta-de-la-sal\/\",\"name\":\"Las embarcaciones Hydra-HM y Brujo se hacen con el t\u00edtulo de ganadores absolutos en la XXXV edici\u00f3n de La Ruta de la Sal | Regata La Ruta de la Sal\",\"isPartOf\":{\"@id\":\"https:\/\/labs.100x100.net\/projects\/rutasal\/#website\"},\"primaryImageOfPage\":{\"@id\":\"https:\/\/labs.100x100.net\/projects\/rutasal\/las-embarcaciones-hydra-hm-y-brujo-se-hacen-con-el-titulo-de-ganadores-absolutos-en-la-xxxv-edicion-de-la-ruta-de-la-sal\/#primaryimage\"},\"image\":{\"@id\":\"https:\/\/labs.100x100.net\/projects\/rutasal\/las-embarcaciones-hydra-hm-y-brujo-se-hacen-con-el-titulo-de-ganadores-absolutos-en-la-xxxv-edicion-de-la-ruta-de-la-sal\/#primaryimage\"},\"thumbnailUrl\":\"https:\/\/labs.100x100.net\/projects\/rutasal\/custom\/uploads\/2023\/04\/Brujo-tripu-\u00a9Alfred-Farre.jpeg\",\"datePublished\":\"2023-04-08T14:48:26+00:00\",\"dateModified\":\"2023-04-08T15:05:37+00:00\",\"author\":{\"@id\":\"https:\/\/labs.100x100.net\/projects\/rutasal\/#\/schema\/person\/24a02a346c826cf8502e7fb8edc0396c\"},\"description\":\"Las embarcaciones Hydra-HM y Brujo se hacen con el t\u00edtulo de ganadores absolutos en la XXXV edici\u00f3n de La Ruta de la Sal\",\"breadcrumb\":{\"@id\":\"https:\/\/labs.100x100.net\/projects\/rutasal\/las-embarcaciones-hydra-hm-y-brujo-se-hacen-con-el-titulo-de-ganadores-absolutos-en-la-xxxv-edicion-de-la-ruta-de-la-sal\/#breadcrumb\"},\"inLanguage\":\"es\",\"potentialAction\":[{\"@type\":\"ReadAction\",\"target\":[\"https:\/\/labs.100x100.net\/projects\/rutasal\/las-embarcaciones-hydra-hm-y-brujo-se-hacen-con-el-titulo-de-ganadores-absolutos-en-la-xxxv-edicion-de-la-ruta-de-la-sal\/\"]}]},{\"@type\":\"ImageObject\",\"inLanguage\":\"es\",\"@id\":\"https:\/\/labs.100x100.net\/projects\/rutasal\/las-embarcaciones-hydra-hm-y-brujo-se-hacen-con-el-titulo-de-ganadores-absolutos-en-la-xxxv-edicion-de-la-ruta-de-la-sal\/#primaryimage\",\"url\":\"https:\/\/labs.100x100.net\/projects\/rutasal\/custom\/uploads\/2023\/04\/Brujo-tripu-\u00a9Alfred-Farre.jpeg\",\"contentUrl\":\"https:\/\/labs.100x100.net\/projects\/rutasal\/custom\/uploads\/2023\/04\/Brujo-tripu-\u00a9Alfred-Farre.jpeg\",\"width\":1200,\"height\":801,\"caption\":\"\u00a9AlfredFarre.com \/ La Ruta de la Sal\"},{\"@type\":\"BreadcrumbList\",\"@id\":\"https:\/\/labs.100x100.net\/projects\/rutasal\/las-embarcaciones-hydra-hm-y-brujo-se-hacen-con-el-titulo-de-ganadores-absolutos-en-la-xxxv-edicion-de-la-ruta-de-la-sal\/#breadcrumb\",\"itemListElement\":[{\"@type\":\"ListItem\",\"position\":1,\"name\":\"Portada\",\"item\":\"https:\/\/labs.100x100.net\/projects\/rutasal\/\"},{\"@type\":\"ListItem\",\"position\":2,\"name\":\"Las embarcaciones Hydra-HM y Brujo se hacen con el t\u00edtulo de ganadores absolutos en la XXXV edici\u00f3n de La Ruta de la Sal\"}]},{\"@type\":\"WebSite\",\"@id\":\"https:\/\/labs.100x100.net\/projects\/rutasal\/#website\",\"url\":\"https:\/\/labs.100x100.net\/projects\/rutasal\/\",\"name\":\"Regata La Ruta de la Sal\",\"description\":\"Regata La Ruta de la Sal es una regata de Altura Mediterr\u00e1nea para barcos de crucero a vela con destino en Ibiza, que se disputa anualmente en Semana Santa.\",\"potentialAction\":[{\"@type\":\"SearchAction\",\"target\":{\"@type\":\"EntryPoint\",\"urlTemplate\":\"https:\/\/labs.100x100.net\/projects\/rutasal\/?s={search_term_string}\"},\"query-input\":\"required name=search_term_string\"}],\"inLanguage\":\"es\"},{\"@type\":\"Person\",\"@id\":\"https:\/\/labs.100x100.net\/projects\/rutasal\/#\/schema\/person\/24a02a346c826cf8502e7fb8edc0396c\",\"name\":\"Ferran\",\"image\":{\"@type\":\"ImageObject\",\"inLanguage\":\"es\",\"@id\":\"https:\/\/labs.100x100.net\/projects\/rutasal\/#\/schema\/person\/image\/\",\"url\":\"https:\/\/secure.gravatar.com\/avatar\/d1c4bb756eb5c888319d7e06d9dc1559?s=96&d=mm&r=g\",\"contentUrl\":\"https:\/\/secure.gravatar.com\/avatar\/d1c4bb756eb5c888319d7e06d9dc1559?s=96&d=mm&r=g\",\"caption\":\"Ferran\"}}]}<\/script>\n<!-- \/ Yoast SEO plugin. -->","yoast_head_json":{"title":"Las embarcaciones Hydra-HM y Brujo se hacen con el t\u00edtulo de ganadores absolutos en la XXXV edici\u00f3n de La Ruta de la Sal | Regata La Ruta de la Sal","description":"Las embarcaciones Hydra-HM y Brujo se hacen con el t\u00edtulo de ganadores absolutos en la XXXV edici\u00f3n de La Ruta de la Sal","robots":{"index":"noindex","follow":"follow","max-snippet":"max-snippet:-1","max-image-preview":"max-image-preview:large","max-video-preview":"max-video-preview:-1"},"og_locale":"es_ES","og_type":"article","og_title":"Las embarcaciones Hydra-HM y Brujo se hacen con el t\u00edtulo de ganadores absolutos en la XXXV edici\u00f3n de La Ruta de la Sal | Regata La Ruta de la Sal","og_description":"Las embarcaciones Hydra-HM y Brujo se hacen con el t\u00edtulo de ganadores absolutos en la XXXV edici\u00f3n de La Ruta de la Sal","og_url":"https:\/\/labs.100x100.net\/projects\/rutasal\/las-embarcaciones-hydra-hm-y-brujo-se-hacen-con-el-titulo-de-ganadores-absolutos-en-la-xxxv-edicion-de-la-ruta-de-la-sal\/","og_site_name":"Regata La Ruta de la Sal","article_publisher":"https:\/\/www.facebook.com\/rutadelasal\/","article_published_time":"2023-04-08T14:48:26+00:00","article_modified_time":"2023-04-08T15:05:37+00:00","og_image":[{"width":1200,"height":801,"url":"https:\/\/labs.100x100.net\/projects\/rutasal\/custom\/uploads\/2023\/04\/Brujo-tripu-\u00a9Alfred-Farre.jpeg","type":"image\/jpeg"}],"author":"Ferran","twitter_card":"summary_large_image","twitter_image":"https:\/\/labs.100x100.net\/projects\/rutasal\/custom\/uploads\/2023\/04\/Brujo-tripu-\u00a9Alfred-Farre.jpeg","twitter_creator":"@AnamMedi","twitter_site":"@AnamMedi","twitter_misc":{"Escrito por":"Ferran","Tiempo de lectura":"7 minutos"},"schema":{"@context":"https:\/\/schema.org","@graph":[{"@type":"WebPage","@id":"https:\/\/labs.100x100.net\/projects\/rutasal\/las-embarcaciones-hydra-hm-y-brujo-se-hacen-con-el-titulo-de-ganadores-absolutos-en-la-xxxv-edicion-de-la-ruta-de-la-sal\/","url":"https:\/\/labs.100x100.net\/projects\/rutasal\/las-embarcaciones-hydra-hm-y-brujo-se-hacen-con-el-titulo-de-ganadores-absolutos-en-la-xxxv-edicion-de-la-ruta-de-la-sal\/","name":"Las embarcaciones Hydra-HM y Brujo se hacen con el t\u00edtulo de ganadores absolutos en la XXXV edici\u00f3n de La Ruta de la Sal | Regata La Ruta de la Sal","isPartOf":{"@id":"https:\/\/labs.100x100.net\/projects\/rutasal\/#website"},"primaryImageOfPage":{"@id":"https:\/\/labs.100x100.net\/projects\/rutasal\/las-embarcaciones-hydra-hm-y-brujo-se-hacen-con-el-titulo-de-ganadores-absolutos-en-la-xxxv-edicion-de-la-ruta-de-la-sal\/#primaryimage"},"image":{"@id":"https:\/\/labs.100x100.net\/projects\/rutasal\/las-embarcaciones-hydra-hm-y-brujo-se-hacen-con-el-titulo-de-ganadores-absolutos-en-la-xxxv-edicion-de-la-ruta-de-la-sal\/#primaryimage"},"thumbnailUrl":"https:\/\/labs.100x100.net\/projects\/rutasal\/custom\/uploads\/2023\/04\/Brujo-tripu-\u00a9Alfred-Farre.jpeg","datePublished":"2023-04-08T14:48:26+00:00","dateModified":"2023-04-08T15:05:37+00:00","author":{"@id":"https:\/\/labs.100x100.net\/projects\/rutasal\/#\/schema\/person\/24a02a346c826cf8502e7fb8edc0396c"},"description":"Las embarcaciones Hydra-HM y Brujo se hacen con el t\u00edtulo de ganadores absolutos en la XXXV edici\u00f3n de La Ruta de la Sal","breadcrumb":{"@id":"https:\/\/labs.100x100.net\/projects\/rutasal\/las-embarcaciones-hydra-hm-y-brujo-se-hacen-con-el-titulo-de-ganadores-absolutos-en-la-xxxv-edicion-de-la-ruta-de-la-sal\/#breadcrumb"},"inLanguage":"es","potentialAction":[{"@type":"ReadAction","target":["https:\/\/labs.100x100.net\/projects\/rutasal\/las-embarcaciones-hydra-hm-y-brujo-se-hacen-con-el-titulo-de-ganadores-absolutos-en-la-xxxv-edicion-de-la-ruta-de-la-sal\/"]}]},{"@type":"ImageObject","inLanguage":"es","@id":"https:\/\/labs.100x100.net\/projects\/rutasal\/las-embarcaciones-hydra-hm-y-brujo-se-hacen-con-el-titulo-de-ganadores-absolutos-en-la-xxxv-edicion-de-la-ruta-de-la-sal\/#primaryimage","url":"https:\/\/labs.100x100.net\/projects\/rutasal\/custom\/uploads\/2023\/04\/Brujo-tripu-\u00a9Alfred-Farre.jpeg","contentUrl":"https:\/\/labs.100x100.net\/projects\/rutasal\/custom\/uploads\/2023\/04\/Brujo-tripu-\u00a9Alfred-Farre.jpeg","width":1200,"height":801,"caption":"\u00a9AlfredFarre.com \/ La Ruta de la Sal"},{"@type":"BreadcrumbList","@id":"https:\/\/labs.100x100.net\/projects\/rutasal\/las-embarcaciones-hydra-hm-y-brujo-se-hacen-con-el-titulo-de-ganadores-absolutos-en-la-xxxv-edicion-de-la-ruta-de-la-sal\/#breadcrumb","itemListElement":[{"@type":"ListItem","position":1,"name":"Portada","item":"https:\/\/labs.100x100.net\/projects\/rutasal\/"},{"@type":"ListItem","position":2,"name":"Las embarcaciones Hydra-HM y Brujo se hacen con el t\u00edtulo de ganadores absolutos en la XXXV edici\u00f3n de La Ruta de la Sal"}]},{"@type":"WebSite","@id":"https:\/\/labs.100x100.net\/projects\/rutasal\/#website","url":"https:\/\/labs.100x100.net\/projects\/rutasal\/","name":"Regata La Ruta de la Sal","description":"Regata La Ruta de la Sal es una regata de Altura Mediterr\u00e1nea para barcos de crucero a vela con destino en Ibiza, que se disputa anualmente en Semana Santa.","potentialAction":[{"@type":"SearchAction","target":{"@type":"EntryPoint","urlTemplate":"https:\/\/labs.100x100.net\/projects\/rutasal\/?s={search_term_string}"},"query-input":"required name=search_term_string"}],"inLanguage":"es"},{"@type":"Person","@id":"https:\/\/labs.100x100.net\/projects\/rutasal\/#\/schema\/person\/24a02a346c826cf8502e7fb8edc0396c","name":"Ferran","image":{"@type":"ImageObject","inLanguage":"es","@id":"https:\/\/labs.100x100.net\/projects\/rutasal\/#\/schema\/person\/image\/","url":"https:\/\/secure.gravatar.com\/avatar\/d1c4bb756eb5c888319d7e06d9dc1559?s=96&d=mm&r=g","contentUrl":"https:\/\/secure.gravatar.com\/avatar\/d1c4bb756eb5c888319d7e06d9dc1559?s=96&d=mm&r=g","caption":"Ferran"}}]}},"_links":{"self":[{"href":"https:\/\/labs.100x100.net\/projects\/rutasal\/wp-json\/wp\/v2\/posts\/8604"}],"collection":[{"href":"https:\/\/labs.100x100.net\/projects\/rutasal\/wp-json\/wp\/v2\/posts"}],"about":[{"href":"https:\/\/labs.100x100.net\/projects\/rutasal\/wp-json\/wp\/v2\/types\/post"}],"author":[{"embeddable":true,"href":"https:\/\/labs.100x100.net\/projects\/rutasal\/wp-json\/wp\/v2\/users\/2"}],"replies":[{"embeddable":true,"href":"https:\/\/labs.100x100.net\/projects\/rutasal\/wp-json\/wp\/v2\/comments?post=8604"}],"version-history":[{"count":2,"href":"https:\/\/labs.100x100.net\/projects\/rutasal\/wp-json\/wp\/v2\/posts\/8604\/revisions"}],"predecessor-version":[{"id":8627,"href":"https:\/\/labs.100x100.net\/projects\/rutasal\/wp-json\/wp\/v2\/posts\/8604\/revisions\/8627"}],"wp:featuredmedia":[{"embeddable":true,"href":"https:\/\/labs.100x100.net\/projects\/rutasal\/wp-json\/wp\/v2\/media\/8608"}],"wp:attachment":[{"href":"https:\/\/labs.100x100.net\/projects\/rutasal\/wp-json\/wp\/v2\/media?parent=8604"}],"wp:term":[{"taxonomy":"category","embeddable":true,"href":"https:\/\/labs.100x100.net\/projects\/rutasal\/wp-json\/wp\/v2\/categories?post=8604"},{"taxonomy":"post_tag","embeddable":true,"href":"https:\/\/labs.100x100.net\/projects\/rutasal\/wp-json\/wp\/v2\/tags?post=8604"}],"curies":[{"name":"wp","href":"https:\/\/api.w.org\/{rel}","templated":true}]}}