{"id":850,"date":"2012-02-24T11:26:56","date_gmt":"2012-02-24T11:26:56","guid":{"rendered":"https:\/\/larutadelasal.com\/?p=850"},"modified":"2019-03-14T12:17:48","modified_gmt":"2019-03-14T10:17:48","slug":"5-de-abril-rumbo-a-ibiza","status":"publish","type":"post","link":"https:\/\/labs.100x100.net\/projects\/rutasal\/5-de-abril-rumbo-a-ibiza\/","title":{"rendered":"5 DE ABRIL; RUMBO A IBIZA"},"content":{"rendered":"<p><em><strong>&#8211; Comenz\u00f3 la cuenta atr\u00e1s\u2026<\/strong><\/em><br \/>\nSolo falta poco m\u00e1s de un mes para la salida. Llega el momento, de ir ultimando los preparativos, de definir tripulaciones y, posiblemente, de navegar algunas millas para comprobar que todo va bien. De aseg\u00faranos que no habr\u00e1 sorpresas en mitad del canal cuando Ibiza esta ya a \u201ctiro de piedra\u201d. Los indecisos aun est\u00e1n a tiempo de inscribirse y participar en esta extraordinaria aventura; El pr\u00f3ximo 5 de abril del 2012, Jueves Santo, comenzara la 25 edici\u00f3n de la Ruta de La Sal. La Versi\u00f3n Norte, partir\u00e1 desde Port Ginesta, como lo hizo en 1989 en la que fue su primera edici\u00f3n. La Versi\u00f3n Este desde Denia. Ambas flotas con el objetivo de llegar, lo mas r\u00e1pido posible, a Sant Antoni de Portmany en Ibiza.<\/p>\n<p>La expectativa de participaci\u00f3n es de unas 200 embarcaciones, todo un record en los tiempos que corren, con entradas procedentes de las flotas de las costas Cant\u00e1bricas, Atl\u00e1nticas y Mediterr\u00e1neas de la Pen\u00ednsula Ib\u00e9rica Tambi\u00e9n, como ocurre en cada convocatoria, una significativa participaci\u00f3n extranjera, que podr\u00eda incluir a barcos de pa\u00edses como Francia, Italia, Alemania, Reino Unido y Holanda. Entre otros. Lo que, en su conjunto, confirma, una vez mas, a La Ruta de La Sal como la regata de altura l\u00edder del Mediterr\u00e1neo. Una participaci\u00f3n extraordinaria que, normalmente, reunir\u00e1 a muchos ganadores de ediciones anteriores de La Sal. Aut\u00e9nticos especialistas en la navegaci\u00f3n de alta mar, muchos de ellos con importantes \u00e9xitos internacionales dentro de esta disciplina, como lo podr\u00edan ser, entre otros, el Swan 56 \u201cClem\u201d de Jaime Olaz\u00e1bal, el J35 \u201cJay Walker\u201d del holand\u00e9s Eric Janssen, el Sparkmannd &amp; Sthephens 56 \u201cGalvana\u201d de Borja Pella.o el Bakewell White 67 \u201cWindigo\u201d de Jordi Tusell y Guillermo Altadill. El velero alem\u00e1n \u201cCaro\u201d de Maximilian Klink, un 50 pies dise\u00f1ado por J\/V para navegar bajo la norma IRC, acreditativo de un magnifico historial deportivo en La Sal o el Fortuna 9 \u201cAivis\u201d del Ibicenco Manuel Guash entre otros muchos<\/p>\n<p><em><strong>&#8211; Una propuesta deportiva y amena y con muchas opciones\u2026<\/strong><\/em><br \/>\nPara los responsables de ANAM- Associaci\u00f3 de Navegants d\u2019Altura Mediterranis- , organizadores de la regata, el gran atractivo de La Sal radica en ser una regata de altura asequible por distancias y tiempos, pero que, de alguna manera, recoge todas las caracter\u00edsticas y particularidades que mas definen a una competici\u00f3n en alta mar. Se sale del Continente para ir a una Isla. Buen comienzo. Ibiza es un destino extraordinario. Siempre de moda, muy m\u00e1gico. El Mar Balear con sus micro-climas, y las influencias en sus modelos metereologicos de las costas Levantinas, Mallorca e Ibiza y de se dibuja como campo de regata perfecto. La navegaci\u00f3n nocturna, y una \u00e9poca del a\u00f1o, inestable, poco previsible \u2013 de cambio de Luna- da un toque especial a toda la propuesta, como resultado una regata de altura con muchas posibilidades deportivas. \u201cUna regata, como aseguro tantas veces Pepe Ferres, &#8211; fundador de La Sal.- dif\u00edcil, en ocasiones incluso muy compleja pero cargadas de grandes atractivos para los amantes de la navegaci\u00f3n de altura\u201d<\/p>\n<p><strong>La Versi\u00f3n Norte de La Sal que saldr\u00e1 el pr\u00f3ximo jueves 5 de abril del 2012 a las 10:00 h desde el CM Port Ginesta<\/strong>, se competir\u00e1, como ya es habitual, sobre un recorrido de 140 millas con rumbo directo hasta el CN Sant Antoni de Portmany en Ibiza. Ser\u00e1 una navegaci\u00f3n de altura muy condicionada por los panoramas meteorol\u00f3gicos de las costas norte de Mallorca e Ibiza y, tambi\u00e9n del Golfo de Sant Jordi.<\/p>\n<p><strong>La Versi\u00f3n Este con salida prevista para las 14: 00 h del mismo d\u00eda, jueves 5 de abril del 2012, desde el RC N\u00e1utico de Denia,<\/strong> implica un circuito de 120 millas que obliga a los equipos en competici\u00f3n a tomar Formentera por babor, la Isla de Tagomago y, navegando por la costa norte de Ibiza, llegar hasta Sant Antoni de Portmany. Recorrido, este ultimo, que podr\u00eda modificarse si las condiciones meteorol\u00f3gicas as\u00ed lo sugiriesen. T\u00e9cnicamente hablando esta Versi\u00f3n Este es un interesante circuito en el que cohabitan la navegaci\u00f3n de altura media con un recorrido costero cargado de opciones. Una regata amena, muy t\u00e1ctica, y con muchas variables que, en un momento dado podr\u00edan contribuir a definir una victoria.<\/p>\n<p><strong>En la arribada<\/strong> a Ibiza, en Sant Antoni, se han preparado m\u00faltiples actos en tierra. <strong>El Village de La Sal<\/strong> estar\u00e1 preparado para recibir a los regatistas las 24h. Como siempre, habr\u00e1 degustaciones de caldo a la llegada, la entrega del tradicional Saquito de Sal, s\u00edmbolo de la regata y de las bolsas de bienvenida, as\u00ed como <strong>La Copa Gramona de arribada<\/strong>, el Encuentro de Autom\u00f3viles Cl\u00e1sicos, las Degustacioes de Productos de Les Illes, varias exposiciones para visitar\u2026 La empresa de seguridad <strong>Ausmar<\/strong> ofrecer\u00e1, en el Village, una demostraci\u00f3n del uso de los equipos de seguridad llevando a cabo un disparo de una balsa salvavidas, un chaleco salvavidas e instrucciones de utilizaci\u00f3n de la pirotecnia.<br \/>\nTambi\u00e9n, la noche del viernes 6 de abril se celebrar\u00e1 la <strong>Fiesta Pirata<\/strong>. Tambi\u00e9n se ha previsto el <strong>\u201cMen\u00fa de La Ruta de la Sal\u201d y las \u201cTapas de la Sal\u201d<\/strong> en numerosos restaurantes de Sant Antoni<br \/>\n<strong>El s\u00e1bado, a las 13h en el Ajuntament de Sant Antoni,<\/strong> tendr\u00e1 lugar la Recepci\u00f3n donde el Alcalde dar\u00e1 la bienvenida a los Regatistas. Ball Pages y Aperitivo Ibizenco. <strong>A las 20h<\/strong>. en la discoteca <strong>Es Parad\u00eds<\/strong> se celebrar\u00e1 el <strong>Acto Oficial de entrega de Trofeos<\/strong> y, seguidamente el <strong>Buffet <\/strong>con productos de la tierra y <strong>Fiesta de La Sal<\/strong> para todos los participantes de la Regata.<br \/>\n<strong>S\u00e1bado y domingo, durante todo el d\u00eda, en el Passeig de Ses Fonts<\/strong>, tendr\u00e1 lugar la Feria de Artesanos con degustaci\u00f3n de productos de la Isla y demostraci\u00f3n de confecci\u00f3n manual de las t\u00edpicas espardenyes y otros trabajos con mimbres\u2026<\/p>\n<p>Como ya se ha escrito, y nos gusta recordar desde ANAM, entendemos que lo que es realmente importante es que tras 25 a\u00f1os La Sal sigue navegando reafirm\u00e1ndose como un fen\u00f3meno deportivo sin precedentes. Una regata que ha hecho Historia; una autentica leyenda por la que, cada a\u00f1o, miles de regatistas apuestan como parte indispensable de su programa de competici\u00f3n. Y es que si uno quiere graduarse en la navegaci\u00f3n de altura es casi obligatorio haber participando en alguna ocasi\u00f3n en esta gran cl\u00e1sica. Es una cuesti\u00f3n de prestigio.<\/p>\n<p>El pr\u00f3ximo 5 de abril del 2012, como siempre Jueves Santo, los participantes en la 25 edici\u00f3n de la Ruta de La Sal comenzaran a escribir la historia de los pr\u00f3ximos 25 a\u00f1os de esta gran regata. Atr\u00e1s quedan oc\u00e9anos de an\u00e9cdotas y haza\u00f1as con sabor a sal. R\u00e9cords deportivos para registrar y muchos amigos que recordar. El equipo de Pepe Ferres, como siempre, velara porque todo funcione a la perfecci\u00f3n. Hay cosas que nunca se olvidan.<\/p>\n","protected":false},"excerpt":{"rendered":"<p>&#8211; Comenz\u00f3 la cuenta atr\u00e1s\u2026 Solo falta poco m\u00e1s de un mes para la salida. Llega el momento, de ir ultimando los preparativos, de definir tripulaciones y, posiblemente, de navegar algunas millas para comprobar que todo va bien. De aseg\u00faranos que no habr\u00e1 sorpresas en mitad del canal cuando Ibiza esta ya a \u201ctiro de [&hellip;]<\/p>\n","protected":false},"author":1,"featured_media":3644,"comment_status":"open","ping_status":"open","sticky":false,"template":"","format":"standard","meta":{"_acf_changed":false,"footnotes":""},"categories":[3],"tags":[],"acf":[],"yoast_head":"<!-- This site is optimized with the Yoast SEO plugin v23.0 - https:\/\/yoast.com\/wordpress\/plugins\/seo\/ -->\n<title>5 DE ABRIL; RUMBO A IBIZA | Regata La Ruta de la Sal<\/title>\n<meta name=\"robots\" content=\"noindex, follow, max-snippet:-1, max-image-preview:large, max-video-preview:-1\" \/>\n<meta property=\"og:locale\" content=\"es_ES\" \/>\n<meta property=\"og:type\" content=\"article\" \/>\n<meta property=\"og:title\" content=\"5 DE ABRIL; RUMBO A IBIZA | Regata La Ruta de la Sal\" \/>\n<meta property=\"og:description\" content=\"&#8211; Comenz\u00f3 la cuenta atr\u00e1s\u2026 Solo falta poco m\u00e1s de un mes para la salida. Llega el momento, de ir ultimando los preparativos, de definir tripulaciones y, posiblemente, de navegar algunas millas para comprobar que todo va bien. De aseg\u00faranos que no habr\u00e1 sorpresas en mitad del canal cuando Ibiza esta ya a \u201ctiro de [&hellip;]\" \/>\n<meta property=\"og:url\" content=\"https:\/\/labs.100x100.net\/projects\/rutasal\/5-de-abril-rumbo-a-ibiza\/\" \/>\n<meta property=\"og:site_name\" content=\"Regata La Ruta de la Sal\" \/>\n<meta property=\"article:publisher\" content=\"https:\/\/www.facebook.com\/rutadelasal\/\" \/>\n<meta property=\"article:published_time\" content=\"2012-02-24T11:26:56+00:00\" \/>\n<meta property=\"article:modified_time\" content=\"2019-03-14T10:17:48+00:00\" \/>\n<meta property=\"og:image\" content=\"https:\/\/labs.100x100.net\/projects\/rutasal\/custom\/uploads\/2017\/02\/30633001573_0c24e7055f_z.jpg\" \/>\n\t<meta property=\"og:image:width\" content=\"640\" \/>\n\t<meta property=\"og:image:height\" content=\"428\" \/>\n\t<meta property=\"og:image:type\" content=\"image\/jpeg\" \/>\n<meta name=\"author\" content=\"La Ruta de la Sal\" \/>\n<meta name=\"twitter:card\" content=\"summary_large_image\" \/>\n<meta name=\"twitter:creator\" content=\"@AnamMedi\" \/>\n<meta name=\"twitter:site\" content=\"@AnamMedi\" \/>\n<meta name=\"twitter:label1\" content=\"Escrito por\" \/>\n\t<meta name=\"twitter:data1\" content=\"La Ruta de la Sal\" \/>\n\t<meta name=\"twitter:label2\" content=\"Tiempo de lectura\" \/>\n\t<meta name=\"twitter:data2\" content=\"6 minutos\" \/>\n<script type=\"application\/ld+json\" class=\"yoast-schema-graph\">{\"@context\":\"https:\/\/schema.org\",\"@graph\":[{\"@type\":\"WebPage\",\"@id\":\"https:\/\/labs.100x100.net\/projects\/rutasal\/5-de-abril-rumbo-a-ibiza\/\",\"url\":\"https:\/\/labs.100x100.net\/projects\/rutasal\/5-de-abril-rumbo-a-ibiza\/\",\"name\":\"5 DE ABRIL; RUMBO A IBIZA | Regata La Ruta de la Sal\",\"isPartOf\":{\"@id\":\"https:\/\/labs.100x100.net\/projects\/rutasal\/#website\"},\"primaryImageOfPage\":{\"@id\":\"https:\/\/labs.100x100.net\/projects\/rutasal\/5-de-abril-rumbo-a-ibiza\/#primaryimage\"},\"image\":{\"@id\":\"https:\/\/labs.100x100.net\/projects\/rutasal\/5-de-abril-rumbo-a-ibiza\/#primaryimage\"},\"thumbnailUrl\":\"https:\/\/labs.100x100.net\/projects\/rutasal\/custom\/uploads\/2017\/02\/30633001573_0c24e7055f_z.jpg\",\"datePublished\":\"2012-02-24T11:26:56+00:00\",\"dateModified\":\"2019-03-14T10:17:48+00:00\",\"author\":{\"@id\":\"https:\/\/labs.100x100.net\/projects\/rutasal\/#\/schema\/person\/214eeb4a2e78fd8373a0a94f6d93c9ca\"},\"breadcrumb\":{\"@id\":\"https:\/\/labs.100x100.net\/projects\/rutasal\/5-de-abril-rumbo-a-ibiza\/#breadcrumb\"},\"inLanguage\":\"es\",\"potentialAction\":[{\"@type\":\"ReadAction\",\"target\":[\"https:\/\/labs.100x100.net\/projects\/rutasal\/5-de-abril-rumbo-a-ibiza\/\"]}]},{\"@type\":\"ImageObject\",\"inLanguage\":\"es\",\"@id\":\"https:\/\/labs.100x100.net\/projects\/rutasal\/5-de-abril-rumbo-a-ibiza\/#primaryimage\",\"url\":\"https:\/\/labs.100x100.net\/projects\/rutasal\/custom\/uploads\/2017\/02\/30633001573_0c24e7055f_z.jpg\",\"contentUrl\":\"https:\/\/labs.100x100.net\/projects\/rutasal\/custom\/uploads\/2017\/02\/30633001573_0c24e7055f_z.jpg\",\"width\":640,\"height\":428},{\"@type\":\"BreadcrumbList\",\"@id\":\"https:\/\/labs.100x100.net\/projects\/rutasal\/5-de-abril-rumbo-a-ibiza\/#breadcrumb\",\"itemListElement\":[{\"@type\":\"ListItem\",\"position\":1,\"name\":\"Portada\",\"item\":\"https:\/\/labs.100x100.net\/projects\/rutasal\/\"},{\"@type\":\"ListItem\",\"position\":2,\"name\":\"5 DE ABRIL; RUMBO A IBIZA\"}]},{\"@type\":\"WebSite\",\"@id\":\"https:\/\/labs.100x100.net\/projects\/rutasal\/#website\",\"url\":\"https:\/\/labs.100x100.net\/projects\/rutasal\/\",\"name\":\"Regata La Ruta de la Sal\",\"description\":\"Regata La Ruta de la Sal es una regata de Altura Mediterr\u00e1nea para barcos de crucero a vela con destino en Ibiza, que se disputa anualmente en Semana Santa.\",\"potentialAction\":[{\"@type\":\"SearchAction\",\"target\":{\"@type\":\"EntryPoint\",\"urlTemplate\":\"https:\/\/labs.100x100.net\/projects\/rutasal\/?s={search_term_string}\"},\"query-input\":\"required name=search_term_string\"}],\"inLanguage\":\"es\"},{\"@type\":\"Person\",\"@id\":\"https:\/\/labs.100x100.net\/projects\/rutasal\/#\/schema\/person\/214eeb4a2e78fd8373a0a94f6d93c9ca\",\"name\":\"La Ruta de la Sal\",\"image\":{\"@type\":\"ImageObject\",\"inLanguage\":\"es\",\"@id\":\"https:\/\/labs.100x100.net\/projects\/rutasal\/#\/schema\/person\/image\/\",\"url\":\"https:\/\/secure.gravatar.com\/avatar\/b247286d4b801d6b1cfcfb3807587284?s=96&d=mm&r=g\",\"contentUrl\":\"https:\/\/secure.gravatar.com\/avatar\/b247286d4b801d6b1cfcfb3807587284?s=96&d=mm&r=g\",\"caption\":\"La Ruta de la Sal\"}}]}<\/script>\n<!-- \/ Yoast SEO plugin. -->","yoast_head_json":{"title":"5 DE ABRIL; RUMBO A IBIZA | Regata La Ruta de la Sal","robots":{"index":"noindex","follow":"follow","max-snippet":"max-snippet:-1","max-image-preview":"max-image-preview:large","max-video-preview":"max-video-preview:-1"},"og_locale":"es_ES","og_type":"article","og_title":"5 DE ABRIL; RUMBO A IBIZA | Regata La Ruta de la Sal","og_description":"&#8211; Comenz\u00f3 la cuenta atr\u00e1s\u2026 Solo falta poco m\u00e1s de un mes para la salida. Llega el momento, de ir ultimando los preparativos, de definir tripulaciones y, posiblemente, de navegar algunas millas para comprobar que todo va bien. De aseg\u00faranos que no habr\u00e1 sorpresas en mitad del canal cuando Ibiza esta ya a \u201ctiro de [&hellip;]","og_url":"https:\/\/labs.100x100.net\/projects\/rutasal\/5-de-abril-rumbo-a-ibiza\/","og_site_name":"Regata La Ruta de la Sal","article_publisher":"https:\/\/www.facebook.com\/rutadelasal\/","article_published_time":"2012-02-24T11:26:56+00:00","article_modified_time":"2019-03-14T10:17:48+00:00","og_image":[{"width":640,"height":428,"url":"https:\/\/labs.100x100.net\/projects\/rutasal\/custom\/uploads\/2017\/02\/30633001573_0c24e7055f_z.jpg","type":"image\/jpeg"}],"author":"La Ruta de la Sal","twitter_card":"summary_large_image","twitter_creator":"@AnamMedi","twitter_site":"@AnamMedi","twitter_misc":{"Escrito por":"La Ruta de la Sal","Tiempo de lectura":"6 minutos"},"schema":{"@context":"https:\/\/schema.org","@graph":[{"@type":"WebPage","@id":"https:\/\/labs.100x100.net\/projects\/rutasal\/5-de-abril-rumbo-a-ibiza\/","url":"https:\/\/labs.100x100.net\/projects\/rutasal\/5-de-abril-rumbo-a-ibiza\/","name":"5 DE ABRIL; RUMBO A IBIZA | Regata La Ruta de la Sal","isPartOf":{"@id":"https:\/\/labs.100x100.net\/projects\/rutasal\/#website"},"primaryImageOfPage":{"@id":"https:\/\/labs.100x100.net\/projects\/rutasal\/5-de-abril-rumbo-a-ibiza\/#primaryimage"},"image":{"@id":"https:\/\/labs.100x100.net\/projects\/rutasal\/5-de-abril-rumbo-a-ibiza\/#primaryimage"},"thumbnailUrl":"https:\/\/labs.100x100.net\/projects\/rutasal\/custom\/uploads\/2017\/02\/30633001573_0c24e7055f_z.jpg","datePublished":"2012-02-24T11:26:56+00:00","dateModified":"2019-03-14T10:17:48+00:00","author":{"@id":"https:\/\/labs.100x100.net\/projects\/rutasal\/#\/schema\/person\/214eeb4a2e78fd8373a0a94f6d93c9ca"},"breadcrumb":{"@id":"https:\/\/labs.100x100.net\/projects\/rutasal\/5-de-abril-rumbo-a-ibiza\/#breadcrumb"},"inLanguage":"es","potentialAction":[{"@type":"ReadAction","target":["https:\/\/labs.100x100.net\/projects\/rutasal\/5-de-abril-rumbo-a-ibiza\/"]}]},{"@type":"ImageObject","inLanguage":"es","@id":"https:\/\/labs.100x100.net\/projects\/rutasal\/5-de-abril-rumbo-a-ibiza\/#primaryimage","url":"https:\/\/labs.100x100.net\/projects\/rutasal\/custom\/uploads\/2017\/02\/30633001573_0c24e7055f_z.jpg","contentUrl":"https:\/\/labs.100x100.net\/projects\/rutasal\/custom\/uploads\/2017\/02\/30633001573_0c24e7055f_z.jpg","width":640,"height":428},{"@type":"BreadcrumbList","@id":"https:\/\/labs.100x100.net\/projects\/rutasal\/5-de-abril-rumbo-a-ibiza\/#breadcrumb","itemListElement":[{"@type":"ListItem","position":1,"name":"Portada","item":"https:\/\/labs.100x100.net\/projects\/rutasal\/"},{"@type":"ListItem","position":2,"name":"5 DE ABRIL; RUMBO A IBIZA"}]},{"@type":"WebSite","@id":"https:\/\/labs.100x100.net\/projects\/rutasal\/#website","url":"https:\/\/labs.100x100.net\/projects\/rutasal\/","name":"Regata La Ruta de la Sal","description":"Regata La Ruta de la Sal es una regata de Altura Mediterr\u00e1nea para barcos de crucero a vela con destino en Ibiza, que se disputa anualmente en Semana Santa.","potentialAction":[{"@type":"SearchAction","target":{"@type":"EntryPoint","urlTemplate":"https:\/\/labs.100x100.net\/projects\/rutasal\/?s={search_term_string}"},"query-input":"required name=search_term_string"}],"inLanguage":"es"},{"@type":"Person","@id":"https:\/\/labs.100x100.net\/projects\/rutasal\/#\/schema\/person\/214eeb4a2e78fd8373a0a94f6d93c9ca","name":"La Ruta de la Sal","image":{"@type":"ImageObject","inLanguage":"es","@id":"https:\/\/labs.100x100.net\/projects\/rutasal\/#\/schema\/person\/image\/","url":"https:\/\/secure.gravatar.com\/avatar\/b247286d4b801d6b1cfcfb3807587284?s=96&d=mm&r=g","contentUrl":"https:\/\/secure.gravatar.com\/avatar\/b247286d4b801d6b1cfcfb3807587284?s=96&d=mm&r=g","caption":"La Ruta de la Sal"}}]}},"_links":{"self":[{"href":"https:\/\/labs.100x100.net\/projects\/rutasal\/wp-json\/wp\/v2\/posts\/850"}],"collection":[{"href":"https:\/\/labs.100x100.net\/projects\/rutasal\/wp-json\/wp\/v2\/posts"}],"about":[{"href":"https:\/\/labs.100x100.net\/projects\/rutasal\/wp-json\/wp\/v2\/types\/post"}],"author":[{"embeddable":true,"href":"https:\/\/labs.100x100.net\/projects\/rutasal\/wp-json\/wp\/v2\/users\/1"}],"replies":[{"embeddable":true,"href":"https:\/\/labs.100x100.net\/projects\/rutasal\/wp-json\/wp\/v2\/comments?post=850"}],"version-history":[{"count":1,"href":"https:\/\/labs.100x100.net\/projects\/rutasal\/wp-json\/wp\/v2\/posts\/850\/revisions"}],"predecessor-version":[{"id":3892,"href":"https:\/\/labs.100x100.net\/projects\/rutasal\/wp-json\/wp\/v2\/posts\/850\/revisions\/3892"}],"wp:featuredmedia":[{"embeddable":true,"href":"https:\/\/labs.100x100.net\/projects\/rutasal\/wp-json\/wp\/v2\/media\/3644"}],"wp:attachment":[{"href":"https:\/\/labs.100x100.net\/projects\/rutasal\/wp-json\/wp\/v2\/media?parent=850"}],"wp:term":[{"taxonomy":"category","embeddable":true,"href":"https:\/\/labs.100x100.net\/projects\/rutasal\/wp-json\/wp\/v2\/categories?post=850"},{"taxonomy":"post_tag","embeddable":true,"href":"https:\/\/labs.100x100.net\/projects\/rutasal\/wp-json\/wp\/v2\/tags?post=850"}],"curies":[{"name":"wp","href":"https:\/\/api.w.org\/{rel}","templated":true}]}}