{"id":8480,"date":"2023-04-07T16:42:50","date_gmt":"2023-04-07T14:42:50","guid":{"rendered":"https:\/\/larutadelasal.com\/?p=8480"},"modified":"2023-04-17T20:44:09","modified_gmt":"2023-04-17T18:44:09","slug":"una-edicion-marcada-por-la-calma-y-la-luna-llena","status":"publish","type":"post","link":"https:\/\/labs.100x100.net\/projects\/rutasal\/una-edicion-marcada-por-la-calma-y-la-luna-llena\/","title":{"rendered":"La flota de la Mini Sal entra dentro del tiempo l\u00edmite, con el Xcuba en cabeza"},"content":{"rendered":"<div id=\"attachment_8481\" style=\"width: 1034px\" class=\"wp-caption aligncenter\"><img loading=\"lazy\" decoding=\"async\" aria-describedby=\"caption-attachment-8481\" class=\"wp-image-8481 size-full\" src=\"http:\/\/larutadelasal.com\/custom\/uploads\/2023\/04\/WhatsApp-Image-2023-04-07-at-16.37.47.jpeg\" alt=\"regata mini sal - la ruta de la sal 2023\" width=\"1024\" height=\"683\" srcset=\"https:\/\/labs.100x100.net\/projects\/rutasal\/custom\/uploads\/2023\/04\/WhatsApp-Image-2023-04-07-at-16.37.47.jpeg 1024w, https:\/\/labs.100x100.net\/projects\/rutasal\/custom\/uploads\/2023\/04\/WhatsApp-Image-2023-04-07-at-16.37.47-300x200.jpeg 300w, https:\/\/labs.100x100.net\/projects\/rutasal\/custom\/uploads\/2023\/04\/WhatsApp-Image-2023-04-07-at-16.37.47-768x512.jpeg 768w\" sizes=\"(max-width: 1024px) 100vw, 1024px\" \/><p id=\"caption-attachment-8481\" class=\"wp-caption-text\">\u00a9 Amparo Morera<\/p><\/div>\n<p>Antes de las dos de la madrugada del viernes 6 de abril, la flota que confor-ma la Mini Sal hab\u00eda ya cubierto las 55 millas de su recorrido directo De-nia\/Sant Antoni de Portmany, siendo el Xcuba de Toni Garc\u00e9s, IMX40 del R.C.N. de Valencia, el primero en cruzar la l\u00ednea de llegada, a las 21:55:19 del jueves 5. El Escualo Tres, Bavaria 49 de Marcelino Cardona entraba 17 segundos despu\u00e9s, mientras que el equipo irland\u00e9s del Adelie Dos de Mairead ni Chealliachain lo hac\u00eda 13 segundos m\u00e1s tarde. Una llegada de infarto, para una versi\u00f3n Mini Sal en la que finalmente las tres primeras posiciones del p\u00f3-dium de la clasificaci\u00f3n general en tiempo compensando han sido ocupadas por los tres primeros barcos en llegar y en el mismo orden de la llegada: Xcuba, Escualo Tres y Adelie Dos.<\/p>\n","protected":false},"excerpt":{"rendered":"<p>Antes de las dos de la madrugada del viernes 6 de abril, la flota que confor-ma la Mini Sal hab\u00eda ya cubierto las 55 millas de su recorrido directo De-nia\/Sant Antoni de Portmany, siendo el Xcuba de Toni Garc\u00e9s, IMX40 del R.C.N. de Valencia, el primero en cruzar la l\u00ednea de llegada, a las 21:55:19 [&hellip;]<\/p>\n","protected":false},"author":2,"featured_media":8481,"comment_status":"open","ping_status":"open","sticky":false,"template":"","format":"standard","meta":{"_acf_changed":false,"footnotes":""},"categories":[3],"tags":[],"acf":[],"yoast_head":"<!-- This site is optimized with the Yoast SEO plugin v23.0 - https:\/\/yoast.com\/wordpress\/plugins\/seo\/ -->\n<title>La flota de la Mini Sal entra dentro del tiempo l\u00edmite, con el Xcuba en cabeza | Regata La Ruta de la Sal<\/title>\n<meta name=\"description\" content=\"La flota de la Mini Sal entra dentro del tiempo l\u00edmite, con el Xcuba en cabeza\" \/>\n<meta name=\"robots\" content=\"noindex, follow, max-snippet:-1, max-image-preview:large, max-video-preview:-1\" \/>\n<meta property=\"og:locale\" content=\"es_ES\" \/>\n<meta property=\"og:type\" content=\"article\" \/>\n<meta property=\"og:title\" content=\"La flota de la Mini Sal entra dentro del tiempo l\u00edmite, con el Xcuba en cabeza | Regata La Ruta de la Sal\" \/>\n<meta property=\"og:description\" content=\"La flota de la Mini Sal entra dentro del tiempo l\u00edmite, con el Xcuba en cabeza\" \/>\n<meta property=\"og:url\" content=\"https:\/\/labs.100x100.net\/projects\/rutasal\/una-edicion-marcada-por-la-calma-y-la-luna-llena\/\" \/>\n<meta property=\"og:site_name\" content=\"Regata La Ruta de la Sal\" \/>\n<meta property=\"article:publisher\" content=\"https:\/\/www.facebook.com\/rutadelasal\/\" \/>\n<meta property=\"article:published_time\" content=\"2023-04-07T14:42:50+00:00\" \/>\n<meta property=\"article:modified_time\" content=\"2023-04-17T18:44:09+00:00\" \/>\n<meta property=\"og:image\" content=\"https:\/\/labs.100x100.net\/projects\/rutasal\/custom\/uploads\/2023\/04\/WhatsApp-Image-2023-04-07-at-16.37.47.jpeg\" \/>\n\t<meta property=\"og:image:width\" content=\"1024\" \/>\n\t<meta property=\"og:image:height\" content=\"683\" \/>\n\t<meta property=\"og:image:type\" content=\"image\/jpeg\" \/>\n<meta name=\"author\" content=\"Ferran\" \/>\n<meta name=\"twitter:card\" content=\"summary_large_image\" \/>\n<meta name=\"twitter:creator\" content=\"@AnamMedi\" \/>\n<meta name=\"twitter:site\" content=\"@AnamMedi\" \/>\n<meta name=\"twitter:label1\" content=\"Escrito por\" \/>\n\t<meta name=\"twitter:data1\" content=\"Ferran\" \/>\n\t<meta name=\"twitter:label2\" content=\"Tiempo de lectura\" \/>\n\t<meta name=\"twitter:data2\" content=\"1 minuto\" \/>\n<script type=\"application\/ld+json\" class=\"yoast-schema-graph\">{\"@context\":\"https:\/\/schema.org\",\"@graph\":[{\"@type\":\"WebPage\",\"@id\":\"https:\/\/labs.100x100.net\/projects\/rutasal\/una-edicion-marcada-por-la-calma-y-la-luna-llena\/\",\"url\":\"https:\/\/labs.100x100.net\/projects\/rutasal\/una-edicion-marcada-por-la-calma-y-la-luna-llena\/\",\"name\":\"La flota de la Mini Sal entra dentro del tiempo l\u00edmite, con el Xcuba en cabeza | Regata La Ruta de la Sal\",\"isPartOf\":{\"@id\":\"https:\/\/labs.100x100.net\/projects\/rutasal\/#website\"},\"primaryImageOfPage\":{\"@id\":\"https:\/\/labs.100x100.net\/projects\/rutasal\/una-edicion-marcada-por-la-calma-y-la-luna-llena\/#primaryimage\"},\"image\":{\"@id\":\"https:\/\/labs.100x100.net\/projects\/rutasal\/una-edicion-marcada-por-la-calma-y-la-luna-llena\/#primaryimage\"},\"thumbnailUrl\":\"https:\/\/labs.100x100.net\/projects\/rutasal\/custom\/uploads\/2023\/04\/WhatsApp-Image-2023-04-07-at-16.37.47.jpeg\",\"datePublished\":\"2023-04-07T14:42:50+00:00\",\"dateModified\":\"2023-04-17T18:44:09+00:00\",\"author\":{\"@id\":\"https:\/\/labs.100x100.net\/projects\/rutasal\/#\/schema\/person\/24a02a346c826cf8502e7fb8edc0396c\"},\"description\":\"La flota de la Mini Sal entra dentro del tiempo l\u00edmite, con el Xcuba en cabeza\",\"breadcrumb\":{\"@id\":\"https:\/\/labs.100x100.net\/projects\/rutasal\/una-edicion-marcada-por-la-calma-y-la-luna-llena\/#breadcrumb\"},\"inLanguage\":\"es\",\"potentialAction\":[{\"@type\":\"ReadAction\",\"target\":[\"https:\/\/labs.100x100.net\/projects\/rutasal\/una-edicion-marcada-por-la-calma-y-la-luna-llena\/\"]}]},{\"@type\":\"ImageObject\",\"inLanguage\":\"es\",\"@id\":\"https:\/\/labs.100x100.net\/projects\/rutasal\/una-edicion-marcada-por-la-calma-y-la-luna-llena\/#primaryimage\",\"url\":\"https:\/\/labs.100x100.net\/projects\/rutasal\/custom\/uploads\/2023\/04\/WhatsApp-Image-2023-04-07-at-16.37.47.jpeg\",\"contentUrl\":\"https:\/\/labs.100x100.net\/projects\/rutasal\/custom\/uploads\/2023\/04\/WhatsApp-Image-2023-04-07-at-16.37.47.jpeg\",\"width\":1024,\"height\":683,\"caption\":\"regata mini sal - la ruta de la sal 2023\"},{\"@type\":\"BreadcrumbList\",\"@id\":\"https:\/\/labs.100x100.net\/projects\/rutasal\/una-edicion-marcada-por-la-calma-y-la-luna-llena\/#breadcrumb\",\"itemListElement\":[{\"@type\":\"ListItem\",\"position\":1,\"name\":\"Portada\",\"item\":\"https:\/\/labs.100x100.net\/projects\/rutasal\/\"},{\"@type\":\"ListItem\",\"position\":2,\"name\":\"La flota de la Mini Sal entra dentro del tiempo l\u00edmite, con el Xcuba en cabeza\"}]},{\"@type\":\"WebSite\",\"@id\":\"https:\/\/labs.100x100.net\/projects\/rutasal\/#website\",\"url\":\"https:\/\/labs.100x100.net\/projects\/rutasal\/\",\"name\":\"Regata La Ruta de la Sal\",\"description\":\"Regata La Ruta de la Sal es una regata de Altura Mediterr\u00e1nea para barcos de crucero a vela con destino en Ibiza, que se disputa anualmente en Semana Santa.\",\"potentialAction\":[{\"@type\":\"SearchAction\",\"target\":{\"@type\":\"EntryPoint\",\"urlTemplate\":\"https:\/\/labs.100x100.net\/projects\/rutasal\/?s={search_term_string}\"},\"query-input\":\"required name=search_term_string\"}],\"inLanguage\":\"es\"},{\"@type\":\"Person\",\"@id\":\"https:\/\/labs.100x100.net\/projects\/rutasal\/#\/schema\/person\/24a02a346c826cf8502e7fb8edc0396c\",\"name\":\"Ferran\",\"image\":{\"@type\":\"ImageObject\",\"inLanguage\":\"es\",\"@id\":\"https:\/\/labs.100x100.net\/projects\/rutasal\/#\/schema\/person\/image\/\",\"url\":\"https:\/\/secure.gravatar.com\/avatar\/d1c4bb756eb5c888319d7e06d9dc1559?s=96&d=mm&r=g\",\"contentUrl\":\"https:\/\/secure.gravatar.com\/avatar\/d1c4bb756eb5c888319d7e06d9dc1559?s=96&d=mm&r=g\",\"caption\":\"Ferran\"}}]}<\/script>\n<!-- \/ Yoast SEO plugin. -->","yoast_head_json":{"title":"La flota de la Mini Sal entra dentro del tiempo l\u00edmite, con el Xcuba en cabeza | Regata La Ruta de la Sal","description":"La flota de la Mini Sal entra dentro del tiempo l\u00edmite, con el Xcuba en cabeza","robots":{"index":"noindex","follow":"follow","max-snippet":"max-snippet:-1","max-image-preview":"max-image-preview:large","max-video-preview":"max-video-preview:-1"},"og_locale":"es_ES","og_type":"article","og_title":"La flota de la Mini Sal entra dentro del tiempo l\u00edmite, con el Xcuba en cabeza | Regata La Ruta de la Sal","og_description":"La flota de la Mini Sal entra dentro del tiempo l\u00edmite, con el Xcuba en cabeza","og_url":"https:\/\/labs.100x100.net\/projects\/rutasal\/una-edicion-marcada-por-la-calma-y-la-luna-llena\/","og_site_name":"Regata La Ruta de la Sal","article_publisher":"https:\/\/www.facebook.com\/rutadelasal\/","article_published_time":"2023-04-07T14:42:50+00:00","article_modified_time":"2023-04-17T18:44:09+00:00","og_image":[{"width":1024,"height":683,"url":"https:\/\/labs.100x100.net\/projects\/rutasal\/custom\/uploads\/2023\/04\/WhatsApp-Image-2023-04-07-at-16.37.47.jpeg","type":"image\/jpeg"}],"author":"Ferran","twitter_card":"summary_large_image","twitter_creator":"@AnamMedi","twitter_site":"@AnamMedi","twitter_misc":{"Escrito por":"Ferran","Tiempo de lectura":"1 minuto"},"schema":{"@context":"https:\/\/schema.org","@graph":[{"@type":"WebPage","@id":"https:\/\/labs.100x100.net\/projects\/rutasal\/una-edicion-marcada-por-la-calma-y-la-luna-llena\/","url":"https:\/\/labs.100x100.net\/projects\/rutasal\/una-edicion-marcada-por-la-calma-y-la-luna-llena\/","name":"La flota de la Mini Sal entra dentro del tiempo l\u00edmite, con el Xcuba en cabeza | Regata La Ruta de la Sal","isPartOf":{"@id":"https:\/\/labs.100x100.net\/projects\/rutasal\/#website"},"primaryImageOfPage":{"@id":"https:\/\/labs.100x100.net\/projects\/rutasal\/una-edicion-marcada-por-la-calma-y-la-luna-llena\/#primaryimage"},"image":{"@id":"https:\/\/labs.100x100.net\/projects\/rutasal\/una-edicion-marcada-por-la-calma-y-la-luna-llena\/#primaryimage"},"thumbnailUrl":"https:\/\/labs.100x100.net\/projects\/rutasal\/custom\/uploads\/2023\/04\/WhatsApp-Image-2023-04-07-at-16.37.47.jpeg","datePublished":"2023-04-07T14:42:50+00:00","dateModified":"2023-04-17T18:44:09+00:00","author":{"@id":"https:\/\/labs.100x100.net\/projects\/rutasal\/#\/schema\/person\/24a02a346c826cf8502e7fb8edc0396c"},"description":"La flota de la Mini Sal entra dentro del tiempo l\u00edmite, con el Xcuba en cabeza","breadcrumb":{"@id":"https:\/\/labs.100x100.net\/projects\/rutasal\/una-edicion-marcada-por-la-calma-y-la-luna-llena\/#breadcrumb"},"inLanguage":"es","potentialAction":[{"@type":"ReadAction","target":["https:\/\/labs.100x100.net\/projects\/rutasal\/una-edicion-marcada-por-la-calma-y-la-luna-llena\/"]}]},{"@type":"ImageObject","inLanguage":"es","@id":"https:\/\/labs.100x100.net\/projects\/rutasal\/una-edicion-marcada-por-la-calma-y-la-luna-llena\/#primaryimage","url":"https:\/\/labs.100x100.net\/projects\/rutasal\/custom\/uploads\/2023\/04\/WhatsApp-Image-2023-04-07-at-16.37.47.jpeg","contentUrl":"https:\/\/labs.100x100.net\/projects\/rutasal\/custom\/uploads\/2023\/04\/WhatsApp-Image-2023-04-07-at-16.37.47.jpeg","width":1024,"height":683,"caption":"regata mini sal - la ruta de la sal 2023"},{"@type":"BreadcrumbList","@id":"https:\/\/labs.100x100.net\/projects\/rutasal\/una-edicion-marcada-por-la-calma-y-la-luna-llena\/#breadcrumb","itemListElement":[{"@type":"ListItem","position":1,"name":"Portada","item":"https:\/\/labs.100x100.net\/projects\/rutasal\/"},{"@type":"ListItem","position":2,"name":"La flota de la Mini Sal entra dentro del tiempo l\u00edmite, con el Xcuba en cabeza"}]},{"@type":"WebSite","@id":"https:\/\/labs.100x100.net\/projects\/rutasal\/#website","url":"https:\/\/labs.100x100.net\/projects\/rutasal\/","name":"Regata La Ruta de la Sal","description":"Regata La Ruta de la Sal es una regata de Altura Mediterr\u00e1nea para barcos de crucero a vela con destino en Ibiza, que se disputa anualmente en Semana Santa.","potentialAction":[{"@type":"SearchAction","target":{"@type":"EntryPoint","urlTemplate":"https:\/\/labs.100x100.net\/projects\/rutasal\/?s={search_term_string}"},"query-input":"required name=search_term_string"}],"inLanguage":"es"},{"@type":"Person","@id":"https:\/\/labs.100x100.net\/projects\/rutasal\/#\/schema\/person\/24a02a346c826cf8502e7fb8edc0396c","name":"Ferran","image":{"@type":"ImageObject","inLanguage":"es","@id":"https:\/\/labs.100x100.net\/projects\/rutasal\/#\/schema\/person\/image\/","url":"https:\/\/secure.gravatar.com\/avatar\/d1c4bb756eb5c888319d7e06d9dc1559?s=96&d=mm&r=g","contentUrl":"https:\/\/secure.gravatar.com\/avatar\/d1c4bb756eb5c888319d7e06d9dc1559?s=96&d=mm&r=g","caption":"Ferran"}}]}},"_links":{"self":[{"href":"https:\/\/labs.100x100.net\/projects\/rutasal\/wp-json\/wp\/v2\/posts\/8480"}],"collection":[{"href":"https:\/\/labs.100x100.net\/projects\/rutasal\/wp-json\/wp\/v2\/posts"}],"about":[{"href":"https:\/\/labs.100x100.net\/projects\/rutasal\/wp-json\/wp\/v2\/types\/post"}],"author":[{"embeddable":true,"href":"https:\/\/labs.100x100.net\/projects\/rutasal\/wp-json\/wp\/v2\/users\/2"}],"replies":[{"embeddable":true,"href":"https:\/\/labs.100x100.net\/projects\/rutasal\/wp-json\/wp\/v2\/comments?post=8480"}],"version-history":[{"count":3,"href":"https:\/\/labs.100x100.net\/projects\/rutasal\/wp-json\/wp\/v2\/posts\/8480\/revisions"}],"predecessor-version":[{"id":8705,"href":"https:\/\/labs.100x100.net\/projects\/rutasal\/wp-json\/wp\/v2\/posts\/8480\/revisions\/8705"}],"wp:featuredmedia":[{"embeddable":true,"href":"https:\/\/labs.100x100.net\/projects\/rutasal\/wp-json\/wp\/v2\/media\/8481"}],"wp:attachment":[{"href":"https:\/\/labs.100x100.net\/projects\/rutasal\/wp-json\/wp\/v2\/media?parent=8480"}],"wp:term":[{"taxonomy":"category","embeddable":true,"href":"https:\/\/labs.100x100.net\/projects\/rutasal\/wp-json\/wp\/v2\/categories?post=8480"},{"taxonomy":"post_tag","embeddable":true,"href":"https:\/\/labs.100x100.net\/projects\/rutasal\/wp-json\/wp\/v2\/tags?post=8480"}],"curies":[{"name":"wp","href":"https:\/\/api.w.org\/{rel}","templated":true}]}}