{"id":8466,"date":"2022-04-20T18:49:09","date_gmt":"2022-04-20T16:49:09","guid":{"rendered":"https:\/\/larutadelasal.com\/?p=8466"},"modified":"2023-04-06T18:52:56","modified_gmt":"2023-04-06T16:52:56","slug":"la-ruta-de-la-sal-2022","status":"publish","type":"post","link":"https:\/\/labs.100x100.net\/projects\/rutasal\/la-ruta-de-la-sal-2022\/","title":{"rendered":"La Ruta de la Sal 2022"},"content":{"rendered":"<p><strong>ROCKALL IV, en versi\u00f3n Barcelona, y CLEM I, en versi\u00f3n Denia, vencedores absolutos.<\/strong><\/p>\n<p><strong>STELLAR y GYMIR, en versi\u00f3n Barcelona y PELOTARI PROJECT, en versi\u00f3n Denia, primeros en tiempo real.<\/strong><\/p>\n<p><strong>PELOTARI PROJECT rebaja en 50 minutos el record de la versi\u00f3n Denia.<\/strong><\/p>\n<p><strong>La regata recupera plenamente su dimensi\u00f3n social.<\/strong><\/p>\n<p><strong>\u201cNEVER STOP SAILING\u201d Hamilton John Brian dixit<\/strong><\/p>\n<div id=\"attachment_7536\" style=\"width: 1034px\" class=\"wp-caption aligncenter\"><img loading=\"lazy\" decoding=\"async\" aria-describedby=\"caption-attachment-7536\" class=\"wp-image-7536 size-large\" src=\"http:\/\/larutadelasal.com\/custom\/uploads\/2022\/04\/52014292394_06d2e4a7d8_o-1024x335.jpg\" alt=\"\" width=\"1024\" height=\"335\" srcset=\"https:\/\/labs.100x100.net\/projects\/rutasal\/custom\/uploads\/2022\/04\/52014292394_06d2e4a7d8_o-1024x335.jpg 1024w, https:\/\/labs.100x100.net\/projects\/rutasal\/custom\/uploads\/2022\/04\/52014292394_06d2e4a7d8_o-300x98.jpg 300w, https:\/\/labs.100x100.net\/projects\/rutasal\/custom\/uploads\/2022\/04\/52014292394_06d2e4a7d8_o-768x251.jpg 768w, https:\/\/labs.100x100.net\/projects\/rutasal\/custom\/uploads\/2022\/04\/52014292394_06d2e4a7d8_o-1536x502.jpg 1536w, https:\/\/labs.100x100.net\/projects\/rutasal\/custom\/uploads\/2022\/04\/52014292394_06d2e4a7d8_o-2048x670.jpg 2048w\" sizes=\"(max-width: 1024px) 100vw, 1024px\" \/><p id=\"caption-attachment-7536\" class=\"wp-caption-text\">\u00a9AlfredFarre.com<\/p><\/div>\n<p><strong>PLAZAS AGOTADAS<\/strong><\/p>\n<p>Con 120 barcos, La Ruta de la Sal cerraba inscripciones un mes antes de la salida tras haber agotado todos los amarres disponibles en Sant Antoni de Portmany, en Ibiza. El Club N\u00e1utico de Sant Antoni de Portmany y Ports IB realizan grandes esfuerzos para acoger a la gran flota de La Ruta de la Sal. Sin embargo, la disponibilidad de amarres es cada vez menor, y desde la Organizaci\u00f3n y desde las entidades p\u00fablicas que dan apoyo a la regata, se han comprometido a estudiar las posibles alternativas para revertir dicha tendencia y garantizar la capacidad de acogida para el volumen de flota que caracteriza esta regata.<\/p>\n<p><strong>APLAZAMIENTOS EN DENIA<\/strong><\/p>\n<p>En los d\u00edas previos a la salida, la AEMET public\u00f3 aviso de vientos de fuerza 7 de componente Norte-Noreste para el mar de Baleares. En base a ello, la Organizaci\u00f3n tom\u00f3 la decisi\u00f3n de aplazar unas horas la salida de la versi\u00f3n Denia, y traspasar la largada de la versi\u00f3n Mini-Sal al viernes. El hecho de que apenas hubiese retirados y que la gran mayor\u00eda de la flota pudiera alcanzar la meta en la isla de Ibiza sin percances a destacar, demuestra que la decisi\u00f3n fue acertada.<\/p>\n<p><img loading=\"lazy\" decoding=\"async\" class=\"aligncenter size-full wp-image-7539\" src=\"http:\/\/larutadelasal.com\/custom\/uploads\/2022\/04\/La-ruta-de-la-Sal-pendientes-de-la-gota-fri\u0301a-generada-por-Evelyn_articlefull.jpeg\" alt=\"\" width=\"400\" height=\"300\" srcset=\"https:\/\/labs.100x100.net\/projects\/rutasal\/custom\/uploads\/2022\/04\/La-ruta-de-la-Sal-pendientes-de-la-gota-fri\u0301a-generada-por-Evelyn_articlefull.jpeg 400w, https:\/\/labs.100x100.net\/projects\/rutasal\/custom\/uploads\/2022\/04\/La-ruta-de-la-Sal-pendientes-de-la-gota-fri\u0301a-generada-por-Evelyn_articlefull-300x225.jpeg 300w\" sizes=\"(max-width: 400px) 100vw, 400px\" \/><\/p>\n<p><strong>LA RECUPERACI\u00d3N DE LA DIMENSI\u00d3N SOCIAL<\/strong><\/p>\n<p>La pandemia de COVID supuso un duro golpe a la regata, caracterizada por movilizar a cerca de 1000 regatistas y por los eventos sociales que propician su encuentro. En 2020 no pudo celebrarse y en 2021 se organiz\u00f3 fuera de sus fechas habituales de semana santa, limitando la participaci\u00f3n al 50% de la flota.<\/p>\n<p>Finalmente, en esta edici\u00f3n se ha podido recuperar la normalidad. Aunque todav\u00eda con mascarilla en los espacios cerrados, las condiciones en las que se llev\u00f3 a cabo el registro de participantes durante el mi\u00e9rcoles 13 de abril en el Real Club N\u00e1utico de Denia y en Port Ginesta, ya mostraban un contexto completamente diferente al de a\u00f1os anteriores. El resto de los actos: reuniones de patrones, cenas previas a la salida, rueda de prensa en Ibiza, ceremonia de entrega de trofeos, cena y fiesta de clausura, pudieron celebrarse normalmente.<\/p>\n<p>Autoridades p\u00fablicas, la propia organizaci\u00f3n y sobretodo los participantes, celebraron este reencuentro presencial de la familia de La Sal, en el que m\u00e1s all\u00e1 de la parte deportiva, se pudo recobrar el calor humano y la camarader\u00eda entre participantes.<\/p>\n<p><img loading=\"lazy\" decoding=\"async\" class=\"aligncenter size-full wp-image-7619\" src=\"http:\/\/larutadelasal.com\/custom\/uploads\/2022\/04\/52013025467_265da79a5b_o-2.jpg\" alt=\"\" width=\"1000\" height=\"668\" srcset=\"https:\/\/labs.100x100.net\/projects\/rutasal\/custom\/uploads\/2022\/04\/52013025467_265da79a5b_o-2.jpg 1000w, https:\/\/labs.100x100.net\/projects\/rutasal\/custom\/uploads\/2022\/04\/52013025467_265da79a5b_o-2-300x200.jpg 300w, https:\/\/labs.100x100.net\/projects\/rutasal\/custom\/uploads\/2022\/04\/52013025467_265da79a5b_o-2-768x513.jpg 768w\" sizes=\"(max-width: 1000px) 100vw, 1000px\" \/><\/p>\n<p>&nbsp;<\/p>\n<p><strong>LAS LARGADAS <\/strong><\/p>\n<p>El jueves 14 de abril a las 12:05 se daba la largada frente a Port Ginesta a la versi\u00f3n Barcelona. Con 55 barcos en la l\u00ednea de salida, los participantes iniciaban su traves\u00eda de 140 millas n\u00e1uticas rumbo a Sant Antoni de Portmany con un viento de Noreste de 15 nudos de intensidad.<\/p>\n<p><img loading=\"lazy\" decoding=\"async\" class=\"aligncenter size-full wp-image-7545\" src=\"http:\/\/larutadelasal.com\/custom\/uploads\/2022\/04\/52012990912_81616ee2d3_o.jpg\" alt=\"\" width=\"1000\" height=\"662\" srcset=\"https:\/\/labs.100x100.net\/projects\/rutasal\/custom\/uploads\/2022\/04\/52012990912_81616ee2d3_o.jpg 1000w, https:\/\/labs.100x100.net\/projects\/rutasal\/custom\/uploads\/2022\/04\/52012990912_81616ee2d3_o-300x199.jpg 300w, https:\/\/labs.100x100.net\/projects\/rutasal\/custom\/uploads\/2022\/04\/52012990912_81616ee2d3_o-768x508.jpg 768w\" sizes=\"(max-width: 1000px) 100vw, 1000px\" \/><\/p>\n<p>Por su parte, la largada frente al Real Club N\u00e1utico de Denia se vio aplazada de su horario inicialmente previsto, que era a las 14 horas, con el objetivo de dejar pasar el frente barom\u00e9trico que azotaba las Islas Pitiusas. Finalmente la largada tuvo lugar el jueves 14 de abril a las 18:01 con vientos de Norte de 15 nudos de intensidad, rachas de 20 nudos y olas que alcanzaban los dos metros de altura. Las cerca de 40 embarcaciones que decidieron tomar la salida y recorrer las 120 millas n\u00e1uticas del recorrido desde Denia a Sant Antoni de Portmany, dejando Formentera e Ibiza por babor, lo hicieron muy conscientes de las dificultades a las que se iban a enfrentar, y ello propici\u00f3 que apenas hubiera abandonos.<\/p>\n<div id=\"attachment_7648\" style=\"width: 1034px\" class=\"wp-caption aligncenter\"><img loading=\"lazy\" decoding=\"async\" aria-describedby=\"caption-attachment-7648\" class=\"wp-image-7648 size-large\" src=\"http:\/\/larutadelasal.com\/custom\/uploads\/2022\/04\/unnamed-1024x682.jpeg\" alt=\"\" width=\"1024\" height=\"682\" srcset=\"https:\/\/labs.100x100.net\/projects\/rutasal\/custom\/uploads\/2022\/04\/unnamed-1024x682.jpeg 1024w, https:\/\/labs.100x100.net\/projects\/rutasal\/custom\/uploads\/2022\/04\/unnamed-300x200.jpeg 300w, https:\/\/labs.100x100.net\/projects\/rutasal\/custom\/uploads\/2022\/04\/unnamed-768x512.jpeg 768w, https:\/\/labs.100x100.net\/projects\/rutasal\/custom\/uploads\/2022\/04\/unnamed.jpeg 1280w\" sizes=\"(max-width: 1024px) 100vw, 1024px\" \/><p id=\"caption-attachment-7648\" class=\"wp-caption-text\">foto @amdvisual<\/p><\/div>\n<p>Finalmente, la largada de la versi\u00f3n Mini-Sal, un recorrido directo de 55 millas n\u00e1uticas entre Denia y Sant Antoni de Portmany, tuvo lugar la ma\u00f1ana del dia siguiente, el viernes 15 de abril a las 10 horas. Las condiciones hab\u00edan mejorado claramente frente a las del d\u00eda anterior, y las cerca de 20 embarcaciones participantes, tomaron la salida con vientos de Norte-Noroeste de unos 8 nudos de intensidad y una altura de las olas que hab\u00eda descendido a un metro.<\/p>\n<p><strong>LA L\u00cdNEA DE LLEGADA: UN ESPECT\u00c1CULO P\u00daBLICO<\/strong><\/p>\n<p>Este a\u00f1o, y como novedad, la l\u00ednea de llegada se desplaz\u00f3 desde Cabo Negret hasta las inmediaciones de Sant Antoni de Portmany. La nueva ubicaci\u00f3n, frente a la punta de Ses Variades, donde se congrega una multitud de locales y turistas para disfrutar de la tradicional puesta de sol ibicenca, permiti\u00f3 acercar a\u00fan m\u00e1s la regata a la localidad que la acoge y que el p\u00fablico pudiera disfrutar de una Bah\u00eda de Sant Antoni de Portmany repleta de velas.<\/p>\n<p><strong>PRIMEROS LLEGADOS VERSI\u00d3N BARCELONA<\/strong><\/p>\n<ul>\n<li><strong>STELLAR, primera embarcaci\u00f3n en cruzar la l\u00ednea de llegada y GYMIR, primer monocasco.<\/strong><\/li>\n<\/ul>\n<p>El reloj marcaba la 1:48:01 de la madrugada del viernes 15 de abril, cuando cruzaba la l\u00ednea de llegada la primera embarcaci\u00f3n de toda la flota. Fue el STELLAR, catamar\u00e1n IC36 de Independent Catamaran, patroneado por el checho, Jaromir Popek.<\/p>\n<p><img loading=\"lazy\" decoding=\"async\" class=\"aligncenter size-large wp-image-7548\" src=\"http:\/\/larutadelasal.com\/custom\/uploads\/2022\/04\/52014534340_f6e5e60c25_o-1024x678.jpg\" alt=\"\" width=\"1024\" height=\"678\" srcset=\"https:\/\/labs.100x100.net\/projects\/rutasal\/custom\/uploads\/2022\/04\/52014534340_f6e5e60c25_o-1024x678.jpg 1024w, https:\/\/labs.100x100.net\/projects\/rutasal\/custom\/uploads\/2022\/04\/52014534340_f6e5e60c25_o-300x199.jpg 300w, https:\/\/labs.100x100.net\/projects\/rutasal\/custom\/uploads\/2022\/04\/52014534340_f6e5e60c25_o-768x509.jpg 768w, https:\/\/labs.100x100.net\/projects\/rutasal\/custom\/uploads\/2022\/04\/52014534340_f6e5e60c25_o.jpg 1200w\" sizes=\"(max-width: 1024px) 100vw, 1024px\" \/><\/p>\n<p><img loading=\"lazy\" decoding=\"async\" class=\"aligncenter size-full wp-image-7551\" src=\"http:\/\/larutadelasal.com\/custom\/uploads\/2022\/04\/AFB0418.jpg\" alt=\"\" width=\"1000\" height=\"662\" srcset=\"https:\/\/labs.100x100.net\/projects\/rutasal\/custom\/uploads\/2022\/04\/AFB0418.jpg 1000w, https:\/\/labs.100x100.net\/projects\/rutasal\/custom\/uploads\/2022\/04\/AFB0418-300x199.jpg 300w, https:\/\/labs.100x100.net\/projects\/rutasal\/custom\/uploads\/2022\/04\/AFB0418-768x508.jpg 768w\" sizes=\"(max-width: 1000px) 100vw, 1000px\" \/><\/p>\n<p>Siete minutos por detr\u00e1s del prImer catamar\u00e1n entraba el GYMIR, primer monocasco en cruzar la l\u00ednea, un Maxi Dolphin 65 del armador Manel Codina.<\/p>\n<p><img loading=\"lazy\" decoding=\"async\" class=\"aligncenter size-full wp-image-7557\" src=\"http:\/\/larutadelasal.com\/custom\/uploads\/2022\/04\/52014535205_ff4b5d59fc_o.jpg\" alt=\"\" width=\"1000\" height=\"662\" srcset=\"https:\/\/labs.100x100.net\/projects\/rutasal\/custom\/uploads\/2022\/04\/52014535205_ff4b5d59fc_o.jpg 1000w, https:\/\/labs.100x100.net\/projects\/rutasal\/custom\/uploads\/2022\/04\/52014535205_ff4b5d59fc_o-300x199.jpg 300w, https:\/\/labs.100x100.net\/projects\/rutasal\/custom\/uploads\/2022\/04\/52014535205_ff4b5d59fc_o-768x508.jpg 768w\" sizes=\"(max-width: 1000px) 100vw, 1000px\" \/><\/p>\n<p><img loading=\"lazy\" decoding=\"async\" class=\"aligncenter size-full wp-image-7554\" src=\"http:\/\/larutadelasal.com\/custom\/uploads\/2022\/04\/AFB0988.jpg\" alt=\"\" width=\"1000\" height=\"662\" srcset=\"https:\/\/labs.100x100.net\/projects\/rutasal\/custom\/uploads\/2022\/04\/AFB0988.jpg 1000w, https:\/\/labs.100x100.net\/projects\/rutasal\/custom\/uploads\/2022\/04\/AFB0988-300x199.jpg 300w, https:\/\/labs.100x100.net\/projects\/rutasal\/custom\/uploads\/2022\/04\/AFB0988-768x508.jpg 768w\" sizes=\"(max-width: 1000px) 100vw, 1000px\" \/><\/p>\n<p>EL CALIOPE, J45 de Thierry d\u2019Argoubet, el KIA ORA, catamar\u00e1n Freddys 46 de Emmanuel Pironneauy y el FLOMALI, Swan 60 de Alexander Staring, ofrecieron dura batalla a los primeros, entrando consecutivamente a no m\u00e1s de media hora del primer llegado.<\/p>\n<p>El Gymir se alzar\u00eda con el Trofeo del Ayuntamiento de Sant Antoni de Portmany al primer clasificado en tiempo real, reservado a las embarcaciones monocasco.<\/p>\n<p><img loading=\"lazy\" decoding=\"async\" class=\"aligncenter size-full wp-image-7622\" src=\"http:\/\/larutadelasal.com\/custom\/uploads\/2022\/04\/52013025282_4fb9eeec59_o.jpg\" alt=\"\" width=\"1000\" height=\"668\" srcset=\"https:\/\/labs.100x100.net\/projects\/rutasal\/custom\/uploads\/2022\/04\/52013025282_4fb9eeec59_o.jpg 1000w, https:\/\/labs.100x100.net\/projects\/rutasal\/custom\/uploads\/2022\/04\/52013025282_4fb9eeec59_o-300x200.jpg 300w, https:\/\/labs.100x100.net\/projects\/rutasal\/custom\/uploads\/2022\/04\/52013025282_4fb9eeec59_o-768x513.jpg 768w\" sizes=\"(max-width: 1000px) 100vw, 1000px\" \/><\/p>\n<p><strong>PREMIO A LA INNOVACI\u00d3N<\/strong><\/p>\n<p>El equipo checho del multicasco Stellar ve\u00eda recompensada su aza\u00f1a logrando el primer <strong>Premio de La Ruta de la Sal a la Innovaci\u00f3n<\/strong>, no solo por la velocidad demostrada gracias a su revolucionario sistema de distribuci\u00f3n de pesos, sino sobretodo por el sistema de autosuficiencia energ\u00e9tica basado en placas solares e hidrogeneradores.<\/p>\n<p><img loading=\"lazy\" decoding=\"async\" class=\"aligncenter size-full wp-image-7625\" src=\"http:\/\/larutadelasal.com\/custom\/uploads\/2022\/04\/52013025247_3157e4701b_o.jpg\" alt=\"\" width=\"1000\" height=\"668\" srcset=\"https:\/\/labs.100x100.net\/projects\/rutasal\/custom\/uploads\/2022\/04\/52013025247_3157e4701b_o.jpg 1000w, https:\/\/labs.100x100.net\/projects\/rutasal\/custom\/uploads\/2022\/04\/52013025247_3157e4701b_o-300x200.jpg 300w, https:\/\/labs.100x100.net\/projects\/rutasal\/custom\/uploads\/2022\/04\/52013025247_3157e4701b_o-768x513.jpg 768w\" sizes=\"(max-width: 1000px) 100vw, 1000px\" \/><\/p>\n<p><strong>PRIMEROS LLEGADOS VERSI\u00d3N DENIA<\/strong><\/p>\n<p><strong>PELOTARI PROJECT fulmina el record anterior en tiempo real.<\/strong><\/p>\n<p><strong>El nuevo record de la versi\u00f3n Denia queda establecido en 12 HORAS 22 MINUTOS y 10 SEGUNDOS.<\/strong><\/p>\n<p>A las 6 horas 23 minutos y 10 segundos de la ma\u00f1ana del viernes 15 de abril cruzaba la l\u00ednea de llegada el PELOTARI PROJECT, Vismara Mills 68 de Andr\u00e9s Varela Entrecanales del Real Club N\u00e1utico Port de Pollen\u00e7a, rebajando 50 minutos el record anterior de la versi\u00f3n Denia establecido en 2014 por el PLIS PLAY, Swan 80 de Vicente Garc\u00eda Torres. El <strong>nuevo record del recorrido queda establecido en 12 HORAS 22 MINUTOS y 10 SEGUNDOS. <\/strong><\/p>\n<p><img loading=\"lazy\" decoding=\"async\" class=\"aligncenter size-full wp-image-7560\" src=\"http:\/\/larutadelasal.com\/custom\/uploads\/2022\/04\/52014083513_f7012b8eae_o.jpg\" alt=\"\" width=\"1000\" height=\"662\" srcset=\"https:\/\/labs.100x100.net\/projects\/rutasal\/custom\/uploads\/2022\/04\/52014083513_f7012b8eae_o.jpg 1000w, https:\/\/labs.100x100.net\/projects\/rutasal\/custom\/uploads\/2022\/04\/52014083513_f7012b8eae_o-300x199.jpg 300w, https:\/\/labs.100x100.net\/projects\/rutasal\/custom\/uploads\/2022\/04\/52014083513_f7012b8eae_o-768x508.jpg 768w\" sizes=\"(max-width: 1000px) 100vw, 1000px\" \/><\/p>\n<p><img loading=\"lazy\" decoding=\"async\" class=\"aligncenter size-full wp-image-7563\" src=\"http:\/\/larutadelasal.com\/custom\/uploads\/2022\/04\/52014278149_47bc7b1f84_o.jpg\" alt=\"\" width=\"1000\" height=\"662\" srcset=\"https:\/\/labs.100x100.net\/projects\/rutasal\/custom\/uploads\/2022\/04\/52014278149_47bc7b1f84_o.jpg 1000w, https:\/\/labs.100x100.net\/projects\/rutasal\/custom\/uploads\/2022\/04\/52014278149_47bc7b1f84_o-300x199.jpg 300w, https:\/\/labs.100x100.net\/projects\/rutasal\/custom\/uploads\/2022\/04\/52014278149_47bc7b1f84_o-768x508.jpg 768w\" sizes=\"(max-width: 1000px) 100vw, 1000px\" \/><\/p>\n<p>En las declaraciones a prensa Jonsi Segu\u00ed, patr\u00f3n del PELOTARI PROJECT, respond\u00eda que el impresionante rendimiento de este este dise\u00f1o Vismara, les han permitido lograr esta haza\u00f1a a pesar de que la mayor parte del recorrido la han realizado con vientos de ce\u00f1ida. Inicialmente en una ce\u00f1ida relativamente abierta y en rumbo directo hasta el sur de Formentera, luego con bordos en la remontada hasta cabo Portinatx, buscando aguas con menos olas al sotavento de Ibiza y finalmente con rumbo abierto y Spinnaker de Cabo Portinatx a Sant Antoni, donde alcanzaron puntas de 18 nudos de velocidad.<\/p>\n<p><img loading=\"lazy\" decoding=\"async\" class=\"aligncenter size-full wp-image-7566\" src=\"http:\/\/larutadelasal.com\/custom\/uploads\/2022\/04\/DSC_1185-2.jpg\" alt=\"\" width=\"1000\" height=\"668\" srcset=\"https:\/\/labs.100x100.net\/projects\/rutasal\/custom\/uploads\/2022\/04\/DSC_1185-2.jpg 1000w, https:\/\/labs.100x100.net\/projects\/rutasal\/custom\/uploads\/2022\/04\/DSC_1185-2-300x200.jpg 300w, https:\/\/labs.100x100.net\/projects\/rutasal\/custom\/uploads\/2022\/04\/DSC_1185-2-768x513.jpg 768w\" sizes=\"(max-width: 1000px) 100vw, 1000px\" \/><\/p>\n<p>Tres horas despu\u00e9s del PELOTARI PROJECT, sobre las 9 de las ma\u00f1ana, llegaban separados por apenas 6 minutos sus perseguidores: el BRUJO, Swan 45 de Alberto de Castro, el CLEM, Swan 56 de Jaime Olazabal y el SPANIARD, Grand Soleil 50 de Juan Rodriguez.<\/p>\n<p><strong>EL PODIUM DE VERSI\u00d3N DENIA<\/strong><\/p>\n<p><b>CLEM I, con su 4\u00aa victoria en La Ruta de la Sal, entra en el selecto club de armadores que han conseguido tal haza\u00f1a, siendo los \u00fanicos que han vencido en las versiones de Barcelona (2009 y 2010), Mallorca (2017) y ahora Denia (2022)<\/b><\/p>\n<p>Tras las compensaci\u00f3n de tiempos el CLEM PRIMERO, Swan 56 de Jaime Olazabal y Amanda Hartley, patroneado por Pedro Amengual y defendiendo el gallardete del Club de Mar, se hac\u00eda con la victoria absoluta de la versi\u00f3n de Denia en esta 34 edici\u00f3n de La Ruta de la Sal. Esta victoria les sit\u00faa como la \u00fanica embarcaci\u00f3n que en la historia de la regata ha ganado en la Versi\u00f3n Barcelona (2009 y 2010), versi\u00f3n Mallorca (2017) y Versi\u00f3n Denia (2022), y les abre las puertas al selecto grupo de armadores que atesoran cuatro triunfos en La Ruta de la Sal, formado por Manuel Guasch ganador en 1992 de la antigua versi\u00f3n Cartagena con el MONSIGNORE, mientras que con el AIVIS se alz\u00f3 con el triunfo en 2012 y 2015 de la versi\u00f3n Denia y en 2012 de la versi\u00f3n Barcelona. El otro miembro de este selecto olimpo de ganadores de La Ruta de la Sal es Manel Jan\u00e9 que con su Swan 45 CORATGE gan\u00f3 las ediciones de 1989, 1990, 2014 y 2015, siempre en versi\u00f3n Barcelona.<\/p>\n<div id=\"attachment_7491\" style=\"width: 1034px\" class=\"wp-caption aligncenter\"><img loading=\"lazy\" decoding=\"async\" aria-describedby=\"caption-attachment-7491\" class=\"size-full wp-image-7491\" src=\"http:\/\/larutadelasal.com\/custom\/uploads\/2022\/04\/clem_Flota-BCN-\u00a9Amparo-Morera.jpg\" alt=\"\" width=\"1024\" height=\"683\" srcset=\"https:\/\/labs.100x100.net\/projects\/rutasal\/custom\/uploads\/2022\/04\/clem_Flota-BCN-\u00a9Amparo-Morera.jpg 1024w, https:\/\/labs.100x100.net\/projects\/rutasal\/custom\/uploads\/2022\/04\/clem_Flota-BCN-\u00a9Amparo-Morera-300x200.jpg 300w, https:\/\/labs.100x100.net\/projects\/rutasal\/custom\/uploads\/2022\/04\/clem_Flota-BCN-\u00a9Amparo-Morera-768x512.jpg 768w\" sizes=\"(max-width: 1024px) 100vw, 1024px\" \/><p id=\"caption-attachment-7491\" class=\"wp-caption-text\">Clem \u00a9Amparo Morera<\/p><\/div>\n<p><img loading=\"lazy\" decoding=\"async\" class=\"aligncenter size-full wp-image-7608\" src=\"http:\/\/larutadelasal.com\/custom\/uploads\/2022\/04\/52013024622_4dcee5d3b7_o.jpg\" alt=\"\" width=\"1000\" height=\"668\" srcset=\"https:\/\/labs.100x100.net\/projects\/rutasal\/custom\/uploads\/2022\/04\/52013024622_4dcee5d3b7_o.jpg 1000w, https:\/\/labs.100x100.net\/projects\/rutasal\/custom\/uploads\/2022\/04\/52013024622_4dcee5d3b7_o-300x200.jpg 300w, https:\/\/labs.100x100.net\/projects\/rutasal\/custom\/uploads\/2022\/04\/52013024622_4dcee5d3b7_o-768x513.jpg 768w\" sizes=\"(max-width: 1000px) 100vw, 1000px\" \/><\/p>\n<p>La segunda plaza del p\u00f3dium de la versi\u00f3n Denia, la ocupaba el Brujo, Swan 45 de Alberto de Castro, compitiendo por el Real Club N\u00e1utico de Valencia, que no pudo revalidar el t\u00edtulo del a\u00f1o anterior.<\/p>\n<p><img loading=\"lazy\" decoding=\"async\" class=\"aligncenter size-full wp-image-7611\" src=\"http:\/\/larutadelasal.com\/custom\/uploads\/2022\/04\/52013024657_338e5414ee_o.jpg\" alt=\"\" width=\"1000\" height=\"668\" srcset=\"https:\/\/labs.100x100.net\/projects\/rutasal\/custom\/uploads\/2022\/04\/52013024657_338e5414ee_o.jpg 1000w, https:\/\/labs.100x100.net\/projects\/rutasal\/custom\/uploads\/2022\/04\/52013024657_338e5414ee_o-300x200.jpg 300w, https:\/\/labs.100x100.net\/projects\/rutasal\/custom\/uploads\/2022\/04\/52013024657_338e5414ee_o-768x513.jpg 768w\" sizes=\"(max-width: 1000px) 100vw, 1000px\" \/><\/p>\n<p>La tercera plaza del p\u00f3dium era para el PH III, Contest 72 del holand\u00e9s Austin Van T Wout, del Royal Yacht Club Maas de Rotterdam.<\/p>\n<p><img loading=\"lazy\" decoding=\"async\" class=\"aligncenter size-full wp-image-7614\" src=\"http:\/\/larutadelasal.com\/custom\/uploads\/2022\/04\/52014569775_06144a5988_o.jpg\" alt=\"\" width=\"1000\" height=\"668\" srcset=\"https:\/\/labs.100x100.net\/projects\/rutasal\/custom\/uploads\/2022\/04\/52014569775_06144a5988_o.jpg 1000w, https:\/\/labs.100x100.net\/projects\/rutasal\/custom\/uploads\/2022\/04\/52014569775_06144a5988_o-300x200.jpg 300w, https:\/\/labs.100x100.net\/projects\/rutasal\/custom\/uploads\/2022\/04\/52014569775_06144a5988_o-768x513.jpg 768w\" sizes=\"(max-width: 1000px) 100vw, 1000px\" \/><\/p>\n<p><strong>\u00a0<\/strong><\/p>\n<p><strong>EL PODIUM VERSI\u00d3N BARCELONA<\/strong><\/p>\n<p><strong>ROCKALL IV batallando con los grandes hasta Ibiza<\/strong><\/p>\n<p>El ROCKALL IV, un JPK 1030 del alem\u00e1n Christopher Opielok del Real Club N\u00e1utico de Palma, se impuso con aplastante rotundidad en la versi\u00f3n Barcelona. Este dise\u00f1o de Jaques Valer, especialmente dise\u00f1ado para regatas de altura, impuso su capacidad de planeada con vientos portantes. Ligero y estrecho, mantuvo el pulso con veleros que le doblan en eslora, entrando en cuarta posici\u00f3n en tiempo real, lo cual tras la compensaci\u00f3n de tiempos, le situaba como vencedor absoluto con m\u00e1s de una hora de ventaja sobre el resto de la flota.<\/p>\n<p><img loading=\"lazy\" decoding=\"async\" class=\"aligncenter size-large wp-image-7569\" src=\"http:\/\/larutadelasal.com\/custom\/uploads\/2022\/04\/52014265814_72021c08e1_o-1024x678.jpg\" alt=\"\" width=\"1024\" height=\"678\" srcset=\"https:\/\/labs.100x100.net\/projects\/rutasal\/custom\/uploads\/2022\/04\/52014265814_72021c08e1_o-1024x678.jpg 1024w, https:\/\/labs.100x100.net\/projects\/rutasal\/custom\/uploads\/2022\/04\/52014265814_72021c08e1_o-300x199.jpg 300w, https:\/\/labs.100x100.net\/projects\/rutasal\/custom\/uploads\/2022\/04\/52014265814_72021c08e1_o-768x509.jpg 768w, https:\/\/labs.100x100.net\/projects\/rutasal\/custom\/uploads\/2022\/04\/52014265814_72021c08e1_o.jpg 1200w\" sizes=\"(max-width: 1024px) 100vw, 1024px\" \/><\/p>\n<p><img loading=\"lazy\" decoding=\"async\" class=\"aligncenter size-full wp-image-7572\" src=\"http:\/\/larutadelasal.com\/custom\/uploads\/2022\/04\/52014105268_0d454452aa_o.jpg\" alt=\"\" width=\"1000\" height=\"668\" srcset=\"https:\/\/labs.100x100.net\/projects\/rutasal\/custom\/uploads\/2022\/04\/52014105268_0d454452aa_o.jpg 1000w, https:\/\/labs.100x100.net\/projects\/rutasal\/custom\/uploads\/2022\/04\/52014105268_0d454452aa_o-300x200.jpg 300w, https:\/\/labs.100x100.net\/projects\/rutasal\/custom\/uploads\/2022\/04\/52014105268_0d454452aa_o-768x513.jpg 768w\" sizes=\"(max-width: 1000px) 100vw, 1000px\" \/><\/p>\n<p>El CALIOPE, la primera unidad del nuevo y competitivo J45 lanzado al mercado, se alz\u00f3 con la segunda plaza del p\u00f3dium. Patroneado por Thierry d\u2019Argoubet, del Club N\u00e1utico Sant Feliu de Guixols, esta m\u00e1quina de navegar, que es el J45, est\u00e1 llamado a acrecentar su palmar\u00e9s.<\/p>\n<p><img loading=\"lazy\" decoding=\"async\" class=\"aligncenter size-full wp-image-7575\" src=\"http:\/\/larutadelasal.com\/custom\/uploads\/2022\/04\/52014569765_aea4ee4cba_o.jpg\" alt=\"\" width=\"1000\" height=\"668\" srcset=\"https:\/\/labs.100x100.net\/projects\/rutasal\/custom\/uploads\/2022\/04\/52014569765_aea4ee4cba_o.jpg 1000w, https:\/\/labs.100x100.net\/projects\/rutasal\/custom\/uploads\/2022\/04\/52014569765_aea4ee4cba_o-300x200.jpg 300w, https:\/\/labs.100x100.net\/projects\/rutasal\/custom\/uploads\/2022\/04\/52014569765_aea4ee4cba_o-768x513.jpg 768w\" sizes=\"(max-width: 1000px) 100vw, 1000px\" \/><\/p>\n<p>Finalmente, la tercera plaza del caj\u00f3n de la versi\u00f3n Barcelona fue para el PUPULE, un Pogo 30 de Marcos Pascual, del Club N\u00e1utico Vilanova, quien llevaba a bordo al experimentado navegante oce\u00e1nico Santi Garcia-Gasc\u00f3n. A dos minutos del segundo clasificado, Marcos Pascual declaraba tras la regata, que de no haber sido por un problema con la trompeta del gennaker, que le hizo perder mucho tiempo, a bien seguro hubieran puesto m\u00e1s cara la victoria al ROCKALL IV.<\/p>\n<p><img loading=\"lazy\" decoding=\"async\" class=\"aligncenter size-full wp-image-7578\" src=\"http:\/\/larutadelasal.com\/custom\/uploads\/2022\/04\/52013024677_3faa5e58fe_o.jpg\" alt=\"\" width=\"1000\" height=\"668\" srcset=\"https:\/\/labs.100x100.net\/projects\/rutasal\/custom\/uploads\/2022\/04\/52013024677_3faa5e58fe_o.jpg 1000w, https:\/\/labs.100x100.net\/projects\/rutasal\/custom\/uploads\/2022\/04\/52013024677_3faa5e58fe_o-300x200.jpg 300w, https:\/\/labs.100x100.net\/projects\/rutasal\/custom\/uploads\/2022\/04\/52013024677_3faa5e58fe_o-768x513.jpg 768w\" sizes=\"(max-width: 1000px) 100vw, 1000px\" \/><\/p>\n<p><strong>ENTREGA DEL PREMIO GARMIN A LOS GANADORES<\/strong><\/p>\n<p>Enrique Curt, Director de Regata, hizo entrega a Amanda Hartley, armadora del CLEM PRIMERO y a Christopher Opielok, aramdor del ROCKALL IV del premio que ofrece Garmin a los ganadores absolutos de La Ruta de la Sal. Se trata de sendos quatix \u00ae6, un reloj n\u00e1utico inteligente con GPS integrado que se conecta con los instrumentos de navegaci\u00f3n del barco.<\/p>\n<p><img loading=\"lazy\" decoding=\"async\" class=\"aligncenter size-full wp-image-7581\" src=\"http:\/\/larutadelasal.com\/custom\/uploads\/2022\/04\/52014569725_4f77300bc7_o-1.jpg\" alt=\"\" width=\"1000\" height=\"668\" srcset=\"https:\/\/labs.100x100.net\/projects\/rutasal\/custom\/uploads\/2022\/04\/52014569725_4f77300bc7_o-1.jpg 1000w, https:\/\/labs.100x100.net\/projects\/rutasal\/custom\/uploads\/2022\/04\/52014569725_4f77300bc7_o-1-300x200.jpg 300w, https:\/\/labs.100x100.net\/projects\/rutasal\/custom\/uploads\/2022\/04\/52014569725_4f77300bc7_o-1-768x513.jpg 768w\" sizes=\"(max-width: 1000px) 100vw, 1000px\" \/><\/p>\n<p><strong>GANADORES DESTACADOS EN LA MINI-SAL Y EN LAS CATEGOR\u00cdAS<\/strong><\/p>\n<p>Ante las duras condiciones de la Versi\u00f3n Denia varios equipos decidieron pasar a la Mini-Sal. El incremento del volumen y calidad de los participantes puso muy cara la victoria que finalmente cay\u00f3 en manos del ISABEL\u00b7LA, un First 47.7 de Miguel S\u00e1nchez del Real Club N\u00e1utico de Castell\u00f3n. La segunda plaza fue para el ALAIK, Swan 62 de Alberto Zardoya del Real Club N\u00e1utico de Palma y finalmente el tercer lugar del podio lo ocupaba EL GAITERO, Espada 34 de Vicente Amengual del Club N\u00e1utico de Ibiza.<\/p>\n<p>El AQUITAT III , SO49 de Cesar Villegas, navegando para Yacht Point BCN, consigui\u00f3 revalidar su victoria en la categor\u00eda GLOBE SAILOR reservada para barcos de charter. De forma ininterrumpida, desde el 2014 domina esta categor\u00eda, y eso que este a\u00f1o se enfrentaba a 20 embarcaciones, algunas de ellas de mucho nivel, como el PEKAS X, un JOD35 de Pepe Navarro que compite por MasNavega y que finalmente se alz\u00f3 con la segunda plaza.<\/p>\n<p>En la versi\u00f3n Barcelona, destacar tambi\u00e9n la victoria del equipo belga DIABOLIC en la categor\u00eda Bravo 2, con un Sun Fast 35, patroneado por Glenn de Brouwer del Club N\u00e1utico Torredembarra, vigentes campeones del Circuito de Regatas de Altura. En la categor\u00eda Charli, la victoria fue para el ASCATA III, Fortuna 12 de Yamandu Rodriguez del Real Club Mar\u00edtimo de Barcelona.<\/p>\n<p>En la versi\u00f3n de Denia, destacar la victoria en la categor\u00eda ALFA 2 del ADRENALIN, A35\u00a0 de Juan Carlos Sanch\u00eds del Club N\u00e1utico Sant Antoni de Portmany. En categor\u00eda Charli el MAR MENOR, un Cobo 40, de Pablo Bernab\u00e9 del Real Club N\u00e1utico de Torrevieja se alzaba con la victoria, mientras que el 78 DE MAYO, Solaris 44 de Enrique Ortiz del Club N\u00e1utico de Oropesa, lograba el triunfo en la categor\u00eda GOLF reservada para embarcaciones tripuladas por dos personas.<\/p>\n<p><strong>LA RUEDA DE PRENSA: EL APOYO DE IBIZA Y DE SANT ANTONI DE PORTMANY<\/strong><\/p>\n<p>A \u00faltima hora del viernes entraba el \u00faltimo barco y el s\u00e1bado 16 de abril se organizaba una rueda de prensa con los ganadores. Con la presencia de Salvador Losa, Conseller de Deportes del Consell Insular de Ibiza y Miguel Tur, regidor de Turismo del Ayuntamiento de Sant Antoni de Portmany, los representantes de los principales organismos p\u00fablicos que apoyan la regata destacaron el papel de La Ruta de la Sal como embajadora de la marca Ibiza en el mundo, y su importancia como elemento promotor de un turismo de calidad asociado a la sostenibilidad y al deporte. Un evento que ayuda a desestacionalizar el turismo y que cada a\u00f1o marca el inicio de la temporada.<\/p>\n<p><img loading=\"lazy\" decoding=\"async\" class=\"aligncenter size-large wp-image-7584\" src=\"http:\/\/larutadelasal.com\/custom\/uploads\/2022\/04\/51942172998_5d0790a5f1_o-1024x684.jpg\" alt=\"\" width=\"1024\" height=\"684\" srcset=\"https:\/\/labs.100x100.net\/projects\/rutasal\/custom\/uploads\/2022\/04\/51942172998_5d0790a5f1_o-1024x684.jpg 1024w, https:\/\/labs.100x100.net\/projects\/rutasal\/custom\/uploads\/2022\/04\/51942172998_5d0790a5f1_o-300x200.jpg 300w, https:\/\/labs.100x100.net\/projects\/rutasal\/custom\/uploads\/2022\/04\/51942172998_5d0790a5f1_o-768x513.jpg 768w, https:\/\/labs.100x100.net\/projects\/rutasal\/custom\/uploads\/2022\/04\/51942172998_5d0790a5f1_o.jpg 1200w\" sizes=\"(max-width: 1024px) 100vw, 1024px\" \/><\/p>\n<p><strong>LA CEREMONIA DE ENTREGA DE TROFEOS<\/strong><\/p>\n<p><strong>Jos\u00e9 Tur, Presidente del Club N\u00e1utico Sant Antoni de Portmany reclama apoyo a los entes p\u00fablicos pra disponer de m\u00e1s amarres. <\/strong><\/p>\n<p>La ceremonia de trofeos tuvo lugar el s\u00e1bado 16 de abril y estuvo auspiciada por Marcos Serra, Excmo. Alcalde de Sant Antoni de Portmany y por Sara Ram\u00f3n Rossell\u00f3, vice-presidenta del Consell Insular d\u2019Eivssa, que entreg\u00f3 los trofeos a los ganadores absolutos.<\/p>\n<p><img loading=\"lazy\" decoding=\"async\" class=\"aligncenter size-full wp-image-7590\" src=\"http:\/\/larutadelasal.com\/custom\/uploads\/2022\/04\/52014105878_b709f76837_o.jpg\" alt=\"\" width=\"1000\" height=\"668\" srcset=\"https:\/\/labs.100x100.net\/projects\/rutasal\/custom\/uploads\/2022\/04\/52014105878_b709f76837_o.jpg 1000w, https:\/\/labs.100x100.net\/projects\/rutasal\/custom\/uploads\/2022\/04\/52014105878_b709f76837_o-300x200.jpg 300w, https:\/\/labs.100x100.net\/projects\/rutasal\/custom\/uploads\/2022\/04\/52014105878_b709f76837_o-768x513.jpg 768w\" sizes=\"(max-width: 1000px) 100vw, 1000px\" \/><\/p>\n<p>Tambi\u00e9n intervinieron en los parlamentos Josep Mar\u00ed i Ribas, Conseller de Mobilitat y Habitatge del Gobierno Balear y Presidente de Ports IB, y Jos\u00e9 Tur, Presidente del Club N\u00e1utico Sant Antoni de Portmany, qui\u00e9n hizo una menci\u00f3n especial a la necesidad de encontrar una soluci\u00f3n al problema que supone una cada vez m\u00e1s limitada disponibilidad de amarres en Sant Antoni para acoger a la gran flota de La Ruta de la Sal.<\/p>\n<p><img loading=\"lazy\" decoding=\"async\" class=\"aligncenter size-full wp-image-7593\" src=\"http:\/\/larutadelasal.com\/custom\/uploads\/2022\/04\/52014105918_4e05acc544_o-1.jpg\" alt=\"\" width=\"1000\" height=\"668\" srcset=\"https:\/\/labs.100x100.net\/projects\/rutasal\/custom\/uploads\/2022\/04\/52014105918_4e05acc544_o-1.jpg 1000w, https:\/\/labs.100x100.net\/projects\/rutasal\/custom\/uploads\/2022\/04\/52014105918_4e05acc544_o-1-300x200.jpg 300w, https:\/\/labs.100x100.net\/projects\/rutasal\/custom\/uploads\/2022\/04\/52014105918_4e05acc544_o-1-768x513.jpg 768w\" sizes=\"(max-width: 1000px) 100vw, 1000px\" \/><\/p>\n<p><img loading=\"lazy\" decoding=\"async\" class=\"aligncenter size-full wp-image-7596\" src=\"http:\/\/larutadelasal.com\/custom\/uploads\/2022\/04\/52013025312_9a53ac1f4a_o.jpg\" alt=\"\" width=\"1000\" height=\"668\" srcset=\"https:\/\/labs.100x100.net\/projects\/rutasal\/custom\/uploads\/2022\/04\/52013025312_9a53ac1f4a_o.jpg 1000w, https:\/\/labs.100x100.net\/projects\/rutasal\/custom\/uploads\/2022\/04\/52013025312_9a53ac1f4a_o-300x200.jpg 300w, https:\/\/labs.100x100.net\/projects\/rutasal\/custom\/uploads\/2022\/04\/52013025312_9a53ac1f4a_o-768x513.jpg 768w\" sizes=\"(max-width: 1000px) 100vw, 1000px\" \/><\/p>\n<p>Al inicio de la Ceremonia, Laura Curt, quiso realizar un homenaje p\u00fablico a su padre y Director de La Ruta de la Sal, Enrique Curt, tras haber cumplido 80 a\u00f1os poco antes de la salida de la regata, haci\u00e9ndole entrega de un busto de la diosa Tanit, que a partir del siglo V a. C. con la colonizaci\u00f3n cartaginesa se convirti\u00f3 en diosa de referencia en Ibiza.<\/p>\n<p><img loading=\"lazy\" decoding=\"async\" class=\"aligncenter size-full wp-image-7599\" src=\"http:\/\/larutadelasal.com\/custom\/uploads\/2022\/04\/52013025387_01e7928a10_o.jpg\" alt=\"\" width=\"1000\" height=\"668\" srcset=\"https:\/\/labs.100x100.net\/projects\/rutasal\/custom\/uploads\/2022\/04\/52013025387_01e7928a10_o.jpg 1000w, https:\/\/labs.100x100.net\/projects\/rutasal\/custom\/uploads\/2022\/04\/52013025387_01e7928a10_o-300x200.jpg 300w, https:\/\/labs.100x100.net\/projects\/rutasal\/custom\/uploads\/2022\/04\/52013025387_01e7928a10_o-768x513.jpg 768w\" sizes=\"(max-width: 1000px) 100vw, 1000px\" \/><\/p>\n<p>Para cerrar la ceremonia de entrega de trofeos se realiz\u00f3 un sorteo de 3 cafeteras de la marca Illy, y del primer motor fuerabora B-6HP de Yamaha que se entrega en Espa\u00f1a.<\/p>\n<p><img loading=\"lazy\" decoding=\"async\" class=\"aligncenter size-full wp-image-7602\" src=\"http:\/\/larutadelasal.com\/custom\/uploads\/2022\/04\/DSC_2308.jpg\" alt=\"\" width=\"1000\" height=\"668\" srcset=\"https:\/\/labs.100x100.net\/projects\/rutasal\/custom\/uploads\/2022\/04\/DSC_2308.jpg 1000w, https:\/\/labs.100x100.net\/projects\/rutasal\/custom\/uploads\/2022\/04\/DSC_2308-300x200.jpg 300w, https:\/\/labs.100x100.net\/projects\/rutasal\/custom\/uploads\/2022\/04\/DSC_2308-768x513.jpg 768w\" sizes=\"(max-width: 1000px) 100vw, 1000px\" \/><\/p>\n<p><strong>Hamilton John Brian dixit : \u201cNEVER STOP SAILING\u201d<\/strong><\/p>\n<p>Como mano inocente para escoger las papeletas subi\u00f3 al escenario el navegante m\u00e1s longevo de esta edici\u00f3n, Hamilton John Brian que a sus 84 a\u00f1os sigue asistiendo fielmente con su Dufour 54 ROB ROY a esta regata y que tras ser solicitado a dirigir unas palabras al p\u00fablico se limit\u00f3 a pronunciar tres palabras que sin duda calaron en el coraz\u00f3n de todos: <strong>\u201cNEVER STOP SAILING\u201d.<\/strong><\/p>\n<p><strong>COMPROMISO CON EL DIF\u00cdCIL CONTEXTO ACTUAL<\/strong><\/p>\n<p>En el registro de los participantes, la Organizaci\u00f3n cedi\u00f3 un espacio a voluntarios de ACNUR para que pudieran explicar la problem\u00e1tica actual de los refugiados y captar ayudas por parte de los participantes.<\/p>\n<p><img loading=\"lazy\" decoding=\"async\" class=\"aligncenter size-full wp-image-7641\" src=\"http:\/\/larutadelasal.com\/custom\/uploads\/2022\/04\/DSC_0502-1.jpg\" alt=\"\" width=\"1000\" height=\"668\" srcset=\"https:\/\/labs.100x100.net\/projects\/rutasal\/custom\/uploads\/2022\/04\/DSC_0502-1.jpg 1000w, https:\/\/labs.100x100.net\/projects\/rutasal\/custom\/uploads\/2022\/04\/DSC_0502-1-300x200.jpg 300w, https:\/\/labs.100x100.net\/projects\/rutasal\/custom\/uploads\/2022\/04\/DSC_0502-1-768x513.jpg 768w\" sizes=\"(max-width: 1000px) 100vw, 1000px\" \/><\/p>\n<p>Asimismo, uno de los pocos equipos rusos que participaban este a\u00f1o tuvo un gesto de solidaridad desplegando la bandera de Ucrania en el reparto de trofeos.<\/p>\n<p><img loading=\"lazy\" decoding=\"async\" class=\"aligncenter size-full wp-image-7644\" src=\"http:\/\/larutadelasal.com\/custom\/uploads\/2022\/04\/52014105438_e830d02d21_o.jpg\" alt=\"\" width=\"1000\" height=\"668\" srcset=\"https:\/\/labs.100x100.net\/projects\/rutasal\/custom\/uploads\/2022\/04\/52014105438_e830d02d21_o.jpg 1000w, https:\/\/labs.100x100.net\/projects\/rutasal\/custom\/uploads\/2022\/04\/52014105438_e830d02d21_o-300x200.jpg 300w, https:\/\/labs.100x100.net\/projects\/rutasal\/custom\/uploads\/2022\/04\/52014105438_e830d02d21_o-768x513.jpg 768w\" sizes=\"(max-width: 1000px) 100vw, 1000px\" \/><\/p>\n<p><strong>LA CENA Y FIESTA DE CLAUSURA<\/strong><\/p>\n<p>La cena que se celebr\u00f3 en el Club N\u00e1utico de Sant Antoni de Portmany supuso el colof\u00f3n a una edici\u00f3n fabulosa de La Ruta de la Sal, que tras dos a\u00f1os complicados por la pandemia, puedo celebrarse en todas su dimensi\u00f3n deportiva y social. Los regatistas m\u00e1s marchosos siguieron las celebraciones en la fiesta organizado por el Ayuntamiento de Sant Antoni de Portmany en las playa de S\u2019Arenal.<\/p>\n<p><img loading=\"lazy\" decoding=\"async\" class=\"aligncenter size-full wp-image-7605\" src=\"http:\/\/larutadelasal.com\/custom\/uploads\/2022\/04\/52014041066_029835d91d_o.jpg\" alt=\"\" width=\"1000\" height=\"662\" srcset=\"https:\/\/labs.100x100.net\/projects\/rutasal\/custom\/uploads\/2022\/04\/52014041066_029835d91d_o.jpg 1000w, https:\/\/labs.100x100.net\/projects\/rutasal\/custom\/uploads\/2022\/04\/52014041066_029835d91d_o-300x199.jpg 300w, https:\/\/labs.100x100.net\/projects\/rutasal\/custom\/uploads\/2022\/04\/52014041066_029835d91d_o-768x508.jpg 768w\" sizes=\"(max-width: 1000px) 100vw, 1000px\" \/><\/p>\n<p><strong>\u00a0<\/strong><\/p>\n<p><strong>\u00a0<\/strong><\/p>\n<p><strong>PODIUMS versi\u00f3n BARCELONA<\/strong><\/p>\n<table style=\"height: 2016px;\" width=\"876\">\n<tbody>\n<tr>\n<td colspan=\"3\" width=\"186\"><strong>GENERAL V.BARCELONA<\/strong><\/td>\n<td width=\"103\"><strong>\u00a0<\/strong><\/td>\n<td width=\"135\"><strong>\u00a0<\/strong><\/td>\n<\/tr>\n<tr>\n<td width=\"13\">1<\/td>\n<td width=\"107\">ROCKALL IV<\/td>\n<td width=\"66\">JPK 1030<\/td>\n<td width=\"103\">Christopher Opielok<\/td>\n<td width=\"135\">RCN de Palma<\/td>\n<\/tr>\n<tr>\n<td width=\"13\">2<\/td>\n<td width=\"107\">CALIOPE<\/td>\n<td width=\"66\">J45<\/td>\n<td width=\"103\">Thierry d&#8217;Argoubet<\/td>\n<td width=\"135\">CN Sant Feliu de Guixols<\/td>\n<\/tr>\n<tr>\n<td width=\"13\">3<\/td>\n<td width=\"107\">PUPULE<\/td>\n<td width=\"66\">Pogo 30<\/td>\n<td width=\"103\">Marco Pascual<\/td>\n<td width=\"135\">CN Vilanova<\/td>\n<\/tr>\n<tr>\n<td width=\"13\"><\/td>\n<td width=\"107\"><\/td>\n<td width=\"66\"><\/td>\n<td width=\"103\"><\/td>\n<td width=\"135\"><\/td>\n<\/tr>\n<tr>\n<td colspan=\"3\" width=\"186\"><strong>ALFA 1 V. BARCELONA<\/strong><\/td>\n<td width=\"103\"><strong>\u00a0<\/strong><\/td>\n<td width=\"135\"><strong>\u00a0<\/strong><\/td>\n<\/tr>\n<tr>\n<td width=\"13\">1<\/td>\n<td width=\"107\">CALIOPE<\/td>\n<td width=\"66\">J45<\/td>\n<td width=\"103\">Thierry d&#8217;Argoubet<\/td>\n<td width=\"135\">CN Sant Feliu de Guixols<\/td>\n<\/tr>\n<tr>\n<td width=\"13\">2<\/td>\n<td width=\"107\">LULU<\/td>\n<td width=\"66\">XC45<\/td>\n<td width=\"103\">Eduardo Gim\u00e9nez<\/td>\n<td width=\"135\">RCN de Barcelona<\/td>\n<\/tr>\n<tr>\n<td width=\"13\">3<\/td>\n<td width=\"107\">BANDIDO<\/td>\n<td width=\"66\">Dehler 44DK<\/td>\n<td width=\"103\">Carlos Otamendi<\/td>\n<td width=\"135\">Port Ginesta<\/td>\n<\/tr>\n<tr>\n<td width=\"13\"><\/td>\n<td width=\"107\"><\/td>\n<td width=\"66\"><\/td>\n<td width=\"103\"><\/td>\n<td width=\"135\"><\/td>\n<\/tr>\n<tr>\n<td colspan=\"2\" width=\"120\"><strong>ALFA 2 V.BARCELONA<\/strong><\/td>\n<td width=\"66\"><strong>\u00a0<\/strong><\/td>\n<td width=\"103\"><strong>\u00a0<\/strong><\/td>\n<td width=\"135\"><strong>\u00a0<\/strong><\/td>\n<\/tr>\n<tr>\n<td width=\"13\">1<\/td>\n<td width=\"107\">ROCKALL IV<\/td>\n<td width=\"66\">JPK 1030<\/td>\n<td width=\"103\">Christopher Opielok<\/td>\n<td width=\"135\">RCN de Palma<\/td>\n<\/tr>\n<tr>\n<td width=\"13\">2<\/td>\n<td width=\"107\">PUPULE<\/td>\n<td width=\"66\">Pogo 30<\/td>\n<td width=\"103\">Marco Pascual<\/td>\n<td width=\"135\">CN Vilanova<\/td>\n<\/tr>\n<tr>\n<td width=\"13\">3<\/td>\n<td width=\"107\">ALBA ALBA<\/td>\n<td width=\"66\">Dufour 40<\/td>\n<td width=\"103\">Luis Mata<\/td>\n<td width=\"135\">CN Ibiza<\/td>\n<\/tr>\n<tr>\n<td width=\"13\"><\/td>\n<td width=\"107\"><\/td>\n<td width=\"66\"><\/td>\n<td width=\"103\"><\/td>\n<td width=\"135\"><\/td>\n<\/tr>\n<tr>\n<td colspan=\"3\" width=\"186\"><strong>BRAVO 1 V.BARCELONA<\/strong><\/td>\n<td width=\"103\"><strong>\u00a0<\/strong><\/td>\n<td width=\"135\"><strong>\u00a0<\/strong><\/td>\n<\/tr>\n<tr>\n<td width=\"13\">1<\/td>\n<td width=\"107\">AQUITAT III<\/td>\n<td width=\"66\">SO49<\/td>\n<td width=\"103\">Cesar Villegas<\/td>\n<td width=\"135\">Yacht Point BCN<\/td>\n<\/tr>\n<tr>\n<td width=\"13\">2<\/td>\n<td width=\"107\">ANIAN<\/td>\n<td width=\"66\">Bavaria 46<\/td>\n<td width=\"103\">Ricardo Gal\u00ed<\/td>\n<td width=\"135\">Yacht Point BCN<\/td>\n<\/tr>\n<tr>\n<td width=\"13\">3<\/td>\n<td width=\"107\">ATLANT DEL VENT<\/td>\n<td width=\"66\">IMX45<\/td>\n<td width=\"103\">David Tur<\/td>\n<td width=\"135\">CN Ibiza<\/td>\n<\/tr>\n<tr>\n<td width=\"13\"><\/td>\n<td width=\"107\"><\/td>\n<td width=\"66\"><\/td>\n<td width=\"103\"><\/td>\n<td width=\"135\"><\/td>\n<\/tr>\n<tr>\n<td colspan=\"3\" width=\"186\"><strong>BRAVO 2 V.BARCELONA<\/strong><\/td>\n<td width=\"103\"><strong>\u00a0<\/strong><\/td>\n<td width=\"135\"><strong>\u00a0<\/strong><\/td>\n<\/tr>\n<tr>\n<td width=\"13\">1<\/td>\n<td width=\"107\">DIABOLIC<\/td>\n<td width=\"66\">Sun Fast 35<\/td>\n<td width=\"103\">Glenn de Brouwer<\/td>\n<td width=\"135\">CN Torredembarra<\/td>\n<\/tr>\n<tr>\n<td width=\"13\">2<\/td>\n<td width=\"107\">CONEIX.COM<\/td>\n<td width=\"66\">Sun Fast 36<\/td>\n<td width=\"103\">Guimar Rotllant<\/td>\n<td width=\"135\">RCM Barcelona<\/td>\n<\/tr>\n<tr>\n<td width=\"13\">3<\/td>\n<td width=\"107\">AMARIHA<\/td>\n<td width=\"66\">Bavaria 36<\/td>\n<td width=\"103\">Pere Quiles<\/td>\n<td width=\"135\">Indpendiente<\/td>\n<\/tr>\n<tr>\n<td width=\"13\"><\/td>\n<td width=\"107\"><\/td>\n<td width=\"66\"><\/td>\n<td width=\"103\"><\/td>\n<td width=\"135\"><\/td>\n<\/tr>\n<tr>\n<td colspan=\"3\" width=\"186\"><strong>CHARLIE V.BARCELONA<\/strong><\/td>\n<td width=\"103\"><strong>\u00a0<\/strong><\/td>\n<td width=\"135\"><strong>\u00a0<\/strong><\/td>\n<\/tr>\n<tr>\n<td width=\"13\">1<\/td>\n<td width=\"107\">ASCATA III<\/td>\n<td width=\"66\">Fortuna 12<\/td>\n<td width=\"103\">Yamandu Rodriguez<\/td>\n<td width=\"135\">RCM Barcelona<\/td>\n<\/tr>\n<tr>\n<td width=\"13\">2<\/td>\n<td width=\"107\">PEKAS X<\/td>\n<td width=\"66\">JOD 35<\/td>\n<td width=\"103\">Pep Navarro<\/td>\n<td width=\"135\">MasNavega<\/td>\n<\/tr>\n<tr>\n<td width=\"13\">3<\/td>\n<td width=\"107\">ROB ROY II<\/td>\n<td width=\"66\">Dufour 54<\/td>\n<td width=\"103\">Philibert Richard<\/td>\n<td width=\"135\">Independiente<\/td>\n<\/tr>\n<tr>\n<td width=\"13\"><\/td>\n<td width=\"107\"><\/td>\n<td width=\"66\"><\/td>\n<td width=\"103\"><\/td>\n<td width=\"135\"><\/td>\n<\/tr>\n<tr>\n<td colspan=\"3\" width=\"186\"><strong>GLOBE SAILOR V.BARCELONA<\/strong><\/td>\n<td width=\"103\"><strong>\u00a0<\/strong><\/td>\n<td width=\"135\"><strong>\u00a0<\/strong><\/td>\n<\/tr>\n<tr>\n<td width=\"13\">1<\/td>\n<td width=\"107\">AQUITAT III<\/td>\n<td width=\"66\">SO49<\/td>\n<td width=\"103\">Cesar Villegas<\/td>\n<td width=\"135\">Yacht Point BCN<\/td>\n<\/tr>\n<tr>\n<td width=\"13\">2<\/td>\n<td width=\"107\">PEKAS X<\/td>\n<td width=\"66\">JOD 35<\/td>\n<td width=\"103\">Pep Navarro<\/td>\n<td width=\"135\">MasNavega<\/td>\n<\/tr>\n<tr>\n<td width=\"13\">3<\/td>\n<td width=\"107\">ANIAN<\/td>\n<td width=\"66\">Bavaria 46<\/td>\n<td width=\"103\">Ricardo Gal\u00ed<\/td>\n<td width=\"135\">Yacht Point BCN<\/td>\n<\/tr>\n<\/tbody>\n<\/table>\n<p>&nbsp;<\/p>\n<p>&nbsp;<\/p>\n<p><strong>PODIUMS versi\u00f3n DENIA<\/strong><\/p>\n<table style=\"height: 2638px;\" width=\"887\">\n<tbody>\n<tr>\n<td colspan=\"2\" width=\"126\"><strong>GENERAL V.DENIA<\/strong><\/td>\n<td width=\"73\"><strong>\u00a0<\/strong><\/td>\n<td width=\"107\"><strong>\u00a0<\/strong><\/td>\n<td width=\"135\"><strong>\u00a0<\/strong><\/td>\n<\/tr>\n<tr>\n<td width=\"13\">1<\/td>\n<td width=\"114\">CLEM I<\/td>\n<td width=\"73\">Swan 56 CR<\/td>\n<td width=\"107\">Jaime Olazabal<\/td>\n<td width=\"135\">Club de Mar<\/td>\n<\/tr>\n<tr>\n<td width=\"13\">2<\/td>\n<td width=\"114\">BRUJO<\/td>\n<td width=\"73\">Swan 45<\/td>\n<td width=\"107\">Alberto de Castro<\/td>\n<td width=\"135\">RCN Valencia<\/td>\n<\/tr>\n<tr>\n<td width=\"13\">3<\/td>\n<td width=\"114\">PH III<\/td>\n<td width=\"73\">Contest 72 CS<\/td>\n<td width=\"107\">Austin Van T Wout<\/td>\n<td width=\"135\">RYC de Maas<\/td>\n<\/tr>\n<tr>\n<td width=\"13\"><\/td>\n<td width=\"114\"><\/td>\n<td width=\"73\"><\/td>\n<td width=\"107\"><\/td>\n<td width=\"135\"><\/td>\n<\/tr>\n<tr>\n<td colspan=\"2\" width=\"126\"><strong>ALFA 1 V.DENIA<\/strong><\/td>\n<td width=\"73\"><strong>\u00a0<\/strong><\/td>\n<td width=\"107\"><strong>\u00a0<\/strong><\/td>\n<td width=\"135\"><strong>\u00a0<\/strong><\/td>\n<\/tr>\n<tr>\n<td width=\"13\">1<\/td>\n<td width=\"114\">PH III<\/td>\n<td width=\"73\">Contest 72 CS<\/td>\n<td width=\"107\">Austin Van T Wout<\/td>\n<td width=\"135\">RYC de Maas<\/td>\n<\/tr>\n<tr>\n<td width=\"13\">2<\/td>\n<td width=\"114\">SPANIARD<\/td>\n<td width=\"73\">GS50<\/td>\n<td width=\"107\">Juan Rodriguez<\/td>\n<td width=\"135\">RCR de Alicante<\/td>\n<\/tr>\n<tr>\n<td width=\"13\">3<\/td>\n<td width=\"114\">PELOTARI PROJECT<\/td>\n<td width=\"73\">Vismara 68<\/td>\n<td width=\"107\">Andr\u00e9s Varela<\/td>\n<td width=\"135\">RCNP de Pollen\u00e7a<\/td>\n<\/tr>\n<tr>\n<td width=\"13\"><\/td>\n<td width=\"114\"><\/td>\n<td width=\"73\"><\/td>\n<td width=\"107\"><\/td>\n<td width=\"135\"><\/td>\n<\/tr>\n<tr>\n<td colspan=\"2\" width=\"126\"><strong>ALFA 2 V.DENIA<\/strong><\/td>\n<td width=\"73\"><strong>\u00a0<\/strong><\/td>\n<td width=\"107\"><strong>\u00a0<\/strong><\/td>\n<td width=\"135\"><strong>\u00a0<\/strong><\/td>\n<\/tr>\n<tr>\n<td width=\"13\">1<\/td>\n<td width=\"114\">ADRENALIN<\/td>\n<td width=\"73\">A35<\/td>\n<td width=\"107\">Juan Carlos Sanch\u00eds<\/td>\n<td width=\"135\">CN Sant Antoni de Portmany<\/td>\n<\/tr>\n<tr>\n<td width=\"13\">2<\/td>\n<td width=\"114\">DESPELOTE<\/td>\n<td width=\"73\">Dufhour 34DK<\/td>\n<td width=\"107\">Jorge Garc\u00eda<\/td>\n<td width=\"135\">CN Santa Pola<\/td>\n<\/tr>\n<tr>\n<td width=\"13\">3<\/td>\n<td width=\"114\">ESTROPADA<\/td>\n<td width=\"73\">J92<\/td>\n<td width=\"107\">Toni Tur<\/td>\n<td width=\"135\">CN Sant Anotni de Portmany<\/td>\n<\/tr>\n<tr>\n<td width=\"13\"><\/td>\n<td width=\"114\"><\/td>\n<td width=\"73\"><\/td>\n<td width=\"107\"><\/td>\n<td width=\"135\"><\/td>\n<\/tr>\n<tr>\n<td colspan=\"2\" width=\"126\"><strong>BRAVO V.DENIA<\/strong><\/td>\n<td width=\"73\"><strong>\u00a0<\/strong><\/td>\n<td width=\"107\"><strong>\u00a0<\/strong><\/td>\n<td width=\"135\"><strong>\u00a0<\/strong><\/td>\n<\/tr>\n<tr>\n<td width=\"13\">1<\/td>\n<td width=\"114\">CLEM I<\/td>\n<td width=\"73\">Swan 56 CR<\/td>\n<td width=\"107\">Jaime Olazabal<\/td>\n<td width=\"135\">Club de Mar<\/td>\n<\/tr>\n<tr>\n<td width=\"13\">2<\/td>\n<td width=\"114\">BRUJO<\/td>\n<td width=\"73\">Swan 45<\/td>\n<td width=\"107\">Alberto de Castro<\/td>\n<td width=\"135\">RCN Valencia<\/td>\n<\/tr>\n<tr>\n<td width=\"13\">3<\/td>\n<td width=\"114\">SOPU TRES<\/td>\n<td width=\"73\">GS45 DK<\/td>\n<td width=\"107\">Jorma Nuutinen<\/td>\n<td width=\"135\">RCN Torrevieja<\/td>\n<\/tr>\n<tr>\n<td width=\"13\"><\/td>\n<td width=\"114\"><\/td>\n<td width=\"73\"><\/td>\n<td width=\"107\"><\/td>\n<td width=\"135\"><\/td>\n<\/tr>\n<tr>\n<td colspan=\"2\" width=\"126\"><strong>CHARLI V.DENIA<\/strong><\/td>\n<td width=\"73\"><strong>\u00a0<\/strong><\/td>\n<td width=\"107\"><strong>\u00a0<\/strong><\/td>\n<td width=\"135\"><strong>\u00a0<\/strong><\/td>\n<\/tr>\n<tr>\n<td width=\"13\">1<\/td>\n<td width=\"114\">MAR MENOR<\/td>\n<td width=\"73\">Cobo 40<\/td>\n<td width=\"107\">Pablo Bernab\u00e9<\/td>\n<td width=\"135\">RCN Torrevieja<\/td>\n<\/tr>\n<tr>\n<td width=\"13\"><\/td>\n<td width=\"114\"><\/td>\n<td width=\"73\"><\/td>\n<td width=\"107\"><\/td>\n<td width=\"135\"><\/td>\n<\/tr>\n<tr>\n<td colspan=\"2\" width=\"126\"><strong>GOLF V.DENIA<\/strong><\/td>\n<td width=\"73\"><strong>\u00a0<\/strong><\/td>\n<td width=\"107\"><strong>\u00a0<\/strong><\/td>\n<td width=\"135\"><strong>\u00a0<\/strong><\/td>\n<\/tr>\n<tr>\n<td width=\"13\">1<\/td>\n<td width=\"114\">78 DE MAYO<\/td>\n<td width=\"73\">Solaris 44<\/td>\n<td width=\"107\">Enrique Ortiz<\/td>\n<td width=\"135\">CN Oropesa<\/td>\n<\/tr>\n<tr>\n<td width=\"13\">2<\/td>\n<td width=\"114\">DESPELOTE<\/td>\n<td width=\"73\">Dufhour 34DK<\/td>\n<td width=\"107\">Jorge Garc\u00eda<\/td>\n<td width=\"135\">CN Santa Pola<\/td>\n<\/tr>\n<tr>\n<td width=\"13\">3<\/td>\n<td width=\"114\">COLOMBA VI<\/td>\n<td width=\"73\">Hunter 380<\/td>\n<td width=\"107\">Paco Va\u00f1o<\/td>\n<td width=\"135\">CN Villa San Pedro<\/td>\n<\/tr>\n<tr>\n<td width=\"13\"><\/td>\n<td width=\"114\"><\/td>\n<td width=\"73\"><\/td>\n<td width=\"107\"><\/td>\n<td width=\"135\"><\/td>\n<\/tr>\n<tr>\n<td colspan=\"2\" width=\"126\"><strong>MINI-SAL V.DENIA<\/strong><\/td>\n<td width=\"73\"><strong>\u00a0<\/strong><\/td>\n<td width=\"107\"><strong>\u00a0<\/strong><\/td>\n<td width=\"135\"><strong>\u00a0<\/strong><\/td>\n<\/tr>\n<tr>\n<td width=\"13\">1<\/td>\n<td width=\"114\">ISABEL\u00b7LA<\/td>\n<td width=\"73\">First 47.7<\/td>\n<td width=\"107\">Miguel S\u00e1nchez<\/td>\n<td width=\"135\">RCN Castell\u00f3n<\/td>\n<\/tr>\n<tr>\n<td width=\"13\">2<\/td>\n<td width=\"114\">ALAIK<\/td>\n<td width=\"73\">Swan 62<\/td>\n<td width=\"107\">Alberto Zardoya<\/td>\n<td width=\"135\">RCN de Palma<\/td>\n<\/tr>\n<tr>\n<td width=\"13\">3<\/td>\n<td width=\"114\">EL GAITERO<\/td>\n<td width=\"73\">Espada 34<\/td>\n<td width=\"107\">Vicente Amengual<\/td>\n<td width=\"135\">CN Ibizia<\/td>\n<\/tr>\n<\/tbody>\n<\/table>\n<p><strong>\u00a0<\/strong><\/p>\n<p>&nbsp;<\/p>\n","protected":false},"excerpt":{"rendered":"<p>ROCKALL IV, en versi\u00f3n Barcelona, y CLEM I, en versi\u00f3n Denia, vencedores absolutos. STELLAR y GYMIR, en versi\u00f3n Barcelona y PELOTARI PROJECT, en versi\u00f3n Denia, primeros en tiempo real. PELOTARI PROJECT rebaja en 50 minutos el record de la versi\u00f3n Denia. La regata recupera plenamente su dimensi\u00f3n social. \u201cNEVER STOP SAILING\u201d Hamilton John Brian dixit [&hellip;]<\/p>\n","protected":false},"author":2,"featured_media":7635,"comment_status":"open","ping_status":"open","sticky":false,"template":"","format":"standard","meta":{"_acf_changed":false,"footnotes":""},"categories":[2],"tags":[],"acf":[],"yoast_head":"<!-- This site is optimized with the Yoast SEO plugin v23.0 - https:\/\/yoast.com\/wordpress\/plugins\/seo\/ -->\n<title>La Ruta de la Sal 2022 | Regata La Ruta de la Sal<\/title>\n<meta name=\"description\" content=\"ROCKALL IV, en versi\u00f3n Barcelona, y CLEM I, en versi\u00f3n Denia, vencedores absolutos de La Ruta de la Sal 2022\" \/>\n<meta name=\"robots\" content=\"noindex, follow, max-snippet:-1, max-image-preview:large, max-video-preview:-1\" \/>\n<meta property=\"og:locale\" content=\"es_ES\" \/>\n<meta property=\"og:type\" content=\"article\" \/>\n<meta property=\"og:title\" content=\"La Ruta de la Sal 2022 | Regata La Ruta de la Sal\" \/>\n<meta property=\"og:description\" content=\"ROCKALL IV, en versi\u00f3n Barcelona, y CLEM I, en versi\u00f3n Denia, vencedores absolutos de La Ruta de la Sal 2022\" \/>\n<meta property=\"og:url\" content=\"https:\/\/labs.100x100.net\/projects\/rutasal\/la-ruta-de-la-sal-2022\/\" \/>\n<meta property=\"og:site_name\" content=\"Regata La Ruta de la Sal\" \/>\n<meta property=\"article:publisher\" content=\"https:\/\/www.facebook.com\/rutadelasal\/\" \/>\n<meta property=\"article:published_time\" content=\"2022-04-20T16:49:09+00:00\" \/>\n<meta property=\"article:modified_time\" content=\"2023-04-06T16:52:56+00:00\" \/>\n<meta property=\"og:image\" content=\"https:\/\/labs.100x100.net\/projects\/rutasal\/custom\/uploads\/2022\/04\/52014265079_161eaa4930_o-1.jpg\" \/>\n\t<meta property=\"og:image:width\" content=\"1000\" \/>\n\t<meta property=\"og:image:height\" content=\"662\" \/>\n\t<meta property=\"og:image:type\" content=\"image\/jpeg\" \/>\n<meta name=\"author\" content=\"Ferran\" \/>\n<meta name=\"twitter:card\" content=\"summary_large_image\" \/>\n<meta name=\"twitter:creator\" content=\"@AnamMedi\" \/>\n<meta name=\"twitter:site\" content=\"@AnamMedi\" \/>\n<meta name=\"twitter:label1\" content=\"Escrito por\" \/>\n\t<meta name=\"twitter:data1\" content=\"Ferran\" \/>\n\t<meta name=\"twitter:label2\" content=\"Tiempo de lectura\" \/>\n\t<meta name=\"twitter:data2\" content=\"21 minutos\" \/>\n<script type=\"application\/ld+json\" class=\"yoast-schema-graph\">{\"@context\":\"https:\/\/schema.org\",\"@graph\":[{\"@type\":\"WebPage\",\"@id\":\"https:\/\/labs.100x100.net\/projects\/rutasal\/la-ruta-de-la-sal-2022\/\",\"url\":\"https:\/\/labs.100x100.net\/projects\/rutasal\/la-ruta-de-la-sal-2022\/\",\"name\":\"La Ruta de la Sal 2022 | Regata La Ruta de la Sal\",\"isPartOf\":{\"@id\":\"https:\/\/labs.100x100.net\/projects\/rutasal\/#website\"},\"primaryImageOfPage\":{\"@id\":\"https:\/\/labs.100x100.net\/projects\/rutasal\/la-ruta-de-la-sal-2022\/#primaryimage\"},\"image\":{\"@id\":\"https:\/\/labs.100x100.net\/projects\/rutasal\/la-ruta-de-la-sal-2022\/#primaryimage\"},\"thumbnailUrl\":\"https:\/\/labs.100x100.net\/projects\/rutasal\/custom\/uploads\/2022\/04\/52014265079_161eaa4930_o-1.jpg\",\"datePublished\":\"2022-04-20T16:49:09+00:00\",\"dateModified\":\"2023-04-06T16:52:56+00:00\",\"author\":{\"@id\":\"https:\/\/labs.100x100.net\/projects\/rutasal\/#\/schema\/person\/24a02a346c826cf8502e7fb8edc0396c\"},\"description\":\"ROCKALL IV, en versi\u00f3n Barcelona, y CLEM I, en versi\u00f3n Denia, vencedores absolutos de La Ruta de la Sal 2022\",\"breadcrumb\":{\"@id\":\"https:\/\/labs.100x100.net\/projects\/rutasal\/la-ruta-de-la-sal-2022\/#breadcrumb\"},\"inLanguage\":\"es\",\"potentialAction\":[{\"@type\":\"ReadAction\",\"target\":[\"https:\/\/labs.100x100.net\/projects\/rutasal\/la-ruta-de-la-sal-2022\/\"]}]},{\"@type\":\"ImageObject\",\"inLanguage\":\"es\",\"@id\":\"https:\/\/labs.100x100.net\/projects\/rutasal\/la-ruta-de-la-sal-2022\/#primaryimage\",\"url\":\"https:\/\/labs.100x100.net\/projects\/rutasal\/custom\/uploads\/2022\/04\/52014265079_161eaa4930_o-1.jpg\",\"contentUrl\":\"https:\/\/labs.100x100.net\/projects\/rutasal\/custom\/uploads\/2022\/04\/52014265079_161eaa4930_o-1.jpg\",\"width\":1000,\"height\":662,\"caption\":\"La Ruta de la Sal 2022\"},{\"@type\":\"BreadcrumbList\",\"@id\":\"https:\/\/labs.100x100.net\/projects\/rutasal\/la-ruta-de-la-sal-2022\/#breadcrumb\",\"itemListElement\":[{\"@type\":\"ListItem\",\"position\":1,\"name\":\"Portada\",\"item\":\"https:\/\/labs.100x100.net\/projects\/rutasal\/\"},{\"@type\":\"ListItem\",\"position\":2,\"name\":\"La Ruta de la Sal 2022\"}]},{\"@type\":\"WebSite\",\"@id\":\"https:\/\/labs.100x100.net\/projects\/rutasal\/#website\",\"url\":\"https:\/\/labs.100x100.net\/projects\/rutasal\/\",\"name\":\"Regata La Ruta de la Sal\",\"description\":\"Regata La Ruta de la Sal es una regata de Altura Mediterr\u00e1nea para barcos de crucero a vela con destino en Ibiza, que se disputa anualmente en Semana Santa.\",\"potentialAction\":[{\"@type\":\"SearchAction\",\"target\":{\"@type\":\"EntryPoint\",\"urlTemplate\":\"https:\/\/labs.100x100.net\/projects\/rutasal\/?s={search_term_string}\"},\"query-input\":\"required name=search_term_string\"}],\"inLanguage\":\"es\"},{\"@type\":\"Person\",\"@id\":\"https:\/\/labs.100x100.net\/projects\/rutasal\/#\/schema\/person\/24a02a346c826cf8502e7fb8edc0396c\",\"name\":\"Ferran\",\"image\":{\"@type\":\"ImageObject\",\"inLanguage\":\"es\",\"@id\":\"https:\/\/labs.100x100.net\/projects\/rutasal\/#\/schema\/person\/image\/\",\"url\":\"https:\/\/secure.gravatar.com\/avatar\/d1c4bb756eb5c888319d7e06d9dc1559?s=96&d=mm&r=g\",\"contentUrl\":\"https:\/\/secure.gravatar.com\/avatar\/d1c4bb756eb5c888319d7e06d9dc1559?s=96&d=mm&r=g\",\"caption\":\"Ferran\"}}]}<\/script>\n<!-- \/ Yoast SEO plugin. -->","yoast_head_json":{"title":"La Ruta de la Sal 2022 | Regata La Ruta de la Sal","description":"ROCKALL IV, en versi\u00f3n Barcelona, y CLEM I, en versi\u00f3n Denia, vencedores absolutos de La Ruta de la Sal 2022","robots":{"index":"noindex","follow":"follow","max-snippet":"max-snippet:-1","max-image-preview":"max-image-preview:large","max-video-preview":"max-video-preview:-1"},"og_locale":"es_ES","og_type":"article","og_title":"La Ruta de la Sal 2022 | Regata La Ruta de la Sal","og_description":"ROCKALL IV, en versi\u00f3n Barcelona, y CLEM I, en versi\u00f3n Denia, vencedores absolutos de La Ruta de la Sal 2022","og_url":"https:\/\/labs.100x100.net\/projects\/rutasal\/la-ruta-de-la-sal-2022\/","og_site_name":"Regata La Ruta de la Sal","article_publisher":"https:\/\/www.facebook.com\/rutadelasal\/","article_published_time":"2022-04-20T16:49:09+00:00","article_modified_time":"2023-04-06T16:52:56+00:00","og_image":[{"width":1000,"height":662,"url":"https:\/\/labs.100x100.net\/projects\/rutasal\/custom\/uploads\/2022\/04\/52014265079_161eaa4930_o-1.jpg","type":"image\/jpeg"}],"author":"Ferran","twitter_card":"summary_large_image","twitter_creator":"@AnamMedi","twitter_site":"@AnamMedi","twitter_misc":{"Escrito por":"Ferran","Tiempo de lectura":"21 minutos"},"schema":{"@context":"https:\/\/schema.org","@graph":[{"@type":"WebPage","@id":"https:\/\/labs.100x100.net\/projects\/rutasal\/la-ruta-de-la-sal-2022\/","url":"https:\/\/labs.100x100.net\/projects\/rutasal\/la-ruta-de-la-sal-2022\/","name":"La Ruta de la Sal 2022 | Regata La Ruta de la Sal","isPartOf":{"@id":"https:\/\/labs.100x100.net\/projects\/rutasal\/#website"},"primaryImageOfPage":{"@id":"https:\/\/labs.100x100.net\/projects\/rutasal\/la-ruta-de-la-sal-2022\/#primaryimage"},"image":{"@id":"https:\/\/labs.100x100.net\/projects\/rutasal\/la-ruta-de-la-sal-2022\/#primaryimage"},"thumbnailUrl":"https:\/\/labs.100x100.net\/projects\/rutasal\/custom\/uploads\/2022\/04\/52014265079_161eaa4930_o-1.jpg","datePublished":"2022-04-20T16:49:09+00:00","dateModified":"2023-04-06T16:52:56+00:00","author":{"@id":"https:\/\/labs.100x100.net\/projects\/rutasal\/#\/schema\/person\/24a02a346c826cf8502e7fb8edc0396c"},"description":"ROCKALL IV, en versi\u00f3n Barcelona, y CLEM I, en versi\u00f3n Denia, vencedores absolutos de La Ruta de la Sal 2022","breadcrumb":{"@id":"https:\/\/labs.100x100.net\/projects\/rutasal\/la-ruta-de-la-sal-2022\/#breadcrumb"},"inLanguage":"es","potentialAction":[{"@type":"ReadAction","target":["https:\/\/labs.100x100.net\/projects\/rutasal\/la-ruta-de-la-sal-2022\/"]}]},{"@type":"ImageObject","inLanguage":"es","@id":"https:\/\/labs.100x100.net\/projects\/rutasal\/la-ruta-de-la-sal-2022\/#primaryimage","url":"https:\/\/labs.100x100.net\/projects\/rutasal\/custom\/uploads\/2022\/04\/52014265079_161eaa4930_o-1.jpg","contentUrl":"https:\/\/labs.100x100.net\/projects\/rutasal\/custom\/uploads\/2022\/04\/52014265079_161eaa4930_o-1.jpg","width":1000,"height":662,"caption":"La Ruta de la Sal 2022"},{"@type":"BreadcrumbList","@id":"https:\/\/labs.100x100.net\/projects\/rutasal\/la-ruta-de-la-sal-2022\/#breadcrumb","itemListElement":[{"@type":"ListItem","position":1,"name":"Portada","item":"https:\/\/labs.100x100.net\/projects\/rutasal\/"},{"@type":"ListItem","position":2,"name":"La Ruta de la Sal 2022"}]},{"@type":"WebSite","@id":"https:\/\/labs.100x100.net\/projects\/rutasal\/#website","url":"https:\/\/labs.100x100.net\/projects\/rutasal\/","name":"Regata La Ruta de la Sal","description":"Regata La Ruta de la Sal es una regata de Altura Mediterr\u00e1nea para barcos de crucero a vela con destino en Ibiza, que se disputa anualmente en Semana Santa.","potentialAction":[{"@type":"SearchAction","target":{"@type":"EntryPoint","urlTemplate":"https:\/\/labs.100x100.net\/projects\/rutasal\/?s={search_term_string}"},"query-input":"required name=search_term_string"}],"inLanguage":"es"},{"@type":"Person","@id":"https:\/\/labs.100x100.net\/projects\/rutasal\/#\/schema\/person\/24a02a346c826cf8502e7fb8edc0396c","name":"Ferran","image":{"@type":"ImageObject","inLanguage":"es","@id":"https:\/\/labs.100x100.net\/projects\/rutasal\/#\/schema\/person\/image\/","url":"https:\/\/secure.gravatar.com\/avatar\/d1c4bb756eb5c888319d7e06d9dc1559?s=96&d=mm&r=g","contentUrl":"https:\/\/secure.gravatar.com\/avatar\/d1c4bb756eb5c888319d7e06d9dc1559?s=96&d=mm&r=g","caption":"Ferran"}}]}},"_links":{"self":[{"href":"https:\/\/labs.100x100.net\/projects\/rutasal\/wp-json\/wp\/v2\/posts\/8466"}],"collection":[{"href":"https:\/\/labs.100x100.net\/projects\/rutasal\/wp-json\/wp\/v2\/posts"}],"about":[{"href":"https:\/\/labs.100x100.net\/projects\/rutasal\/wp-json\/wp\/v2\/types\/post"}],"author":[{"embeddable":true,"href":"https:\/\/labs.100x100.net\/projects\/rutasal\/wp-json\/wp\/v2\/users\/2"}],"replies":[{"embeddable":true,"href":"https:\/\/labs.100x100.net\/projects\/rutasal\/wp-json\/wp\/v2\/comments?post=8466"}],"version-history":[{"count":3,"href":"https:\/\/labs.100x100.net\/projects\/rutasal\/wp-json\/wp\/v2\/posts\/8466\/revisions"}],"predecessor-version":[{"id":8470,"href":"https:\/\/labs.100x100.net\/projects\/rutasal\/wp-json\/wp\/v2\/posts\/8466\/revisions\/8470"}],"wp:featuredmedia":[{"embeddable":true,"href":"https:\/\/labs.100x100.net\/projects\/rutasal\/wp-json\/wp\/v2\/media\/7635"}],"wp:attachment":[{"href":"https:\/\/labs.100x100.net\/projects\/rutasal\/wp-json\/wp\/v2\/media?parent=8466"}],"wp:term":[{"taxonomy":"category","embeddable":true,"href":"https:\/\/labs.100x100.net\/projects\/rutasal\/wp-json\/wp\/v2\/categories?post=8466"},{"taxonomy":"post_tag","embeddable":true,"href":"https:\/\/labs.100x100.net\/projects\/rutasal\/wp-json\/wp\/v2\/tags?post=8466"}],"curies":[{"name":"wp","href":"https:\/\/api.w.org\/{rel}","templated":true}]}}