{"id":8442,"date":"2023-04-06T17:33:49","date_gmt":"2023-04-06T15:33:49","guid":{"rendered":"https:\/\/larutadelasal.com\/?p=8442"},"modified":"2023-04-06T17:51:36","modified_gmt":"2023-04-06T15:51:36","slug":"la-flota-de-la-ruta-de-la-sal-navega-ya-rumbo-a-ibiza","status":"publish","type":"post","link":"https:\/\/labs.100x100.net\/projects\/rutasal\/la-flota-de-la-ruta-de-la-sal-navega-ya-rumbo-a-ibiza\/","title":{"rendered":"La flota de La Ruta de la Sal navega ya rumbo a Ibiza"},"content":{"rendered":"<div id=\"attachment_8443\" style=\"width: 1210px\" class=\"wp-caption aligncenter\"><img loading=\"lazy\" decoding=\"async\" aria-describedby=\"caption-attachment-8443\" class=\"wp-image-8443 size-full\" src=\"http:\/\/larutadelasal.com\/custom\/uploads\/2023\/04\/01_Salida-Barcelona-\u00a9AlfredFarre-1.jpg\" alt=\"35 edici\u00f3n Ruta de la Sal 2023\" width=\"1200\" height=\"801\" srcset=\"https:\/\/labs.100x100.net\/projects\/rutasal\/custom\/uploads\/2023\/04\/01_Salida-Barcelona-\u00a9AlfredFarre-1.jpg 1200w, https:\/\/labs.100x100.net\/projects\/rutasal\/custom\/uploads\/2023\/04\/01_Salida-Barcelona-\u00a9AlfredFarre-1-300x200.jpg 300w, https:\/\/labs.100x100.net\/projects\/rutasal\/custom\/uploads\/2023\/04\/01_Salida-Barcelona-\u00a9AlfredFarre-1-1024x684.jpg 1024w, https:\/\/labs.100x100.net\/projects\/rutasal\/custom\/uploads\/2023\/04\/01_Salida-Barcelona-\u00a9AlfredFarre-1-768x513.jpg 768w\" sizes=\"(max-width: 1200px) 100vw, 1200px\" \/><p id=\"caption-attachment-8443\" class=\"wp-caption-text\">\u00a9AlfredFarre.com \/ La Ruta de la Sal<\/p><\/div>\n<p><strong>*Ambas salidas se dieron seg\u00fan el horario previsto con brisas de componente sur.<\/strong><\/p>\n<p><strong>*Entre los favoritos de la Versi\u00f3n Denia, destaca el Clem Primero.<\/strong><\/p>\n<p><strong>*En caso de conseguir el triunfo, Jaime Olazabal podr\u00eda obtener su quinta victoria y convertirse as\u00ed en el patr\u00f3n m\u00e1s laureado en los 35 a\u00f1os de historia de La Ruta de la Sal.<\/strong><\/p>\n<p>&nbsp;<\/p>\n<p>Tal como estaba previsto, esta ma\u00f1ana se ha dado la salida a las dos flotas que, procedente una de Port Ginesta (Barcelona) y la otra del Real Club N\u00e1utico de Denia, participan en la 35\u00aa edici\u00f3n de La Ruta de la Sal. 135 son los barcos que ya navegan rumbo a Sant Antony de Portmany \u2013 Ibiza (67 en la Versi\u00f3n Barcelona y 68 en Versi\u00f3n Denia), disfrutando todos ellos de unas buenas condiciones de mar y viento. De hecho, una suave brisa del sureste permiti\u00f3 dar ambas salidas a la hora prevista, brindando la posibilidad de poner, de inmediato, rumbo directo a destino inici\u00e1ndose, de inmediato, una clara y estrecha lucha entre los m\u00e1s competitivos.<\/p>\n<div id=\"attachment_8446\" style=\"width: 1210px\" class=\"wp-caption aligncenter\"><img loading=\"lazy\" decoding=\"async\" aria-describedby=\"caption-attachment-8446\" class=\"wp-image-8446 size-full\" src=\"http:\/\/larutadelasal.com\/custom\/uploads\/2023\/04\/02_Salida-Barcelona-\u00a9AlfredFarre.jpg\" alt=\"La flota de La Ruta de la Sal navega ya rumbo a Ibiza\" width=\"1200\" height=\"801\" srcset=\"https:\/\/labs.100x100.net\/projects\/rutasal\/custom\/uploads\/2023\/04\/02_Salida-Barcelona-\u00a9AlfredFarre.jpg 1200w, https:\/\/labs.100x100.net\/projects\/rutasal\/custom\/uploads\/2023\/04\/02_Salida-Barcelona-\u00a9AlfredFarre-300x200.jpg 300w, https:\/\/labs.100x100.net\/projects\/rutasal\/custom\/uploads\/2023\/04\/02_Salida-Barcelona-\u00a9AlfredFarre-1024x684.jpg 1024w, https:\/\/labs.100x100.net\/projects\/rutasal\/custom\/uploads\/2023\/04\/02_Salida-Barcelona-\u00a9AlfredFarre-768x513.jpg 768w\" sizes=\"(max-width: 1200px) 100vw, 1200px\" \/><p id=\"caption-attachment-8446\" class=\"wp-caption-text\">\u00a9AlfredFarre.com \/ La Ruta de la Sal<\/p><\/div>\n<p>Todo ello suced\u00eda tras la celebraci\u00f3n de sendas reuniones de patrones en las que todos los participantes fueron debidamente informados de las previsiones meteorol\u00f3gicas, que auguran unas traves\u00edas apacibles, pero no exentas de la emoci\u00f3n propia de mantenerse alertas al m\u00e1s m\u00ednimo role o cambio de intensidad del viento para trimar las velas de la forma m\u00e1s adecuada, para que el barco navegue siempre al m\u00e1ximo de sus posibilidades. Esto resulta especialmente importante durante la noche, en la que no se puede bajar la guardia, debiendo organizar los turnos precisos para mantener una vigilancia permanente.<\/p>\n<div id=\"attachment_8449\" style=\"width: 1210px\" class=\"wp-caption aligncenter\"><img loading=\"lazy\" decoding=\"async\" aria-describedby=\"caption-attachment-8449\" class=\"wp-image-8449 size-full\" src=\"http:\/\/larutadelasal.com\/custom\/uploads\/2023\/04\/03_Salida-Barcelona-\u00a9AlfredFarre.jpg\" alt=\"\" width=\"1200\" height=\"801\" srcset=\"https:\/\/labs.100x100.net\/projects\/rutasal\/custom\/uploads\/2023\/04\/03_Salida-Barcelona-\u00a9AlfredFarre.jpg 1200w, https:\/\/labs.100x100.net\/projects\/rutasal\/custom\/uploads\/2023\/04\/03_Salida-Barcelona-\u00a9AlfredFarre-300x200.jpg 300w, https:\/\/labs.100x100.net\/projects\/rutasal\/custom\/uploads\/2023\/04\/03_Salida-Barcelona-\u00a9AlfredFarre-1024x684.jpg 1024w, https:\/\/labs.100x100.net\/projects\/rutasal\/custom\/uploads\/2023\/04\/03_Salida-Barcelona-\u00a9AlfredFarre-768x513.jpg 768w\" sizes=\"(max-width: 1200px) 100vw, 1200px\" \/><p id=\"caption-attachment-8449\" class=\"wp-caption-text\">\u00a9AlfredFarre.com \/ La Ruta de la Sal<\/p><\/div>\n<p>Dadas las condiciones reinantes y la media de velocidad que pueden desarrollar los m\u00e1s r\u00e1pidos, se espera que los primeros barcos en cruzar la l\u00ednea de llegada lo hagan ya esta pr\u00f3xima madrugada, venciendo en tiempo real, aunque eso no les asegure la victoria en compensado, debiendo esperar al resto de la flota para saber qui\u00e9nes han sabido defender mejor su rating, logrando el triunfo final en la general y\/o en sus respectivas clases.<\/p>\n<p>Se confirma la formaci\u00f3n de la categor\u00eda Salinas, reservada a barcos patroneados por una mujer y con un 50% de la tripulaci\u00f3n femenina, la categor\u00eda A2, para barcos tripulados por dos personas, la categor\u00eda <a href=\"https:\/\/www.globesailor.es\/\">GlobeSailor<\/a> para barcos escuela y de alquiler, as\u00ed como la categor\u00eda <a href=\"https:\/\/www.bali-catamarans.com\/\">Bali<\/a>&#8211;<a href=\"https:\/\/medcatyachts.com\/\">MedCat<\/a> para catamaranes.<\/p>\n<div id=\"attachment_8452\" style=\"width: 1210px\" class=\"wp-caption aligncenter\"><img loading=\"lazy\" decoding=\"async\" aria-describedby=\"caption-attachment-8452\" class=\"wp-image-8452 size-full\" src=\"http:\/\/larutadelasal.com\/custom\/uploads\/2023\/04\/04_Salida-Barcelona-\u00a9AlfredFarre.jpg\" alt=\"flota de La Ruta de la Sal 2023\" width=\"1200\" height=\"801\" srcset=\"https:\/\/labs.100x100.net\/projects\/rutasal\/custom\/uploads\/2023\/04\/04_Salida-Barcelona-\u00a9AlfredFarre.jpg 1200w, https:\/\/labs.100x100.net\/projects\/rutasal\/custom\/uploads\/2023\/04\/04_Salida-Barcelona-\u00a9AlfredFarre-300x200.jpg 300w, https:\/\/labs.100x100.net\/projects\/rutasal\/custom\/uploads\/2023\/04\/04_Salida-Barcelona-\u00a9AlfredFarre-1024x684.jpg 1024w, https:\/\/labs.100x100.net\/projects\/rutasal\/custom\/uploads\/2023\/04\/04_Salida-Barcelona-\u00a9AlfredFarre-768x513.jpg 768w\" sizes=\"(max-width: 1200px) 100vw, 1200px\" \/><p id=\"caption-attachment-8452\" class=\"wp-caption-text\">\u00a9AlfredFarre.com \/ La Ruta de la Sal<\/p><\/div>\n","protected":false},"excerpt":{"rendered":"<p>*Ambas salidas se dieron seg\u00fan el horario previsto con brisas de componente sur. *Entre los favoritos de la Versi\u00f3n Denia, destaca el Clem Primero. *En caso de conseguir el triunfo, Jaime Olazabal podr\u00eda obtener su quinta victoria y convertirse as\u00ed en el patr\u00f3n m\u00e1s laureado en los 35 a\u00f1os de historia de La Ruta de [&hellip;]<\/p>\n","protected":false},"author":2,"featured_media":8443,"comment_status":"open","ping_status":"open","sticky":false,"template":"","format":"standard","meta":{"_acf_changed":false,"footnotes":""},"categories":[3],"tags":[],"acf":[],"yoast_head":"<!-- This site is optimized with the Yoast SEO plugin v23.0 - https:\/\/yoast.com\/wordpress\/plugins\/seo\/ -->\n<title>La flota de La Ruta de la Sal navega ya rumbo a Ibiza | Regata La Ruta de la Sal<\/title>\n<meta name=\"description\" content=\"La flota de La Ruta de la Sal navega ya rumbo a Ibiza\" \/>\n<meta name=\"robots\" content=\"noindex, follow, max-snippet:-1, max-image-preview:large, max-video-preview:-1\" \/>\n<meta property=\"og:locale\" content=\"es_ES\" \/>\n<meta property=\"og:type\" content=\"article\" \/>\n<meta property=\"og:title\" content=\"La flota de La Ruta de la Sal navega ya rumbo a Ibiza | Regata La Ruta de la Sal\" \/>\n<meta property=\"og:description\" content=\"La flota de La Ruta de la Sal navega ya rumbo a Ibiza\" \/>\n<meta property=\"og:url\" content=\"https:\/\/labs.100x100.net\/projects\/rutasal\/la-flota-de-la-ruta-de-la-sal-navega-ya-rumbo-a-ibiza\/\" \/>\n<meta property=\"og:site_name\" content=\"Regata La Ruta de la Sal\" \/>\n<meta property=\"article:publisher\" content=\"https:\/\/www.facebook.com\/rutadelasal\/\" \/>\n<meta property=\"article:published_time\" content=\"2023-04-06T15:33:49+00:00\" \/>\n<meta property=\"article:modified_time\" content=\"2023-04-06T15:51:36+00:00\" \/>\n<meta property=\"og:image\" content=\"https:\/\/labs.100x100.net\/projects\/rutasal\/custom\/uploads\/2023\/04\/01_Salida-Barcelona-\u00a9AlfredFarre-1.jpg\" \/>\n\t<meta property=\"og:image:width\" content=\"1200\" \/>\n\t<meta property=\"og:image:height\" content=\"801\" \/>\n\t<meta property=\"og:image:type\" content=\"image\/jpeg\" \/>\n<meta name=\"author\" content=\"Ferran\" \/>\n<meta name=\"twitter:card\" content=\"summary_large_image\" \/>\n<meta name=\"twitter:creator\" content=\"@AnamMedi\" \/>\n<meta name=\"twitter:site\" content=\"@AnamMedi\" \/>\n<meta name=\"twitter:label1\" content=\"Escrito por\" \/>\n\t<meta name=\"twitter:data1\" content=\"Ferran\" \/>\n\t<meta name=\"twitter:label2\" content=\"Tiempo de lectura\" \/>\n\t<meta name=\"twitter:data2\" content=\"3 minutos\" \/>\n<script type=\"application\/ld+json\" class=\"yoast-schema-graph\">{\"@context\":\"https:\/\/schema.org\",\"@graph\":[{\"@type\":\"WebPage\",\"@id\":\"https:\/\/labs.100x100.net\/projects\/rutasal\/la-flota-de-la-ruta-de-la-sal-navega-ya-rumbo-a-ibiza\/\",\"url\":\"https:\/\/labs.100x100.net\/projects\/rutasal\/la-flota-de-la-ruta-de-la-sal-navega-ya-rumbo-a-ibiza\/\",\"name\":\"La flota de La Ruta de la Sal navega ya rumbo a Ibiza | Regata La Ruta de la Sal\",\"isPartOf\":{\"@id\":\"https:\/\/labs.100x100.net\/projects\/rutasal\/#website\"},\"primaryImageOfPage\":{\"@id\":\"https:\/\/labs.100x100.net\/projects\/rutasal\/la-flota-de-la-ruta-de-la-sal-navega-ya-rumbo-a-ibiza\/#primaryimage\"},\"image\":{\"@id\":\"https:\/\/labs.100x100.net\/projects\/rutasal\/la-flota-de-la-ruta-de-la-sal-navega-ya-rumbo-a-ibiza\/#primaryimage\"},\"thumbnailUrl\":\"https:\/\/labs.100x100.net\/projects\/rutasal\/custom\/uploads\/2023\/04\/01_Salida-Barcelona-\u00a9AlfredFarre-1.jpg\",\"datePublished\":\"2023-04-06T15:33:49+00:00\",\"dateModified\":\"2023-04-06T15:51:36+00:00\",\"author\":{\"@id\":\"https:\/\/labs.100x100.net\/projects\/rutasal\/#\/schema\/person\/24a02a346c826cf8502e7fb8edc0396c\"},\"description\":\"La flota de La Ruta de la Sal navega ya rumbo a Ibiza\",\"breadcrumb\":{\"@id\":\"https:\/\/labs.100x100.net\/projects\/rutasal\/la-flota-de-la-ruta-de-la-sal-navega-ya-rumbo-a-ibiza\/#breadcrumb\"},\"inLanguage\":\"es\",\"potentialAction\":[{\"@type\":\"ReadAction\",\"target\":[\"https:\/\/labs.100x100.net\/projects\/rutasal\/la-flota-de-la-ruta-de-la-sal-navega-ya-rumbo-a-ibiza\/\"]}]},{\"@type\":\"ImageObject\",\"inLanguage\":\"es\",\"@id\":\"https:\/\/labs.100x100.net\/projects\/rutasal\/la-flota-de-la-ruta-de-la-sal-navega-ya-rumbo-a-ibiza\/#primaryimage\",\"url\":\"https:\/\/labs.100x100.net\/projects\/rutasal\/custom\/uploads\/2023\/04\/01_Salida-Barcelona-\u00a9AlfredFarre-1.jpg\",\"contentUrl\":\"https:\/\/labs.100x100.net\/projects\/rutasal\/custom\/uploads\/2023\/04\/01_Salida-Barcelona-\u00a9AlfredFarre-1.jpg\",\"width\":1200,\"height\":801,\"caption\":\"35 edici\u00f3n Ruta de la Sal 2023\"},{\"@type\":\"BreadcrumbList\",\"@id\":\"https:\/\/labs.100x100.net\/projects\/rutasal\/la-flota-de-la-ruta-de-la-sal-navega-ya-rumbo-a-ibiza\/#breadcrumb\",\"itemListElement\":[{\"@type\":\"ListItem\",\"position\":1,\"name\":\"Portada\",\"item\":\"https:\/\/labs.100x100.net\/projects\/rutasal\/\"},{\"@type\":\"ListItem\",\"position\":2,\"name\":\"La flota de La Ruta de la Sal navega ya rumbo a Ibiza\"}]},{\"@type\":\"WebSite\",\"@id\":\"https:\/\/labs.100x100.net\/projects\/rutasal\/#website\",\"url\":\"https:\/\/labs.100x100.net\/projects\/rutasal\/\",\"name\":\"Regata La Ruta de la Sal\",\"description\":\"Regata La Ruta de la Sal es una regata de Altura Mediterr\u00e1nea para barcos de crucero a vela con destino en Ibiza, que se disputa anualmente en Semana Santa.\",\"potentialAction\":[{\"@type\":\"SearchAction\",\"target\":{\"@type\":\"EntryPoint\",\"urlTemplate\":\"https:\/\/labs.100x100.net\/projects\/rutasal\/?s={search_term_string}\"},\"query-input\":\"required name=search_term_string\"}],\"inLanguage\":\"es\"},{\"@type\":\"Person\",\"@id\":\"https:\/\/labs.100x100.net\/projects\/rutasal\/#\/schema\/person\/24a02a346c826cf8502e7fb8edc0396c\",\"name\":\"Ferran\",\"image\":{\"@type\":\"ImageObject\",\"inLanguage\":\"es\",\"@id\":\"https:\/\/labs.100x100.net\/projects\/rutasal\/#\/schema\/person\/image\/\",\"url\":\"https:\/\/secure.gravatar.com\/avatar\/d1c4bb756eb5c888319d7e06d9dc1559?s=96&d=mm&r=g\",\"contentUrl\":\"https:\/\/secure.gravatar.com\/avatar\/d1c4bb756eb5c888319d7e06d9dc1559?s=96&d=mm&r=g\",\"caption\":\"Ferran\"}}]}<\/script>\n<!-- \/ Yoast SEO plugin. -->","yoast_head_json":{"title":"La flota de La Ruta de la Sal navega ya rumbo a Ibiza | Regata La Ruta de la Sal","description":"La flota de La Ruta de la Sal navega ya rumbo a Ibiza","robots":{"index":"noindex","follow":"follow","max-snippet":"max-snippet:-1","max-image-preview":"max-image-preview:large","max-video-preview":"max-video-preview:-1"},"og_locale":"es_ES","og_type":"article","og_title":"La flota de La Ruta de la Sal navega ya rumbo a Ibiza | Regata La Ruta de la Sal","og_description":"La flota de La Ruta de la Sal navega ya rumbo a Ibiza","og_url":"https:\/\/labs.100x100.net\/projects\/rutasal\/la-flota-de-la-ruta-de-la-sal-navega-ya-rumbo-a-ibiza\/","og_site_name":"Regata La Ruta de la Sal","article_publisher":"https:\/\/www.facebook.com\/rutadelasal\/","article_published_time":"2023-04-06T15:33:49+00:00","article_modified_time":"2023-04-06T15:51:36+00:00","og_image":[{"width":1200,"height":801,"url":"https:\/\/labs.100x100.net\/projects\/rutasal\/custom\/uploads\/2023\/04\/01_Salida-Barcelona-\u00a9AlfredFarre-1.jpg","type":"image\/jpeg"}],"author":"Ferran","twitter_card":"summary_large_image","twitter_creator":"@AnamMedi","twitter_site":"@AnamMedi","twitter_misc":{"Escrito por":"Ferran","Tiempo de lectura":"3 minutos"},"schema":{"@context":"https:\/\/schema.org","@graph":[{"@type":"WebPage","@id":"https:\/\/labs.100x100.net\/projects\/rutasal\/la-flota-de-la-ruta-de-la-sal-navega-ya-rumbo-a-ibiza\/","url":"https:\/\/labs.100x100.net\/projects\/rutasal\/la-flota-de-la-ruta-de-la-sal-navega-ya-rumbo-a-ibiza\/","name":"La flota de La Ruta de la Sal navega ya rumbo a Ibiza | Regata La Ruta de la Sal","isPartOf":{"@id":"https:\/\/labs.100x100.net\/projects\/rutasal\/#website"},"primaryImageOfPage":{"@id":"https:\/\/labs.100x100.net\/projects\/rutasal\/la-flota-de-la-ruta-de-la-sal-navega-ya-rumbo-a-ibiza\/#primaryimage"},"image":{"@id":"https:\/\/labs.100x100.net\/projects\/rutasal\/la-flota-de-la-ruta-de-la-sal-navega-ya-rumbo-a-ibiza\/#primaryimage"},"thumbnailUrl":"https:\/\/labs.100x100.net\/projects\/rutasal\/custom\/uploads\/2023\/04\/01_Salida-Barcelona-\u00a9AlfredFarre-1.jpg","datePublished":"2023-04-06T15:33:49+00:00","dateModified":"2023-04-06T15:51:36+00:00","author":{"@id":"https:\/\/labs.100x100.net\/projects\/rutasal\/#\/schema\/person\/24a02a346c826cf8502e7fb8edc0396c"},"description":"La flota de La Ruta de la Sal navega ya rumbo a Ibiza","breadcrumb":{"@id":"https:\/\/labs.100x100.net\/projects\/rutasal\/la-flota-de-la-ruta-de-la-sal-navega-ya-rumbo-a-ibiza\/#breadcrumb"},"inLanguage":"es","potentialAction":[{"@type":"ReadAction","target":["https:\/\/labs.100x100.net\/projects\/rutasal\/la-flota-de-la-ruta-de-la-sal-navega-ya-rumbo-a-ibiza\/"]}]},{"@type":"ImageObject","inLanguage":"es","@id":"https:\/\/labs.100x100.net\/projects\/rutasal\/la-flota-de-la-ruta-de-la-sal-navega-ya-rumbo-a-ibiza\/#primaryimage","url":"https:\/\/labs.100x100.net\/projects\/rutasal\/custom\/uploads\/2023\/04\/01_Salida-Barcelona-\u00a9AlfredFarre-1.jpg","contentUrl":"https:\/\/labs.100x100.net\/projects\/rutasal\/custom\/uploads\/2023\/04\/01_Salida-Barcelona-\u00a9AlfredFarre-1.jpg","width":1200,"height":801,"caption":"35 edici\u00f3n Ruta de la Sal 2023"},{"@type":"BreadcrumbList","@id":"https:\/\/labs.100x100.net\/projects\/rutasal\/la-flota-de-la-ruta-de-la-sal-navega-ya-rumbo-a-ibiza\/#breadcrumb","itemListElement":[{"@type":"ListItem","position":1,"name":"Portada","item":"https:\/\/labs.100x100.net\/projects\/rutasal\/"},{"@type":"ListItem","position":2,"name":"La flota de La Ruta de la Sal navega ya rumbo a Ibiza"}]},{"@type":"WebSite","@id":"https:\/\/labs.100x100.net\/projects\/rutasal\/#website","url":"https:\/\/labs.100x100.net\/projects\/rutasal\/","name":"Regata La Ruta de la Sal","description":"Regata La Ruta de la Sal es una regata de Altura Mediterr\u00e1nea para barcos de crucero a vela con destino en Ibiza, que se disputa anualmente en Semana Santa.","potentialAction":[{"@type":"SearchAction","target":{"@type":"EntryPoint","urlTemplate":"https:\/\/labs.100x100.net\/projects\/rutasal\/?s={search_term_string}"},"query-input":"required name=search_term_string"}],"inLanguage":"es"},{"@type":"Person","@id":"https:\/\/labs.100x100.net\/projects\/rutasal\/#\/schema\/person\/24a02a346c826cf8502e7fb8edc0396c","name":"Ferran","image":{"@type":"ImageObject","inLanguage":"es","@id":"https:\/\/labs.100x100.net\/projects\/rutasal\/#\/schema\/person\/image\/","url":"https:\/\/secure.gravatar.com\/avatar\/d1c4bb756eb5c888319d7e06d9dc1559?s=96&d=mm&r=g","contentUrl":"https:\/\/secure.gravatar.com\/avatar\/d1c4bb756eb5c888319d7e06d9dc1559?s=96&d=mm&r=g","caption":"Ferran"}}]}},"_links":{"self":[{"href":"https:\/\/labs.100x100.net\/projects\/rutasal\/wp-json\/wp\/v2\/posts\/8442"}],"collection":[{"href":"https:\/\/labs.100x100.net\/projects\/rutasal\/wp-json\/wp\/v2\/posts"}],"about":[{"href":"https:\/\/labs.100x100.net\/projects\/rutasal\/wp-json\/wp\/v2\/types\/post"}],"author":[{"embeddable":true,"href":"https:\/\/labs.100x100.net\/projects\/rutasal\/wp-json\/wp\/v2\/users\/2"}],"replies":[{"embeddable":true,"href":"https:\/\/labs.100x100.net\/projects\/rutasal\/wp-json\/wp\/v2\/comments?post=8442"}],"version-history":[{"count":7,"href":"https:\/\/labs.100x100.net\/projects\/rutasal\/wp-json\/wp\/v2\/posts\/8442\/revisions"}],"predecessor-version":[{"id":8462,"href":"https:\/\/labs.100x100.net\/projects\/rutasal\/wp-json\/wp\/v2\/posts\/8442\/revisions\/8462"}],"wp:featuredmedia":[{"embeddable":true,"href":"https:\/\/labs.100x100.net\/projects\/rutasal\/wp-json\/wp\/v2\/media\/8443"}],"wp:attachment":[{"href":"https:\/\/labs.100x100.net\/projects\/rutasal\/wp-json\/wp\/v2\/media?parent=8442"}],"wp:term":[{"taxonomy":"category","embeddable":true,"href":"https:\/\/labs.100x100.net\/projects\/rutasal\/wp-json\/wp\/v2\/categories?post=8442"},{"taxonomy":"post_tag","embeddable":true,"href":"https:\/\/labs.100x100.net\/projects\/rutasal\/wp-json\/wp\/v2\/tags?post=8442"}],"curies":[{"name":"wp","href":"https:\/\/api.w.org\/{rel}","templated":true}]}}