{"id":8286,"date":"2023-03-30T16:17:44","date_gmt":"2023-03-30T14:17:44","guid":{"rendered":"https:\/\/larutadelasal.com\/?p=8286"},"modified":"2023-04-02T16:06:40","modified_gmt":"2023-04-02T14:06:40","slug":"cuenta-atras","status":"publish","type":"post","link":"https:\/\/labs.100x100.net\/projects\/rutasal\/cuenta-atras\/","title":{"rendered":"Todo a punto para la salida de La Ruta de la Sal: Las dos flotas, formadas por un total de 130 barcos, prontas a soltar amarras rumbo a Ibiza"},"content":{"rendered":"<div id=\"attachment_8304\" style=\"width: 1010px\" class=\"wp-caption alignnone\"><img loading=\"lazy\" decoding=\"async\" aria-describedby=\"caption-attachment-8304\" class=\"wp-image-8304 size-full\" src=\"http:\/\/larutadelasal.com\/custom\/uploads\/2023\/03\/La-Sal-2022_\u00a9Alfred-Farre-3.jpg\" alt=\"\" width=\"1000\" height=\"662\" srcset=\"https:\/\/labs.100x100.net\/projects\/rutasal\/custom\/uploads\/2023\/03\/La-Sal-2022_\u00a9Alfred-Farre-3.jpg 1000w, https:\/\/labs.100x100.net\/projects\/rutasal\/custom\/uploads\/2023\/03\/La-Sal-2022_\u00a9Alfred-Farre-3-300x199.jpg 300w, https:\/\/labs.100x100.net\/projects\/rutasal\/custom\/uploads\/2023\/03\/La-Sal-2022_\u00a9Alfred-Farre-3-768x508.jpg 768w\" sizes=\"(max-width: 1000px) 100vw, 1000px\" \/><p id=\"caption-attachment-8304\" class=\"wp-caption-text\">\u00a9AlfredFarre.com \/ La Ruta de la Sal<\/p><\/div>\n<p style=\"text-align: justify;\">En la ma\u00f1ana del Jueves Santo, como ya viene siendo habitual desde hace 35 a\u00f1os, una importante flota formada por 65 veleros partir\u00e1 a las 12 horas de Port Ginesta-Barcelona rumbo a Sant Antoni de Portmany \u2013 Ibiza, mientras que otra, igualmente numerosa \u2013 66 barcos &#8211; har\u00e1 lo propio a las 14 horas desde el Real Club N\u00e1utico de Denia. Van a ser 140 millas para la primera y 117 millas para la segunda, las que tendr\u00e1n que recorrer todos los participantes de La Ruta de la Sal que, a la vez que disfrutan del placer de la navegaci\u00f3n, vivir\u00e1n la emoci\u00f3n de la competici\u00f3n, luchando por el triunfo, ya sea en tiempo real o compensado.<\/p>\n<p style=\"text-align: justify;\">Muchos de ellos conocen muy bien este recorrido, al haber participado en\u00a0anteriores ediciones, e incluso al haberse proclamado ganadores, como es el caso del Clem, Swan 56, y del Pelotari Project, Vismara Mills 68, ganador absoluto y en tiempo real, respectivamente, de la versi\u00f3n Denia en 2022, o bien del Ger\u00f3nimo, JPK 1030, ganador absoluto de la versi\u00f3n Barcelona, en el 2022.<\/p>\n<p style=\"text-align: justify;\">No obstante, La Ruta de la Sal es, a su vez, la f\u00f3rmula ideal para iniciarse en la navegaci\u00f3n de altura, como demuestra el auge de la Categor\u00eda GlobeSailor, reservada para barcos escuela y de alquiler, que tan solo en la versi\u00f3n de Barcelona cuenta ya con cerca de una veintena de embarcaciones inscritas. Otra categor\u00eda de promoci\u00f3n es la Categor\u00eda Salina, para promover la vela femenina y que por primera vez se va a formar tanto en la Versi\u00f3n Barcelona como en la Versi\u00f3n Denia.<\/p>\n<p style=\"text-align: justify;\">La previsi\u00f3n meteorol\u00f3gica para ambas traves\u00edas augura vientos flojos de componente sur\/sureste, y aunque no deja de ser algo aventurado hablar de este tema con tanta antelaci\u00f3n, s\u00ed se puede decir que \u00e9sta es, al menos, la tendencia.<\/p>\n<p style=\"text-align: justify;\">As\u00ed pues, todo a punto en Port Ginesta y en el RCN Denia de cara a la Ruta de la Sal, como tambi\u00e9n lo est\u00e1 en Sant Antoni de Portmany, donde toda su poblaci\u00f3n, encabezada por el Ayuntamiento y especialmente por todos los miembros y personal del Club N\u00e1utico Sant Antoni, viven esta regata como el evento que marca el inicio de la temporada.<\/p>\n<p>&nbsp;<\/p>\n<p>&nbsp;<\/p>\n<p>&nbsp;<\/p>\n<p>&nbsp;<\/p>\n<p>&nbsp;<\/p>\n<p>&nbsp;<\/p>\n<p>&nbsp;<\/p>\n<p>&nbsp;<\/p>\n","protected":false},"excerpt":{"rendered":"<p>En la ma\u00f1ana del Jueves Santo, como ya viene siendo habitual desde hace 35 a\u00f1os, una importante flota formada por 65 veleros partir\u00e1 a las 12 horas de Port Ginesta-Barcelona rumbo a Sant Antoni de Portmany \u2013 Ibiza, mientras que otra, igualmente numerosa \u2013 66 barcos &#8211; har\u00e1 lo propio a las 14 horas desde [&hellip;]<\/p>\n","protected":false},"author":7,"featured_media":8304,"comment_status":"open","ping_status":"open","sticky":false,"template":"","format":"standard","meta":{"_acf_changed":false,"footnotes":""},"categories":[3],"tags":[],"acf":[],"yoast_head":"<!-- This site is optimized with the Yoast SEO plugin v23.0 - https:\/\/yoast.com\/wordpress\/plugins\/seo\/ -->\n<title>Todo a punto para la salida de La Ruta de la Sal: Las dos flotas, formadas por un total de 130 barcos, prontas a soltar amarras rumbo a Ibiza<\/title>\n<meta name=\"description\" content=\"En la ma\u00f1ana del Jueves Santo una flota de 65 veleros partir\u00e1 de Port Ginesta-Barcelona y otra de 66 barcos del Real Club N\u00e1utico de Denia rumbo a Ibiza.\" \/>\n<meta name=\"robots\" content=\"noindex, follow, max-snippet:-1, max-image-preview:large, max-video-preview:-1\" \/>\n<meta property=\"og:locale\" content=\"es_ES\" \/>\n<meta property=\"og:type\" content=\"article\" \/>\n<meta property=\"og:title\" content=\"Todo a punto para la salida de La Ruta de la Sal: Las dos flotas, formadas por un total de 130 barcos, prontas a soltar amarras rumbo a Ibiza\" \/>\n<meta property=\"og:description\" content=\"En la ma\u00f1ana del Jueves Santo una flota de 65 veleros partir\u00e1 de Port Ginesta-Barcelona y otra de 66 barcos del Real Club N\u00e1utico de Denia rumbo a Ibiza.\" \/>\n<meta property=\"og:url\" content=\"https:\/\/labs.100x100.net\/projects\/rutasal\/cuenta-atras\/\" \/>\n<meta property=\"og:site_name\" content=\"Regata La Ruta de la Sal\" \/>\n<meta property=\"article:publisher\" content=\"https:\/\/www.facebook.com\/rutadelasal\/\" \/>\n<meta property=\"article:published_time\" content=\"2023-03-30T14:17:44+00:00\" \/>\n<meta property=\"article:modified_time\" content=\"2023-04-02T14:06:40+00:00\" \/>\n<meta property=\"og:image\" content=\"https:\/\/labs.100x100.net\/projects\/rutasal\/custom\/uploads\/2023\/03\/La-Sal-2022_\u00a9Alfred-Farre-3.jpg\" \/>\n\t<meta property=\"og:image:width\" content=\"1000\" \/>\n\t<meta property=\"og:image:height\" content=\"662\" \/>\n\t<meta property=\"og:image:type\" content=\"image\/jpeg\" \/>\n<meta name=\"author\" content=\"Valentina Libri\" \/>\n<meta name=\"twitter:card\" content=\"summary_large_image\" \/>\n<meta name=\"twitter:creator\" content=\"@AnamMedi\" \/>\n<meta name=\"twitter:site\" content=\"@AnamMedi\" \/>\n<meta name=\"twitter:label1\" content=\"Escrito por\" \/>\n\t<meta name=\"twitter:data1\" content=\"Valentina Libri\" \/>\n\t<meta name=\"twitter:label2\" content=\"Tiempo de lectura\" \/>\n\t<meta name=\"twitter:data2\" content=\"2 minutos\" \/>\n<script type=\"application\/ld+json\" class=\"yoast-schema-graph\">{\"@context\":\"https:\/\/schema.org\",\"@graph\":[{\"@type\":\"WebPage\",\"@id\":\"https:\/\/labs.100x100.net\/projects\/rutasal\/cuenta-atras\/\",\"url\":\"https:\/\/labs.100x100.net\/projects\/rutasal\/cuenta-atras\/\",\"name\":\"Todo a punto para la salida de La Ruta de la Sal: Las dos flotas, formadas por un total de 130 barcos, prontas a soltar amarras rumbo a Ibiza\",\"isPartOf\":{\"@id\":\"https:\/\/labs.100x100.net\/projects\/rutasal\/#website\"},\"primaryImageOfPage\":{\"@id\":\"https:\/\/labs.100x100.net\/projects\/rutasal\/cuenta-atras\/#primaryimage\"},\"image\":{\"@id\":\"https:\/\/labs.100x100.net\/projects\/rutasal\/cuenta-atras\/#primaryimage\"},\"thumbnailUrl\":\"https:\/\/labs.100x100.net\/projects\/rutasal\/custom\/uploads\/2023\/03\/La-Sal-2022_\u00a9Alfred-Farre-3.jpg\",\"datePublished\":\"2023-03-30T14:17:44+00:00\",\"dateModified\":\"2023-04-02T14:06:40+00:00\",\"author\":{\"@id\":\"https:\/\/labs.100x100.net\/projects\/rutasal\/#\/schema\/person\/78b3519b5320819eb3428bc4a4363faf\"},\"description\":\"En la ma\u00f1ana del Jueves Santo una flota de 65 veleros partir\u00e1 de Port Ginesta-Barcelona y otra de 66 barcos del Real Club N\u00e1utico de Denia rumbo a Ibiza.\",\"breadcrumb\":{\"@id\":\"https:\/\/labs.100x100.net\/projects\/rutasal\/cuenta-atras\/#breadcrumb\"},\"inLanguage\":\"es\",\"potentialAction\":[{\"@type\":\"ReadAction\",\"target\":[\"https:\/\/labs.100x100.net\/projects\/rutasal\/cuenta-atras\/\"]}]},{\"@type\":\"ImageObject\",\"inLanguage\":\"es\",\"@id\":\"https:\/\/labs.100x100.net\/projects\/rutasal\/cuenta-atras\/#primaryimage\",\"url\":\"https:\/\/labs.100x100.net\/projects\/rutasal\/custom\/uploads\/2023\/03\/La-Sal-2022_\u00a9Alfred-Farre-3.jpg\",\"contentUrl\":\"https:\/\/labs.100x100.net\/projects\/rutasal\/custom\/uploads\/2023\/03\/La-Sal-2022_\u00a9Alfred-Farre-3.jpg\",\"width\":1000,\"height\":662},{\"@type\":\"BreadcrumbList\",\"@id\":\"https:\/\/labs.100x100.net\/projects\/rutasal\/cuenta-atras\/#breadcrumb\",\"itemListElement\":[{\"@type\":\"ListItem\",\"position\":1,\"name\":\"Portada\",\"item\":\"https:\/\/labs.100x100.net\/projects\/rutasal\/\"},{\"@type\":\"ListItem\",\"position\":2,\"name\":\"Todo a punto para la salida de La Ruta de la Sal: Las dos flotas, formadas por un total de 130 barcos, prontas a soltar amarras rumbo a Ibiza\"}]},{\"@type\":\"WebSite\",\"@id\":\"https:\/\/labs.100x100.net\/projects\/rutasal\/#website\",\"url\":\"https:\/\/labs.100x100.net\/projects\/rutasal\/\",\"name\":\"Regata La Ruta de la Sal\",\"description\":\"Regata La Ruta de la Sal es una regata de Altura Mediterr\u00e1nea para barcos de crucero a vela con destino en Ibiza, que se disputa anualmente en Semana Santa.\",\"potentialAction\":[{\"@type\":\"SearchAction\",\"target\":{\"@type\":\"EntryPoint\",\"urlTemplate\":\"https:\/\/labs.100x100.net\/projects\/rutasal\/?s={search_term_string}\"},\"query-input\":\"required name=search_term_string\"}],\"inLanguage\":\"es\"},{\"@type\":\"Person\",\"@id\":\"https:\/\/labs.100x100.net\/projects\/rutasal\/#\/schema\/person\/78b3519b5320819eb3428bc4a4363faf\",\"name\":\"Valentina Libri\",\"image\":{\"@type\":\"ImageObject\",\"inLanguage\":\"es\",\"@id\":\"https:\/\/labs.100x100.net\/projects\/rutasal\/#\/schema\/person\/image\/\",\"url\":\"https:\/\/secure.gravatar.com\/avatar\/99c0547d5c3f4720c6410e401af04fe2?s=96&d=mm&r=g\",\"contentUrl\":\"https:\/\/secure.gravatar.com\/avatar\/99c0547d5c3f4720c6410e401af04fe2?s=96&d=mm&r=g\",\"caption\":\"Valentina Libri\"}}]}<\/script>\n<!-- \/ Yoast SEO plugin. -->","yoast_head_json":{"title":"Todo a punto para la salida de La Ruta de la Sal: Las dos flotas, formadas por un total de 130 barcos, prontas a soltar amarras rumbo a Ibiza","description":"En la ma\u00f1ana del Jueves Santo una flota de 65 veleros partir\u00e1 de Port Ginesta-Barcelona y otra de 66 barcos del Real Club N\u00e1utico de Denia rumbo a Ibiza.","robots":{"index":"noindex","follow":"follow","max-snippet":"max-snippet:-1","max-image-preview":"max-image-preview:large","max-video-preview":"max-video-preview:-1"},"og_locale":"es_ES","og_type":"article","og_title":"Todo a punto para la salida de La Ruta de la Sal: Las dos flotas, formadas por un total de 130 barcos, prontas a soltar amarras rumbo a Ibiza","og_description":"En la ma\u00f1ana del Jueves Santo una flota de 65 veleros partir\u00e1 de Port Ginesta-Barcelona y otra de 66 barcos del Real Club N\u00e1utico de Denia rumbo a Ibiza.","og_url":"https:\/\/labs.100x100.net\/projects\/rutasal\/cuenta-atras\/","og_site_name":"Regata La Ruta de la Sal","article_publisher":"https:\/\/www.facebook.com\/rutadelasal\/","article_published_time":"2023-03-30T14:17:44+00:00","article_modified_time":"2023-04-02T14:06:40+00:00","og_image":[{"width":1000,"height":662,"url":"https:\/\/labs.100x100.net\/projects\/rutasal\/custom\/uploads\/2023\/03\/La-Sal-2022_\u00a9Alfred-Farre-3.jpg","type":"image\/jpeg"}],"author":"Valentina Libri","twitter_card":"summary_large_image","twitter_creator":"@AnamMedi","twitter_site":"@AnamMedi","twitter_misc":{"Escrito por":"Valentina Libri","Tiempo de lectura":"2 minutos"},"schema":{"@context":"https:\/\/schema.org","@graph":[{"@type":"WebPage","@id":"https:\/\/labs.100x100.net\/projects\/rutasal\/cuenta-atras\/","url":"https:\/\/labs.100x100.net\/projects\/rutasal\/cuenta-atras\/","name":"Todo a punto para la salida de La Ruta de la Sal: Las dos flotas, formadas por un total de 130 barcos, prontas a soltar amarras rumbo a Ibiza","isPartOf":{"@id":"https:\/\/labs.100x100.net\/projects\/rutasal\/#website"},"primaryImageOfPage":{"@id":"https:\/\/labs.100x100.net\/projects\/rutasal\/cuenta-atras\/#primaryimage"},"image":{"@id":"https:\/\/labs.100x100.net\/projects\/rutasal\/cuenta-atras\/#primaryimage"},"thumbnailUrl":"https:\/\/labs.100x100.net\/projects\/rutasal\/custom\/uploads\/2023\/03\/La-Sal-2022_\u00a9Alfred-Farre-3.jpg","datePublished":"2023-03-30T14:17:44+00:00","dateModified":"2023-04-02T14:06:40+00:00","author":{"@id":"https:\/\/labs.100x100.net\/projects\/rutasal\/#\/schema\/person\/78b3519b5320819eb3428bc4a4363faf"},"description":"En la ma\u00f1ana del Jueves Santo una flota de 65 veleros partir\u00e1 de Port Ginesta-Barcelona y otra de 66 barcos del Real Club N\u00e1utico de Denia rumbo a Ibiza.","breadcrumb":{"@id":"https:\/\/labs.100x100.net\/projects\/rutasal\/cuenta-atras\/#breadcrumb"},"inLanguage":"es","potentialAction":[{"@type":"ReadAction","target":["https:\/\/labs.100x100.net\/projects\/rutasal\/cuenta-atras\/"]}]},{"@type":"ImageObject","inLanguage":"es","@id":"https:\/\/labs.100x100.net\/projects\/rutasal\/cuenta-atras\/#primaryimage","url":"https:\/\/labs.100x100.net\/projects\/rutasal\/custom\/uploads\/2023\/03\/La-Sal-2022_\u00a9Alfred-Farre-3.jpg","contentUrl":"https:\/\/labs.100x100.net\/projects\/rutasal\/custom\/uploads\/2023\/03\/La-Sal-2022_\u00a9Alfred-Farre-3.jpg","width":1000,"height":662},{"@type":"BreadcrumbList","@id":"https:\/\/labs.100x100.net\/projects\/rutasal\/cuenta-atras\/#breadcrumb","itemListElement":[{"@type":"ListItem","position":1,"name":"Portada","item":"https:\/\/labs.100x100.net\/projects\/rutasal\/"},{"@type":"ListItem","position":2,"name":"Todo a punto para la salida de La Ruta de la Sal: Las dos flotas, formadas por un total de 130 barcos, prontas a soltar amarras rumbo a Ibiza"}]},{"@type":"WebSite","@id":"https:\/\/labs.100x100.net\/projects\/rutasal\/#website","url":"https:\/\/labs.100x100.net\/projects\/rutasal\/","name":"Regata La Ruta de la Sal","description":"Regata La Ruta de la Sal es una regata de Altura Mediterr\u00e1nea para barcos de crucero a vela con destino en Ibiza, que se disputa anualmente en Semana Santa.","potentialAction":[{"@type":"SearchAction","target":{"@type":"EntryPoint","urlTemplate":"https:\/\/labs.100x100.net\/projects\/rutasal\/?s={search_term_string}"},"query-input":"required name=search_term_string"}],"inLanguage":"es"},{"@type":"Person","@id":"https:\/\/labs.100x100.net\/projects\/rutasal\/#\/schema\/person\/78b3519b5320819eb3428bc4a4363faf","name":"Valentina Libri","image":{"@type":"ImageObject","inLanguage":"es","@id":"https:\/\/labs.100x100.net\/projects\/rutasal\/#\/schema\/person\/image\/","url":"https:\/\/secure.gravatar.com\/avatar\/99c0547d5c3f4720c6410e401af04fe2?s=96&d=mm&r=g","contentUrl":"https:\/\/secure.gravatar.com\/avatar\/99c0547d5c3f4720c6410e401af04fe2?s=96&d=mm&r=g","caption":"Valentina Libri"}}]}},"_links":{"self":[{"href":"https:\/\/labs.100x100.net\/projects\/rutasal\/wp-json\/wp\/v2\/posts\/8286"}],"collection":[{"href":"https:\/\/labs.100x100.net\/projects\/rutasal\/wp-json\/wp\/v2\/posts"}],"about":[{"href":"https:\/\/labs.100x100.net\/projects\/rutasal\/wp-json\/wp\/v2\/types\/post"}],"author":[{"embeddable":true,"href":"https:\/\/labs.100x100.net\/projects\/rutasal\/wp-json\/wp\/v2\/users\/7"}],"replies":[{"embeddable":true,"href":"https:\/\/labs.100x100.net\/projects\/rutasal\/wp-json\/wp\/v2\/comments?post=8286"}],"version-history":[{"count":9,"href":"https:\/\/labs.100x100.net\/projects\/rutasal\/wp-json\/wp\/v2\/posts\/8286\/revisions"}],"predecessor-version":[{"id":8460,"href":"https:\/\/labs.100x100.net\/projects\/rutasal\/wp-json\/wp\/v2\/posts\/8286\/revisions\/8460"}],"wp:featuredmedia":[{"embeddable":true,"href":"https:\/\/labs.100x100.net\/projects\/rutasal\/wp-json\/wp\/v2\/media\/8304"}],"wp:attachment":[{"href":"https:\/\/labs.100x100.net\/projects\/rutasal\/wp-json\/wp\/v2\/media?parent=8286"}],"wp:term":[{"taxonomy":"category","embeddable":true,"href":"https:\/\/labs.100x100.net\/projects\/rutasal\/wp-json\/wp\/v2\/categories?post=8286"},{"taxonomy":"post_tag","embeddable":true,"href":"https:\/\/labs.100x100.net\/projects\/rutasal\/wp-json\/wp\/v2\/tags?post=8286"}],"curies":[{"name":"wp","href":"https:\/\/api.w.org\/{rel}","templated":true}]}}