{"id":8142,"date":"2023-03-16T00:29:34","date_gmt":"2023-03-15T22:29:34","guid":{"rendered":"https:\/\/larutadelasal.com\/?p=8142"},"modified":"2023-03-30T02:42:20","modified_gmt":"2023-03-30T00:42:20","slug":"rueda-de-prensa","status":"publish","type":"post","link":"https:\/\/labs.100x100.net\/projects\/rutasal\/rueda-de-prensa\/","title":{"rendered":"Ayer se celebr\u00f3 la Rueda de Prensa de presentaci\u00f3n de La Ruta de la Sal que en tres semanas dar\u00e1 el pistoletazo de salida"},"content":{"rendered":"<h3 style=\"text-align: center;\"><strong>Ayer tuvo lugar la rueda de prensa de presentaci\u00f3n en la que se anunciaron todos los detalles de esta m\u00edtica regata de altura del Mediterr\u00e1neo que cuenta con 170 barcos preinscritos<\/strong><\/h3>\n<p>&nbsp;<\/p>\n<div id=\"attachment_8143\" style=\"width: 2570px\" class=\"wp-caption alignnone\"><img loading=\"lazy\" decoding=\"async\" aria-describedby=\"caption-attachment-8143\" class=\"wp-image-8143 size-full\" src=\"http:\/\/larutadelasal.com\/custom\/uploads\/2023\/03\/DSC_6771-scaled.jpg\" alt=\"\" width=\"2560\" height=\"1709\" srcset=\"https:\/\/labs.100x100.net\/projects\/rutasal\/custom\/uploads\/2023\/03\/DSC_6771-scaled.jpg 2560w, https:\/\/labs.100x100.net\/projects\/rutasal\/custom\/uploads\/2023\/03\/DSC_6771-300x200.jpg 300w, https:\/\/labs.100x100.net\/projects\/rutasal\/custom\/uploads\/2023\/03\/DSC_6771-1024x684.jpg 1024w, https:\/\/labs.100x100.net\/projects\/rutasal\/custom\/uploads\/2023\/03\/DSC_6771-768x513.jpg 768w, https:\/\/labs.100x100.net\/projects\/rutasal\/custom\/uploads\/2023\/03\/DSC_6771-1536x1025.jpg 1536w, https:\/\/labs.100x100.net\/projects\/rutasal\/custom\/uploads\/2023\/03\/DSC_6771-2048x1367.jpg 2048w\" sizes=\"(max-width: 2560px) 100vw, 2560px\" \/><p id=\"caption-attachment-8143\" class=\"wp-caption-text\">Instituciones colaboradoras: de izq a drcha Miguel Tur Regidor Turismo Ajt Sant Antoni Portmany; Juan Miguel Costa Director Insular Turismo Consell Ibiza; Rodrigo de Febrer Capitan Port Ginesta; Enrique Curt, Presidente Club N\u00e1utico Skipper; Andr\u00e9s Oliva, Director de La Ruta de La Sal; Xavier Torres, President Federaci\u00f2 Catalana de Vela; Pablo Rodriguez, Teniente Jefe de Servicio Mar\u00edtimo de la Guardia Civil y Javier Planas, Comodoro del CN Sant Antoni de Portmany<\/p><\/div>\n<div id=\"attachment_8146\" style=\"width: 2570px\" class=\"wp-caption alignright\"><img loading=\"lazy\" decoding=\"async\" aria-describedby=\"caption-attachment-8146\" class=\"wp-image-8146 size-full\" src=\"http:\/\/larutadelasal.com\/custom\/uploads\/2023\/03\/DSC_6780-scaled.jpg\" alt=\"\" width=\"2560\" height=\"1709\" srcset=\"https:\/\/labs.100x100.net\/projects\/rutasal\/custom\/uploads\/2023\/03\/DSC_6780-scaled.jpg 2560w, https:\/\/labs.100x100.net\/projects\/rutasal\/custom\/uploads\/2023\/03\/DSC_6780-300x200.jpg 300w, https:\/\/labs.100x100.net\/projects\/rutasal\/custom\/uploads\/2023\/03\/DSC_6780-1024x684.jpg 1024w, https:\/\/labs.100x100.net\/projects\/rutasal\/custom\/uploads\/2023\/03\/DSC_6780-768x513.jpg 768w, https:\/\/labs.100x100.net\/projects\/rutasal\/custom\/uploads\/2023\/03\/DSC_6780-1536x1025.jpg 1536w, https:\/\/labs.100x100.net\/projects\/rutasal\/custom\/uploads\/2023\/03\/DSC_6780-2048x1367.jpg 2048w\" sizes=\"(max-width: 2560px) 100vw, 2560px\" \/><p id=\"caption-attachment-8146\" class=\"wp-caption-text\">Patrocinadores privados: de izquierda a derecha, primera fila, Antonio Huguet, director de operaciones OD Hotels, Miguel Pardo, director de relaciones institucionales Trasmed, Laura Curt, directora\u00a0 Curt Ediciones,\u00a0 Joan Fargas, CEO Ausmar, Enrique Curt, presidente La Ruta de la Sal,\u00a0 Andrei Pilu, director general Vetus Iberia, Carla Ros, comercial de MedCat Yachts, Carlos Peris, director general de MedCat Yachts. De izquierda a derecha, segunda fila, Andr\u00e9s Oliva, director de La Ruta de la Sal, Salvador Alcover, director general Garmin, tercera fila, Ygor Cuesta, Director Nautical Channel<\/p><\/div>\n<p>&nbsp;<\/p>\n<p style=\"text-align: justify;\"><strong>La Ruta de la Sal present\u00f3 ayer su 35\u00aa edici\u00f3n<\/strong> que partir\u00e1 de Port Ginesta y del Real Club N\u00e1utico de Denia rumbo a Ibiza el <strong>pr\u00f3ximo 6 de abril<\/strong>, d\u00eda de Jueves Santo con el que se inician las vacaciones de Semana Santa. Este acto se celebr\u00f3 ayer al mediod\u00eda con una comida en el c\u00e9ntrico Hotel OD Barcelona, lugar donde el director de la regata, <strong>Andr\u00e9s Oliva<\/strong>, se ha mostrado sumamente satisfecho por el alto n\u00famero de participantes para esta edici\u00f3n. Este encuentro cuenta con 170 barcos preinscritos y vuelve a registrar cifras prepandemia, confirmando que esta regata de altura es la que re\u00fane a la flota m\u00e1s numerosa de todas las que se celebran en Espa\u00f1a.<\/p>\n<div id=\"attachment_8149\" style=\"width: 2570px\" class=\"wp-caption alignnone\"><img loading=\"lazy\" decoding=\"async\" aria-describedby=\"caption-attachment-8149\" class=\"wp-image-8149 size-full\" src=\"http:\/\/larutadelasal.com\/custom\/uploads\/2023\/03\/DSC_6654-scaled.jpg\" alt=\"\" width=\"2560\" height=\"1709\" srcset=\"https:\/\/labs.100x100.net\/projects\/rutasal\/custom\/uploads\/2023\/03\/DSC_6654-scaled.jpg 2560w, https:\/\/labs.100x100.net\/projects\/rutasal\/custom\/uploads\/2023\/03\/DSC_6654-300x200.jpg 300w, https:\/\/labs.100x100.net\/projects\/rutasal\/custom\/uploads\/2023\/03\/DSC_6654-1024x684.jpg 1024w, https:\/\/labs.100x100.net\/projects\/rutasal\/custom\/uploads\/2023\/03\/DSC_6654-768x513.jpg 768w, https:\/\/labs.100x100.net\/projects\/rutasal\/custom\/uploads\/2023\/03\/DSC_6654-1536x1025.jpg 1536w, https:\/\/labs.100x100.net\/projects\/rutasal\/custom\/uploads\/2023\/03\/DSC_6654-2048x1367.jpg 2048w\" sizes=\"(max-width: 2560px) 100vw, 2560px\" \/><p id=\"caption-attachment-8149\" class=\"wp-caption-text\">Antonio Huguet, director de operaciones de OD Hotels<\/p><\/div>\n<p style=\"text-align: justify;\">\u201cResulta dif\u00edcil encontrar un binomio m\u00e1s id\u00f3neo que el nuestro entre turismo y mar. Nacimos en Ibiza y el nombre de la cadena ya es indicativa de nuestra vinculaci\u00f3n n\u00e1utica: Ocean Drive\u201d, ha destacado <strong>Antonio Huguet<\/strong>, director de operaciones de OD Hotels. Por su parte, <strong>Juan Miguel Costa<\/strong>, director insular del Consell Insular d\u2019Eivissa ha remarcado que \u201cLa Ruta de la Sal forma ya parte del ADN de los ibicencos, tras 35 a\u00f1os de celebraci\u00f3n pr\u00e1cticamente ininterrumpidos. All\u00ed les esperamos a todos con los brazos abiertos\u201d.<\/p>\n<div id=\"attachment_8152\" style=\"width: 2570px\" class=\"wp-caption alignnone\"><img loading=\"lazy\" decoding=\"async\" aria-describedby=\"caption-attachment-8152\" class=\"wp-image-8152 size-full\" src=\"http:\/\/larutadelasal.com\/custom\/uploads\/2023\/03\/DSC_6667-scaled.jpg\" alt=\"\" width=\"2560\" height=\"1709\" srcset=\"https:\/\/labs.100x100.net\/projects\/rutasal\/custom\/uploads\/2023\/03\/DSC_6667-scaled.jpg 2560w, https:\/\/labs.100x100.net\/projects\/rutasal\/custom\/uploads\/2023\/03\/DSC_6667-300x200.jpg 300w, https:\/\/labs.100x100.net\/projects\/rutasal\/custom\/uploads\/2023\/03\/DSC_6667-1024x684.jpg 1024w, https:\/\/labs.100x100.net\/projects\/rutasal\/custom\/uploads\/2023\/03\/DSC_6667-768x513.jpg 768w, https:\/\/labs.100x100.net\/projects\/rutasal\/custom\/uploads\/2023\/03\/DSC_6667-1536x1025.jpg 1536w, https:\/\/labs.100x100.net\/projects\/rutasal\/custom\/uploads\/2023\/03\/DSC_6667-2048x1367.jpg 2048w\" sizes=\"(max-width: 2560px) 100vw, 2560px\" \/><p id=\"caption-attachment-8152\" class=\"wp-caption-text\">Juan Miguel Costa, director insular del Consell Insular d\u2019Eivissa<\/p><\/div>\n<p style=\"text-align: justify;\"><strong>Miquel Tur<\/strong>, regidor de Turismo del Ajuntament de Sant Antoni de Portmany ha intervenido tambi\u00e9n en este encuentro y ha remarcado lo importante que es este evento para su municipio, \u201chablar de La Ruta de la Sal es hablar de Sant Antoni de Portmany, de su bah\u00eda, de su puesta de sol, de su c\u00e1lida acogida y, esperamos que un a\u00f1o m\u00e1s, de buen sol y mejor viento\u201d.<\/p>\n<div id=\"attachment_8155\" style=\"width: 2570px\" class=\"wp-caption alignnone\"><img loading=\"lazy\" decoding=\"async\" aria-describedby=\"caption-attachment-8155\" class=\"wp-image-8155 size-full\" src=\"http:\/\/larutadelasal.com\/custom\/uploads\/2023\/03\/DSC_6681-scaled.jpg\" alt=\"\" width=\"2560\" height=\"1709\" srcset=\"https:\/\/labs.100x100.net\/projects\/rutasal\/custom\/uploads\/2023\/03\/DSC_6681-scaled.jpg 2560w, https:\/\/labs.100x100.net\/projects\/rutasal\/custom\/uploads\/2023\/03\/DSC_6681-300x200.jpg 300w, https:\/\/labs.100x100.net\/projects\/rutasal\/custom\/uploads\/2023\/03\/DSC_6681-1024x684.jpg 1024w, https:\/\/labs.100x100.net\/projects\/rutasal\/custom\/uploads\/2023\/03\/DSC_6681-768x513.jpg 768w, https:\/\/labs.100x100.net\/projects\/rutasal\/custom\/uploads\/2023\/03\/DSC_6681-1536x1025.jpg 1536w, https:\/\/labs.100x100.net\/projects\/rutasal\/custom\/uploads\/2023\/03\/DSC_6681-2048x1367.jpg 2048w\" sizes=\"(max-width: 2560px) 100vw, 2560px\" \/><p id=\"caption-attachment-8155\" class=\"wp-caption-text\">Miquel Tur, regidor de Turismo del Ajuntament de Sant Antoni de Portmany<\/p><\/div>\n<p style=\"text-align: justify;\">A esta presentaci\u00f3n tambi\u00e9n ha asistido <strong>Francisco Javier Planas<\/strong>, comodoro del Club N\u00e1utico de Sant Antoni de Portmany, quien ha recordado que este a\u00f1o se celebra el 50 aniversario su club y \u201ccon ello queremos rendir un homenaje a cuantos han contribuido a hacer realidad este proyecto y, por descontado, a quienes nos han convertido en punto de acogida de La Ruta de la Sal. Con la colaboraci\u00f3n de Ports IB podremos llegar a dar amarre a cuantos aspiran a participar en esta bien consolidada regata\u201d, ha destacado Planas.<\/p>\n<div id=\"attachment_8158\" style=\"width: 2570px\" class=\"wp-caption alignnone\"><img loading=\"lazy\" decoding=\"async\" aria-describedby=\"caption-attachment-8158\" class=\"wp-image-8158 size-full\" src=\"http:\/\/larutadelasal.com\/custom\/uploads\/2023\/03\/DSC_6694-scaled.jpg\" alt=\"\" width=\"2560\" height=\"1709\" srcset=\"https:\/\/labs.100x100.net\/projects\/rutasal\/custom\/uploads\/2023\/03\/DSC_6694-scaled.jpg 2560w, https:\/\/labs.100x100.net\/projects\/rutasal\/custom\/uploads\/2023\/03\/DSC_6694-300x200.jpg 300w, https:\/\/labs.100x100.net\/projects\/rutasal\/custom\/uploads\/2023\/03\/DSC_6694-1024x684.jpg 1024w, https:\/\/labs.100x100.net\/projects\/rutasal\/custom\/uploads\/2023\/03\/DSC_6694-768x513.jpg 768w, https:\/\/labs.100x100.net\/projects\/rutasal\/custom\/uploads\/2023\/03\/DSC_6694-1536x1025.jpg 1536w, https:\/\/labs.100x100.net\/projects\/rutasal\/custom\/uploads\/2023\/03\/DSC_6694-2048x1367.jpg 2048w\" sizes=\"(max-width: 2560px) 100vw, 2560px\" \/><p id=\"caption-attachment-8158\" class=\"wp-caption-text\">Francisco Javier Planas, comodoro del Club N\u00e1utico de Sant Antoni de Portmany<\/p><\/div>\n<p style=\"text-align: justify;\">Por su parte, los patrocinadores principales tambi\u00e9n han intervenido en este encuentro, \u201cpara Garmin este es el 6\u00ba a\u00f1o de colaboraci\u00f3n con La Ruta de la Sal y me complace ver nuestro reloj quatix\u00ae7 de la mu\u00f1eca de alguno de los asistentes y de los ganadores absolutos de esta m\u00edtica regata\u201d, ha explicado <strong>Salvador Alcover<\/strong>, director general de Garmin Iberia.<\/p>\n<div id=\"attachment_8161\" style=\"width: 2570px\" class=\"wp-caption alignnone\"><img loading=\"lazy\" decoding=\"async\" aria-describedby=\"caption-attachment-8161\" class=\"wp-image-8161 size-full\" src=\"http:\/\/larutadelasal.com\/custom\/uploads\/2023\/03\/DSC_6719-scaled.jpg\" alt=\"\" width=\"2560\" height=\"1709\" srcset=\"https:\/\/labs.100x100.net\/projects\/rutasal\/custom\/uploads\/2023\/03\/DSC_6719-scaled.jpg 2560w, https:\/\/labs.100x100.net\/projects\/rutasal\/custom\/uploads\/2023\/03\/DSC_6719-300x200.jpg 300w, https:\/\/labs.100x100.net\/projects\/rutasal\/custom\/uploads\/2023\/03\/DSC_6719-1024x684.jpg 1024w, https:\/\/labs.100x100.net\/projects\/rutasal\/custom\/uploads\/2023\/03\/DSC_6719-768x513.jpg 768w, https:\/\/labs.100x100.net\/projects\/rutasal\/custom\/uploads\/2023\/03\/DSC_6719-1536x1025.jpg 1536w, https:\/\/labs.100x100.net\/projects\/rutasal\/custom\/uploads\/2023\/03\/DSC_6719-2048x1367.jpg 2048w\" sizes=\"(max-width: 2560px) 100vw, 2560px\" \/><p id=\"caption-attachment-8161\" class=\"wp-caption-text\">Salvador Alcover, director general de Garmin Iberia<\/p><\/div>\n<p style=\"text-align: justify;\">Adem\u00e1s, el director general de MedCat Yachts, distribuidor de Bali en Espa\u00f1a ha querido compartir con todos los asistentes que \u201cyo llevo en mi mu\u00f1eca uno de esos relojes quatix\u00ae7, lo que me acredita como participante de La Ruta de la Sala a la que, a trav\u00e9s de MedCat Yachts y Bali, apoyamos para potenciar la participaci\u00f3n en ella de multicascos, al considerar que su propuesta de unir competici\u00f3n y turismo es id\u00f3nea para este tipo de barco\u201d.<\/p>\n<div id=\"attachment_8164\" style=\"width: 2570px\" class=\"wp-caption alignnone\"><img loading=\"lazy\" decoding=\"async\" aria-describedby=\"caption-attachment-8164\" class=\"wp-image-8164 size-full\" src=\"http:\/\/larutadelasal.com\/custom\/uploads\/2023\/03\/DSC_6805-scaled.jpg\" alt=\"\" width=\"2560\" height=\"1709\" srcset=\"https:\/\/labs.100x100.net\/projects\/rutasal\/custom\/uploads\/2023\/03\/DSC_6805-scaled.jpg 2560w, https:\/\/labs.100x100.net\/projects\/rutasal\/custom\/uploads\/2023\/03\/DSC_6805-300x200.jpg 300w, https:\/\/labs.100x100.net\/projects\/rutasal\/custom\/uploads\/2023\/03\/DSC_6805-1024x684.jpg 1024w, https:\/\/labs.100x100.net\/projects\/rutasal\/custom\/uploads\/2023\/03\/DSC_6805-768x513.jpg 768w, https:\/\/labs.100x100.net\/projects\/rutasal\/custom\/uploads\/2023\/03\/DSC_6805-1536x1025.jpg 1536w, https:\/\/labs.100x100.net\/projects\/rutasal\/custom\/uploads\/2023\/03\/DSC_6805-2048x1367.jpg 2048w\" sizes=\"(max-width: 2560px) 100vw, 2560px\" \/><p id=\"caption-attachment-8164\" class=\"wp-caption-text\">Carla Ros, Comercial, y Carlos Peris, director general de MedCat Yachts, distribuidor de Bali en Espa\u00f1a<\/p><\/div>\n<p style=\"text-align: justify;\">El presidente de La Ruta de la Sal, <strong>Enrique Curt<\/strong>, ha remarcado la importancia que tienen este tipo de encuentros, ya que \u201cLa Ruta de la Sal no es tan solo una regata sino un evento de promoci\u00f3n de la vela, como deporte y como ocio. La constataci\u00f3n de este punto promocional es el siempre creciente n\u00famero de barcos de charter participantes, lo que supone para muchos aficionados su estreno en la navegaci\u00f3n de altura\u201d.<\/p>\n<div id=\"attachment_8167\" style=\"width: 2570px\" class=\"wp-caption alignnone\"><img loading=\"lazy\" decoding=\"async\" aria-describedby=\"caption-attachment-8167\" class=\"wp-image-8167 size-full\" src=\"http:\/\/larutadelasal.com\/custom\/uploads\/2023\/03\/DSC_6758-scaled.jpg\" alt=\"\" width=\"2560\" height=\"1709\" srcset=\"https:\/\/labs.100x100.net\/projects\/rutasal\/custom\/uploads\/2023\/03\/DSC_6758-scaled.jpg 2560w, https:\/\/labs.100x100.net\/projects\/rutasal\/custom\/uploads\/2023\/03\/DSC_6758-300x200.jpg 300w, https:\/\/labs.100x100.net\/projects\/rutasal\/custom\/uploads\/2023\/03\/DSC_6758-1024x684.jpg 1024w, https:\/\/labs.100x100.net\/projects\/rutasal\/custom\/uploads\/2023\/03\/DSC_6758-768x513.jpg 768w, https:\/\/labs.100x100.net\/projects\/rutasal\/custom\/uploads\/2023\/03\/DSC_6758-1536x1025.jpg 1536w, https:\/\/labs.100x100.net\/projects\/rutasal\/custom\/uploads\/2023\/03\/DSC_6758-2048x1367.jpg 2048w\" sizes=\"(max-width: 2560px) 100vw, 2560px\" \/><p id=\"caption-attachment-8167\" class=\"wp-caption-text\">Enrique Curt, Presidente de La Ruta de la Sal, y Xavier Torres, presidente de la Federaci\u00f3n Catalana de Vela<\/p><\/div>\n<p style=\"text-align: justify;\">Por \u00faltimo, ha intervenido <strong>Xavier Torres<\/strong>, presidente de la Federaci\u00f3n Catalana de Vela, quien ha querido agradecer al \u201cClub N\u00e1utico Skipper por mantener su ilusi\u00f3n inquebrantable a trav\u00e9s de los a\u00f1os, a prueba de crisis y de pandemias. La Ruta de la Sal es un evento que anima a adentrarse en el apasionante mundo del deporte de la vela, siendo un trampol\u00edn de acceso al mundo de las regatas\u201d.<\/p>\n<h3 style=\"text-align: center;\"><strong>Los datos m\u00e1s relevantes de la XXXV Ruta de la Sal<\/strong><\/h3>\n<p style=\"text-align: justify;\">Ya sea zarpando desde Port Ginesta o soltando amarras en el Real Club N\u00e1utico de Denia, todos los participantes de la XXXV edici\u00f3n de La Ruta de la Sal, pondr\u00e1n rumbo a Ibiza, m\u00e1s concretamente a Sant Antoni de Portmany, dispuestos a navegar, a disfrutar, a competir, en esta ocasi\u00f3n con varias novedades.<\/p>\n<p style=\"text-align: justify;\">En primer lugar, se estrena sistema de rating, habiendo adoptado el sistema ORC, con el apoyo de la Real Federaci\u00f3n Espa\u00f1ola de Vela, potenciando as\u00ed la internacionalizaci\u00f3n de esta regata de altura, sin duda una de las m\u00e1s atractivas del Mediterr\u00e1neo, por recorrido y calendario, al aprovechar las vacaciones de Semana Santa. Este sistema facilitar\u00e1 la distribuci\u00f3n de la flota en grupos m\u00e1s equitativos, siendo importante la potenciaci\u00f3n de la presencia de los multicascos, quienes competir\u00e1n por el Trofeo Bali y\/o el Trofeo Med Cat, puesto que el primero est\u00e1 destinado al Bali mejor clasificado. Mientras que el segundo, que lleva el nombre del representante de esta marca en Espa\u00f1a, premiar\u00e1 al catamar\u00e1n vencedor, sea de la marca que sea, pudi\u00e9ndose dar el caso de que ambos vayan a parar a una misma tripulaci\u00f3n.<\/p>\n<p style=\"text-align: justify;\">Los barcos de charter, cada vez m\u00e1s numerosos en La Ruta de la Sal, mantendr\u00e1n a su vez una intensa lucha particular para conseguir el trofeo GlobeSailor, aunque el objetivo central de todos los participantes ser\u00e1 hacerse merecedor de uno de los relojes quatix\u00ae7 que Garmin pone en juego para los ganadores absolutos.<\/p>\n<p style=\"text-align: justify;\">Nuevamente Ausmar ofrece todo tipo de asesoramiento sobre la seguridad a bordo, para que todos en perfectas condiciones y con ganas de disfrutar de los m\u00faltiples atractivos de Ibiza y de la c\u00e1lida acogida del Club N\u00e1utico de Sant Antoni de Pormany, que este a\u00f1o cumple su 50\u00ba aniversario.<\/p>\n<p style=\"text-align: justify;\">Tanto el Ayuntamiento de esta localidad, como el Consell Insular d\u2019Eivissa, as\u00ed como Ports IB, atienden a los participantes de La Ruta de la Sal conocedores del gran rol que esta regata juega en la promoci\u00f3n de esta bell\u00edsima isla en lo que concierne al turismo deportivo y de calidad, aparte de potenciar la tan deseada desestacionalizaci\u00f3n. Este indispensable apoyo se extiende a su vez a otros estamentos, como Salvamento Mar\u00edtimo, el Servicio Mar\u00edtimo de la Guardia Civil, la Real Federaci\u00f3n Espa\u00f1ola de Vela, sus delegaciones valenciana, catalana y balear, as\u00ed como a diversas empresas tales como Trasmed, Gramona, Ultimoo, Yamaha y SailSelect. A esta edici\u00f3n se unen Vetus y Nautical Channel, con lo que supone la incorporaci\u00f3n de esta \u00faltima en cuanto a la difusi\u00f3n internacional de La Ruta de la Sal, a trav\u00e9s de su canal televisivo que llega a cerca de 44 millones de hogares europeos.<\/p>\n<p style=\"text-align: justify;\">La organizaci\u00f3n ha invitado a todos los interesados a \u201cque nos acompa\u00f1en en esta incomparable aventura deportiva y que vengan a compartir con nosotros la incomparable emoci\u00f3n de la llegada a Ibiza de los participantes de esta 35\u00aa edici\u00f3n de La Ruta de la Sal, tras las 140 millas recorridas desde Port Ginesta o bien las 120 que la separan de Denia\u201d.<\/p>\n<p><strong>\u00a0Fotos: \u00a9AlfredFarre.com<\/strong><\/p>\n<p><strong>\u00a0<\/strong><\/p>\n","protected":false},"excerpt":{"rendered":"<p>Ayer tuvo lugar la rueda de prensa de presentaci\u00f3n en la que se anunciaron todos los detalles de esta m\u00edtica regata de altura del Mediterr\u00e1neo que cuenta con 170 barcos preinscritos &nbsp; &nbsp; La Ruta de la Sal present\u00f3 ayer su 35\u00aa edici\u00f3n que partir\u00e1 de Port Ginesta y del Real Club N\u00e1utico de Denia [&hellip;]<\/p>\n","protected":false},"author":1,"featured_media":8143,"comment_status":"open","ping_status":"open","sticky":false,"template":"","format":"standard","meta":{"_acf_changed":false,"footnotes":""},"categories":[3],"tags":[],"acf":[],"yoast_head":"<!-- This site is optimized with the Yoast SEO plugin v23.0 - https:\/\/yoast.com\/wordpress\/plugins\/seo\/ -->\n<title>Ayer se celebr\u00f3 la Rueda de Prensa de presentaci\u00f3n de La Ruta de la Sal que en tres semanas dar\u00e1 el pistoletazo de salida<\/title>\n<meta name=\"description\" content=\"Ayer tuvo lugar la rueda de prensa de presentaci\u00f3n en la que se anunciaron todos los detalles de esta regata que cuenta con 170 barcos preinscritos.\" \/>\n<meta name=\"robots\" content=\"noindex, follow, max-snippet:-1, max-image-preview:large, max-video-preview:-1\" \/>\n<meta property=\"og:locale\" content=\"es_ES\" \/>\n<meta property=\"og:type\" content=\"article\" \/>\n<meta property=\"og:title\" content=\"Ayer se celebr\u00f3 la Rueda de Prensa de presentaci\u00f3n de La Ruta de la Sal que en tres semanas dar\u00e1 el pistoletazo de salida\" \/>\n<meta property=\"og:description\" content=\"Ayer tuvo lugar la rueda de prensa de presentaci\u00f3n en la que se anunciaron todos los detalles de esta regata que cuenta con 170 barcos preinscritos.\" \/>\n<meta property=\"og:url\" content=\"https:\/\/labs.100x100.net\/projects\/rutasal\/rueda-de-prensa\/\" \/>\n<meta property=\"og:site_name\" content=\"Regata La Ruta de la Sal\" \/>\n<meta property=\"article:publisher\" content=\"https:\/\/www.facebook.com\/rutadelasal\/\" \/>\n<meta property=\"article:published_time\" content=\"2023-03-15T22:29:34+00:00\" \/>\n<meta property=\"article:modified_time\" content=\"2023-03-30T00:42:20+00:00\" \/>\n<meta property=\"og:image\" content=\"https:\/\/labs.100x100.net\/projects\/rutasal\/custom\/uploads\/2023\/03\/DSC_6771-scaled.jpg\" \/>\n\t<meta property=\"og:image:width\" content=\"2560\" \/>\n\t<meta property=\"og:image:height\" content=\"1709\" \/>\n\t<meta property=\"og:image:type\" content=\"image\/jpeg\" \/>\n<meta name=\"author\" content=\"La Ruta de la Sal\" \/>\n<meta name=\"twitter:card\" content=\"summary_large_image\" \/>\n<meta name=\"twitter:creator\" content=\"@AnamMedi\" \/>\n<meta name=\"twitter:site\" content=\"@AnamMedi\" \/>\n<meta name=\"twitter:label1\" content=\"Escrito por\" \/>\n\t<meta name=\"twitter:data1\" content=\"La Ruta de la Sal\" \/>\n\t<meta name=\"twitter:label2\" content=\"Tiempo de lectura\" \/>\n\t<meta name=\"twitter:data2\" content=\"9 minutos\" \/>\n<script type=\"application\/ld+json\" class=\"yoast-schema-graph\">{\"@context\":\"https:\/\/schema.org\",\"@graph\":[{\"@type\":\"WebPage\",\"@id\":\"https:\/\/labs.100x100.net\/projects\/rutasal\/rueda-de-prensa\/\",\"url\":\"https:\/\/labs.100x100.net\/projects\/rutasal\/rueda-de-prensa\/\",\"name\":\"Ayer se celebr\u00f3 la Rueda de Prensa de presentaci\u00f3n de La Ruta de la Sal que en tres semanas dar\u00e1 el pistoletazo de salida\",\"isPartOf\":{\"@id\":\"https:\/\/labs.100x100.net\/projects\/rutasal\/#website\"},\"primaryImageOfPage\":{\"@id\":\"https:\/\/labs.100x100.net\/projects\/rutasal\/rueda-de-prensa\/#primaryimage\"},\"image\":{\"@id\":\"https:\/\/labs.100x100.net\/projects\/rutasal\/rueda-de-prensa\/#primaryimage\"},\"thumbnailUrl\":\"https:\/\/labs.100x100.net\/projects\/rutasal\/custom\/uploads\/2023\/03\/DSC_6771-scaled.jpg\",\"datePublished\":\"2023-03-15T22:29:34+00:00\",\"dateModified\":\"2023-03-30T00:42:20+00:00\",\"author\":{\"@id\":\"https:\/\/labs.100x100.net\/projects\/rutasal\/#\/schema\/person\/214eeb4a2e78fd8373a0a94f6d93c9ca\"},\"description\":\"Ayer tuvo lugar la rueda de prensa de presentaci\u00f3n en la que se anunciaron todos los detalles de esta regata que cuenta con 170 barcos preinscritos.\",\"breadcrumb\":{\"@id\":\"https:\/\/labs.100x100.net\/projects\/rutasal\/rueda-de-prensa\/#breadcrumb\"},\"inLanguage\":\"es\",\"potentialAction\":[{\"@type\":\"ReadAction\",\"target\":[\"https:\/\/labs.100x100.net\/projects\/rutasal\/rueda-de-prensa\/\"]}]},{\"@type\":\"ImageObject\",\"inLanguage\":\"es\",\"@id\":\"https:\/\/labs.100x100.net\/projects\/rutasal\/rueda-de-prensa\/#primaryimage\",\"url\":\"https:\/\/labs.100x100.net\/projects\/rutasal\/custom\/uploads\/2023\/03\/DSC_6771-scaled.jpg\",\"contentUrl\":\"https:\/\/labs.100x100.net\/projects\/rutasal\/custom\/uploads\/2023\/03\/DSC_6771-scaled.jpg\",\"width\":2560,\"height\":1709},{\"@type\":\"BreadcrumbList\",\"@id\":\"https:\/\/labs.100x100.net\/projects\/rutasal\/rueda-de-prensa\/#breadcrumb\",\"itemListElement\":[{\"@type\":\"ListItem\",\"position\":1,\"name\":\"Portada\",\"item\":\"https:\/\/labs.100x100.net\/projects\/rutasal\/\"},{\"@type\":\"ListItem\",\"position\":2,\"name\":\"Ayer se celebr\u00f3 la Rueda de Prensa de presentaci\u00f3n de La Ruta de la Sal que en tres semanas dar\u00e1 el pistoletazo de salida\"}]},{\"@type\":\"WebSite\",\"@id\":\"https:\/\/labs.100x100.net\/projects\/rutasal\/#website\",\"url\":\"https:\/\/labs.100x100.net\/projects\/rutasal\/\",\"name\":\"Regata La Ruta de la Sal\",\"description\":\"Regata La Ruta de la Sal es una regata de Altura Mediterr\u00e1nea para barcos de crucero a vela con destino en Ibiza, que se disputa anualmente en Semana Santa.\",\"potentialAction\":[{\"@type\":\"SearchAction\",\"target\":{\"@type\":\"EntryPoint\",\"urlTemplate\":\"https:\/\/labs.100x100.net\/projects\/rutasal\/?s={search_term_string}\"},\"query-input\":\"required name=search_term_string\"}],\"inLanguage\":\"es\"},{\"@type\":\"Person\",\"@id\":\"https:\/\/labs.100x100.net\/projects\/rutasal\/#\/schema\/person\/214eeb4a2e78fd8373a0a94f6d93c9ca\",\"name\":\"La Ruta de la Sal\",\"image\":{\"@type\":\"ImageObject\",\"inLanguage\":\"es\",\"@id\":\"https:\/\/labs.100x100.net\/projects\/rutasal\/#\/schema\/person\/image\/\",\"url\":\"https:\/\/secure.gravatar.com\/avatar\/b247286d4b801d6b1cfcfb3807587284?s=96&d=mm&r=g\",\"contentUrl\":\"https:\/\/secure.gravatar.com\/avatar\/b247286d4b801d6b1cfcfb3807587284?s=96&d=mm&r=g\",\"caption\":\"La Ruta de la Sal\"}}]}<\/script>\n<!-- \/ Yoast SEO plugin. -->","yoast_head_json":{"title":"Ayer se celebr\u00f3 la Rueda de Prensa de presentaci\u00f3n de La Ruta de la Sal que en tres semanas dar\u00e1 el pistoletazo de salida","description":"Ayer tuvo lugar la rueda de prensa de presentaci\u00f3n en la que se anunciaron todos los detalles de esta regata que cuenta con 170 barcos preinscritos.","robots":{"index":"noindex","follow":"follow","max-snippet":"max-snippet:-1","max-image-preview":"max-image-preview:large","max-video-preview":"max-video-preview:-1"},"og_locale":"es_ES","og_type":"article","og_title":"Ayer se celebr\u00f3 la Rueda de Prensa de presentaci\u00f3n de La Ruta de la Sal que en tres semanas dar\u00e1 el pistoletazo de salida","og_description":"Ayer tuvo lugar la rueda de prensa de presentaci\u00f3n en la que se anunciaron todos los detalles de esta regata que cuenta con 170 barcos preinscritos.","og_url":"https:\/\/labs.100x100.net\/projects\/rutasal\/rueda-de-prensa\/","og_site_name":"Regata La Ruta de la Sal","article_publisher":"https:\/\/www.facebook.com\/rutadelasal\/","article_published_time":"2023-03-15T22:29:34+00:00","article_modified_time":"2023-03-30T00:42:20+00:00","og_image":[{"width":2560,"height":1709,"url":"https:\/\/labs.100x100.net\/projects\/rutasal\/custom\/uploads\/2023\/03\/DSC_6771-scaled.jpg","type":"image\/jpeg"}],"author":"La Ruta de la Sal","twitter_card":"summary_large_image","twitter_creator":"@AnamMedi","twitter_site":"@AnamMedi","twitter_misc":{"Escrito por":"La Ruta de la Sal","Tiempo de lectura":"9 minutos"},"schema":{"@context":"https:\/\/schema.org","@graph":[{"@type":"WebPage","@id":"https:\/\/labs.100x100.net\/projects\/rutasal\/rueda-de-prensa\/","url":"https:\/\/labs.100x100.net\/projects\/rutasal\/rueda-de-prensa\/","name":"Ayer se celebr\u00f3 la Rueda de Prensa de presentaci\u00f3n de La Ruta de la Sal que en tres semanas dar\u00e1 el pistoletazo de salida","isPartOf":{"@id":"https:\/\/labs.100x100.net\/projects\/rutasal\/#website"},"primaryImageOfPage":{"@id":"https:\/\/labs.100x100.net\/projects\/rutasal\/rueda-de-prensa\/#primaryimage"},"image":{"@id":"https:\/\/labs.100x100.net\/projects\/rutasal\/rueda-de-prensa\/#primaryimage"},"thumbnailUrl":"https:\/\/labs.100x100.net\/projects\/rutasal\/custom\/uploads\/2023\/03\/DSC_6771-scaled.jpg","datePublished":"2023-03-15T22:29:34+00:00","dateModified":"2023-03-30T00:42:20+00:00","author":{"@id":"https:\/\/labs.100x100.net\/projects\/rutasal\/#\/schema\/person\/214eeb4a2e78fd8373a0a94f6d93c9ca"},"description":"Ayer tuvo lugar la rueda de prensa de presentaci\u00f3n en la que se anunciaron todos los detalles de esta regata que cuenta con 170 barcos preinscritos.","breadcrumb":{"@id":"https:\/\/labs.100x100.net\/projects\/rutasal\/rueda-de-prensa\/#breadcrumb"},"inLanguage":"es","potentialAction":[{"@type":"ReadAction","target":["https:\/\/labs.100x100.net\/projects\/rutasal\/rueda-de-prensa\/"]}]},{"@type":"ImageObject","inLanguage":"es","@id":"https:\/\/labs.100x100.net\/projects\/rutasal\/rueda-de-prensa\/#primaryimage","url":"https:\/\/labs.100x100.net\/projects\/rutasal\/custom\/uploads\/2023\/03\/DSC_6771-scaled.jpg","contentUrl":"https:\/\/labs.100x100.net\/projects\/rutasal\/custom\/uploads\/2023\/03\/DSC_6771-scaled.jpg","width":2560,"height":1709},{"@type":"BreadcrumbList","@id":"https:\/\/labs.100x100.net\/projects\/rutasal\/rueda-de-prensa\/#breadcrumb","itemListElement":[{"@type":"ListItem","position":1,"name":"Portada","item":"https:\/\/labs.100x100.net\/projects\/rutasal\/"},{"@type":"ListItem","position":2,"name":"Ayer se celebr\u00f3 la Rueda de Prensa de presentaci\u00f3n de La Ruta de la Sal que en tres semanas dar\u00e1 el pistoletazo de salida"}]},{"@type":"WebSite","@id":"https:\/\/labs.100x100.net\/projects\/rutasal\/#website","url":"https:\/\/labs.100x100.net\/projects\/rutasal\/","name":"Regata La Ruta de la Sal","description":"Regata La Ruta de la Sal es una regata de Altura Mediterr\u00e1nea para barcos de crucero a vela con destino en Ibiza, que se disputa anualmente en Semana Santa.","potentialAction":[{"@type":"SearchAction","target":{"@type":"EntryPoint","urlTemplate":"https:\/\/labs.100x100.net\/projects\/rutasal\/?s={search_term_string}"},"query-input":"required name=search_term_string"}],"inLanguage":"es"},{"@type":"Person","@id":"https:\/\/labs.100x100.net\/projects\/rutasal\/#\/schema\/person\/214eeb4a2e78fd8373a0a94f6d93c9ca","name":"La Ruta de la Sal","image":{"@type":"ImageObject","inLanguage":"es","@id":"https:\/\/labs.100x100.net\/projects\/rutasal\/#\/schema\/person\/image\/","url":"https:\/\/secure.gravatar.com\/avatar\/b247286d4b801d6b1cfcfb3807587284?s=96&d=mm&r=g","contentUrl":"https:\/\/secure.gravatar.com\/avatar\/b247286d4b801d6b1cfcfb3807587284?s=96&d=mm&r=g","caption":"La Ruta de la Sal"}}]}},"_links":{"self":[{"href":"https:\/\/labs.100x100.net\/projects\/rutasal\/wp-json\/wp\/v2\/posts\/8142"}],"collection":[{"href":"https:\/\/labs.100x100.net\/projects\/rutasal\/wp-json\/wp\/v2\/posts"}],"about":[{"href":"https:\/\/labs.100x100.net\/projects\/rutasal\/wp-json\/wp\/v2\/types\/post"}],"author":[{"embeddable":true,"href":"https:\/\/labs.100x100.net\/projects\/rutasal\/wp-json\/wp\/v2\/users\/1"}],"replies":[{"embeddable":true,"href":"https:\/\/labs.100x100.net\/projects\/rutasal\/wp-json\/wp\/v2\/comments?post=8142"}],"version-history":[{"count":10,"href":"https:\/\/labs.100x100.net\/projects\/rutasal\/wp-json\/wp\/v2\/posts\/8142\/revisions"}],"predecessor-version":[{"id":8179,"href":"https:\/\/labs.100x100.net\/projects\/rutasal\/wp-json\/wp\/v2\/posts\/8142\/revisions\/8179"}],"wp:featuredmedia":[{"embeddable":true,"href":"https:\/\/labs.100x100.net\/projects\/rutasal\/wp-json\/wp\/v2\/media\/8143"}],"wp:attachment":[{"href":"https:\/\/labs.100x100.net\/projects\/rutasal\/wp-json\/wp\/v2\/media?parent=8142"}],"wp:term":[{"taxonomy":"category","embeddable":true,"href":"https:\/\/labs.100x100.net\/projects\/rutasal\/wp-json\/wp\/v2\/categories?post=8142"},{"taxonomy":"post_tag","embeddable":true,"href":"https:\/\/labs.100x100.net\/projects\/rutasal\/wp-json\/wp\/v2\/tags?post=8142"}],"curies":[{"name":"wp","href":"https:\/\/api.w.org\/{rel}","templated":true}]}}