{"id":814,"date":"2011-12-21T09:29:35","date_gmt":"2011-12-21T09:29:35","guid":{"rendered":"https:\/\/larutadelasal.com\/?p=814"},"modified":"2019-03-14T12:19:34","modified_gmt":"2019-03-14T10:19:34","slug":"814","status":"publish","type":"post","link":"https:\/\/labs.100x100.net\/projects\/rutasal\/814\/","title":{"rendered":"25 Regata de Altura La Ruta de la Sal \u2013 Trofeo Pepe Ferres"},"content":{"rendered":"<p style=\"text-align: justify;\"><strong>25 Regata de Altura<br \/>\nLa Ruta de La Sal &#8211; Trofeo Pepe Ferres.<\/strong><\/p>\n<p style=\"text-align: justify;\"><strong>&#8211; La 25 Ruta de la Sal contin\u00faa siendo una clara referencia deportiva de \u00e1mbito nacional e internacional.<\/strong><\/p>\n<p style=\"text-align: justify;\">Todo parece indicar que la <strong>25 edici\u00f3n de la Regata de Altura de La Ruta de la Sal &#8211; Trofeo Pepe Ferres<\/strong> volver\u00e1 a ser una clara referencia nacional e internacional por los \u00edndices de participaci\u00f3n que se adelantan tras los resultados de un primer periodo de inscripciones que se inici\u00f3 en el Sal\u00f3n N\u00e1utico Internacional del Barcelona.<br \/>\nBajo aspectos deportivos, la <strong>Versi\u00f3n Norte de La Sal<\/strong> que zarpara el pr\u00f3ximo jueves 5 de abril del 2012 desde el CM Port Ginesta,\u00a0 se competir\u00e1 sobre un recorrido de 140 millas con rumbo directo hasta el CN Sant Antoni de Portmany en Ibiza. La <strong>Versi\u00f3n Este <\/strong>que partir\u00e1 el mismo d\u00eda desde el RC N\u00e1utico de Denia, se vera obligada a cubrir un circuito de 120 millas que implicar\u00e1 tomar Formentera por babor, la Isla de Tagomago y, navegando por la costa norte de Ibiza, llegar hasta Sant Antoni. Recorrido, este \u00faltimo, que podr\u00eda, si es el caso, modificarse si las condiciones meteorol\u00f3gicas as\u00ed lo sugiriesen.<br \/>\nTras las experiencias deportivas de los \u00faltimos a\u00f1os se confirma que las derrotas desde Denia y Barcelona -Port Ginesta- hasta Sant Antoni de Portmany en Ibiza, abren interesantes expectativas deportivas para la gran mayor\u00eda de los participantes, asegurando, en ambos casos, unas navegaciones muy t\u00e1cticas y din\u00e1micas. La Versi\u00f3n Este se dibuja como una exigente y compleja regata en la que cohabitan la navegaci\u00f3n de altura con un recorrido costero cargado de opciones. La Versi\u00f3n Norte es una navegaci\u00f3n de altura muy condicionada por los panoramas meteorol\u00f3gicos de las costas norte de Mallorca e Ibiza y, tambi\u00e9n del Golfo de Sant Jordi. Muchos alicientes deportivos para una regata hist\u00f3rica que hoy se muestra m\u00e1s din\u00e1mica y competitiva que nunca.<\/p>\n<p style=\"text-align: justify;\"><a class=\"tt-flickr tt-flickr-Medium\" title=\"DSC_3798\" href=\"http:\/\/www.flickr.com\/photos\/circuitoanam\/5639699221\/\"><img loading=\"lazy\" decoding=\"async\" class=\"alignnone\" src=\"http:\/\/farm6.static.flickr.com\/5223\/5639699221_3fd368b9ac.jpg\" alt=\"DSC_3798\" width=\"320\" height=\"229\" \/><\/a> <a class=\"tt-flickr tt-flickr-Medium\" title=\"DSC06085\" href=\"http:\/\/www.flickr.com\/photos\/circuitoanam\/5645600339\/\"><img loading=\"lazy\" decoding=\"async\" class=\"alignnone\" src=\"http:\/\/farm6.static.flickr.com\/5268\/5645600339_c32a8da8a3.jpg\" alt=\"DSC06085\" width=\"320\" height=\"229\" \/><\/a><br \/>\nEn la arribada a Ibiza, contin\u00faa el nuevo formato del Village de La Sal, ubicado estrat\u00e9gicamente en el Puerto de Sant Antoni proyectado como centro de referencia obligado donde participantes, visitantes y todo el que se sienta atra\u00eddo por la magia de la competici\u00f3n de altura podr\u00e1n disfrutar de una amplia gama de prestaciones que, sin duda alguna, permitir\u00e1n que su estancia en Ibiza sea m\u00e1s agradable.<\/p>\n<p style=\"text-align: justify;\">La Ruta de la Sal, sin duda alguna,\u00a0 durante los \u00faltimos 25 a\u00f1os ha contribuido de una manera decisiva a fomentar y promocionar\u00a0 la navegaci\u00f3n de crucero en nuestro pa\u00eds y hoy en d\u00eda es la regata de altura m\u00e1s consolidada del Mediterr\u00e1neo, l\u00edder indiscutible en \u00edndices de participaci\u00f3n y popularidad. Una prueba que ha recibido significativos reconocimientos internacionales, que el prestigioso\u00a0 Royal Ocean Racing Club &#8211; RORC &#8211; Brit\u00e1nico incluyo en su calendario internacional destacando su gran calidad t\u00e9cnica y deportiva.<\/p>\n<p style=\"text-align: justify;\">Pero tal vez lo que es m\u00e1s importante es que tras estos 25 a\u00f1os de historia, la organizaci\u00f3n de La Ruta de La Sal se mantiene fiel a aquellos planteamientos\u00a0\u00a0 que hicieron que, en aquel ya lejano 1989, Pepe Farres y su equipo de ANAM apostasen por esta gran aventura. La Ruta de La Sal contin\u00faa siendo una regata dise\u00f1ada para fomentar la afici\u00f3n por la navegaci\u00f3n de altura. Contin\u00faa siendo una regata abierta con muchas opciones para participar. Las Clases agrupan a las embarcaciones por periodos cronol\u00f3gicos, lo que equipara\u00a0\u00a0 dise\u00f1os y modelos constructivos. Buscando una contemporaneidad\u00a0 que, normalmente, equilibra mucho las cosas.\u00a0 Opciones para tripulaciones completas y reducidas. Para equipos femeninos. En el mar muchas ayudas, sistemas de comunicaci\u00f3n que organizan y estructuran la competici\u00f3n, ubicando regularmente a cada participante, dulcificando, en muchas ocasiones, una navegaci\u00f3n dura por mucho o por poco viento\u2026<br \/>\n<a href=\"https:\/\/larutadelasal.com\/custom\/uploads\/2011\/12\/Copia-de-ICC03.jpg\"><img loading=\"lazy\" decoding=\"async\" class=\"alignnone size-full wp-image-818\" title=\"Copia de ICC03\" src=\"https:\/\/larutadelasal.com\/custom\/uploads\/2011\/12\/Copia-de-ICC03.jpg\" alt=\"\" width=\"657\" height=\"447\" \/><\/a><\/p>\n","protected":false},"excerpt":{"rendered":"<p>25 Regata de Altura La Ruta de La Sal &#8211; Trofeo Pepe Ferres. &#8211; La 25 Ruta de la Sal contin\u00faa siendo una clara referencia deportiva de \u00e1mbito nacional e internacional. Todo parece indicar que la 25 edici\u00f3n de la Regata de Altura de La Ruta de la Sal &#8211; Trofeo Pepe Ferres volver\u00e1 a [&hellip;]<\/p>\n","protected":false},"author":1,"featured_media":3894,"comment_status":"open","ping_status":"open","sticky":false,"template":"","format":"standard","meta":{"_acf_changed":false,"footnotes":""},"categories":[3],"tags":[],"acf":[],"yoast_head":"<!-- This site is optimized with the Yoast SEO plugin v23.0 - https:\/\/yoast.com\/wordpress\/plugins\/seo\/ -->\n<title>25 Regata de Altura La Ruta de la Sal \u2013 Trofeo Pepe Ferres | Regata La Ruta de la Sal<\/title>\n<meta name=\"robots\" content=\"noindex, follow, max-snippet:-1, max-image-preview:large, max-video-preview:-1\" \/>\n<meta property=\"og:locale\" content=\"es_ES\" \/>\n<meta property=\"og:type\" content=\"article\" \/>\n<meta property=\"og:title\" content=\"25 Regata de Altura La Ruta de la Sal \u2013 Trofeo Pepe Ferres | Regata La Ruta de la Sal\" \/>\n<meta property=\"og:description\" content=\"25 Regata de Altura La Ruta de La Sal &#8211; Trofeo Pepe Ferres. &#8211; La 25 Ruta de la Sal contin\u00faa siendo una clara referencia deportiva de \u00e1mbito nacional e internacional. Todo parece indicar que la 25 edici\u00f3n de la Regata de Altura de La Ruta de la Sal &#8211; Trofeo Pepe Ferres volver\u00e1 a [&hellip;]\" \/>\n<meta property=\"og:url\" content=\"https:\/\/labs.100x100.net\/projects\/rutasal\/814\/\" \/>\n<meta property=\"og:site_name\" content=\"Regata La Ruta de la Sal\" \/>\n<meta property=\"article:publisher\" content=\"https:\/\/www.facebook.com\/rutadelasal\/\" \/>\n<meta property=\"article:published_time\" content=\"2011-12-21T09:29:35+00:00\" \/>\n<meta property=\"article:modified_time\" content=\"2019-03-14T10:19:34+00:00\" \/>\n<meta property=\"og:image\" content=\"https:\/\/labs.100x100.net\/projects\/rutasal\/custom\/uploads\/2011\/12\/Copia-de-ICC03-1.jpg\" \/>\n\t<meta property=\"og:image:width\" content=\"2362\" \/>\n\t<meta property=\"og:image:height\" content=\"1714\" \/>\n\t<meta property=\"og:image:type\" content=\"image\/jpeg\" \/>\n<meta name=\"author\" content=\"La Ruta de la Sal\" \/>\n<meta name=\"twitter:card\" content=\"summary_large_image\" \/>\n<meta name=\"twitter:creator\" content=\"@AnamMedi\" \/>\n<meta name=\"twitter:site\" content=\"@AnamMedi\" \/>\n<meta name=\"twitter:label1\" content=\"Escrito por\" \/>\n\t<meta name=\"twitter:data1\" content=\"La Ruta de la Sal\" \/>\n\t<meta name=\"twitter:label2\" content=\"Tiempo de lectura\" \/>\n\t<meta name=\"twitter:data2\" content=\"3 minutos\" \/>\n<script type=\"application\/ld+json\" class=\"yoast-schema-graph\">{\"@context\":\"https:\/\/schema.org\",\"@graph\":[{\"@type\":\"WebPage\",\"@id\":\"https:\/\/labs.100x100.net\/projects\/rutasal\/814\/\",\"url\":\"https:\/\/labs.100x100.net\/projects\/rutasal\/814\/\",\"name\":\"25 Regata de Altura La Ruta de la Sal \u2013 Trofeo Pepe Ferres | Regata La Ruta de la Sal\",\"isPartOf\":{\"@id\":\"https:\/\/labs.100x100.net\/projects\/rutasal\/#website\"},\"primaryImageOfPage\":{\"@id\":\"https:\/\/labs.100x100.net\/projects\/rutasal\/814\/#primaryimage\"},\"image\":{\"@id\":\"https:\/\/labs.100x100.net\/projects\/rutasal\/814\/#primaryimage\"},\"thumbnailUrl\":\"https:\/\/labs.100x100.net\/projects\/rutasal\/custom\/uploads\/2011\/12\/Copia-de-ICC03-1.jpg\",\"datePublished\":\"2011-12-21T09:29:35+00:00\",\"dateModified\":\"2019-03-14T10:19:34+00:00\",\"author\":{\"@id\":\"https:\/\/labs.100x100.net\/projects\/rutasal\/#\/schema\/person\/214eeb4a2e78fd8373a0a94f6d93c9ca\"},\"breadcrumb\":{\"@id\":\"https:\/\/labs.100x100.net\/projects\/rutasal\/814\/#breadcrumb\"},\"inLanguage\":\"es\",\"potentialAction\":[{\"@type\":\"ReadAction\",\"target\":[\"https:\/\/labs.100x100.net\/projects\/rutasal\/814\/\"]}]},{\"@type\":\"ImageObject\",\"inLanguage\":\"es\",\"@id\":\"https:\/\/labs.100x100.net\/projects\/rutasal\/814\/#primaryimage\",\"url\":\"https:\/\/labs.100x100.net\/projects\/rutasal\/custom\/uploads\/2011\/12\/Copia-de-ICC03-1.jpg\",\"contentUrl\":\"https:\/\/labs.100x100.net\/projects\/rutasal\/custom\/uploads\/2011\/12\/Copia-de-ICC03-1.jpg\",\"width\":2362,\"height\":1714},{\"@type\":\"BreadcrumbList\",\"@id\":\"https:\/\/labs.100x100.net\/projects\/rutasal\/814\/#breadcrumb\",\"itemListElement\":[{\"@type\":\"ListItem\",\"position\":1,\"name\":\"Portada\",\"item\":\"https:\/\/labs.100x100.net\/projects\/rutasal\/\"},{\"@type\":\"ListItem\",\"position\":2,\"name\":\"25 Regata de Altura La Ruta de la Sal \u2013 Trofeo Pepe Ferres\"}]},{\"@type\":\"WebSite\",\"@id\":\"https:\/\/labs.100x100.net\/projects\/rutasal\/#website\",\"url\":\"https:\/\/labs.100x100.net\/projects\/rutasal\/\",\"name\":\"Regata La Ruta de la Sal\",\"description\":\"Regata La Ruta de la Sal es una regata de Altura Mediterr\u00e1nea para barcos de crucero a vela con destino en Ibiza, que se disputa anualmente en Semana Santa.\",\"potentialAction\":[{\"@type\":\"SearchAction\",\"target\":{\"@type\":\"EntryPoint\",\"urlTemplate\":\"https:\/\/labs.100x100.net\/projects\/rutasal\/?s={search_term_string}\"},\"query-input\":\"required name=search_term_string\"}],\"inLanguage\":\"es\"},{\"@type\":\"Person\",\"@id\":\"https:\/\/labs.100x100.net\/projects\/rutasal\/#\/schema\/person\/214eeb4a2e78fd8373a0a94f6d93c9ca\",\"name\":\"La Ruta de la Sal\",\"image\":{\"@type\":\"ImageObject\",\"inLanguage\":\"es\",\"@id\":\"https:\/\/labs.100x100.net\/projects\/rutasal\/#\/schema\/person\/image\/\",\"url\":\"https:\/\/secure.gravatar.com\/avatar\/b247286d4b801d6b1cfcfb3807587284?s=96&d=mm&r=g\",\"contentUrl\":\"https:\/\/secure.gravatar.com\/avatar\/b247286d4b801d6b1cfcfb3807587284?s=96&d=mm&r=g\",\"caption\":\"La Ruta de la Sal\"}}]}<\/script>\n<!-- \/ Yoast SEO plugin. -->","yoast_head_json":{"title":"25 Regata de Altura La Ruta de la Sal \u2013 Trofeo Pepe Ferres | Regata La Ruta de la Sal","robots":{"index":"noindex","follow":"follow","max-snippet":"max-snippet:-1","max-image-preview":"max-image-preview:large","max-video-preview":"max-video-preview:-1"},"og_locale":"es_ES","og_type":"article","og_title":"25 Regata de Altura La Ruta de la Sal \u2013 Trofeo Pepe Ferres | Regata La Ruta de la Sal","og_description":"25 Regata de Altura La Ruta de La Sal &#8211; Trofeo Pepe Ferres. &#8211; La 25 Ruta de la Sal contin\u00faa siendo una clara referencia deportiva de \u00e1mbito nacional e internacional. Todo parece indicar que la 25 edici\u00f3n de la Regata de Altura de La Ruta de la Sal &#8211; Trofeo Pepe Ferres volver\u00e1 a [&hellip;]","og_url":"https:\/\/labs.100x100.net\/projects\/rutasal\/814\/","og_site_name":"Regata La Ruta de la Sal","article_publisher":"https:\/\/www.facebook.com\/rutadelasal\/","article_published_time":"2011-12-21T09:29:35+00:00","article_modified_time":"2019-03-14T10:19:34+00:00","og_image":[{"width":2362,"height":1714,"url":"https:\/\/labs.100x100.net\/projects\/rutasal\/custom\/uploads\/2011\/12\/Copia-de-ICC03-1.jpg","type":"image\/jpeg"}],"author":"La Ruta de la Sal","twitter_card":"summary_large_image","twitter_creator":"@AnamMedi","twitter_site":"@AnamMedi","twitter_misc":{"Escrito por":"La Ruta de la Sal","Tiempo de lectura":"3 minutos"},"schema":{"@context":"https:\/\/schema.org","@graph":[{"@type":"WebPage","@id":"https:\/\/labs.100x100.net\/projects\/rutasal\/814\/","url":"https:\/\/labs.100x100.net\/projects\/rutasal\/814\/","name":"25 Regata de Altura La Ruta de la Sal \u2013 Trofeo Pepe Ferres | Regata La Ruta de la Sal","isPartOf":{"@id":"https:\/\/labs.100x100.net\/projects\/rutasal\/#website"},"primaryImageOfPage":{"@id":"https:\/\/labs.100x100.net\/projects\/rutasal\/814\/#primaryimage"},"image":{"@id":"https:\/\/labs.100x100.net\/projects\/rutasal\/814\/#primaryimage"},"thumbnailUrl":"https:\/\/labs.100x100.net\/projects\/rutasal\/custom\/uploads\/2011\/12\/Copia-de-ICC03-1.jpg","datePublished":"2011-12-21T09:29:35+00:00","dateModified":"2019-03-14T10:19:34+00:00","author":{"@id":"https:\/\/labs.100x100.net\/projects\/rutasal\/#\/schema\/person\/214eeb4a2e78fd8373a0a94f6d93c9ca"},"breadcrumb":{"@id":"https:\/\/labs.100x100.net\/projects\/rutasal\/814\/#breadcrumb"},"inLanguage":"es","potentialAction":[{"@type":"ReadAction","target":["https:\/\/labs.100x100.net\/projects\/rutasal\/814\/"]}]},{"@type":"ImageObject","inLanguage":"es","@id":"https:\/\/labs.100x100.net\/projects\/rutasal\/814\/#primaryimage","url":"https:\/\/labs.100x100.net\/projects\/rutasal\/custom\/uploads\/2011\/12\/Copia-de-ICC03-1.jpg","contentUrl":"https:\/\/labs.100x100.net\/projects\/rutasal\/custom\/uploads\/2011\/12\/Copia-de-ICC03-1.jpg","width":2362,"height":1714},{"@type":"BreadcrumbList","@id":"https:\/\/labs.100x100.net\/projects\/rutasal\/814\/#breadcrumb","itemListElement":[{"@type":"ListItem","position":1,"name":"Portada","item":"https:\/\/labs.100x100.net\/projects\/rutasal\/"},{"@type":"ListItem","position":2,"name":"25 Regata de Altura La Ruta de la Sal \u2013 Trofeo Pepe Ferres"}]},{"@type":"WebSite","@id":"https:\/\/labs.100x100.net\/projects\/rutasal\/#website","url":"https:\/\/labs.100x100.net\/projects\/rutasal\/","name":"Regata La Ruta de la Sal","description":"Regata La Ruta de la Sal es una regata de Altura Mediterr\u00e1nea para barcos de crucero a vela con destino en Ibiza, que se disputa anualmente en Semana Santa.","potentialAction":[{"@type":"SearchAction","target":{"@type":"EntryPoint","urlTemplate":"https:\/\/labs.100x100.net\/projects\/rutasal\/?s={search_term_string}"},"query-input":"required name=search_term_string"}],"inLanguage":"es"},{"@type":"Person","@id":"https:\/\/labs.100x100.net\/projects\/rutasal\/#\/schema\/person\/214eeb4a2e78fd8373a0a94f6d93c9ca","name":"La Ruta de la Sal","image":{"@type":"ImageObject","inLanguage":"es","@id":"https:\/\/labs.100x100.net\/projects\/rutasal\/#\/schema\/person\/image\/","url":"https:\/\/secure.gravatar.com\/avatar\/b247286d4b801d6b1cfcfb3807587284?s=96&d=mm&r=g","contentUrl":"https:\/\/secure.gravatar.com\/avatar\/b247286d4b801d6b1cfcfb3807587284?s=96&d=mm&r=g","caption":"La Ruta de la Sal"}}]}},"_links":{"self":[{"href":"https:\/\/labs.100x100.net\/projects\/rutasal\/wp-json\/wp\/v2\/posts\/814"}],"collection":[{"href":"https:\/\/labs.100x100.net\/projects\/rutasal\/wp-json\/wp\/v2\/posts"}],"about":[{"href":"https:\/\/labs.100x100.net\/projects\/rutasal\/wp-json\/wp\/v2\/types\/post"}],"author":[{"embeddable":true,"href":"https:\/\/labs.100x100.net\/projects\/rutasal\/wp-json\/wp\/v2\/users\/1"}],"replies":[{"embeddable":true,"href":"https:\/\/labs.100x100.net\/projects\/rutasal\/wp-json\/wp\/v2\/comments?post=814"}],"version-history":[{"count":1,"href":"https:\/\/labs.100x100.net\/projects\/rutasal\/wp-json\/wp\/v2\/posts\/814\/revisions"}],"predecessor-version":[{"id":3895,"href":"https:\/\/labs.100x100.net\/projects\/rutasal\/wp-json\/wp\/v2\/posts\/814\/revisions\/3895"}],"wp:featuredmedia":[{"embeddable":true,"href":"https:\/\/labs.100x100.net\/projects\/rutasal\/wp-json\/wp\/v2\/media\/3894"}],"wp:attachment":[{"href":"https:\/\/labs.100x100.net\/projects\/rutasal\/wp-json\/wp\/v2\/media?parent=814"}],"wp:term":[{"taxonomy":"category","embeddable":true,"href":"https:\/\/labs.100x100.net\/projects\/rutasal\/wp-json\/wp\/v2\/categories?post=814"},{"taxonomy":"post_tag","embeddable":true,"href":"https:\/\/labs.100x100.net\/projects\/rutasal\/wp-json\/wp\/v2\/tags?post=814"}],"curies":[{"name":"wp","href":"https:\/\/api.w.org\/{rel}","templated":true}]}}