{"id":8023,"date":"2023-03-10T12:12:47","date_gmt":"2023-03-10T10:12:47","guid":{"rendered":"https:\/\/larutadelasal.com\/?p=8023"},"modified":"2023-03-10T12:26:31","modified_gmt":"2023-03-10T10:26:31","slug":"nautical-channel","status":"publish","type":"post","link":"https:\/\/labs.100x100.net\/projects\/rutasal\/nautical-channel\/","title":{"rendered":"Nautical Channel lleva La Ruta de la Sal a una audiencia de hasta 44 millones de espectadores en su mayor\u00eda europeos"},"content":{"rendered":"<p><img loading=\"lazy\" decoding=\"async\" class=\"aligncenter wp-image-7888 \" src=\"http:\/\/larutadelasal.com\/custom\/uploads\/2023\/02\/Logo-Positivo3-1024x576.png\" alt=\"\" width=\"640\" height=\"360\" srcset=\"https:\/\/labs.100x100.net\/projects\/rutasal\/custom\/uploads\/2023\/02\/Logo-Positivo3-1024x576.png 1024w, https:\/\/labs.100x100.net\/projects\/rutasal\/custom\/uploads\/2023\/02\/Logo-Positivo3-300x169.png 300w, https:\/\/labs.100x100.net\/projects\/rutasal\/custom\/uploads\/2023\/02\/Logo-Positivo3-768x432.png 768w, https:\/\/labs.100x100.net\/projects\/rutasal\/custom\/uploads\/2023\/02\/Logo-Positivo3-1536x864.png 1536w, https:\/\/labs.100x100.net\/projects\/rutasal\/custom\/uploads\/2023\/02\/Logo-Positivo3.png 1920w\" sizes=\"(max-width: 640px) 100vw, 640px\" \/><\/p>\n<p style=\"text-align: justify;\"><strong>Nautical Channel y La Ruta de la Sal han alcanzado un acuerdo para emitir el programa resumen y los mejores momentos de la regata. La difusi\u00f3n a trav\u00e9s del canal tem\u00e1tico de televisi\u00f3n supondr\u00e1 la internacionalizaci\u00f3n del evento, que estar\u00e1 disponible en 42 pa\u00edses, en su mayor\u00eda europeos, y aumentar\u00e1 su audiencia potencial hasta los 44 millones de espectadores.<\/strong><\/p>\n<p style=\"text-align: justify;\">La Ruta de la Sal, la regata de altura m\u00e1s popular en Espa\u00f1a y una de las m\u00e1s c\u00e9lebres del Mediterr\u00e1neo, se organiza puntualmente cada Semana Santa desde hace 35 a\u00f1os. Cuenta con dos versiones que parten de dos puertos diferentes, Port Ginesta (Castelldefels, Barcelona) y el Real Club N\u00e1utico de Denia (Alicante), ambas con un mismo destino: Sant Antoni de Portmany, en la isla de Ibiza. La edici\u00f3n 2023 se celebrar\u00e1 a partir del jueves, <strong>6 de abril<\/strong>.<\/p>\n<p style=\"text-align: justify;\">La regata tiene una receta \u00fanica de deporte, aventura, competici\u00f3n, encuentro y fiesta de navegantes. Es precisamente ese car\u00e1cter singular el que ha llevado a N\u00e1utical Channel a aliarse con La Ruta de la Sal como Media Partner.<\/p>\n<p style=\"text-align: justify;\">Gracias al acuerdo de difusi\u00f3n, las im\u00e1genes de La Ruta de la Sal y de sus patrocinadores podr\u00e1n llegar a <strong>44 millones de hogares en 42 pa\u00edses<\/strong>. La audiencia es especialmente relevante en pa\u00edses vecinos como Francia, donde Nautical Channel alcanza a 17 millones de hogares, o en Portugal, donde est\u00e1 accesible en 6,7 millones de hogares en las plataformas de Vodafone y Nos.<\/p>\n<p style=\"text-align: justify;\">Este acuerdo supone, adem\u00e1s, un fuerte impulso al proceso de <strong>internacionalizaci\u00f3n del evento <\/strong>y a su capacidad de promocionar <strong>Ibiza<\/strong> como destino de <strong>turismo n\u00e1utico y deportivo<\/strong>. M\u00e1s all\u00e1 de un mero incremento cuantitativo de la audiencia potencial, el car\u00e1cter especializado de Nautical Channel garantiza la calidad de dicha audiencia, ya que se dirige a personas interesadas espec\u00edficamente en el mar y la n\u00e1utica.<\/p>\n<p style=\"text-align: justify;\">Se calcula que la proyecci\u00f3n internacional de La Ruta de la Sal a trav\u00e9s de las emisiones de Nautical Channel duplicar\u00e1 el impacto de ediciones anteriores. La regata -que ya se emit\u00eda en Espa\u00f1a desde Movistar+ (a trav\u00e9s de Nautical Channel), en Teledeporte de RTVE y en la red de televisiones locales-, alcanz\u00f3 en 2022 a casi <strong>20 millones de espectadores<\/strong>, con un valor publicitario de m\u00e1s de <strong>750.000 euros<\/strong> y un valor de comunicaci\u00f3n de <strong>2.2 millones de euros<\/strong>.<\/p>\n<p style=\"text-align: justify;\">Nautical Channel es <strong>el \u00fanico canal de TV global<\/strong> dedicado 24\/7 a una programaci\u00f3n n\u00e1utica, con emisi\u00f3n en Espa\u00f1a a trav\u00e9s de Movistar+ (dial 77). Ofrece a los espectadores una nueva perspectiva de los deportes de vela, barcos a motor, surf, y de todos los deportes n\u00e1uticos junto con documentales de viajes y aventuras relacionados con el mar y la n\u00e1utica.<\/p>\n<p>&nbsp;<\/p>\n<div id=\"attachment_8030\" style=\"width: 1210px\" class=\"wp-caption alignnone\"><img loading=\"lazy\" decoding=\"async\" aria-describedby=\"caption-attachment-8030\" class=\"wp-image-8030 size-full\" src=\"http:\/\/larutadelasal.com\/custom\/uploads\/2023\/03\/La-Sal-2010-\u00a9AlfredFarre-La-Ruta-de-la-Sal2.jpg\" alt=\"\" width=\"1200\" height=\"802\" srcset=\"https:\/\/labs.100x100.net\/projects\/rutasal\/custom\/uploads\/2023\/03\/La-Sal-2010-\u00a9AlfredFarre-La-Ruta-de-la-Sal2.jpg 1200w, https:\/\/labs.100x100.net\/projects\/rutasal\/custom\/uploads\/2023\/03\/La-Sal-2010-\u00a9AlfredFarre-La-Ruta-de-la-Sal2-300x201.jpg 300w, https:\/\/labs.100x100.net\/projects\/rutasal\/custom\/uploads\/2023\/03\/La-Sal-2010-\u00a9AlfredFarre-La-Ruta-de-la-Sal2-1024x684.jpg 1024w, https:\/\/labs.100x100.net\/projects\/rutasal\/custom\/uploads\/2023\/03\/La-Sal-2010-\u00a9AlfredFarre-La-Ruta-de-la-Sal2-768x513.jpg 768w\" sizes=\"(max-width: 1200px) 100vw, 1200px\" \/><p id=\"caption-attachment-8030\" class=\"wp-caption-text\">\u00a9AlfredFarr\u00e9<\/p><\/div>\n","protected":false},"excerpt":{"rendered":"<p>Nautical Channel y La Ruta de la Sal han alcanzado un acuerdo para emitir el programa resumen y los mejores momentos de la regata. La difusi\u00f3n a trav\u00e9s del canal tem\u00e1tico de televisi\u00f3n supondr\u00e1 la internacionalizaci\u00f3n del evento, que estar\u00e1 disponible en 42 pa\u00edses, en su mayor\u00eda europeos, y aumentar\u00e1 su audiencia potencial hasta los [&hellip;]<\/p>\n","protected":false},"author":1,"featured_media":8030,"comment_status":"open","ping_status":"open","sticky":false,"template":"","format":"standard","meta":{"_acf_changed":false,"footnotes":""},"categories":[3],"tags":[],"acf":[],"yoast_head":"<!-- This site is optimized with the Yoast SEO plugin v23.0 - https:\/\/yoast.com\/wordpress\/plugins\/seo\/ -->\n<title>Nautical Channel lleva La Ruta de la Sal a una audiencia de hasta 44 millones de espectadores en su mayor\u00eda europeos<\/title>\n<meta name=\"description\" content=\"Nautical Channel y La Ruta de la Sal han alcanzado un acuerdo para emitir el programa resumen y los mejores momentos de la regata.\" \/>\n<meta name=\"robots\" content=\"noindex, follow, max-snippet:-1, max-image-preview:large, max-video-preview:-1\" \/>\n<meta property=\"og:locale\" content=\"es_ES\" \/>\n<meta property=\"og:type\" content=\"article\" \/>\n<meta property=\"og:title\" content=\"Nautical Channel lleva La Ruta de la Sal a una audiencia de hasta 44 millones de espectadores en su mayor\u00eda europeos\" \/>\n<meta property=\"og:description\" content=\"Nautical Channel y La Ruta de la Sal han alcanzado un acuerdo para emitir el programa resumen y los mejores momentos de la regata.\" \/>\n<meta property=\"og:url\" content=\"https:\/\/labs.100x100.net\/projects\/rutasal\/nautical-channel\/\" \/>\n<meta property=\"og:site_name\" content=\"Regata La Ruta de la Sal\" \/>\n<meta property=\"article:publisher\" content=\"https:\/\/www.facebook.com\/rutadelasal\/\" \/>\n<meta property=\"article:published_time\" content=\"2023-03-10T10:12:47+00:00\" \/>\n<meta property=\"article:modified_time\" content=\"2023-03-10T10:26:31+00:00\" \/>\n<meta property=\"og:image\" content=\"https:\/\/labs.100x100.net\/projects\/rutasal\/custom\/uploads\/2023\/03\/La-Sal-2010-\u00a9AlfredFarre-La-Ruta-de-la-Sal2.jpg\" \/>\n\t<meta property=\"og:image:width\" content=\"1200\" \/>\n\t<meta property=\"og:image:height\" content=\"802\" \/>\n\t<meta property=\"og:image:type\" content=\"image\/jpeg\" \/>\n<meta name=\"author\" content=\"La Ruta de la Sal\" \/>\n<meta name=\"twitter:card\" content=\"summary_large_image\" \/>\n<meta name=\"twitter:creator\" content=\"@AnamMedi\" \/>\n<meta name=\"twitter:site\" content=\"@AnamMedi\" \/>\n<meta name=\"twitter:label1\" content=\"Escrito por\" \/>\n\t<meta name=\"twitter:data1\" content=\"La Ruta de la Sal\" \/>\n\t<meta name=\"twitter:label2\" content=\"Tiempo de lectura\" \/>\n\t<meta name=\"twitter:data2\" content=\"3 minutos\" \/>\n<script type=\"application\/ld+json\" class=\"yoast-schema-graph\">{\"@context\":\"https:\/\/schema.org\",\"@graph\":[{\"@type\":\"WebPage\",\"@id\":\"https:\/\/labs.100x100.net\/projects\/rutasal\/nautical-channel\/\",\"url\":\"https:\/\/labs.100x100.net\/projects\/rutasal\/nautical-channel\/\",\"name\":\"Nautical Channel lleva La Ruta de la Sal a una audiencia de hasta 44 millones de espectadores en su mayor\u00eda europeos\",\"isPartOf\":{\"@id\":\"https:\/\/labs.100x100.net\/projects\/rutasal\/#website\"},\"primaryImageOfPage\":{\"@id\":\"https:\/\/labs.100x100.net\/projects\/rutasal\/nautical-channel\/#primaryimage\"},\"image\":{\"@id\":\"https:\/\/labs.100x100.net\/projects\/rutasal\/nautical-channel\/#primaryimage\"},\"thumbnailUrl\":\"https:\/\/labs.100x100.net\/projects\/rutasal\/custom\/uploads\/2023\/03\/La-Sal-2010-\u00a9AlfredFarre-La-Ruta-de-la-Sal2.jpg\",\"datePublished\":\"2023-03-10T10:12:47+00:00\",\"dateModified\":\"2023-03-10T10:26:31+00:00\",\"author\":{\"@id\":\"https:\/\/labs.100x100.net\/projects\/rutasal\/#\/schema\/person\/214eeb4a2e78fd8373a0a94f6d93c9ca\"},\"description\":\"Nautical Channel y La Ruta de la Sal han alcanzado un acuerdo para emitir el programa resumen y los mejores momentos de la regata.\",\"breadcrumb\":{\"@id\":\"https:\/\/labs.100x100.net\/projects\/rutasal\/nautical-channel\/#breadcrumb\"},\"inLanguage\":\"es\",\"potentialAction\":[{\"@type\":\"ReadAction\",\"target\":[\"https:\/\/labs.100x100.net\/projects\/rutasal\/nautical-channel\/\"]}]},{\"@type\":\"ImageObject\",\"inLanguage\":\"es\",\"@id\":\"https:\/\/labs.100x100.net\/projects\/rutasal\/nautical-channel\/#primaryimage\",\"url\":\"https:\/\/labs.100x100.net\/projects\/rutasal\/custom\/uploads\/2023\/03\/La-Sal-2010-\u00a9AlfredFarre-La-Ruta-de-la-Sal2.jpg\",\"contentUrl\":\"https:\/\/labs.100x100.net\/projects\/rutasal\/custom\/uploads\/2023\/03\/La-Sal-2010-\u00a9AlfredFarre-La-Ruta-de-la-Sal2.jpg\",\"width\":1200,\"height\":802},{\"@type\":\"BreadcrumbList\",\"@id\":\"https:\/\/labs.100x100.net\/projects\/rutasal\/nautical-channel\/#breadcrumb\",\"itemListElement\":[{\"@type\":\"ListItem\",\"position\":1,\"name\":\"Portada\",\"item\":\"https:\/\/labs.100x100.net\/projects\/rutasal\/\"},{\"@type\":\"ListItem\",\"position\":2,\"name\":\"Nautical Channel lleva La Ruta de la Sal a una audiencia de hasta 44 millones de espectadores en su mayor\u00eda europeos\"}]},{\"@type\":\"WebSite\",\"@id\":\"https:\/\/labs.100x100.net\/projects\/rutasal\/#website\",\"url\":\"https:\/\/labs.100x100.net\/projects\/rutasal\/\",\"name\":\"Regata La Ruta de la Sal\",\"description\":\"Regata La Ruta de la Sal es una regata de Altura Mediterr\u00e1nea para barcos de crucero a vela con destino en Ibiza, que se disputa anualmente en Semana Santa.\",\"potentialAction\":[{\"@type\":\"SearchAction\",\"target\":{\"@type\":\"EntryPoint\",\"urlTemplate\":\"https:\/\/labs.100x100.net\/projects\/rutasal\/?s={search_term_string}\"},\"query-input\":\"required name=search_term_string\"}],\"inLanguage\":\"es\"},{\"@type\":\"Person\",\"@id\":\"https:\/\/labs.100x100.net\/projects\/rutasal\/#\/schema\/person\/214eeb4a2e78fd8373a0a94f6d93c9ca\",\"name\":\"La Ruta de la Sal\",\"image\":{\"@type\":\"ImageObject\",\"inLanguage\":\"es\",\"@id\":\"https:\/\/labs.100x100.net\/projects\/rutasal\/#\/schema\/person\/image\/\",\"url\":\"https:\/\/secure.gravatar.com\/avatar\/b247286d4b801d6b1cfcfb3807587284?s=96&d=mm&r=g\",\"contentUrl\":\"https:\/\/secure.gravatar.com\/avatar\/b247286d4b801d6b1cfcfb3807587284?s=96&d=mm&r=g\",\"caption\":\"La Ruta de la Sal\"}}]}<\/script>\n<!-- \/ Yoast SEO plugin. -->","yoast_head_json":{"title":"Nautical Channel lleva La Ruta de la Sal a una audiencia de hasta 44 millones de espectadores en su mayor\u00eda europeos","description":"Nautical Channel y La Ruta de la Sal han alcanzado un acuerdo para emitir el programa resumen y los mejores momentos de la regata.","robots":{"index":"noindex","follow":"follow","max-snippet":"max-snippet:-1","max-image-preview":"max-image-preview:large","max-video-preview":"max-video-preview:-1"},"og_locale":"es_ES","og_type":"article","og_title":"Nautical Channel lleva La Ruta de la Sal a una audiencia de hasta 44 millones de espectadores en su mayor\u00eda europeos","og_description":"Nautical Channel y La Ruta de la Sal han alcanzado un acuerdo para emitir el programa resumen y los mejores momentos de la regata.","og_url":"https:\/\/labs.100x100.net\/projects\/rutasal\/nautical-channel\/","og_site_name":"Regata La Ruta de la Sal","article_publisher":"https:\/\/www.facebook.com\/rutadelasal\/","article_published_time":"2023-03-10T10:12:47+00:00","article_modified_time":"2023-03-10T10:26:31+00:00","og_image":[{"width":1200,"height":802,"url":"https:\/\/labs.100x100.net\/projects\/rutasal\/custom\/uploads\/2023\/03\/La-Sal-2010-\u00a9AlfredFarre-La-Ruta-de-la-Sal2.jpg","type":"image\/jpeg"}],"author":"La Ruta de la Sal","twitter_card":"summary_large_image","twitter_creator":"@AnamMedi","twitter_site":"@AnamMedi","twitter_misc":{"Escrito por":"La Ruta de la Sal","Tiempo de lectura":"3 minutos"},"schema":{"@context":"https:\/\/schema.org","@graph":[{"@type":"WebPage","@id":"https:\/\/labs.100x100.net\/projects\/rutasal\/nautical-channel\/","url":"https:\/\/labs.100x100.net\/projects\/rutasal\/nautical-channel\/","name":"Nautical Channel lleva La Ruta de la Sal a una audiencia de hasta 44 millones de espectadores en su mayor\u00eda europeos","isPartOf":{"@id":"https:\/\/labs.100x100.net\/projects\/rutasal\/#website"},"primaryImageOfPage":{"@id":"https:\/\/labs.100x100.net\/projects\/rutasal\/nautical-channel\/#primaryimage"},"image":{"@id":"https:\/\/labs.100x100.net\/projects\/rutasal\/nautical-channel\/#primaryimage"},"thumbnailUrl":"https:\/\/labs.100x100.net\/projects\/rutasal\/custom\/uploads\/2023\/03\/La-Sal-2010-\u00a9AlfredFarre-La-Ruta-de-la-Sal2.jpg","datePublished":"2023-03-10T10:12:47+00:00","dateModified":"2023-03-10T10:26:31+00:00","author":{"@id":"https:\/\/labs.100x100.net\/projects\/rutasal\/#\/schema\/person\/214eeb4a2e78fd8373a0a94f6d93c9ca"},"description":"Nautical Channel y La Ruta de la Sal han alcanzado un acuerdo para emitir el programa resumen y los mejores momentos de la regata.","breadcrumb":{"@id":"https:\/\/labs.100x100.net\/projects\/rutasal\/nautical-channel\/#breadcrumb"},"inLanguage":"es","potentialAction":[{"@type":"ReadAction","target":["https:\/\/labs.100x100.net\/projects\/rutasal\/nautical-channel\/"]}]},{"@type":"ImageObject","inLanguage":"es","@id":"https:\/\/labs.100x100.net\/projects\/rutasal\/nautical-channel\/#primaryimage","url":"https:\/\/labs.100x100.net\/projects\/rutasal\/custom\/uploads\/2023\/03\/La-Sal-2010-\u00a9AlfredFarre-La-Ruta-de-la-Sal2.jpg","contentUrl":"https:\/\/labs.100x100.net\/projects\/rutasal\/custom\/uploads\/2023\/03\/La-Sal-2010-\u00a9AlfredFarre-La-Ruta-de-la-Sal2.jpg","width":1200,"height":802},{"@type":"BreadcrumbList","@id":"https:\/\/labs.100x100.net\/projects\/rutasal\/nautical-channel\/#breadcrumb","itemListElement":[{"@type":"ListItem","position":1,"name":"Portada","item":"https:\/\/labs.100x100.net\/projects\/rutasal\/"},{"@type":"ListItem","position":2,"name":"Nautical Channel lleva La Ruta de la Sal a una audiencia de hasta 44 millones de espectadores en su mayor\u00eda europeos"}]},{"@type":"WebSite","@id":"https:\/\/labs.100x100.net\/projects\/rutasal\/#website","url":"https:\/\/labs.100x100.net\/projects\/rutasal\/","name":"Regata La Ruta de la Sal","description":"Regata La Ruta de la Sal es una regata de Altura Mediterr\u00e1nea para barcos de crucero a vela con destino en Ibiza, que se disputa anualmente en Semana Santa.","potentialAction":[{"@type":"SearchAction","target":{"@type":"EntryPoint","urlTemplate":"https:\/\/labs.100x100.net\/projects\/rutasal\/?s={search_term_string}"},"query-input":"required name=search_term_string"}],"inLanguage":"es"},{"@type":"Person","@id":"https:\/\/labs.100x100.net\/projects\/rutasal\/#\/schema\/person\/214eeb4a2e78fd8373a0a94f6d93c9ca","name":"La Ruta de la Sal","image":{"@type":"ImageObject","inLanguage":"es","@id":"https:\/\/labs.100x100.net\/projects\/rutasal\/#\/schema\/person\/image\/","url":"https:\/\/secure.gravatar.com\/avatar\/b247286d4b801d6b1cfcfb3807587284?s=96&d=mm&r=g","contentUrl":"https:\/\/secure.gravatar.com\/avatar\/b247286d4b801d6b1cfcfb3807587284?s=96&d=mm&r=g","caption":"La Ruta de la Sal"}}]}},"_links":{"self":[{"href":"https:\/\/labs.100x100.net\/projects\/rutasal\/wp-json\/wp\/v2\/posts\/8023"}],"collection":[{"href":"https:\/\/labs.100x100.net\/projects\/rutasal\/wp-json\/wp\/v2\/posts"}],"about":[{"href":"https:\/\/labs.100x100.net\/projects\/rutasal\/wp-json\/wp\/v2\/types\/post"}],"author":[{"embeddable":true,"href":"https:\/\/labs.100x100.net\/projects\/rutasal\/wp-json\/wp\/v2\/users\/1"}],"replies":[{"embeddable":true,"href":"https:\/\/labs.100x100.net\/projects\/rutasal\/wp-json\/wp\/v2\/comments?post=8023"}],"version-history":[{"count":6,"href":"https:\/\/labs.100x100.net\/projects\/rutasal\/wp-json\/wp\/v2\/posts\/8023\/revisions"}],"predecessor-version":[{"id":8038,"href":"https:\/\/labs.100x100.net\/projects\/rutasal\/wp-json\/wp\/v2\/posts\/8023\/revisions\/8038"}],"wp:featuredmedia":[{"embeddable":true,"href":"https:\/\/labs.100x100.net\/projects\/rutasal\/wp-json\/wp\/v2\/media\/8030"}],"wp:attachment":[{"href":"https:\/\/labs.100x100.net\/projects\/rutasal\/wp-json\/wp\/v2\/media?parent=8023"}],"wp:term":[{"taxonomy":"category","embeddable":true,"href":"https:\/\/labs.100x100.net\/projects\/rutasal\/wp-json\/wp\/v2\/categories?post=8023"},{"taxonomy":"post_tag","embeddable":true,"href":"https:\/\/labs.100x100.net\/projects\/rutasal\/wp-json\/wp\/v2\/tags?post=8023"}],"curies":[{"name":"wp","href":"https:\/\/api.w.org\/{rel}","templated":true}]}}