{"id":7995,"date":"2023-03-05T11:02:16","date_gmt":"2023-03-05T09:02:16","guid":{"rendered":"https:\/\/larutadelasal.com\/?p=7995"},"modified":"2023-03-06T07:52:47","modified_gmt":"2023-03-06T05:52:47","slug":"webinar","status":"publish","type":"post","link":"https:\/\/labs.100x100.net\/projects\/rutasal\/webinar\/","title":{"rendered":"GlobeSailor en colaboraci\u00f3n con La Ruta de la Sal organiza un webinar en el que se hablar\u00e1 de la navegaci\u00f3n de altura"},"content":{"rendered":"<p><img loading=\"lazy\" decoding=\"async\" class=\"alignnone wp-image-7999 size-full\" src=\"http:\/\/larutadelasal.com\/custom\/uploads\/2023\/03\/Post-facebook-dimensions2.png\" alt=\"\" width=\"1200\" height=\"799\" srcset=\"https:\/\/labs.100x100.net\/projects\/rutasal\/custom\/uploads\/2023\/03\/Post-facebook-dimensions2.png 1200w, https:\/\/labs.100x100.net\/projects\/rutasal\/custom\/uploads\/2023\/03\/Post-facebook-dimensions2-300x200.png 300w, https:\/\/labs.100x100.net\/projects\/rutasal\/custom\/uploads\/2023\/03\/Post-facebook-dimensions2-1024x682.png 1024w, https:\/\/labs.100x100.net\/projects\/rutasal\/custom\/uploads\/2023\/03\/Post-facebook-dimensions2-768x511.png 768w\" sizes=\"(max-width: 1200px) 100vw, 1200px\" \/><\/p>\n<p style=\"text-align: justify;\">GlobeSailor, agencia online especializada en el alquiler de barcos, que desde 15 a\u00f1os pone en contacto a las personas que quieren alquilar una embarcaci\u00f3n con empresas de charter certificadas, y patrocinador de La Ruta de la Sal por cuarto a\u00f1o consecutivo, ha organizado en colaboraci\u00f3n con La Ruta de la Sal un webinar especialmente enfocado a aquellas personas que se est\u00e1n iniciando al mundo de las Regatas de Altura.<\/p>\n<p style=\"text-align: justify;\">En el webinar, que se celebrar\u00e1 el jueves 16 de marzo a las 17.30h, se tocar\u00e1n temas como la titulaci\u00f3n necesaria para emprender una navegaci\u00f3n de altura, la preparaci\u00f3n de la embarcaci\u00f3n, el entrenamiento previo, la meteorolog\u00eda, los posibles contratiempos\u2026. un potpurr\u00ed de informaci\u00f3n de gran inter\u00e9s que nos brindar\u00e1n Andr\u00e9s Oliva, director t\u00e9cnico de La Ruta de la Sal, y C\u00e9sar Villegas, participante en 21 ediciones de la regata y ganador de las \u00faltimas 9 ediciones en la modalidad de barcos de la lista 6\u00aa, la categor\u00eda Globesailor. El evento estar\u00e1 moderado por Alicia Iglesias, representante GlobeSailor.<\/p>\n<p>Para m\u00e1s informaci\u00f3n sobre el Webinar pulse aqu\u00ed\u00a0: <a href=\"https:\/\/blog.globesailor.es\/ruta-de-la-sal-la-regata-del-mediterraneo\/\">Webinar GlobeSailor<\/a><\/p>\n<p>Para la inscripci\u00f3n gratuita y obligatoria pulse aqu\u00ed : <a href=\"https:\/\/us06web.zoom.us\/webinar\/register\/WN_IDfRcnO3RtKSfqdAcr5sFQ\">Inscripci\u00f3n Webinar<\/a><\/p>\n<p><a href=\"https:\/\/www.globesailor.es\/\">www.globesailor.es<\/a><\/p>\n","protected":false},"excerpt":{"rendered":"<p>GlobeSailor, agencia online especializada en el alquiler de barcos, que desde 15 a\u00f1os pone en contacto a las personas que quieren alquilar una embarcaci\u00f3n con empresas de charter certificadas, y patrocinador de La Ruta de la Sal por cuarto a\u00f1o consecutivo, ha organizado en colaboraci\u00f3n con La Ruta de la Sal un webinar especialmente enfocado [&hellip;]<\/p>\n","protected":false},"author":1,"featured_media":7999,"comment_status":"open","ping_status":"open","sticky":false,"template":"","format":"standard","meta":{"_acf_changed":false,"footnotes":""},"categories":[3],"tags":[],"acf":[],"yoast_head":"<!-- This site is optimized with the Yoast SEO plugin v23.0 - https:\/\/yoast.com\/wordpress\/plugins\/seo\/ -->\n<title>GlobeSailor en colaboraci\u00f3n con La Ruta de la Sal organiza un webinar en el que se hablar\u00e1 de la navegaci\u00f3n de altura<\/title>\n<meta name=\"description\" content=\"GlobeSailor ha organizado con La Ruta de la Sal un webinar enfocado a aquellas personas que se est\u00e1n iniciando a las Regatas de Altura.\" \/>\n<meta name=\"robots\" content=\"noindex, follow, max-snippet:-1, max-image-preview:large, max-video-preview:-1\" \/>\n<meta property=\"og:locale\" content=\"es_ES\" \/>\n<meta property=\"og:type\" content=\"article\" \/>\n<meta property=\"og:title\" content=\"GlobeSailor en colaboraci\u00f3n con La Ruta de la Sal organiza un webinar en el que se hablar\u00e1 de la navegaci\u00f3n de altura\" \/>\n<meta property=\"og:description\" content=\"GlobeSailor ha organizado con La Ruta de la Sal un webinar enfocado a aquellas personas que se est\u00e1n iniciando a las Regatas de Altura.\" \/>\n<meta property=\"og:url\" content=\"https:\/\/labs.100x100.net\/projects\/rutasal\/webinar\/\" \/>\n<meta property=\"og:site_name\" content=\"Regata La Ruta de la Sal\" \/>\n<meta property=\"article:publisher\" content=\"https:\/\/www.facebook.com\/rutadelasal\/\" \/>\n<meta property=\"article:published_time\" content=\"2023-03-05T09:02:16+00:00\" \/>\n<meta property=\"article:modified_time\" content=\"2023-03-06T05:52:47+00:00\" \/>\n<meta property=\"og:image\" content=\"https:\/\/labs.100x100.net\/projects\/rutasal\/custom\/uploads\/2023\/03\/Post-facebook-dimensions2.png\" \/>\n\t<meta property=\"og:image:width\" content=\"1200\" \/>\n\t<meta property=\"og:image:height\" content=\"799\" \/>\n\t<meta property=\"og:image:type\" content=\"image\/png\" \/>\n<meta name=\"author\" content=\"La Ruta de la Sal\" \/>\n<meta name=\"twitter:card\" content=\"summary_large_image\" \/>\n<meta name=\"twitter:creator\" content=\"@AnamMedi\" \/>\n<meta name=\"twitter:site\" content=\"@AnamMedi\" \/>\n<meta name=\"twitter:label1\" content=\"Escrito por\" \/>\n\t<meta name=\"twitter:data1\" content=\"La Ruta de la Sal\" \/>\n\t<meta name=\"twitter:label2\" content=\"Tiempo de lectura\" \/>\n\t<meta name=\"twitter:data2\" content=\"2 minutos\" \/>\n<script type=\"application\/ld+json\" class=\"yoast-schema-graph\">{\"@context\":\"https:\/\/schema.org\",\"@graph\":[{\"@type\":\"WebPage\",\"@id\":\"https:\/\/labs.100x100.net\/projects\/rutasal\/webinar\/\",\"url\":\"https:\/\/labs.100x100.net\/projects\/rutasal\/webinar\/\",\"name\":\"GlobeSailor en colaboraci\u00f3n con La Ruta de la Sal organiza un webinar en el que se hablar\u00e1 de la navegaci\u00f3n de altura\",\"isPartOf\":{\"@id\":\"https:\/\/labs.100x100.net\/projects\/rutasal\/#website\"},\"primaryImageOfPage\":{\"@id\":\"https:\/\/labs.100x100.net\/projects\/rutasal\/webinar\/#primaryimage\"},\"image\":{\"@id\":\"https:\/\/labs.100x100.net\/projects\/rutasal\/webinar\/#primaryimage\"},\"thumbnailUrl\":\"https:\/\/labs.100x100.net\/projects\/rutasal\/custom\/uploads\/2023\/03\/Post-facebook-dimensions2.png\",\"datePublished\":\"2023-03-05T09:02:16+00:00\",\"dateModified\":\"2023-03-06T05:52:47+00:00\",\"author\":{\"@id\":\"https:\/\/labs.100x100.net\/projects\/rutasal\/#\/schema\/person\/214eeb4a2e78fd8373a0a94f6d93c9ca\"},\"description\":\"GlobeSailor ha organizado con La Ruta de la Sal un webinar enfocado a aquellas personas que se est\u00e1n iniciando a las Regatas de Altura.\",\"breadcrumb\":{\"@id\":\"https:\/\/labs.100x100.net\/projects\/rutasal\/webinar\/#breadcrumb\"},\"inLanguage\":\"es\",\"potentialAction\":[{\"@type\":\"ReadAction\",\"target\":[\"https:\/\/labs.100x100.net\/projects\/rutasal\/webinar\/\"]}]},{\"@type\":\"ImageObject\",\"inLanguage\":\"es\",\"@id\":\"https:\/\/labs.100x100.net\/projects\/rutasal\/webinar\/#primaryimage\",\"url\":\"https:\/\/labs.100x100.net\/projects\/rutasal\/custom\/uploads\/2023\/03\/Post-facebook-dimensions2.png\",\"contentUrl\":\"https:\/\/labs.100x100.net\/projects\/rutasal\/custom\/uploads\/2023\/03\/Post-facebook-dimensions2.png\",\"width\":1200,\"height\":799},{\"@type\":\"BreadcrumbList\",\"@id\":\"https:\/\/labs.100x100.net\/projects\/rutasal\/webinar\/#breadcrumb\",\"itemListElement\":[{\"@type\":\"ListItem\",\"position\":1,\"name\":\"Portada\",\"item\":\"https:\/\/labs.100x100.net\/projects\/rutasal\/\"},{\"@type\":\"ListItem\",\"position\":2,\"name\":\"GlobeSailor en colaboraci\u00f3n con La Ruta de la Sal organiza un webinar en el que se hablar\u00e1 de la navegaci\u00f3n de altura\"}]},{\"@type\":\"WebSite\",\"@id\":\"https:\/\/labs.100x100.net\/projects\/rutasal\/#website\",\"url\":\"https:\/\/labs.100x100.net\/projects\/rutasal\/\",\"name\":\"Regata La Ruta de la Sal\",\"description\":\"Regata La Ruta de la Sal es una regata de Altura Mediterr\u00e1nea para barcos de crucero a vela con destino en Ibiza, que se disputa anualmente en Semana Santa.\",\"potentialAction\":[{\"@type\":\"SearchAction\",\"target\":{\"@type\":\"EntryPoint\",\"urlTemplate\":\"https:\/\/labs.100x100.net\/projects\/rutasal\/?s={search_term_string}\"},\"query-input\":\"required name=search_term_string\"}],\"inLanguage\":\"es\"},{\"@type\":\"Person\",\"@id\":\"https:\/\/labs.100x100.net\/projects\/rutasal\/#\/schema\/person\/214eeb4a2e78fd8373a0a94f6d93c9ca\",\"name\":\"La Ruta de la Sal\",\"image\":{\"@type\":\"ImageObject\",\"inLanguage\":\"es\",\"@id\":\"https:\/\/labs.100x100.net\/projects\/rutasal\/#\/schema\/person\/image\/\",\"url\":\"https:\/\/secure.gravatar.com\/avatar\/b247286d4b801d6b1cfcfb3807587284?s=96&d=mm&r=g\",\"contentUrl\":\"https:\/\/secure.gravatar.com\/avatar\/b247286d4b801d6b1cfcfb3807587284?s=96&d=mm&r=g\",\"caption\":\"La Ruta de la Sal\"}}]}<\/script>\n<!-- \/ Yoast SEO plugin. -->","yoast_head_json":{"title":"GlobeSailor en colaboraci\u00f3n con La Ruta de la Sal organiza un webinar en el que se hablar\u00e1 de la navegaci\u00f3n de altura","description":"GlobeSailor ha organizado con La Ruta de la Sal un webinar enfocado a aquellas personas que se est\u00e1n iniciando a las Regatas de Altura.","robots":{"index":"noindex","follow":"follow","max-snippet":"max-snippet:-1","max-image-preview":"max-image-preview:large","max-video-preview":"max-video-preview:-1"},"og_locale":"es_ES","og_type":"article","og_title":"GlobeSailor en colaboraci\u00f3n con La Ruta de la Sal organiza un webinar en el que se hablar\u00e1 de la navegaci\u00f3n de altura","og_description":"GlobeSailor ha organizado con La Ruta de la Sal un webinar enfocado a aquellas personas que se est\u00e1n iniciando a las Regatas de Altura.","og_url":"https:\/\/labs.100x100.net\/projects\/rutasal\/webinar\/","og_site_name":"Regata La Ruta de la Sal","article_publisher":"https:\/\/www.facebook.com\/rutadelasal\/","article_published_time":"2023-03-05T09:02:16+00:00","article_modified_time":"2023-03-06T05:52:47+00:00","og_image":[{"width":1200,"height":799,"url":"https:\/\/labs.100x100.net\/projects\/rutasal\/custom\/uploads\/2023\/03\/Post-facebook-dimensions2.png","type":"image\/png"}],"author":"La Ruta de la Sal","twitter_card":"summary_large_image","twitter_creator":"@AnamMedi","twitter_site":"@AnamMedi","twitter_misc":{"Escrito por":"La Ruta de la Sal","Tiempo de lectura":"2 minutos"},"schema":{"@context":"https:\/\/schema.org","@graph":[{"@type":"WebPage","@id":"https:\/\/labs.100x100.net\/projects\/rutasal\/webinar\/","url":"https:\/\/labs.100x100.net\/projects\/rutasal\/webinar\/","name":"GlobeSailor en colaboraci\u00f3n con La Ruta de la Sal organiza un webinar en el que se hablar\u00e1 de la navegaci\u00f3n de altura","isPartOf":{"@id":"https:\/\/labs.100x100.net\/projects\/rutasal\/#website"},"primaryImageOfPage":{"@id":"https:\/\/labs.100x100.net\/projects\/rutasal\/webinar\/#primaryimage"},"image":{"@id":"https:\/\/labs.100x100.net\/projects\/rutasal\/webinar\/#primaryimage"},"thumbnailUrl":"https:\/\/labs.100x100.net\/projects\/rutasal\/custom\/uploads\/2023\/03\/Post-facebook-dimensions2.png","datePublished":"2023-03-05T09:02:16+00:00","dateModified":"2023-03-06T05:52:47+00:00","author":{"@id":"https:\/\/labs.100x100.net\/projects\/rutasal\/#\/schema\/person\/214eeb4a2e78fd8373a0a94f6d93c9ca"},"description":"GlobeSailor ha organizado con La Ruta de la Sal un webinar enfocado a aquellas personas que se est\u00e1n iniciando a las Regatas de Altura.","breadcrumb":{"@id":"https:\/\/labs.100x100.net\/projects\/rutasal\/webinar\/#breadcrumb"},"inLanguage":"es","potentialAction":[{"@type":"ReadAction","target":["https:\/\/labs.100x100.net\/projects\/rutasal\/webinar\/"]}]},{"@type":"ImageObject","inLanguage":"es","@id":"https:\/\/labs.100x100.net\/projects\/rutasal\/webinar\/#primaryimage","url":"https:\/\/labs.100x100.net\/projects\/rutasal\/custom\/uploads\/2023\/03\/Post-facebook-dimensions2.png","contentUrl":"https:\/\/labs.100x100.net\/projects\/rutasal\/custom\/uploads\/2023\/03\/Post-facebook-dimensions2.png","width":1200,"height":799},{"@type":"BreadcrumbList","@id":"https:\/\/labs.100x100.net\/projects\/rutasal\/webinar\/#breadcrumb","itemListElement":[{"@type":"ListItem","position":1,"name":"Portada","item":"https:\/\/labs.100x100.net\/projects\/rutasal\/"},{"@type":"ListItem","position":2,"name":"GlobeSailor en colaboraci\u00f3n con La Ruta de la Sal organiza un webinar en el que se hablar\u00e1 de la navegaci\u00f3n de altura"}]},{"@type":"WebSite","@id":"https:\/\/labs.100x100.net\/projects\/rutasal\/#website","url":"https:\/\/labs.100x100.net\/projects\/rutasal\/","name":"Regata La Ruta de la Sal","description":"Regata La Ruta de la Sal es una regata de Altura Mediterr\u00e1nea para barcos de crucero a vela con destino en Ibiza, que se disputa anualmente en Semana Santa.","potentialAction":[{"@type":"SearchAction","target":{"@type":"EntryPoint","urlTemplate":"https:\/\/labs.100x100.net\/projects\/rutasal\/?s={search_term_string}"},"query-input":"required name=search_term_string"}],"inLanguage":"es"},{"@type":"Person","@id":"https:\/\/labs.100x100.net\/projects\/rutasal\/#\/schema\/person\/214eeb4a2e78fd8373a0a94f6d93c9ca","name":"La Ruta de la Sal","image":{"@type":"ImageObject","inLanguage":"es","@id":"https:\/\/labs.100x100.net\/projects\/rutasal\/#\/schema\/person\/image\/","url":"https:\/\/secure.gravatar.com\/avatar\/b247286d4b801d6b1cfcfb3807587284?s=96&d=mm&r=g","contentUrl":"https:\/\/secure.gravatar.com\/avatar\/b247286d4b801d6b1cfcfb3807587284?s=96&d=mm&r=g","caption":"La Ruta de la Sal"}}]}},"_links":{"self":[{"href":"https:\/\/labs.100x100.net\/projects\/rutasal\/wp-json\/wp\/v2\/posts\/7995"}],"collection":[{"href":"https:\/\/labs.100x100.net\/projects\/rutasal\/wp-json\/wp\/v2\/posts"}],"about":[{"href":"https:\/\/labs.100x100.net\/projects\/rutasal\/wp-json\/wp\/v2\/types\/post"}],"author":[{"embeddable":true,"href":"https:\/\/labs.100x100.net\/projects\/rutasal\/wp-json\/wp\/v2\/users\/1"}],"replies":[{"embeddable":true,"href":"https:\/\/labs.100x100.net\/projects\/rutasal\/wp-json\/wp\/v2\/comments?post=7995"}],"version-history":[{"count":5,"href":"https:\/\/labs.100x100.net\/projects\/rutasal\/wp-json\/wp\/v2\/posts\/7995\/revisions"}],"predecessor-version":[{"id":8012,"href":"https:\/\/labs.100x100.net\/projects\/rutasal\/wp-json\/wp\/v2\/posts\/7995\/revisions\/8012"}],"wp:featuredmedia":[{"embeddable":true,"href":"https:\/\/labs.100x100.net\/projects\/rutasal\/wp-json\/wp\/v2\/media\/7999"}],"wp:attachment":[{"href":"https:\/\/labs.100x100.net\/projects\/rutasal\/wp-json\/wp\/v2\/media?parent=7995"}],"wp:term":[{"taxonomy":"category","embeddable":true,"href":"https:\/\/labs.100x100.net\/projects\/rutasal\/wp-json\/wp\/v2\/categories?post=7995"},{"taxonomy":"post_tag","embeddable":true,"href":"https:\/\/labs.100x100.net\/projects\/rutasal\/wp-json\/wp\/v2\/tags?post=7995"}],"curies":[{"name":"wp","href":"https:\/\/api.w.org\/{rel}","templated":true}]}}