{"id":7949,"date":"2023-03-05T09:09:53","date_gmt":"2023-03-05T07:09:53","guid":{"rendered":"https:\/\/larutadelasal.com\/?p=7949"},"modified":"2023-03-06T07:49:59","modified_gmt":"2023-03-06T05:49:59","slug":"garmin","status":"publish","type":"post","link":"https:\/\/labs.100x100.net\/projects\/rutasal\/garmin\/","title":{"rendered":"La entrega de los relojes quatix\u00ae 7 de Garmin a los ganadores absolutos de La Ruta de la Sal protagonizar\u00e1 un a\u00f1o m\u00e1s la imagen del triunfo."},"content":{"rendered":"<div id=\"attachment_7977\" style=\"width: 1210px\" class=\"wp-caption alignnone\"><img loading=\"lazy\" decoding=\"async\" aria-describedby=\"caption-attachment-7977\" class=\"wp-image-7977 size-full\" src=\"http:\/\/larutadelasal.com\/custom\/uploads\/2023\/03\/Garmin-2022-1.jpg\" alt=\"\" width=\"1200\" height=\"802\" srcset=\"https:\/\/labs.100x100.net\/projects\/rutasal\/custom\/uploads\/2023\/03\/Garmin-2022-1.jpg 1200w, https:\/\/labs.100x100.net\/projects\/rutasal\/custom\/uploads\/2023\/03\/Garmin-2022-1-300x201.jpg 300w, https:\/\/labs.100x100.net\/projects\/rutasal\/custom\/uploads\/2023\/03\/Garmin-2022-1-1024x684.jpg 1024w, https:\/\/labs.100x100.net\/projects\/rutasal\/custom\/uploads\/2023\/03\/Garmin-2022-1-768x513.jpg 768w\" sizes=\"(max-width: 1200px) 100vw, 1200px\" \/><p id=\"caption-attachment-7977\" class=\"wp-caption-text\">Amanda Hartley, armadora del Clem, Swan 56, y Christopher Opielok, armador del Rockall IV, JPK 1030), Vencedores Absolutos de La Ruta de la Sal 2022<\/p><\/div>\n<p>&nbsp;<\/p>\n<p style=\"text-align: justify;\">Haciendo honor a sus valores corporativos, Garmin mantiene su fidelidad con los eventos que patrocina y ha renovado, por sexto a\u00f1o consecutivo, su apoyo a La Ruta de la Sal de cara a esta pr\u00f3xima edici\u00f3n del 2023. El apoyo de Garmin a La Ruta de la Sal es una demostraci\u00f3n evidente del compromiso de la marca con el sector n\u00e1utico. Garmin Iberia entiende este patrocinio como una forma de dar apoyo a un evento estrat\u00e9gico que fomenta la actividad del sector n\u00e1utico a lo largo del a\u00f1o, promoviendo valores positivos asociados a la salud, el deporte, la tecnolog\u00eda y la sostenibilidad. Una colaboraci\u00f3n a largo plazo, donde ambas partes se unen para poner su experiencia y liderazgo al servicio de los amantes del mar.<\/p>\n<p style=\"text-align: justify;\">Garmin, la electr\u00f3nica oficial y patrocinador de La Ruta de la Sal, ofrecer\u00e1 a los ganadores de la m\u00edtica regata de altura con destino Ibiza los preciados relojes quatix\u00ae 7. Se trata de un reloj n\u00e1utico inteligente que se ha convertido en el gran aliado de muchos navegantes en sus traves\u00edas. Entre sus numerosas funciones destaca la conectividad con los plotters de Garmin, el control del piloto autom\u00e1tico, la visualizaci\u00f3n de datos como profundidad y viento, la ubicaci\u00f3n de waypoints y la funci\u00f3n SAILASSIST\u2122, que crea una l\u00ednea de salida virtual para programar la salida perfecta.<\/p>\n<p style=\"text-align: justify;\">El quatix\u00ae 7 Garmin se ha ganado, por m\u00e9ritos propios, ser reconocido como el reloj n\u00e1utico por excelencia. Premio exclusivo para los mejores armadores, capaces de lograr la victoria absoluta en La Ruta de la Sal, restan ya a la espera de conocer a los vencedores de esta 35\u00ba edici\u00f3n que los alcen en se\u00f1al de victoria.<\/p>\n<p><a href=\"https:\/\/www.garmin.com\/es-ES\/\">www.garmin.com<\/a><\/p>\n<div id=\"attachment_7986\" style=\"width: 1208px\" class=\"wp-caption alignnone\"><img loading=\"lazy\" decoding=\"async\" aria-describedby=\"caption-attachment-7986\" class=\"wp-image-7986 size-full\" src=\"http:\/\/larutadelasal.com\/custom\/uploads\/2023\/03\/Relojes-Garmin-juntos-1.jpg\" alt=\"\" width=\"1198\" height=\"510\" srcset=\"https:\/\/labs.100x100.net\/projects\/rutasal\/custom\/uploads\/2023\/03\/Relojes-Garmin-juntos-1.jpg 1198w, https:\/\/labs.100x100.net\/projects\/rutasal\/custom\/uploads\/2023\/03\/Relojes-Garmin-juntos-1-300x128.jpg 300w, https:\/\/labs.100x100.net\/projects\/rutasal\/custom\/uploads\/2023\/03\/Relojes-Garmin-juntos-1-1024x436.jpg 1024w, https:\/\/labs.100x100.net\/projects\/rutasal\/custom\/uploads\/2023\/03\/Relojes-Garmin-juntos-1-768x327.jpg 768w\" sizes=\"(max-width: 1198px) 100vw, 1198px\" \/><p id=\"caption-attachment-7986\" class=\"wp-caption-text\">quatix\u00ae 7 Garmin<\/p><\/div>\n","protected":false},"excerpt":{"rendered":"<p>&nbsp; Haciendo honor a sus valores corporativos, Garmin mantiene su fidelidad con los eventos que patrocina y ha renovado, por sexto a\u00f1o consecutivo, su apoyo a La Ruta de la Sal de cara a esta pr\u00f3xima edici\u00f3n del 2023. El apoyo de Garmin a La Ruta de la Sal es una demostraci\u00f3n evidente del compromiso [&hellip;]<\/p>\n","protected":false},"author":1,"featured_media":7977,"comment_status":"open","ping_status":"open","sticky":false,"template":"","format":"standard","meta":{"_acf_changed":false,"footnotes":""},"categories":[3],"tags":[],"acf":[],"yoast_head":"<!-- This site is optimized with the Yoast SEO plugin v23.0 - https:\/\/yoast.com\/wordpress\/plugins\/seo\/ -->\n<title>La entrega de los relojes quatix\u00ae 7 de Garmin a los ganadores absolutos de La Ruta de la Sal protagonizar\u00e1 un a\u00f1o m\u00e1s la imagen del triunfo.<\/title>\n<meta name=\"description\" content=\"Garmin mantiene su fidelidad con los eventos que patrocina y ha renovado, por sexto a\u00f1o consecutivo, su apoyo a La Ruta de la Sal.\" \/>\n<meta name=\"robots\" content=\"noindex, follow, max-snippet:-1, max-image-preview:large, max-video-preview:-1\" \/>\n<meta property=\"og:locale\" content=\"es_ES\" \/>\n<meta property=\"og:type\" content=\"article\" \/>\n<meta property=\"og:title\" content=\"La entrega de los relojes quatix\u00ae 7 de Garmin a los ganadores absolutos de La Ruta de la Sal protagonizar\u00e1 un a\u00f1o m\u00e1s la imagen del triunfo.\" \/>\n<meta property=\"og:description\" content=\"Garmin mantiene su fidelidad con los eventos que patrocina y ha renovado, por sexto a\u00f1o consecutivo, su apoyo a La Ruta de la Sal.\" \/>\n<meta property=\"og:url\" content=\"https:\/\/labs.100x100.net\/projects\/rutasal\/garmin\/\" \/>\n<meta property=\"og:site_name\" content=\"Regata La Ruta de la Sal\" \/>\n<meta property=\"article:publisher\" content=\"https:\/\/www.facebook.com\/rutadelasal\/\" \/>\n<meta property=\"article:published_time\" content=\"2023-03-05T07:09:53+00:00\" \/>\n<meta property=\"article:modified_time\" content=\"2023-03-06T05:49:59+00:00\" \/>\n<meta property=\"og:image\" content=\"https:\/\/labs.100x100.net\/projects\/rutasal\/custom\/uploads\/2023\/03\/Garmin-2022-1.jpg\" \/>\n\t<meta property=\"og:image:width\" content=\"1200\" \/>\n\t<meta property=\"og:image:height\" content=\"802\" \/>\n\t<meta property=\"og:image:type\" content=\"image\/jpeg\" \/>\n<meta name=\"author\" content=\"La Ruta de la Sal\" \/>\n<meta name=\"twitter:card\" content=\"summary_large_image\" \/>\n<meta name=\"twitter:creator\" content=\"@AnamMedi\" \/>\n<meta name=\"twitter:site\" content=\"@AnamMedi\" \/>\n<meta name=\"twitter:label1\" content=\"Escrito por\" \/>\n\t<meta name=\"twitter:data1\" content=\"La Ruta de la Sal\" \/>\n\t<meta name=\"twitter:label2\" content=\"Tiempo de lectura\" \/>\n\t<meta name=\"twitter:data2\" content=\"2 minutos\" \/>\n<script type=\"application\/ld+json\" class=\"yoast-schema-graph\">{\"@context\":\"https:\/\/schema.org\",\"@graph\":[{\"@type\":\"WebPage\",\"@id\":\"https:\/\/labs.100x100.net\/projects\/rutasal\/garmin\/\",\"url\":\"https:\/\/labs.100x100.net\/projects\/rutasal\/garmin\/\",\"name\":\"La entrega de los relojes quatix\u00ae 7 de Garmin a los ganadores absolutos de La Ruta de la Sal protagonizar\u00e1 un a\u00f1o m\u00e1s la imagen del triunfo.\",\"isPartOf\":{\"@id\":\"https:\/\/labs.100x100.net\/projects\/rutasal\/#website\"},\"primaryImageOfPage\":{\"@id\":\"https:\/\/labs.100x100.net\/projects\/rutasal\/garmin\/#primaryimage\"},\"image\":{\"@id\":\"https:\/\/labs.100x100.net\/projects\/rutasal\/garmin\/#primaryimage\"},\"thumbnailUrl\":\"https:\/\/labs.100x100.net\/projects\/rutasal\/custom\/uploads\/2023\/03\/Garmin-2022-1.jpg\",\"datePublished\":\"2023-03-05T07:09:53+00:00\",\"dateModified\":\"2023-03-06T05:49:59+00:00\",\"author\":{\"@id\":\"https:\/\/labs.100x100.net\/projects\/rutasal\/#\/schema\/person\/214eeb4a2e78fd8373a0a94f6d93c9ca\"},\"description\":\"Garmin mantiene su fidelidad con los eventos que patrocina y ha renovado, por sexto a\u00f1o consecutivo, su apoyo a La Ruta de la Sal.\",\"breadcrumb\":{\"@id\":\"https:\/\/labs.100x100.net\/projects\/rutasal\/garmin\/#breadcrumb\"},\"inLanguage\":\"es\",\"potentialAction\":[{\"@type\":\"ReadAction\",\"target\":[\"https:\/\/labs.100x100.net\/projects\/rutasal\/garmin\/\"]}]},{\"@type\":\"ImageObject\",\"inLanguage\":\"es\",\"@id\":\"https:\/\/labs.100x100.net\/projects\/rutasal\/garmin\/#primaryimage\",\"url\":\"https:\/\/labs.100x100.net\/projects\/rutasal\/custom\/uploads\/2023\/03\/Garmin-2022-1.jpg\",\"contentUrl\":\"https:\/\/labs.100x100.net\/projects\/rutasal\/custom\/uploads\/2023\/03\/Garmin-2022-1.jpg\",\"width\":1200,\"height\":802},{\"@type\":\"BreadcrumbList\",\"@id\":\"https:\/\/labs.100x100.net\/projects\/rutasal\/garmin\/#breadcrumb\",\"itemListElement\":[{\"@type\":\"ListItem\",\"position\":1,\"name\":\"Portada\",\"item\":\"https:\/\/labs.100x100.net\/projects\/rutasal\/\"},{\"@type\":\"ListItem\",\"position\":2,\"name\":\"La entrega de los relojes quatix\u00ae 7 de Garmin a los ganadores absolutos de La Ruta de la Sal protagonizar\u00e1 un a\u00f1o m\u00e1s la imagen del triunfo.\"}]},{\"@type\":\"WebSite\",\"@id\":\"https:\/\/labs.100x100.net\/projects\/rutasal\/#website\",\"url\":\"https:\/\/labs.100x100.net\/projects\/rutasal\/\",\"name\":\"Regata La Ruta de la Sal\",\"description\":\"Regata La Ruta de la Sal es una regata de Altura Mediterr\u00e1nea para barcos de crucero a vela con destino en Ibiza, que se disputa anualmente en Semana Santa.\",\"potentialAction\":[{\"@type\":\"SearchAction\",\"target\":{\"@type\":\"EntryPoint\",\"urlTemplate\":\"https:\/\/labs.100x100.net\/projects\/rutasal\/?s={search_term_string}\"},\"query-input\":\"required name=search_term_string\"}],\"inLanguage\":\"es\"},{\"@type\":\"Person\",\"@id\":\"https:\/\/labs.100x100.net\/projects\/rutasal\/#\/schema\/person\/214eeb4a2e78fd8373a0a94f6d93c9ca\",\"name\":\"La Ruta de la Sal\",\"image\":{\"@type\":\"ImageObject\",\"inLanguage\":\"es\",\"@id\":\"https:\/\/labs.100x100.net\/projects\/rutasal\/#\/schema\/person\/image\/\",\"url\":\"https:\/\/secure.gravatar.com\/avatar\/b247286d4b801d6b1cfcfb3807587284?s=96&d=mm&r=g\",\"contentUrl\":\"https:\/\/secure.gravatar.com\/avatar\/b247286d4b801d6b1cfcfb3807587284?s=96&d=mm&r=g\",\"caption\":\"La Ruta de la Sal\"}}]}<\/script>\n<!-- \/ Yoast SEO plugin. -->","yoast_head_json":{"title":"La entrega de los relojes quatix\u00ae 7 de Garmin a los ganadores absolutos de La Ruta de la Sal protagonizar\u00e1 un a\u00f1o m\u00e1s la imagen del triunfo.","description":"Garmin mantiene su fidelidad con los eventos que patrocina y ha renovado, por sexto a\u00f1o consecutivo, su apoyo a La Ruta de la Sal.","robots":{"index":"noindex","follow":"follow","max-snippet":"max-snippet:-1","max-image-preview":"max-image-preview:large","max-video-preview":"max-video-preview:-1"},"og_locale":"es_ES","og_type":"article","og_title":"La entrega de los relojes quatix\u00ae 7 de Garmin a los ganadores absolutos de La Ruta de la Sal protagonizar\u00e1 un a\u00f1o m\u00e1s la imagen del triunfo.","og_description":"Garmin mantiene su fidelidad con los eventos que patrocina y ha renovado, por sexto a\u00f1o consecutivo, su apoyo a La Ruta de la Sal.","og_url":"https:\/\/labs.100x100.net\/projects\/rutasal\/garmin\/","og_site_name":"Regata La Ruta de la Sal","article_publisher":"https:\/\/www.facebook.com\/rutadelasal\/","article_published_time":"2023-03-05T07:09:53+00:00","article_modified_time":"2023-03-06T05:49:59+00:00","og_image":[{"width":1200,"height":802,"url":"https:\/\/labs.100x100.net\/projects\/rutasal\/custom\/uploads\/2023\/03\/Garmin-2022-1.jpg","type":"image\/jpeg"}],"author":"La Ruta de la Sal","twitter_card":"summary_large_image","twitter_creator":"@AnamMedi","twitter_site":"@AnamMedi","twitter_misc":{"Escrito por":"La Ruta de la Sal","Tiempo de lectura":"2 minutos"},"schema":{"@context":"https:\/\/schema.org","@graph":[{"@type":"WebPage","@id":"https:\/\/labs.100x100.net\/projects\/rutasal\/garmin\/","url":"https:\/\/labs.100x100.net\/projects\/rutasal\/garmin\/","name":"La entrega de los relojes quatix\u00ae 7 de Garmin a los ganadores absolutos de La Ruta de la Sal protagonizar\u00e1 un a\u00f1o m\u00e1s la imagen del triunfo.","isPartOf":{"@id":"https:\/\/labs.100x100.net\/projects\/rutasal\/#website"},"primaryImageOfPage":{"@id":"https:\/\/labs.100x100.net\/projects\/rutasal\/garmin\/#primaryimage"},"image":{"@id":"https:\/\/labs.100x100.net\/projects\/rutasal\/garmin\/#primaryimage"},"thumbnailUrl":"https:\/\/labs.100x100.net\/projects\/rutasal\/custom\/uploads\/2023\/03\/Garmin-2022-1.jpg","datePublished":"2023-03-05T07:09:53+00:00","dateModified":"2023-03-06T05:49:59+00:00","author":{"@id":"https:\/\/labs.100x100.net\/projects\/rutasal\/#\/schema\/person\/214eeb4a2e78fd8373a0a94f6d93c9ca"},"description":"Garmin mantiene su fidelidad con los eventos que patrocina y ha renovado, por sexto a\u00f1o consecutivo, su apoyo a La Ruta de la Sal.","breadcrumb":{"@id":"https:\/\/labs.100x100.net\/projects\/rutasal\/garmin\/#breadcrumb"},"inLanguage":"es","potentialAction":[{"@type":"ReadAction","target":["https:\/\/labs.100x100.net\/projects\/rutasal\/garmin\/"]}]},{"@type":"ImageObject","inLanguage":"es","@id":"https:\/\/labs.100x100.net\/projects\/rutasal\/garmin\/#primaryimage","url":"https:\/\/labs.100x100.net\/projects\/rutasal\/custom\/uploads\/2023\/03\/Garmin-2022-1.jpg","contentUrl":"https:\/\/labs.100x100.net\/projects\/rutasal\/custom\/uploads\/2023\/03\/Garmin-2022-1.jpg","width":1200,"height":802},{"@type":"BreadcrumbList","@id":"https:\/\/labs.100x100.net\/projects\/rutasal\/garmin\/#breadcrumb","itemListElement":[{"@type":"ListItem","position":1,"name":"Portada","item":"https:\/\/labs.100x100.net\/projects\/rutasal\/"},{"@type":"ListItem","position":2,"name":"La entrega de los relojes quatix\u00ae 7 de Garmin a los ganadores absolutos de La Ruta de la Sal protagonizar\u00e1 un a\u00f1o m\u00e1s la imagen del triunfo."}]},{"@type":"WebSite","@id":"https:\/\/labs.100x100.net\/projects\/rutasal\/#website","url":"https:\/\/labs.100x100.net\/projects\/rutasal\/","name":"Regata La Ruta de la Sal","description":"Regata La Ruta de la Sal es una regata de Altura Mediterr\u00e1nea para barcos de crucero a vela con destino en Ibiza, que se disputa anualmente en Semana Santa.","potentialAction":[{"@type":"SearchAction","target":{"@type":"EntryPoint","urlTemplate":"https:\/\/labs.100x100.net\/projects\/rutasal\/?s={search_term_string}"},"query-input":"required name=search_term_string"}],"inLanguage":"es"},{"@type":"Person","@id":"https:\/\/labs.100x100.net\/projects\/rutasal\/#\/schema\/person\/214eeb4a2e78fd8373a0a94f6d93c9ca","name":"La Ruta de la Sal","image":{"@type":"ImageObject","inLanguage":"es","@id":"https:\/\/labs.100x100.net\/projects\/rutasal\/#\/schema\/person\/image\/","url":"https:\/\/secure.gravatar.com\/avatar\/b247286d4b801d6b1cfcfb3807587284?s=96&d=mm&r=g","contentUrl":"https:\/\/secure.gravatar.com\/avatar\/b247286d4b801d6b1cfcfb3807587284?s=96&d=mm&r=g","caption":"La Ruta de la Sal"}}]}},"_links":{"self":[{"href":"https:\/\/labs.100x100.net\/projects\/rutasal\/wp-json\/wp\/v2\/posts\/7949"}],"collection":[{"href":"https:\/\/labs.100x100.net\/projects\/rutasal\/wp-json\/wp\/v2\/posts"}],"about":[{"href":"https:\/\/labs.100x100.net\/projects\/rutasal\/wp-json\/wp\/v2\/types\/post"}],"author":[{"embeddable":true,"href":"https:\/\/labs.100x100.net\/projects\/rutasal\/wp-json\/wp\/v2\/users\/1"}],"replies":[{"embeddable":true,"href":"https:\/\/labs.100x100.net\/projects\/rutasal\/wp-json\/wp\/v2\/comments?post=7949"}],"version-history":[{"count":18,"href":"https:\/\/labs.100x100.net\/projects\/rutasal\/wp-json\/wp\/v2\/posts\/7949\/revisions"}],"predecessor-version":[{"id":8010,"href":"https:\/\/labs.100x100.net\/projects\/rutasal\/wp-json\/wp\/v2\/posts\/7949\/revisions\/8010"}],"wp:featuredmedia":[{"embeddable":true,"href":"https:\/\/labs.100x100.net\/projects\/rutasal\/wp-json\/wp\/v2\/media\/7977"}],"wp:attachment":[{"href":"https:\/\/labs.100x100.net\/projects\/rutasal\/wp-json\/wp\/v2\/media?parent=7949"}],"wp:term":[{"taxonomy":"category","embeddable":true,"href":"https:\/\/labs.100x100.net\/projects\/rutasal\/wp-json\/wp\/v2\/categories?post=7949"},{"taxonomy":"post_tag","embeddable":true,"href":"https:\/\/labs.100x100.net\/projects\/rutasal\/wp-json\/wp\/v2\/tags?post=7949"}],"curies":[{"name":"wp","href":"https:\/\/api.w.org\/{rel}","templated":true}]}}