{"id":7910,"date":"2023-02-15T23:17:22","date_gmt":"2023-02-15T21:17:22","guid":{"rendered":"https:\/\/larutadelasal.com\/?p=7910"},"modified":"2023-03-05T10:48:37","modified_gmt":"2023-03-05T08:48:37","slug":"la-sal-se-renueva","status":"publish","type":"post","link":"https:\/\/labs.100x100.net\/projects\/rutasal\/la-sal-se-renueva\/","title":{"rendered":"Nuevo sistema de rating, nuevas categor\u00edas y apoyos renovados auguran una 35\u00aa edici\u00f3n de La Ruta de la Sal francamente brillante"},"content":{"rendered":"<div id=\"attachment_7920\" style=\"width: 1210px\" class=\"wp-caption alignnone\"><img loading=\"lazy\" decoding=\"async\" aria-describedby=\"caption-attachment-7920\" class=\"wp-image-7920 size-full\" src=\"http:\/\/larutadelasal.com\/custom\/uploads\/2023\/02\/BCN_2022_Gymir3.jpg\" alt=\"\" width=\"1200\" height=\"794\" srcset=\"https:\/\/labs.100x100.net\/projects\/rutasal\/custom\/uploads\/2023\/02\/BCN_2022_Gymir3.jpg 1200w, https:\/\/labs.100x100.net\/projects\/rutasal\/custom\/uploads\/2023\/02\/BCN_2022_Gymir3-300x199.jpg 300w, https:\/\/labs.100x100.net\/projects\/rutasal\/custom\/uploads\/2023\/02\/BCN_2022_Gymir3-1024x678.jpg 1024w, https:\/\/labs.100x100.net\/projects\/rutasal\/custom\/uploads\/2023\/02\/BCN_2022_Gymir3-768x508.jpg 768w\" sizes=\"(max-width: 1200px) 100vw, 1200px\" \/><p id=\"caption-attachment-7920\" class=\"wp-caption-text\">\u00a9AlfredFarre.com<\/p><\/div>\n<p style=\"text-align: justify;\">Tal como Giuseppe Tomasi di Lampedusa pone en labios de uno de los protagonistas de su famosa novela \u201cIl Gatopardo\u201d, Tancredi Falconeri sobrino del ilustre Fabrizio Corbera, pr\u00edncipe de Salina: \u201ctodo debe cambiar para que todo permanezca igual\u201d que, para el caso de La Ruta de la Sal, se traduce en \u201cigual de atractiva, igual de emocionante, igual de competitiva, igual de familiar&#8230; igual de \u00fanica\u201d.<\/p>\n<p style=\"text-align: justify;\">Y por ello esta pr\u00f3xima edici\u00f3n de La Ruta de la Sal, nada menos que la 35\u00aa, incluye no pocos cambios, no pocas novedades, siendo la m\u00e1s relevante de ellas la utilizaci\u00f3n del sistema de <strong>rating ORC<\/strong> a la hora de compensar los tiempos, primordialmente para potenciar la <strong>internacionalizaci\u00f3n<\/strong> de la regata. Para ello se ha establecido un acuerdo con la <a href=\"https:\/\/rfev.es\/\"><strong>Federaci\u00f3n Espa\u00f1ola de Vela<\/strong><\/a> que se compromete a expedir un certificado exclusivo para La Ruta de la Sal, con un m\u00f3dico coste de 25\u20ac. Este cambio tambi\u00e9n da pie a dejar de establecer las categor\u00edas en base al a\u00f1o de dise\u00f1o de cada barco para configurarlas seg\u00fan factores m\u00e1s definitivos respecto a la velocidad del mismo, creando con ello grupos m\u00e1s equitativos.<\/p>\n<p style=\"text-align: justify;\">Y hablando de grupos, hay tambi\u00e9n que destacar la introducci\u00f3n del <a href=\"https:\/\/larutadelasal.com\/catamaranes\/\"><strong>Trofeo Med Cat<\/strong><\/a> que &#8211; instituido por esta firma representante de <a href=\"https:\/\/medcatgroup.com\/\">Bali Catamarans<\/a> en Espa\u00f1a &#8211; premiar\u00e1 al vencedor de una nueva clase que aglutinar\u00e1 a los <strong>multicascos<\/strong> participantes, recayendo el premio en el ganador de la misma, independientemente de la marca del barco. Se pone asimismo en marcha el <strong>Trofeo Bali <\/strong>destinado a premiar al primer catamar\u00e1n Bali clasificado.<\/p>\n<p style=\"text-align: justify;\">Otra categor\u00eda a destacar es la <a href=\"https:\/\/www.globesailor.es\/\"><strong>GlobeSailor<\/strong> <\/a>que engloba a los barcos en lista 6\u00aa, o sea los barcos escuela o los dedicados al charter, actividad en plena evoluci\u00f3n que est\u00e1 cobrando un gran protagonismo en La Ruta de la Sal.<\/p>\n<p style=\"text-align: justify;\">En cuanto a la renovaci\u00f3n de apoyos, <a href=\"https:\/\/www.ausmar.com\/index.php\/es\/\"><strong>Ausmar<\/strong><\/a> ampl\u00eda su implicaci\u00f3n con la colaboraci\u00f3n en los chequeos de seguridad y una \u201cmaster class\u201d previa a la salida &#8211; que incluir\u00e1 una demostraci\u00f3n de como activar la balsa salvavidas. Por su parte, en su calidad de electr\u00f3nica oficial de La Ruta de la Sal, <a href=\"https:\/\/www.garmin.com\/es-ES\/\"><strong>Garmin<\/strong> <\/a>volver\u00e1 a estar presente en esta regata de altura, por sexto a\u00f1o consecutivo, haciendo entrega a los ganadores absolutos de un preciado reloj quatix\u00ae 7 que, entre sus numerosas funciones cuenta con el modo Sailassist TM que crea una l\u00ednea de salida virtual para poder programar la t\u00e1ctica a seguir.<\/p>\n<p style=\"text-align: justify;\">Se mantiene el apoyo entusiasta e indispensable del <a href=\"https:\/\/cndenia.es\/\"><strong>Real Club N\u00e1utico de Denia<\/strong><\/a> y de <a href=\"https:\/\/www.portginesta.com\/\"><strong>Port Ginesta<\/strong><\/a>, como puertos de salida, as\u00ed como del <a href=\"https:\/\/www.esnautic.com\/\"><strong>Club N\u00e1utico de Sant Antoni<\/strong> <\/a>de Portmany, que acoge la flota a su llegada a Ibiza. Dar cabida a m\u00e1s de un centenar de embarcaciones que llegan de golpe separadas por apenas unas horas es una tarea complicada, directamente inimaginable en la mayor\u00eda de puertos. En Sant Antoni de Portmany, y gracias tambi\u00e9n a la colaboraci\u00f3n de <a href=\"https:\/\/www.portsib.es\/es\/paginas\/inicio\/\"><strong>Ports IB<\/strong><\/a>, los responsables del Club y del ente p\u00fablico trabajan a destajo para dar cabida al m\u00e1ximo n\u00famero de barcos que sea posible.<\/p>\n<p style=\"text-align: justify;\">El <a href=\"https:\/\/www.conselldeivissa.es\/\"><strong>Consell de Ibiza<\/strong><\/a> tambi\u00e9n ha renovado su fundamental apoyo al evento en reconocimiento al valor que tiene La Ruta de la Sal como embajadora de la isla para promocionar el turismo n\u00e1utico y deportivo fuera de la temporada estiva. Por su parte el <a href=\"http:\/\/www.santantoni.net\/portalSanAntoni\/p_1_principal1.jsp?codResi=1\"><strong>Ayuntamiento de Sant Antoni de Portmany<\/strong><\/a> tambi\u00e9n se vuelca en la acogida de los navegantes organizando un gran fin de fiesta. Salvamento Mar\u00edtimo, la Real Federaci\u00f3n Espa\u00f1ola de Vela y las federaciones auton\u00f3micas de la Comunidad Valenciana, Catalu\u00f1a y Baleares, tambi\u00e9n colaboran con el evento.<\/p>\n<p style=\"text-align: justify;\">En esta pr\u00f3xima edici\u00f3n, La Ruta de la Sal seguir\u00e1 contando con el patrocinio de otras empresas de referencia como <a href=\"https:\/\/www.trasmed.com\/\"><strong>Trasmed<\/strong><\/a>, <a href=\"https:\/\/www.gramona.com\/es\/\"><strong>Gramona<\/strong><\/a>, <a href=\"https:\/\/www.od-hotels.com\/es\/?msclkid=ca9b1350c54f1dc4685570bd886366b5&amp;utm_source=bing&amp;utm_medium=cpc&amp;utm_campaign=1.%20ES%20-%20Branding%20-%20OD%20%F0%9F%87%AA%F0%9F%87%B8&amp;utm_term=od%20hotels&amp;utm_content=od%20hotels\"><strong>OD Hoteles<\/strong><\/a>, <a href=\"https:\/\/ultimoo.com\/\"><strong>Ultimoo<\/strong><\/a>, <a href=\"https:\/\/www.yamaha-motor.eu\/es\/es\/\"><strong>Yamaha<\/strong><\/a>, <a href=\"https:\/\/www.sailwiz.com\/\"><strong>Sailwiz<\/strong> <\/a>o <a href=\"https:\/\/www.cenautica.com\/\"><strong>Cen\u00e1utica<\/strong><\/a>, a las que en esta edici\u00f3n se sumar\u00e1n <a href=\"https:\/\/vetus.com\/es\/\"><strong>Vetus<\/strong><\/a> y <a href=\"https:\/\/nauticalchannel.es\/\"><strong>Nautical Channel<\/strong><\/a>, que garantizar\u00e1 la difusi\u00f3n internacional de La Ruta de la Sal a trav\u00e9s de las televisiones de 44 millones de hogares europeos.<\/p>\n<p style=\"text-align: justify;\">Todo ello nos permite augurar una <strong>35\u00ba edici\u00f3n de La Ruta de la Sal<\/strong> especialmente brillante. Ya se han superado el centenar de inscripciones, pero el registro sigue abierto hasta agotar las plazas, que para este a\u00f1o se estiman en alrededor de 150, en funci\u00f3n de la disponibilidad final de amarres para acoger a la flota en el Puerto de Sant Antoni de Portmany.<\/p>\n","protected":false},"excerpt":{"rendered":"<p>Tal como Giuseppe Tomasi di Lampedusa pone en labios de uno de los protagonistas de su famosa novela \u201cIl Gatopardo\u201d, Tancredi Falconeri sobrino del ilustre Fabrizio Corbera, pr\u00edncipe de Salina: \u201ctodo debe cambiar para que todo permanezca igual\u201d que, para el caso de La Ruta de la Sal, se traduce en \u201cigual de atractiva, igual [&hellip;]<\/p>\n","protected":false},"author":1,"featured_media":7920,"comment_status":"open","ping_status":"open","sticky":false,"template":"","format":"standard","meta":{"_acf_changed":false,"footnotes":""},"categories":[3],"tags":[],"acf":[],"yoast_head":"<!-- This site is optimized with the Yoast SEO plugin v23.0 - https:\/\/yoast.com\/wordpress\/plugins\/seo\/ -->\n<title>Nuevo sistema de rating, nuevas categor\u00edas y apoyos renovados auguran una 35\u00aa edici\u00f3n de La Ruta de la Sal francamente brillante<\/title>\n<meta name=\"description\" content=\"Esta pr\u00f3xima edici\u00f3n de La Ruta de la Sal, nada menos que la 35\u00aa, incluye no pocos cambios, no pocas novedades.\" \/>\n<meta name=\"robots\" content=\"noindex, follow, max-snippet:-1, max-image-preview:large, max-video-preview:-1\" \/>\n<meta property=\"og:locale\" content=\"es_ES\" \/>\n<meta property=\"og:type\" content=\"article\" \/>\n<meta property=\"og:title\" content=\"Nuevo sistema de rating, nuevas categor\u00edas y apoyos renovados auguran una 35\u00aa edici\u00f3n de La Ruta de la Sal francamente brillante\" \/>\n<meta property=\"og:description\" content=\"Esta pr\u00f3xima edici\u00f3n de La Ruta de la Sal, nada menos que la 35\u00aa, incluye no pocos cambios, no pocas novedades.\" \/>\n<meta property=\"og:url\" content=\"https:\/\/labs.100x100.net\/projects\/rutasal\/la-sal-se-renueva\/\" \/>\n<meta property=\"og:site_name\" content=\"Regata La Ruta de la Sal\" \/>\n<meta property=\"article:publisher\" content=\"https:\/\/www.facebook.com\/rutadelasal\/\" \/>\n<meta property=\"article:published_time\" content=\"2023-02-15T21:17:22+00:00\" \/>\n<meta property=\"article:modified_time\" content=\"2023-03-05T08:48:37+00:00\" \/>\n<meta property=\"og:image\" content=\"https:\/\/labs.100x100.net\/projects\/rutasal\/custom\/uploads\/2023\/02\/BCN_2022_Gymir3.jpg\" \/>\n\t<meta property=\"og:image:width\" content=\"1200\" \/>\n\t<meta property=\"og:image:height\" content=\"794\" \/>\n\t<meta property=\"og:image:type\" content=\"image\/jpeg\" \/>\n<meta name=\"author\" content=\"La Ruta de la Sal\" \/>\n<meta name=\"twitter:card\" content=\"summary_large_image\" \/>\n<meta name=\"twitter:creator\" content=\"@AnamMedi\" \/>\n<meta name=\"twitter:site\" content=\"@AnamMedi\" \/>\n<meta name=\"twitter:label1\" content=\"Escrito por\" \/>\n\t<meta name=\"twitter:data1\" content=\"La Ruta de la Sal\" \/>\n\t<meta name=\"twitter:label2\" content=\"Tiempo de lectura\" \/>\n\t<meta name=\"twitter:data2\" content=\"4 minutos\" \/>\n<script type=\"application\/ld+json\" class=\"yoast-schema-graph\">{\"@context\":\"https:\/\/schema.org\",\"@graph\":[{\"@type\":\"WebPage\",\"@id\":\"https:\/\/labs.100x100.net\/projects\/rutasal\/la-sal-se-renueva\/\",\"url\":\"https:\/\/labs.100x100.net\/projects\/rutasal\/la-sal-se-renueva\/\",\"name\":\"Nuevo sistema de rating, nuevas categor\u00edas y apoyos renovados auguran una 35\u00aa edici\u00f3n de La Ruta de la Sal francamente brillante\",\"isPartOf\":{\"@id\":\"https:\/\/labs.100x100.net\/projects\/rutasal\/#website\"},\"primaryImageOfPage\":{\"@id\":\"https:\/\/labs.100x100.net\/projects\/rutasal\/la-sal-se-renueva\/#primaryimage\"},\"image\":{\"@id\":\"https:\/\/labs.100x100.net\/projects\/rutasal\/la-sal-se-renueva\/#primaryimage\"},\"thumbnailUrl\":\"https:\/\/labs.100x100.net\/projects\/rutasal\/custom\/uploads\/2023\/02\/BCN_2022_Gymir3.jpg\",\"datePublished\":\"2023-02-15T21:17:22+00:00\",\"dateModified\":\"2023-03-05T08:48:37+00:00\",\"author\":{\"@id\":\"https:\/\/labs.100x100.net\/projects\/rutasal\/#\/schema\/person\/214eeb4a2e78fd8373a0a94f6d93c9ca\"},\"description\":\"Esta pr\u00f3xima edici\u00f3n de La Ruta de la Sal, nada menos que la 35\u00aa, incluye no pocos cambios, no pocas novedades.\",\"breadcrumb\":{\"@id\":\"https:\/\/labs.100x100.net\/projects\/rutasal\/la-sal-se-renueva\/#breadcrumb\"},\"inLanguage\":\"es\",\"potentialAction\":[{\"@type\":\"ReadAction\",\"target\":[\"https:\/\/labs.100x100.net\/projects\/rutasal\/la-sal-se-renueva\/\"]}]},{\"@type\":\"ImageObject\",\"inLanguage\":\"es\",\"@id\":\"https:\/\/labs.100x100.net\/projects\/rutasal\/la-sal-se-renueva\/#primaryimage\",\"url\":\"https:\/\/labs.100x100.net\/projects\/rutasal\/custom\/uploads\/2023\/02\/BCN_2022_Gymir3.jpg\",\"contentUrl\":\"https:\/\/labs.100x100.net\/projects\/rutasal\/custom\/uploads\/2023\/02\/BCN_2022_Gymir3.jpg\",\"width\":1200,\"height\":794},{\"@type\":\"BreadcrumbList\",\"@id\":\"https:\/\/labs.100x100.net\/projects\/rutasal\/la-sal-se-renueva\/#breadcrumb\",\"itemListElement\":[{\"@type\":\"ListItem\",\"position\":1,\"name\":\"Portada\",\"item\":\"https:\/\/labs.100x100.net\/projects\/rutasal\/\"},{\"@type\":\"ListItem\",\"position\":2,\"name\":\"Nuevo sistema de rating, nuevas categor\u00edas y apoyos renovados auguran una 35\u00aa edici\u00f3n de La Ruta de la Sal francamente brillante\"}]},{\"@type\":\"WebSite\",\"@id\":\"https:\/\/labs.100x100.net\/projects\/rutasal\/#website\",\"url\":\"https:\/\/labs.100x100.net\/projects\/rutasal\/\",\"name\":\"Regata La Ruta de la Sal\",\"description\":\"Regata La Ruta de la Sal es una regata de Altura Mediterr\u00e1nea para barcos de crucero a vela con destino en Ibiza, que se disputa anualmente en Semana Santa.\",\"potentialAction\":[{\"@type\":\"SearchAction\",\"target\":{\"@type\":\"EntryPoint\",\"urlTemplate\":\"https:\/\/labs.100x100.net\/projects\/rutasal\/?s={search_term_string}\"},\"query-input\":\"required name=search_term_string\"}],\"inLanguage\":\"es\"},{\"@type\":\"Person\",\"@id\":\"https:\/\/labs.100x100.net\/projects\/rutasal\/#\/schema\/person\/214eeb4a2e78fd8373a0a94f6d93c9ca\",\"name\":\"La Ruta de la Sal\",\"image\":{\"@type\":\"ImageObject\",\"inLanguage\":\"es\",\"@id\":\"https:\/\/labs.100x100.net\/projects\/rutasal\/#\/schema\/person\/image\/\",\"url\":\"https:\/\/secure.gravatar.com\/avatar\/b247286d4b801d6b1cfcfb3807587284?s=96&d=mm&r=g\",\"contentUrl\":\"https:\/\/secure.gravatar.com\/avatar\/b247286d4b801d6b1cfcfb3807587284?s=96&d=mm&r=g\",\"caption\":\"La Ruta de la Sal\"}}]}<\/script>\n<!-- \/ Yoast SEO plugin. -->","yoast_head_json":{"title":"Nuevo sistema de rating, nuevas categor\u00edas y apoyos renovados auguran una 35\u00aa edici\u00f3n de La Ruta de la Sal francamente brillante","description":"Esta pr\u00f3xima edici\u00f3n de La Ruta de la Sal, nada menos que la 35\u00aa, incluye no pocos cambios, no pocas novedades.","robots":{"index":"noindex","follow":"follow","max-snippet":"max-snippet:-1","max-image-preview":"max-image-preview:large","max-video-preview":"max-video-preview:-1"},"og_locale":"es_ES","og_type":"article","og_title":"Nuevo sistema de rating, nuevas categor\u00edas y apoyos renovados auguran una 35\u00aa edici\u00f3n de La Ruta de la Sal francamente brillante","og_description":"Esta pr\u00f3xima edici\u00f3n de La Ruta de la Sal, nada menos que la 35\u00aa, incluye no pocos cambios, no pocas novedades.","og_url":"https:\/\/labs.100x100.net\/projects\/rutasal\/la-sal-se-renueva\/","og_site_name":"Regata La Ruta de la Sal","article_publisher":"https:\/\/www.facebook.com\/rutadelasal\/","article_published_time":"2023-02-15T21:17:22+00:00","article_modified_time":"2023-03-05T08:48:37+00:00","og_image":[{"width":1200,"height":794,"url":"https:\/\/labs.100x100.net\/projects\/rutasal\/custom\/uploads\/2023\/02\/BCN_2022_Gymir3.jpg","type":"image\/jpeg"}],"author":"La Ruta de la Sal","twitter_card":"summary_large_image","twitter_creator":"@AnamMedi","twitter_site":"@AnamMedi","twitter_misc":{"Escrito por":"La Ruta de la Sal","Tiempo de lectura":"4 minutos"},"schema":{"@context":"https:\/\/schema.org","@graph":[{"@type":"WebPage","@id":"https:\/\/labs.100x100.net\/projects\/rutasal\/la-sal-se-renueva\/","url":"https:\/\/labs.100x100.net\/projects\/rutasal\/la-sal-se-renueva\/","name":"Nuevo sistema de rating, nuevas categor\u00edas y apoyos renovados auguran una 35\u00aa edici\u00f3n de La Ruta de la Sal francamente brillante","isPartOf":{"@id":"https:\/\/labs.100x100.net\/projects\/rutasal\/#website"},"primaryImageOfPage":{"@id":"https:\/\/labs.100x100.net\/projects\/rutasal\/la-sal-se-renueva\/#primaryimage"},"image":{"@id":"https:\/\/labs.100x100.net\/projects\/rutasal\/la-sal-se-renueva\/#primaryimage"},"thumbnailUrl":"https:\/\/labs.100x100.net\/projects\/rutasal\/custom\/uploads\/2023\/02\/BCN_2022_Gymir3.jpg","datePublished":"2023-02-15T21:17:22+00:00","dateModified":"2023-03-05T08:48:37+00:00","author":{"@id":"https:\/\/labs.100x100.net\/projects\/rutasal\/#\/schema\/person\/214eeb4a2e78fd8373a0a94f6d93c9ca"},"description":"Esta pr\u00f3xima edici\u00f3n de La Ruta de la Sal, nada menos que la 35\u00aa, incluye no pocos cambios, no pocas novedades.","breadcrumb":{"@id":"https:\/\/labs.100x100.net\/projects\/rutasal\/la-sal-se-renueva\/#breadcrumb"},"inLanguage":"es","potentialAction":[{"@type":"ReadAction","target":["https:\/\/labs.100x100.net\/projects\/rutasal\/la-sal-se-renueva\/"]}]},{"@type":"ImageObject","inLanguage":"es","@id":"https:\/\/labs.100x100.net\/projects\/rutasal\/la-sal-se-renueva\/#primaryimage","url":"https:\/\/labs.100x100.net\/projects\/rutasal\/custom\/uploads\/2023\/02\/BCN_2022_Gymir3.jpg","contentUrl":"https:\/\/labs.100x100.net\/projects\/rutasal\/custom\/uploads\/2023\/02\/BCN_2022_Gymir3.jpg","width":1200,"height":794},{"@type":"BreadcrumbList","@id":"https:\/\/labs.100x100.net\/projects\/rutasal\/la-sal-se-renueva\/#breadcrumb","itemListElement":[{"@type":"ListItem","position":1,"name":"Portada","item":"https:\/\/labs.100x100.net\/projects\/rutasal\/"},{"@type":"ListItem","position":2,"name":"Nuevo sistema de rating, nuevas categor\u00edas y apoyos renovados auguran una 35\u00aa edici\u00f3n de La Ruta de la Sal francamente brillante"}]},{"@type":"WebSite","@id":"https:\/\/labs.100x100.net\/projects\/rutasal\/#website","url":"https:\/\/labs.100x100.net\/projects\/rutasal\/","name":"Regata La Ruta de la Sal","description":"Regata La Ruta de la Sal es una regata de Altura Mediterr\u00e1nea para barcos de crucero a vela con destino en Ibiza, que se disputa anualmente en Semana Santa.","potentialAction":[{"@type":"SearchAction","target":{"@type":"EntryPoint","urlTemplate":"https:\/\/labs.100x100.net\/projects\/rutasal\/?s={search_term_string}"},"query-input":"required name=search_term_string"}],"inLanguage":"es"},{"@type":"Person","@id":"https:\/\/labs.100x100.net\/projects\/rutasal\/#\/schema\/person\/214eeb4a2e78fd8373a0a94f6d93c9ca","name":"La Ruta de la Sal","image":{"@type":"ImageObject","inLanguage":"es","@id":"https:\/\/labs.100x100.net\/projects\/rutasal\/#\/schema\/person\/image\/","url":"https:\/\/secure.gravatar.com\/avatar\/b247286d4b801d6b1cfcfb3807587284?s=96&d=mm&r=g","contentUrl":"https:\/\/secure.gravatar.com\/avatar\/b247286d4b801d6b1cfcfb3807587284?s=96&d=mm&r=g","caption":"La Ruta de la Sal"}}]}},"_links":{"self":[{"href":"https:\/\/labs.100x100.net\/projects\/rutasal\/wp-json\/wp\/v2\/posts\/7910"}],"collection":[{"href":"https:\/\/labs.100x100.net\/projects\/rutasal\/wp-json\/wp\/v2\/posts"}],"about":[{"href":"https:\/\/labs.100x100.net\/projects\/rutasal\/wp-json\/wp\/v2\/types\/post"}],"author":[{"embeddable":true,"href":"https:\/\/labs.100x100.net\/projects\/rutasal\/wp-json\/wp\/v2\/users\/1"}],"replies":[{"embeddable":true,"href":"https:\/\/labs.100x100.net\/projects\/rutasal\/wp-json\/wp\/v2\/comments?post=7910"}],"version-history":[{"count":3,"href":"https:\/\/labs.100x100.net\/projects\/rutasal\/wp-json\/wp\/v2\/posts\/7910\/revisions"}],"predecessor-version":[{"id":7925,"href":"https:\/\/labs.100x100.net\/projects\/rutasal\/wp-json\/wp\/v2\/posts\/7910\/revisions\/7925"}],"wp:featuredmedia":[{"embeddable":true,"href":"https:\/\/labs.100x100.net\/projects\/rutasal\/wp-json\/wp\/v2\/media\/7920"}],"wp:attachment":[{"href":"https:\/\/labs.100x100.net\/projects\/rutasal\/wp-json\/wp\/v2\/media?parent=7910"}],"wp:term":[{"taxonomy":"category","embeddable":true,"href":"https:\/\/labs.100x100.net\/projects\/rutasal\/wp-json\/wp\/v2\/categories?post=7910"},{"taxonomy":"post_tag","embeddable":true,"href":"https:\/\/labs.100x100.net\/projects\/rutasal\/wp-json\/wp\/v2\/tags?post=7910"}],"curies":[{"name":"wp","href":"https:\/\/api.w.org\/{rel}","templated":true}]}}