{"id":7837,"date":"2023-02-07T20:40:21","date_gmt":"2023-02-07T18:40:21","guid":{"rendered":"https:\/\/larutadelasal.com\/?p=7837"},"modified":"2023-02-15T11:58:19","modified_gmt":"2023-02-15T09:58:19","slug":"globesailor","status":"publish","type":"post","link":"https:\/\/labs.100x100.net\/projects\/rutasal\/globesailor\/","title":{"rendered":"GlobeSailor patrocinador de La Ruta de la Sal y promotor de la categor\u00eda dedicada a los barcos de lista 6\u00aa"},"content":{"rendered":"<p><img loading=\"lazy\" decoding=\"async\" class=\"wp-image-7846 size-full aligncenter\" src=\"http:\/\/larutadelasal.com\/custom\/uploads\/2023\/02\/Logo-GlobeSailor.png\" alt=\"\" width=\"330\" height=\"153\" srcset=\"https:\/\/labs.100x100.net\/projects\/rutasal\/custom\/uploads\/2023\/02\/Logo-GlobeSailor.png 330w, https:\/\/labs.100x100.net\/projects\/rutasal\/custom\/uploads\/2023\/02\/Logo-GlobeSailor-300x139.png 300w\" sizes=\"(max-width: 330px) 100vw, 330px\" \/><\/p>\n<p style=\"text-align: justify;\">Por cuarto a\u00f1o consecutivo <a href=\"https:\/\/www.globesailor.es\/\">GlobeSailor<\/a> patrocina La Ruta de la Sal y da nombre a la categor\u00eda en la que compiten los barcos de lista 6\u00ba.<\/p>\n<p style=\"text-align: justify;\">Cada vez son m\u00e1s los navegantes que deciden alquilar un barco para participar en La Ruta de la Sal. El alquiler es una opci\u00f3n en claro crecimiento que facilita el acceso al mar, pues permite navegar en diversos destinos o participar en regatas sin la necesidad de tener que hacer frente a los costes de compra, amarre y mantenimiento del barco.<\/p>\n<p style=\"text-align: justify;\">En 2022, sin ir m\u00e1s lejos, en la versi\u00f3n Barcelona, compitieron 17 embarcaciones en la categor\u00eda GlobeSailor, que domina con pu\u00f1o de hierro desde hace a\u00f1os el Aquitat III, Sun Odissey 49 de Yacht Point Barcelona.<\/p>\n<p style=\"text-align: justify;\">Con amplia experiencia en el entorno on-line, GlobeSailor patrocina tambi\u00e9n el formulario de inscripci\u00f3n de la regata y organiza un sorteo en redes sociales exclusivo para los navegantes de La Ruta de la Sal. El a\u00f1o pasado uno de nuestros regatistas pudo disponer sin coste alguno de un maravilloso velero en su destino so\u00f1ado: las costas de Grecia.<\/p>\n<p style=\"text-align: justify;\">Como novedad para este a\u00f1o, La Ruta de la Sal y GlobeSailor organizar\u00e1n un <em>webinar<\/em> para presentar la regata y hablar sobre la navegaci\u00f3n de altura.<\/p>\n<p style=\"text-align: justify;\">Con sede en Par\u00eds, GlobeSailor es una de las principales agencias especializadas en el alquiler de barcos. La empresa, creada en 2008, tiene el objetivo de facilitar la b\u00fasqueda del alquiler de embarcaciones en todo el mundo a trav\u00e9s de su un potente motor de b\u00fasqueda, que referencia las flotas de barcos de cientos de empresas de alquiler en m\u00e1s de 180 destinos. Cada d\u00eda miles de usuarios comparan los barcos disponibles en un destino concreto y reservan directamente con GlobeSailor gracias a la ayudade sus asesores expertos en navegaci\u00f3n.<\/p>\n<p style=\"text-align: justify;\">Para m\u00e1s informaci\u00f3n: <a href=\"http:\/\/www.globesailor.es\">globesailor.es<\/a><\/p>\n<div id=\"attachment_7838\" style=\"width: 1342px\" class=\"wp-caption alignnone\"><img loading=\"lazy\" decoding=\"async\" aria-describedby=\"caption-attachment-7838\" class=\"wp-image-7838 size-full\" src=\"http:\/\/larutadelasal.com\/custom\/uploads\/2023\/02\/index21.jpg\" alt=\"\" width=\"1332\" height=\"882\" srcset=\"https:\/\/labs.100x100.net\/projects\/rutasal\/custom\/uploads\/2023\/02\/index21.jpg 1332w, https:\/\/labs.100x100.net\/projects\/rutasal\/custom\/uploads\/2023\/02\/index21-300x199.jpg 300w, https:\/\/labs.100x100.net\/projects\/rutasal\/custom\/uploads\/2023\/02\/index21-1024x678.jpg 1024w, https:\/\/labs.100x100.net\/projects\/rutasal\/custom\/uploads\/2023\/02\/index21-768x509.jpg 768w\" sizes=\"(max-width: 1332px) 100vw, 1332px\" \/><p id=\"caption-attachment-7838\" class=\"wp-caption-text\">@GlobeSailorperoi<\/p><\/div>\n","protected":false},"excerpt":{"rendered":"<p>Por cuarto a\u00f1o consecutivo GlobeSailor patrocina La Ruta de la Sal y da nombre a la categor\u00eda en la que compiten los barcos de lista 6\u00ba. Cada vez son m\u00e1s los navegantes que deciden alquilar un barco para participar en La Ruta de la Sal. El alquiler es una opci\u00f3n en claro crecimiento que facilita [&hellip;]<\/p>\n","protected":false},"author":1,"featured_media":7838,"comment_status":"open","ping_status":"open","sticky":false,"template":"","format":"standard","meta":{"_acf_changed":false,"footnotes":""},"categories":[3],"tags":[],"acf":[],"yoast_head":"<!-- This site is optimized with the Yoast SEO plugin v23.0 - https:\/\/yoast.com\/wordpress\/plugins\/seo\/ -->\n<title>GlobeSailor patrocinador de La Ruta de la Sal y promotor de la categor\u00eda dedicada a los barcos de lista 6\u00aa<\/title>\n<meta name=\"description\" content=\"Por cuarto a\u00f1o consecutivo GlobeSailor patrocina La Ruta de la Sal y da nombre a la categor\u00eda en la que compiten los barcos de lista 6\u00ba.\" \/>\n<meta name=\"robots\" content=\"noindex, follow, max-snippet:-1, max-image-preview:large, max-video-preview:-1\" \/>\n<meta property=\"og:locale\" content=\"es_ES\" \/>\n<meta property=\"og:type\" content=\"article\" \/>\n<meta property=\"og:title\" content=\"GlobeSailor patrocinador de La Ruta de la Sal y promotor de la categor\u00eda dedicada a los barcos de lista 6\u00aa\" \/>\n<meta property=\"og:description\" content=\"Por cuarto a\u00f1o consecutivo GlobeSailor patrocina La Ruta de la Sal y da nombre a la categor\u00eda en la que compiten los barcos de lista 6\u00ba.\" \/>\n<meta property=\"og:url\" content=\"https:\/\/labs.100x100.net\/projects\/rutasal\/globesailor\/\" \/>\n<meta property=\"og:site_name\" content=\"Regata La Ruta de la Sal\" \/>\n<meta property=\"article:publisher\" content=\"https:\/\/www.facebook.com\/rutadelasal\/\" \/>\n<meta property=\"article:published_time\" content=\"2023-02-07T18:40:21+00:00\" \/>\n<meta property=\"article:modified_time\" content=\"2023-02-15T09:58:19+00:00\" \/>\n<meta property=\"og:image\" content=\"https:\/\/labs.100x100.net\/projects\/rutasal\/custom\/uploads\/2023\/02\/index21.jpg\" \/>\n\t<meta property=\"og:image:width\" content=\"1332\" \/>\n\t<meta property=\"og:image:height\" content=\"882\" \/>\n\t<meta property=\"og:image:type\" content=\"image\/jpeg\" \/>\n<meta name=\"author\" content=\"La Ruta de la Sal\" \/>\n<meta name=\"twitter:card\" content=\"summary_large_image\" \/>\n<meta name=\"twitter:creator\" content=\"@AnamMedi\" \/>\n<meta name=\"twitter:site\" content=\"@AnamMedi\" \/>\n<meta name=\"twitter:label1\" content=\"Escrito por\" \/>\n\t<meta name=\"twitter:data1\" content=\"La Ruta de la Sal\" \/>\n\t<meta name=\"twitter:label2\" content=\"Tiempo de lectura\" \/>\n\t<meta name=\"twitter:data2\" content=\"2 minutos\" \/>\n<script type=\"application\/ld+json\" class=\"yoast-schema-graph\">{\"@context\":\"https:\/\/schema.org\",\"@graph\":[{\"@type\":\"WebPage\",\"@id\":\"https:\/\/labs.100x100.net\/projects\/rutasal\/globesailor\/\",\"url\":\"https:\/\/labs.100x100.net\/projects\/rutasal\/globesailor\/\",\"name\":\"GlobeSailor patrocinador de La Ruta de la Sal y promotor de la categor\u00eda dedicada a los barcos de lista 6\u00aa\",\"isPartOf\":{\"@id\":\"https:\/\/labs.100x100.net\/projects\/rutasal\/#website\"},\"primaryImageOfPage\":{\"@id\":\"https:\/\/labs.100x100.net\/projects\/rutasal\/globesailor\/#primaryimage\"},\"image\":{\"@id\":\"https:\/\/labs.100x100.net\/projects\/rutasal\/globesailor\/#primaryimage\"},\"thumbnailUrl\":\"https:\/\/labs.100x100.net\/projects\/rutasal\/custom\/uploads\/2023\/02\/index21.jpg\",\"datePublished\":\"2023-02-07T18:40:21+00:00\",\"dateModified\":\"2023-02-15T09:58:19+00:00\",\"author\":{\"@id\":\"https:\/\/labs.100x100.net\/projects\/rutasal\/#\/schema\/person\/214eeb4a2e78fd8373a0a94f6d93c9ca\"},\"description\":\"Por cuarto a\u00f1o consecutivo GlobeSailor patrocina La Ruta de la Sal y da nombre a la categor\u00eda en la que compiten los barcos de lista 6\u00ba.\",\"breadcrumb\":{\"@id\":\"https:\/\/labs.100x100.net\/projects\/rutasal\/globesailor\/#breadcrumb\"},\"inLanguage\":\"es\",\"potentialAction\":[{\"@type\":\"ReadAction\",\"target\":[\"https:\/\/labs.100x100.net\/projects\/rutasal\/globesailor\/\"]}]},{\"@type\":\"ImageObject\",\"inLanguage\":\"es\",\"@id\":\"https:\/\/labs.100x100.net\/projects\/rutasal\/globesailor\/#primaryimage\",\"url\":\"https:\/\/labs.100x100.net\/projects\/rutasal\/custom\/uploads\/2023\/02\/index21.jpg\",\"contentUrl\":\"https:\/\/labs.100x100.net\/projects\/rutasal\/custom\/uploads\/2023\/02\/index21.jpg\",\"width\":1332,\"height\":882},{\"@type\":\"BreadcrumbList\",\"@id\":\"https:\/\/labs.100x100.net\/projects\/rutasal\/globesailor\/#breadcrumb\",\"itemListElement\":[{\"@type\":\"ListItem\",\"position\":1,\"name\":\"Portada\",\"item\":\"https:\/\/labs.100x100.net\/projects\/rutasal\/\"},{\"@type\":\"ListItem\",\"position\":2,\"name\":\"GlobeSailor patrocinador de La Ruta de la Sal y promotor de la categor\u00eda dedicada a los barcos de lista 6\u00aa\"}]},{\"@type\":\"WebSite\",\"@id\":\"https:\/\/labs.100x100.net\/projects\/rutasal\/#website\",\"url\":\"https:\/\/labs.100x100.net\/projects\/rutasal\/\",\"name\":\"Regata La Ruta de la Sal\",\"description\":\"Regata La Ruta de la Sal es una regata de Altura Mediterr\u00e1nea para barcos de crucero a vela con destino en Ibiza, que se disputa anualmente en Semana Santa.\",\"potentialAction\":[{\"@type\":\"SearchAction\",\"target\":{\"@type\":\"EntryPoint\",\"urlTemplate\":\"https:\/\/labs.100x100.net\/projects\/rutasal\/?s={search_term_string}\"},\"query-input\":\"required name=search_term_string\"}],\"inLanguage\":\"es\"},{\"@type\":\"Person\",\"@id\":\"https:\/\/labs.100x100.net\/projects\/rutasal\/#\/schema\/person\/214eeb4a2e78fd8373a0a94f6d93c9ca\",\"name\":\"La Ruta de la Sal\",\"image\":{\"@type\":\"ImageObject\",\"inLanguage\":\"es\",\"@id\":\"https:\/\/labs.100x100.net\/projects\/rutasal\/#\/schema\/person\/image\/\",\"url\":\"https:\/\/secure.gravatar.com\/avatar\/b247286d4b801d6b1cfcfb3807587284?s=96&d=mm&r=g\",\"contentUrl\":\"https:\/\/secure.gravatar.com\/avatar\/b247286d4b801d6b1cfcfb3807587284?s=96&d=mm&r=g\",\"caption\":\"La Ruta de la Sal\"}}]}<\/script>\n<!-- \/ Yoast SEO plugin. -->","yoast_head_json":{"title":"GlobeSailor patrocinador de La Ruta de la Sal y promotor de la categor\u00eda dedicada a los barcos de lista 6\u00aa","description":"Por cuarto a\u00f1o consecutivo GlobeSailor patrocina La Ruta de la Sal y da nombre a la categor\u00eda en la que compiten los barcos de lista 6\u00ba.","robots":{"index":"noindex","follow":"follow","max-snippet":"max-snippet:-1","max-image-preview":"max-image-preview:large","max-video-preview":"max-video-preview:-1"},"og_locale":"es_ES","og_type":"article","og_title":"GlobeSailor patrocinador de La Ruta de la Sal y promotor de la categor\u00eda dedicada a los barcos de lista 6\u00aa","og_description":"Por cuarto a\u00f1o consecutivo GlobeSailor patrocina La Ruta de la Sal y da nombre a la categor\u00eda en la que compiten los barcos de lista 6\u00ba.","og_url":"https:\/\/labs.100x100.net\/projects\/rutasal\/globesailor\/","og_site_name":"Regata La Ruta de la Sal","article_publisher":"https:\/\/www.facebook.com\/rutadelasal\/","article_published_time":"2023-02-07T18:40:21+00:00","article_modified_time":"2023-02-15T09:58:19+00:00","og_image":[{"width":1332,"height":882,"url":"https:\/\/labs.100x100.net\/projects\/rutasal\/custom\/uploads\/2023\/02\/index21.jpg","type":"image\/jpeg"}],"author":"La Ruta de la Sal","twitter_card":"summary_large_image","twitter_creator":"@AnamMedi","twitter_site":"@AnamMedi","twitter_misc":{"Escrito por":"La Ruta de la Sal","Tiempo de lectura":"2 minutos"},"schema":{"@context":"https:\/\/schema.org","@graph":[{"@type":"WebPage","@id":"https:\/\/labs.100x100.net\/projects\/rutasal\/globesailor\/","url":"https:\/\/labs.100x100.net\/projects\/rutasal\/globesailor\/","name":"GlobeSailor patrocinador de La Ruta de la Sal y promotor de la categor\u00eda dedicada a los barcos de lista 6\u00aa","isPartOf":{"@id":"https:\/\/labs.100x100.net\/projects\/rutasal\/#website"},"primaryImageOfPage":{"@id":"https:\/\/labs.100x100.net\/projects\/rutasal\/globesailor\/#primaryimage"},"image":{"@id":"https:\/\/labs.100x100.net\/projects\/rutasal\/globesailor\/#primaryimage"},"thumbnailUrl":"https:\/\/labs.100x100.net\/projects\/rutasal\/custom\/uploads\/2023\/02\/index21.jpg","datePublished":"2023-02-07T18:40:21+00:00","dateModified":"2023-02-15T09:58:19+00:00","author":{"@id":"https:\/\/labs.100x100.net\/projects\/rutasal\/#\/schema\/person\/214eeb4a2e78fd8373a0a94f6d93c9ca"},"description":"Por cuarto a\u00f1o consecutivo GlobeSailor patrocina La Ruta de la Sal y da nombre a la categor\u00eda en la que compiten los barcos de lista 6\u00ba.","breadcrumb":{"@id":"https:\/\/labs.100x100.net\/projects\/rutasal\/globesailor\/#breadcrumb"},"inLanguage":"es","potentialAction":[{"@type":"ReadAction","target":["https:\/\/labs.100x100.net\/projects\/rutasal\/globesailor\/"]}]},{"@type":"ImageObject","inLanguage":"es","@id":"https:\/\/labs.100x100.net\/projects\/rutasal\/globesailor\/#primaryimage","url":"https:\/\/labs.100x100.net\/projects\/rutasal\/custom\/uploads\/2023\/02\/index21.jpg","contentUrl":"https:\/\/labs.100x100.net\/projects\/rutasal\/custom\/uploads\/2023\/02\/index21.jpg","width":1332,"height":882},{"@type":"BreadcrumbList","@id":"https:\/\/labs.100x100.net\/projects\/rutasal\/globesailor\/#breadcrumb","itemListElement":[{"@type":"ListItem","position":1,"name":"Portada","item":"https:\/\/labs.100x100.net\/projects\/rutasal\/"},{"@type":"ListItem","position":2,"name":"GlobeSailor patrocinador de La Ruta de la Sal y promotor de la categor\u00eda dedicada a los barcos de lista 6\u00aa"}]},{"@type":"WebSite","@id":"https:\/\/labs.100x100.net\/projects\/rutasal\/#website","url":"https:\/\/labs.100x100.net\/projects\/rutasal\/","name":"Regata La Ruta de la Sal","description":"Regata La Ruta de la Sal es una regata de Altura Mediterr\u00e1nea para barcos de crucero a vela con destino en Ibiza, que se disputa anualmente en Semana Santa.","potentialAction":[{"@type":"SearchAction","target":{"@type":"EntryPoint","urlTemplate":"https:\/\/labs.100x100.net\/projects\/rutasal\/?s={search_term_string}"},"query-input":"required name=search_term_string"}],"inLanguage":"es"},{"@type":"Person","@id":"https:\/\/labs.100x100.net\/projects\/rutasal\/#\/schema\/person\/214eeb4a2e78fd8373a0a94f6d93c9ca","name":"La Ruta de la Sal","image":{"@type":"ImageObject","inLanguage":"es","@id":"https:\/\/labs.100x100.net\/projects\/rutasal\/#\/schema\/person\/image\/","url":"https:\/\/secure.gravatar.com\/avatar\/b247286d4b801d6b1cfcfb3807587284?s=96&d=mm&r=g","contentUrl":"https:\/\/secure.gravatar.com\/avatar\/b247286d4b801d6b1cfcfb3807587284?s=96&d=mm&r=g","caption":"La Ruta de la Sal"}}]}},"_links":{"self":[{"href":"https:\/\/labs.100x100.net\/projects\/rutasal\/wp-json\/wp\/v2\/posts\/7837"}],"collection":[{"href":"https:\/\/labs.100x100.net\/projects\/rutasal\/wp-json\/wp\/v2\/posts"}],"about":[{"href":"https:\/\/labs.100x100.net\/projects\/rutasal\/wp-json\/wp\/v2\/types\/post"}],"author":[{"embeddable":true,"href":"https:\/\/labs.100x100.net\/projects\/rutasal\/wp-json\/wp\/v2\/users\/1"}],"replies":[{"embeddable":true,"href":"https:\/\/labs.100x100.net\/projects\/rutasal\/wp-json\/wp\/v2\/comments?post=7837"}],"version-history":[{"count":10,"href":"https:\/\/labs.100x100.net\/projects\/rutasal\/wp-json\/wp\/v2\/posts\/7837\/revisions"}],"predecessor-version":[{"id":7855,"href":"https:\/\/labs.100x100.net\/projects\/rutasal\/wp-json\/wp\/v2\/posts\/7837\/revisions\/7855"}],"wp:featuredmedia":[{"embeddable":true,"href":"https:\/\/labs.100x100.net\/projects\/rutasal\/wp-json\/wp\/v2\/media\/7838"}],"wp:attachment":[{"href":"https:\/\/labs.100x100.net\/projects\/rutasal\/wp-json\/wp\/v2\/media?parent=7837"}],"wp:term":[{"taxonomy":"category","embeddable":true,"href":"https:\/\/labs.100x100.net\/projects\/rutasal\/wp-json\/wp\/v2\/categories?post=7837"},{"taxonomy":"post_tag","embeddable":true,"href":"https:\/\/labs.100x100.net\/projects\/rutasal\/wp-json\/wp\/v2\/tags?post=7837"}],"curies":[{"name":"wp","href":"https:\/\/api.w.org\/{rel}","templated":true}]}}