{"id":7793,"date":"2023-02-03T15:58:58","date_gmt":"2023-02-03T13:58:58","guid":{"rendered":"https:\/\/larutadelasal.com\/?p=7793"},"modified":"2023-03-05T11:05:09","modified_gmt":"2023-03-05T09:05:09","slug":"sistema-orc","status":"publish","type":"post","link":"https:\/\/labs.100x100.net\/projects\/rutasal\/sistema-orc\/","title":{"rendered":"La Ruta de la Sal adopta el sistema de rating ORC"},"content":{"rendered":"<p style=\"text-align: justify;\"><img loading=\"lazy\" decoding=\"async\" class=\"aligncenter wp-image-7794 size-full\" src=\"http:\/\/larutadelasal.com\/custom\/uploads\/2023\/02\/logo-ORC.png\" alt=\"\" width=\"225\" height=\"225\" srcset=\"https:\/\/labs.100x100.net\/projects\/rutasal\/custom\/uploads\/2023\/02\/logo-ORC.png 225w, https:\/\/labs.100x100.net\/projects\/rutasal\/custom\/uploads\/2023\/02\/logo-ORC-150x150.png 150w\" sizes=\"(max-width: 225px) 100vw, 225px\" \/><\/p>\n<p style=\"text-align: justify;\">Con la voluntad de seguir promoviendo la internacionalizaci\u00f3n de la regata, La Ruta de la Sal ha tomado la decisi\u00f3n de adoptar el sistema ORC de compensaci\u00f3n de tiempos, de uso extendido en todo el continente europeo.<\/p>\n<p style=\"text-align: justify;\">Est\u00e1 decisi\u00f3n se ve reforzada gracias al acuerdo establecido con la <a href=\"https:\/\/www.rfev.es\/\">Federaci\u00f3n Espa\u00f1ola de Vela<\/a> que permitir\u00e1, a los patrones que no est\u00e9n interesados en obtener un certificado ORC anual, solicitar un certificado a un precio reducido de 25\u20ac para participar exclusivamente en La Ruta de la Sal.<\/p>\n<p style=\"text-align: justify;\">Asimismo, tambi\u00e9n se actualiza el sistema de categor\u00edas de La Ruta de la Sal, que dejar\u00e1n de establecerse en base al a\u00f1o de dise\u00f1o de cada barco, para configurarse en base a los ratings, de forma que los grupos sean m\u00e1s equitativos form\u00e1ndose entre aquellos barcos con velocidades similares.<\/p>\n","protected":false},"excerpt":{"rendered":"<p>Con la voluntad de seguir promoviendo la internacionalizaci\u00f3n de la regata, La Ruta de la Sal ha tomado la decisi\u00f3n de adoptar el sistema ORC de compensaci\u00f3n de tiempos, de uso extendido en todo el continente europeo. Est\u00e1 decisi\u00f3n se ve reforzada gracias al acuerdo establecido con la Federaci\u00f3n Espa\u00f1ola de Vela que permitir\u00e1, a [&hellip;]<\/p>\n","protected":false},"author":1,"featured_media":7806,"comment_status":"open","ping_status":"open","sticky":false,"template":"","format":"standard","meta":{"_acf_changed":false,"footnotes":""},"categories":[3],"tags":[],"acf":[],"yoast_head":"<!-- This site is optimized with the Yoast SEO plugin v23.0 - https:\/\/yoast.com\/wordpress\/plugins\/seo\/ -->\n<title>La Ruta de la Sal adopta el sistema de rating ORC<\/title>\n<meta name=\"description\" content=\"La Ruta de la Sal ha tomado la decisi\u00f3n de adoptar el sistema ORC de compensaci\u00f3n de tiempos, de uso extendido en todo el continente europeo.\" \/>\n<meta name=\"robots\" content=\"noindex, follow, max-snippet:-1, max-image-preview:large, max-video-preview:-1\" \/>\n<meta property=\"og:locale\" content=\"es_ES\" \/>\n<meta property=\"og:type\" content=\"article\" \/>\n<meta property=\"og:title\" content=\"La Ruta de la Sal adopta el sistema de rating ORC\" \/>\n<meta property=\"og:description\" content=\"La Ruta de la Sal ha tomado la decisi\u00f3n de adoptar el sistema ORC de compensaci\u00f3n de tiempos, de uso extendido en todo el continente europeo.\" \/>\n<meta property=\"og:url\" content=\"https:\/\/labs.100x100.net\/projects\/rutasal\/sistema-orc\/\" \/>\n<meta property=\"og:site_name\" content=\"Regata La Ruta de la Sal\" \/>\n<meta property=\"article:publisher\" content=\"https:\/\/www.facebook.com\/rutadelasal\/\" \/>\n<meta property=\"article:published_time\" content=\"2023-02-03T13:58:58+00:00\" \/>\n<meta property=\"article:modified_time\" content=\"2023-03-05T09:05:09+00:00\" \/>\n<meta property=\"og:image\" content=\"https:\/\/labs.100x100.net\/projects\/rutasal\/custom\/uploads\/2023\/02\/La-Sal-2022_02.jpg\" \/>\n\t<meta property=\"og:image:width\" content=\"1200\" \/>\n\t<meta property=\"og:image:height\" content=\"795\" \/>\n\t<meta property=\"og:image:type\" content=\"image\/jpeg\" \/>\n<meta name=\"author\" content=\"La Ruta de la Sal\" \/>\n<meta name=\"twitter:card\" content=\"summary_large_image\" \/>\n<meta name=\"twitter:creator\" content=\"@AnamMedi\" \/>\n<meta name=\"twitter:site\" content=\"@AnamMedi\" \/>\n<meta name=\"twitter:label1\" content=\"Escrito por\" \/>\n\t<meta name=\"twitter:data1\" content=\"La Ruta de la Sal\" \/>\n\t<meta name=\"twitter:label2\" content=\"Tiempo de lectura\" \/>\n\t<meta name=\"twitter:data2\" content=\"1 minuto\" \/>\n<script type=\"application\/ld+json\" class=\"yoast-schema-graph\">{\"@context\":\"https:\/\/schema.org\",\"@graph\":[{\"@type\":\"WebPage\",\"@id\":\"https:\/\/labs.100x100.net\/projects\/rutasal\/sistema-orc\/\",\"url\":\"https:\/\/labs.100x100.net\/projects\/rutasal\/sistema-orc\/\",\"name\":\"La Ruta de la Sal adopta el sistema de rating ORC\",\"isPartOf\":{\"@id\":\"https:\/\/labs.100x100.net\/projects\/rutasal\/#website\"},\"primaryImageOfPage\":{\"@id\":\"https:\/\/labs.100x100.net\/projects\/rutasal\/sistema-orc\/#primaryimage\"},\"image\":{\"@id\":\"https:\/\/labs.100x100.net\/projects\/rutasal\/sistema-orc\/#primaryimage\"},\"thumbnailUrl\":\"https:\/\/labs.100x100.net\/projects\/rutasal\/custom\/uploads\/2023\/02\/La-Sal-2022_02.jpg\",\"datePublished\":\"2023-02-03T13:58:58+00:00\",\"dateModified\":\"2023-03-05T09:05:09+00:00\",\"author\":{\"@id\":\"https:\/\/labs.100x100.net\/projects\/rutasal\/#\/schema\/person\/214eeb4a2e78fd8373a0a94f6d93c9ca\"},\"description\":\"La Ruta de la Sal ha tomado la decisi\u00f3n de adoptar el sistema ORC de compensaci\u00f3n de tiempos, de uso extendido en todo el continente europeo.\",\"breadcrumb\":{\"@id\":\"https:\/\/labs.100x100.net\/projects\/rutasal\/sistema-orc\/#breadcrumb\"},\"inLanguage\":\"es\",\"potentialAction\":[{\"@type\":\"ReadAction\",\"target\":[\"https:\/\/labs.100x100.net\/projects\/rutasal\/sistema-orc\/\"]}]},{\"@type\":\"ImageObject\",\"inLanguage\":\"es\",\"@id\":\"https:\/\/labs.100x100.net\/projects\/rutasal\/sistema-orc\/#primaryimage\",\"url\":\"https:\/\/labs.100x100.net\/projects\/rutasal\/custom\/uploads\/2023\/02\/La-Sal-2022_02.jpg\",\"contentUrl\":\"https:\/\/labs.100x100.net\/projects\/rutasal\/custom\/uploads\/2023\/02\/La-Sal-2022_02.jpg\",\"width\":1200,\"height\":795},{\"@type\":\"BreadcrumbList\",\"@id\":\"https:\/\/labs.100x100.net\/projects\/rutasal\/sistema-orc\/#breadcrumb\",\"itemListElement\":[{\"@type\":\"ListItem\",\"position\":1,\"name\":\"Portada\",\"item\":\"https:\/\/labs.100x100.net\/projects\/rutasal\/\"},{\"@type\":\"ListItem\",\"position\":2,\"name\":\"La Ruta de la Sal adopta el sistema de rating ORC\"}]},{\"@type\":\"WebSite\",\"@id\":\"https:\/\/labs.100x100.net\/projects\/rutasal\/#website\",\"url\":\"https:\/\/labs.100x100.net\/projects\/rutasal\/\",\"name\":\"Regata La Ruta de la Sal\",\"description\":\"Regata La Ruta de la Sal es una regata de Altura Mediterr\u00e1nea para barcos de crucero a vela con destino en Ibiza, que se disputa anualmente en Semana Santa.\",\"potentialAction\":[{\"@type\":\"SearchAction\",\"target\":{\"@type\":\"EntryPoint\",\"urlTemplate\":\"https:\/\/labs.100x100.net\/projects\/rutasal\/?s={search_term_string}\"},\"query-input\":\"required name=search_term_string\"}],\"inLanguage\":\"es\"},{\"@type\":\"Person\",\"@id\":\"https:\/\/labs.100x100.net\/projects\/rutasal\/#\/schema\/person\/214eeb4a2e78fd8373a0a94f6d93c9ca\",\"name\":\"La Ruta de la Sal\",\"image\":{\"@type\":\"ImageObject\",\"inLanguage\":\"es\",\"@id\":\"https:\/\/labs.100x100.net\/projects\/rutasal\/#\/schema\/person\/image\/\",\"url\":\"https:\/\/secure.gravatar.com\/avatar\/b247286d4b801d6b1cfcfb3807587284?s=96&d=mm&r=g\",\"contentUrl\":\"https:\/\/secure.gravatar.com\/avatar\/b247286d4b801d6b1cfcfb3807587284?s=96&d=mm&r=g\",\"caption\":\"La Ruta de la Sal\"}}]}<\/script>\n<!-- \/ Yoast SEO plugin. -->","yoast_head_json":{"title":"La Ruta de la Sal adopta el sistema de rating ORC","description":"La Ruta de la Sal ha tomado la decisi\u00f3n de adoptar el sistema ORC de compensaci\u00f3n de tiempos, de uso extendido en todo el continente europeo.","robots":{"index":"noindex","follow":"follow","max-snippet":"max-snippet:-1","max-image-preview":"max-image-preview:large","max-video-preview":"max-video-preview:-1"},"og_locale":"es_ES","og_type":"article","og_title":"La Ruta de la Sal adopta el sistema de rating ORC","og_description":"La Ruta de la Sal ha tomado la decisi\u00f3n de adoptar el sistema ORC de compensaci\u00f3n de tiempos, de uso extendido en todo el continente europeo.","og_url":"https:\/\/labs.100x100.net\/projects\/rutasal\/sistema-orc\/","og_site_name":"Regata La Ruta de la Sal","article_publisher":"https:\/\/www.facebook.com\/rutadelasal\/","article_published_time":"2023-02-03T13:58:58+00:00","article_modified_time":"2023-03-05T09:05:09+00:00","og_image":[{"width":1200,"height":795,"url":"https:\/\/labs.100x100.net\/projects\/rutasal\/custom\/uploads\/2023\/02\/La-Sal-2022_02.jpg","type":"image\/jpeg"}],"author":"La Ruta de la Sal","twitter_card":"summary_large_image","twitter_creator":"@AnamMedi","twitter_site":"@AnamMedi","twitter_misc":{"Escrito por":"La Ruta de la Sal","Tiempo de lectura":"1 minuto"},"schema":{"@context":"https:\/\/schema.org","@graph":[{"@type":"WebPage","@id":"https:\/\/labs.100x100.net\/projects\/rutasal\/sistema-orc\/","url":"https:\/\/labs.100x100.net\/projects\/rutasal\/sistema-orc\/","name":"La Ruta de la Sal adopta el sistema de rating ORC","isPartOf":{"@id":"https:\/\/labs.100x100.net\/projects\/rutasal\/#website"},"primaryImageOfPage":{"@id":"https:\/\/labs.100x100.net\/projects\/rutasal\/sistema-orc\/#primaryimage"},"image":{"@id":"https:\/\/labs.100x100.net\/projects\/rutasal\/sistema-orc\/#primaryimage"},"thumbnailUrl":"https:\/\/labs.100x100.net\/projects\/rutasal\/custom\/uploads\/2023\/02\/La-Sal-2022_02.jpg","datePublished":"2023-02-03T13:58:58+00:00","dateModified":"2023-03-05T09:05:09+00:00","author":{"@id":"https:\/\/labs.100x100.net\/projects\/rutasal\/#\/schema\/person\/214eeb4a2e78fd8373a0a94f6d93c9ca"},"description":"La Ruta de la Sal ha tomado la decisi\u00f3n de adoptar el sistema ORC de compensaci\u00f3n de tiempos, de uso extendido en todo el continente europeo.","breadcrumb":{"@id":"https:\/\/labs.100x100.net\/projects\/rutasal\/sistema-orc\/#breadcrumb"},"inLanguage":"es","potentialAction":[{"@type":"ReadAction","target":["https:\/\/labs.100x100.net\/projects\/rutasal\/sistema-orc\/"]}]},{"@type":"ImageObject","inLanguage":"es","@id":"https:\/\/labs.100x100.net\/projects\/rutasal\/sistema-orc\/#primaryimage","url":"https:\/\/labs.100x100.net\/projects\/rutasal\/custom\/uploads\/2023\/02\/La-Sal-2022_02.jpg","contentUrl":"https:\/\/labs.100x100.net\/projects\/rutasal\/custom\/uploads\/2023\/02\/La-Sal-2022_02.jpg","width":1200,"height":795},{"@type":"BreadcrumbList","@id":"https:\/\/labs.100x100.net\/projects\/rutasal\/sistema-orc\/#breadcrumb","itemListElement":[{"@type":"ListItem","position":1,"name":"Portada","item":"https:\/\/labs.100x100.net\/projects\/rutasal\/"},{"@type":"ListItem","position":2,"name":"La Ruta de la Sal adopta el sistema de rating ORC"}]},{"@type":"WebSite","@id":"https:\/\/labs.100x100.net\/projects\/rutasal\/#website","url":"https:\/\/labs.100x100.net\/projects\/rutasal\/","name":"Regata La Ruta de la Sal","description":"Regata La Ruta de la Sal es una regata de Altura Mediterr\u00e1nea para barcos de crucero a vela con destino en Ibiza, que se disputa anualmente en Semana Santa.","potentialAction":[{"@type":"SearchAction","target":{"@type":"EntryPoint","urlTemplate":"https:\/\/labs.100x100.net\/projects\/rutasal\/?s={search_term_string}"},"query-input":"required name=search_term_string"}],"inLanguage":"es"},{"@type":"Person","@id":"https:\/\/labs.100x100.net\/projects\/rutasal\/#\/schema\/person\/214eeb4a2e78fd8373a0a94f6d93c9ca","name":"La Ruta de la Sal","image":{"@type":"ImageObject","inLanguage":"es","@id":"https:\/\/labs.100x100.net\/projects\/rutasal\/#\/schema\/person\/image\/","url":"https:\/\/secure.gravatar.com\/avatar\/b247286d4b801d6b1cfcfb3807587284?s=96&d=mm&r=g","contentUrl":"https:\/\/secure.gravatar.com\/avatar\/b247286d4b801d6b1cfcfb3807587284?s=96&d=mm&r=g","caption":"La Ruta de la Sal"}}]}},"_links":{"self":[{"href":"https:\/\/labs.100x100.net\/projects\/rutasal\/wp-json\/wp\/v2\/posts\/7793"}],"collection":[{"href":"https:\/\/labs.100x100.net\/projects\/rutasal\/wp-json\/wp\/v2\/posts"}],"about":[{"href":"https:\/\/labs.100x100.net\/projects\/rutasal\/wp-json\/wp\/v2\/types\/post"}],"author":[{"embeddable":true,"href":"https:\/\/labs.100x100.net\/projects\/rutasal\/wp-json\/wp\/v2\/users\/1"}],"replies":[{"embeddable":true,"href":"https:\/\/labs.100x100.net\/projects\/rutasal\/wp-json\/wp\/v2\/comments?post=7793"}],"version-history":[{"count":3,"href":"https:\/\/labs.100x100.net\/projects\/rutasal\/wp-json\/wp\/v2\/posts\/7793\/revisions"}],"predecessor-version":[{"id":8006,"href":"https:\/\/labs.100x100.net\/projects\/rutasal\/wp-json\/wp\/v2\/posts\/7793\/revisions\/8006"}],"wp:featuredmedia":[{"embeddable":true,"href":"https:\/\/labs.100x100.net\/projects\/rutasal\/wp-json\/wp\/v2\/media\/7806"}],"wp:attachment":[{"href":"https:\/\/labs.100x100.net\/projects\/rutasal\/wp-json\/wp\/v2\/media?parent=7793"}],"wp:term":[{"taxonomy":"category","embeddable":true,"href":"https:\/\/labs.100x100.net\/projects\/rutasal\/wp-json\/wp\/v2\/categories?post=7793"},{"taxonomy":"post_tag","embeddable":true,"href":"https:\/\/labs.100x100.net\/projects\/rutasal\/wp-json\/wp\/v2\/tags?post=7793"}],"curies":[{"name":"wp","href":"https:\/\/api.w.org\/{rel}","templated":true}]}}