{"id":7783,"date":"2023-01-31T16:12:29","date_gmt":"2023-01-31T14:12:29","guid":{"rendered":"https:\/\/larutadelasal.com\/?p=7783"},"modified":"2023-02-03T16:14:49","modified_gmt":"2023-02-03T14:14:49","slug":"cambios-en-el-club-nautic-sant-antoni-de-portmany","status":"publish","type":"post","link":"https:\/\/labs.100x100.net\/projects\/rutasal\/cambios-en-el-club-nautic-sant-antoni-de-portmany\/","title":{"rendered":"CAMBIO AL TIM\u00d3N EN EL CLUB N\u00c0UTIC SANT ANTONI EN IBIZA"},"content":{"rendered":"<div id=\"attachment_7784\" style=\"width: 1010px\" class=\"wp-caption aligncenter\"><img loading=\"lazy\" decoding=\"async\" aria-describedby=\"caption-attachment-7784\" class=\"size-full wp-image-7784\" src=\"http:\/\/larutadelasal.com\/custom\/uploads\/2023\/01\/Cambio_gerencia_CNSA.jpg\" alt=\"\" width=\"1000\" height=\"662\" srcset=\"https:\/\/labs.100x100.net\/projects\/rutasal\/custom\/uploads\/2023\/01\/Cambio_gerencia_CNSA.jpg 1000w, https:\/\/labs.100x100.net\/projects\/rutasal\/custom\/uploads\/2023\/01\/Cambio_gerencia_CNSA-300x199.jpg 300w, https:\/\/labs.100x100.net\/projects\/rutasal\/custom\/uploads\/2023\/01\/Cambio_gerencia_CNSA-768x508.jpg 768w\" sizes=\"(max-width: 1000px) 100vw, 1000px\" \/><p id=\"caption-attachment-7784\" class=\"wp-caption-text\">Diana Loro y Juan Vicente Rosell\u00f3<\/p><\/div>\n<p><strong>Juan Vicente Rosell\u00f3<\/strong>, gerente del Club N\u00e0utic Sant Antoni durante casi 30 a\u00f1os, ha sido nombrado nuevo director de Ports de les Illes Balears.<\/p>\n<p>Desde La Ruta de la Sal queremos desearle \u00e9xito en esta nueva etapa y agradecer su apoyo incondicional a la regata, sus\u00a0 guardias y esfuerzos durante cada semana santa para encajar a la gran flota de la Sal en el Club N\u00e0utic de Sant Antoni de Portmay. Gestionar la acogida y dar amarre a m\u00e1s de ciento cincuenta barcos que llegan de golpe en apenas unas horas es directamente impensable en la pr\u00e1ctica totalidad de puertos. Juanvi, radio en mano, desde la terraza de Es Nautic, lo consegu\u00eda. Lo hac\u00eda sin renunciar ni un \u00e1pice a la calidad del servicio, manteniendo la calma en todo momento y ofreciendo un trato exquisito a todos los armadores.<\/p>\n<p><strong>Diana Loro Bayona<\/strong>, hasta ahora responsable de Explotaci\u00f3n del Club, ha sido nombrada nueva gerente por la Junta Directiva. Ingeniera de Caminos, Canales y Puertos e ingeniera de Obras P\u00fablicas, ha dirigido proyectos como la ordenaci\u00f3n e instalaci\u00f3n de fondeos ecol\u00f3gicos en la bah\u00eda de Portmany y el proyecto de recuperaci\u00f3n ambiental de la bah\u00eda de Portmany.<\/p>\n<p>Incorporada al club en 2010, asumi\u00f3 a su vez el cargo de capitana de puerto por lo que tambi\u00e9n ha tenido una implicaci\u00f3n directa en toda la operativa para acoger, a\u00f1o tras a\u00f1o, a la flota de La Ruta de la Sal. Desde la organizaci\u00f3n, felicitamos a Diana por el nombramiento y le deseamos un futuro de grandes \u00e9xitos al frente del club.<\/p>\n<p>&nbsp;<\/p>\n<p>&nbsp;<\/p>\n<p>&nbsp;<\/p>\n<p>&nbsp;<\/p>\n<p>&nbsp;<\/p>\n<p>&nbsp;<\/p>\n<p>&nbsp;<\/p>\n<p>En el club echaremos mucho de menos su naturaleza siempre positiva, su buen car\u00e1cter y su visi\u00f3n de futuro. Le deseamos suerte y aciertos para esta nueva etapa y le esperamos con los brazos abiertos.<\/p>\n<p>El mensaje que Juanvi ha dedicado a todo el equipo de Es N\u00e0utic dice as\u00ed:<\/p>\n<p>Estimados compa\u00f1eros<\/p>\n<p>Como ya sab\u00e9is, dejo el club para ir a trabajar en la Administraci\u00f3n, dejo un club que ha sido mi vida y que siempre ser\u00e1 mi hogar.<\/p>\n<p>Me siento muy orgulloso de todo lo que hemos conseguido, de lo que hoy es el club, pero sabed que sin vosotros no hubiera logrado nada.<\/p>\n<p>Vosotros sois la verdadera fuerza de este club, y a vosotros os lo conf\u00edo, sin duda sois los mejores.<\/p>\n<p>S\u00f3lo os puedo decir gracias, gracias por ayudarme, gracias por aguantarme, gracias por soportar mis locas ideas, gracias por seguirme\u2026<\/p>\n<p>Tambi\u00e9n quiero pediros perd\u00f3n, perd\u00f3n cuando no he sido un buen jefe, perd\u00f3n por no haberos prestado la atenci\u00f3n necesaria, perd\u00f3n por no haberos ayudado lo suficiente, perd\u00f3n por no haber estado ah\u00ed en ese momento\u2026<\/p>\n<p>Llego por la ma\u00f1ana al club y veo los Optimist que salen a navegar, siento que formo parte de algo, s\u00e9 que estoy contribuyendo en una peque\u00f1a parte a que esto suceda.<br \/>\nLos socios me saludan, est\u00e1n contentos, disfrutan del mar y aprecian a las personas que formamos este club, porque saben que nos preocupamos por ellos y que siempre estaremos ah\u00ed para ayudar.<\/p>\n<p>Mi tripulaci\u00f3n sonr\u00ede y a veces aprieta los dientes, pero siempre consigue salir de la tormenta y encontrar la buena mar.<\/p>\n<p>Que afortunado soy, que afortunados somos\u2026<\/p>\n<p>\u00a1Os quiero!<\/p>\n<p>Juanvi<\/p>\n","protected":false},"excerpt":{"rendered":"<p>Juan Vicente Rosell\u00f3, gerente del Club N\u00e0utic Sant Antoni durante casi 30 a\u00f1os, ha sido nombrado nuevo director de Ports de les Illes Balears. Desde La Ruta de la Sal queremos desearle \u00e9xito en esta nueva etapa y agradecer su apoyo incondicional a la regata, sus\u00a0 guardias y esfuerzos durante cada semana santa para encajar [&hellip;]<\/p>\n","protected":false},"author":1,"featured_media":7784,"comment_status":"open","ping_status":"open","sticky":false,"template":"","format":"standard","meta":{"_acf_changed":false,"footnotes":""},"categories":[3],"tags":[],"acf":[],"yoast_head":"<!-- This site is optimized with the Yoast SEO plugin v23.0 - https:\/\/yoast.com\/wordpress\/plugins\/seo\/ -->\n<title>CAMBIO AL TIM\u00d3N EN EL CLUB N\u00c0UTIC SANT ANTONI EN IBIZA | Regata La Ruta de la Sal<\/title>\n<meta name=\"robots\" content=\"noindex, follow, max-snippet:-1, max-image-preview:large, max-video-preview:-1\" \/>\n<meta property=\"og:locale\" content=\"es_ES\" \/>\n<meta property=\"og:type\" content=\"article\" \/>\n<meta property=\"og:title\" content=\"CAMBIO AL TIM\u00d3N EN EL CLUB N\u00c0UTIC SANT ANTONI EN IBIZA | Regata La Ruta de la Sal\" \/>\n<meta property=\"og:description\" content=\"Juan Vicente Rosell\u00f3, gerente del Club N\u00e0utic Sant Antoni durante casi 30 a\u00f1os, ha sido nombrado nuevo director de Ports de les Illes Balears. Desde La Ruta de la Sal queremos desearle \u00e9xito en esta nueva etapa y agradecer su apoyo incondicional a la regata, sus\u00a0 guardias y esfuerzos durante cada semana santa para encajar [&hellip;]\" \/>\n<meta property=\"og:url\" content=\"https:\/\/labs.100x100.net\/projects\/rutasal\/cambios-en-el-club-nautic-sant-antoni-de-portmany\/\" \/>\n<meta property=\"og:site_name\" content=\"Regata La Ruta de la Sal\" \/>\n<meta property=\"article:publisher\" content=\"https:\/\/www.facebook.com\/rutadelasal\/\" \/>\n<meta property=\"article:published_time\" content=\"2023-01-31T14:12:29+00:00\" \/>\n<meta property=\"article:modified_time\" content=\"2023-02-03T14:14:49+00:00\" \/>\n<meta property=\"og:image\" content=\"https:\/\/labs.100x100.net\/projects\/rutasal\/custom\/uploads\/2023\/01\/Cambio_gerencia_CNSA.jpg\" \/>\n\t<meta property=\"og:image:width\" content=\"1000\" \/>\n\t<meta property=\"og:image:height\" content=\"662\" \/>\n\t<meta property=\"og:image:type\" content=\"image\/jpeg\" \/>\n<meta name=\"author\" content=\"La Ruta de la Sal\" \/>\n<meta name=\"twitter:card\" content=\"summary_large_image\" \/>\n<meta name=\"twitter:creator\" content=\"@AnamMedi\" \/>\n<meta name=\"twitter:site\" content=\"@AnamMedi\" \/>\n<meta name=\"twitter:label1\" content=\"Escrito por\" \/>\n\t<meta name=\"twitter:data1\" content=\"La Ruta de la Sal\" \/>\n\t<meta name=\"twitter:label2\" content=\"Tiempo de lectura\" \/>\n\t<meta name=\"twitter:data2\" content=\"3 minutos\" \/>\n<script type=\"application\/ld+json\" class=\"yoast-schema-graph\">{\"@context\":\"https:\/\/schema.org\",\"@graph\":[{\"@type\":\"WebPage\",\"@id\":\"https:\/\/labs.100x100.net\/projects\/rutasal\/cambios-en-el-club-nautic-sant-antoni-de-portmany\/\",\"url\":\"https:\/\/labs.100x100.net\/projects\/rutasal\/cambios-en-el-club-nautic-sant-antoni-de-portmany\/\",\"name\":\"CAMBIO AL TIM\u00d3N EN EL CLUB N\u00c0UTIC SANT ANTONI EN IBIZA | Regata La Ruta de la Sal\",\"isPartOf\":{\"@id\":\"https:\/\/labs.100x100.net\/projects\/rutasal\/#website\"},\"primaryImageOfPage\":{\"@id\":\"https:\/\/labs.100x100.net\/projects\/rutasal\/cambios-en-el-club-nautic-sant-antoni-de-portmany\/#primaryimage\"},\"image\":{\"@id\":\"https:\/\/labs.100x100.net\/projects\/rutasal\/cambios-en-el-club-nautic-sant-antoni-de-portmany\/#primaryimage\"},\"thumbnailUrl\":\"https:\/\/labs.100x100.net\/projects\/rutasal\/custom\/uploads\/2023\/01\/Cambio_gerencia_CNSA.jpg\",\"datePublished\":\"2023-01-31T14:12:29+00:00\",\"dateModified\":\"2023-02-03T14:14:49+00:00\",\"author\":{\"@id\":\"https:\/\/labs.100x100.net\/projects\/rutasal\/#\/schema\/person\/214eeb4a2e78fd8373a0a94f6d93c9ca\"},\"breadcrumb\":{\"@id\":\"https:\/\/labs.100x100.net\/projects\/rutasal\/cambios-en-el-club-nautic-sant-antoni-de-portmany\/#breadcrumb\"},\"inLanguage\":\"es\",\"potentialAction\":[{\"@type\":\"ReadAction\",\"target\":[\"https:\/\/labs.100x100.net\/projects\/rutasal\/cambios-en-el-club-nautic-sant-antoni-de-portmany\/\"]}]},{\"@type\":\"ImageObject\",\"inLanguage\":\"es\",\"@id\":\"https:\/\/labs.100x100.net\/projects\/rutasal\/cambios-en-el-club-nautic-sant-antoni-de-portmany\/#primaryimage\",\"url\":\"https:\/\/labs.100x100.net\/projects\/rutasal\/custom\/uploads\/2023\/01\/Cambio_gerencia_CNSA.jpg\",\"contentUrl\":\"https:\/\/labs.100x100.net\/projects\/rutasal\/custom\/uploads\/2023\/01\/Cambio_gerencia_CNSA.jpg\",\"width\":1000,\"height\":662,\"caption\":\"Diana Loro y Juan Vicente Rosell\u00f3\"},{\"@type\":\"BreadcrumbList\",\"@id\":\"https:\/\/labs.100x100.net\/projects\/rutasal\/cambios-en-el-club-nautic-sant-antoni-de-portmany\/#breadcrumb\",\"itemListElement\":[{\"@type\":\"ListItem\",\"position\":1,\"name\":\"Portada\",\"item\":\"https:\/\/labs.100x100.net\/projects\/rutasal\/\"},{\"@type\":\"ListItem\",\"position\":2,\"name\":\"CAMBIO AL TIM\u00d3N EN EL CLUB N\u00c0UTIC SANT ANTONI EN IBIZA\"}]},{\"@type\":\"WebSite\",\"@id\":\"https:\/\/labs.100x100.net\/projects\/rutasal\/#website\",\"url\":\"https:\/\/labs.100x100.net\/projects\/rutasal\/\",\"name\":\"Regata La Ruta de la Sal\",\"description\":\"Regata La Ruta de la Sal es una regata de Altura Mediterr\u00e1nea para barcos de crucero a vela con destino en Ibiza, que se disputa anualmente en Semana Santa.\",\"potentialAction\":[{\"@type\":\"SearchAction\",\"target\":{\"@type\":\"EntryPoint\",\"urlTemplate\":\"https:\/\/labs.100x100.net\/projects\/rutasal\/?s={search_term_string}\"},\"query-input\":\"required name=search_term_string\"}],\"inLanguage\":\"es\"},{\"@type\":\"Person\",\"@id\":\"https:\/\/labs.100x100.net\/projects\/rutasal\/#\/schema\/person\/214eeb4a2e78fd8373a0a94f6d93c9ca\",\"name\":\"La Ruta de la Sal\",\"image\":{\"@type\":\"ImageObject\",\"inLanguage\":\"es\",\"@id\":\"https:\/\/labs.100x100.net\/projects\/rutasal\/#\/schema\/person\/image\/\",\"url\":\"https:\/\/secure.gravatar.com\/avatar\/b247286d4b801d6b1cfcfb3807587284?s=96&d=mm&r=g\",\"contentUrl\":\"https:\/\/secure.gravatar.com\/avatar\/b247286d4b801d6b1cfcfb3807587284?s=96&d=mm&r=g\",\"caption\":\"La Ruta de la Sal\"}}]}<\/script>\n<!-- \/ Yoast SEO plugin. -->","yoast_head_json":{"title":"CAMBIO AL TIM\u00d3N EN EL CLUB N\u00c0UTIC SANT ANTONI EN IBIZA | Regata La Ruta de la Sal","robots":{"index":"noindex","follow":"follow","max-snippet":"max-snippet:-1","max-image-preview":"max-image-preview:large","max-video-preview":"max-video-preview:-1"},"og_locale":"es_ES","og_type":"article","og_title":"CAMBIO AL TIM\u00d3N EN EL CLUB N\u00c0UTIC SANT ANTONI EN IBIZA | Regata La Ruta de la Sal","og_description":"Juan Vicente Rosell\u00f3, gerente del Club N\u00e0utic Sant Antoni durante casi 30 a\u00f1os, ha sido nombrado nuevo director de Ports de les Illes Balears. Desde La Ruta de la Sal queremos desearle \u00e9xito en esta nueva etapa y agradecer su apoyo incondicional a la regata, sus\u00a0 guardias y esfuerzos durante cada semana santa para encajar [&hellip;]","og_url":"https:\/\/labs.100x100.net\/projects\/rutasal\/cambios-en-el-club-nautic-sant-antoni-de-portmany\/","og_site_name":"Regata La Ruta de la Sal","article_publisher":"https:\/\/www.facebook.com\/rutadelasal\/","article_published_time":"2023-01-31T14:12:29+00:00","article_modified_time":"2023-02-03T14:14:49+00:00","og_image":[{"width":1000,"height":662,"url":"https:\/\/labs.100x100.net\/projects\/rutasal\/custom\/uploads\/2023\/01\/Cambio_gerencia_CNSA.jpg","type":"image\/jpeg"}],"author":"La Ruta de la Sal","twitter_card":"summary_large_image","twitter_creator":"@AnamMedi","twitter_site":"@AnamMedi","twitter_misc":{"Escrito por":"La Ruta de la Sal","Tiempo de lectura":"3 minutos"},"schema":{"@context":"https:\/\/schema.org","@graph":[{"@type":"WebPage","@id":"https:\/\/labs.100x100.net\/projects\/rutasal\/cambios-en-el-club-nautic-sant-antoni-de-portmany\/","url":"https:\/\/labs.100x100.net\/projects\/rutasal\/cambios-en-el-club-nautic-sant-antoni-de-portmany\/","name":"CAMBIO AL TIM\u00d3N EN EL CLUB N\u00c0UTIC SANT ANTONI EN IBIZA | Regata La Ruta de la Sal","isPartOf":{"@id":"https:\/\/labs.100x100.net\/projects\/rutasal\/#website"},"primaryImageOfPage":{"@id":"https:\/\/labs.100x100.net\/projects\/rutasal\/cambios-en-el-club-nautic-sant-antoni-de-portmany\/#primaryimage"},"image":{"@id":"https:\/\/labs.100x100.net\/projects\/rutasal\/cambios-en-el-club-nautic-sant-antoni-de-portmany\/#primaryimage"},"thumbnailUrl":"https:\/\/labs.100x100.net\/projects\/rutasal\/custom\/uploads\/2023\/01\/Cambio_gerencia_CNSA.jpg","datePublished":"2023-01-31T14:12:29+00:00","dateModified":"2023-02-03T14:14:49+00:00","author":{"@id":"https:\/\/labs.100x100.net\/projects\/rutasal\/#\/schema\/person\/214eeb4a2e78fd8373a0a94f6d93c9ca"},"breadcrumb":{"@id":"https:\/\/labs.100x100.net\/projects\/rutasal\/cambios-en-el-club-nautic-sant-antoni-de-portmany\/#breadcrumb"},"inLanguage":"es","potentialAction":[{"@type":"ReadAction","target":["https:\/\/labs.100x100.net\/projects\/rutasal\/cambios-en-el-club-nautic-sant-antoni-de-portmany\/"]}]},{"@type":"ImageObject","inLanguage":"es","@id":"https:\/\/labs.100x100.net\/projects\/rutasal\/cambios-en-el-club-nautic-sant-antoni-de-portmany\/#primaryimage","url":"https:\/\/labs.100x100.net\/projects\/rutasal\/custom\/uploads\/2023\/01\/Cambio_gerencia_CNSA.jpg","contentUrl":"https:\/\/labs.100x100.net\/projects\/rutasal\/custom\/uploads\/2023\/01\/Cambio_gerencia_CNSA.jpg","width":1000,"height":662,"caption":"Diana Loro y Juan Vicente Rosell\u00f3"},{"@type":"BreadcrumbList","@id":"https:\/\/labs.100x100.net\/projects\/rutasal\/cambios-en-el-club-nautic-sant-antoni-de-portmany\/#breadcrumb","itemListElement":[{"@type":"ListItem","position":1,"name":"Portada","item":"https:\/\/labs.100x100.net\/projects\/rutasal\/"},{"@type":"ListItem","position":2,"name":"CAMBIO AL TIM\u00d3N EN EL CLUB N\u00c0UTIC SANT ANTONI EN IBIZA"}]},{"@type":"WebSite","@id":"https:\/\/labs.100x100.net\/projects\/rutasal\/#website","url":"https:\/\/labs.100x100.net\/projects\/rutasal\/","name":"Regata La Ruta de la Sal","description":"Regata La Ruta de la Sal es una regata de Altura Mediterr\u00e1nea para barcos de crucero a vela con destino en Ibiza, que se disputa anualmente en Semana Santa.","potentialAction":[{"@type":"SearchAction","target":{"@type":"EntryPoint","urlTemplate":"https:\/\/labs.100x100.net\/projects\/rutasal\/?s={search_term_string}"},"query-input":"required name=search_term_string"}],"inLanguage":"es"},{"@type":"Person","@id":"https:\/\/labs.100x100.net\/projects\/rutasal\/#\/schema\/person\/214eeb4a2e78fd8373a0a94f6d93c9ca","name":"La Ruta de la Sal","image":{"@type":"ImageObject","inLanguage":"es","@id":"https:\/\/labs.100x100.net\/projects\/rutasal\/#\/schema\/person\/image\/","url":"https:\/\/secure.gravatar.com\/avatar\/b247286d4b801d6b1cfcfb3807587284?s=96&d=mm&r=g","contentUrl":"https:\/\/secure.gravatar.com\/avatar\/b247286d4b801d6b1cfcfb3807587284?s=96&d=mm&r=g","caption":"La Ruta de la Sal"}}]}},"_links":{"self":[{"href":"https:\/\/labs.100x100.net\/projects\/rutasal\/wp-json\/wp\/v2\/posts\/7783"}],"collection":[{"href":"https:\/\/labs.100x100.net\/projects\/rutasal\/wp-json\/wp\/v2\/posts"}],"about":[{"href":"https:\/\/labs.100x100.net\/projects\/rutasal\/wp-json\/wp\/v2\/types\/post"}],"author":[{"embeddable":true,"href":"https:\/\/labs.100x100.net\/projects\/rutasal\/wp-json\/wp\/v2\/users\/1"}],"replies":[{"embeddable":true,"href":"https:\/\/labs.100x100.net\/projects\/rutasal\/wp-json\/wp\/v2\/comments?post=7783"}],"version-history":[{"count":7,"href":"https:\/\/labs.100x100.net\/projects\/rutasal\/wp-json\/wp\/v2\/posts\/7783\/revisions"}],"predecessor-version":[{"id":7805,"href":"https:\/\/labs.100x100.net\/projects\/rutasal\/wp-json\/wp\/v2\/posts\/7783\/revisions\/7805"}],"wp:featuredmedia":[{"embeddable":true,"href":"https:\/\/labs.100x100.net\/projects\/rutasal\/wp-json\/wp\/v2\/media\/7784"}],"wp:attachment":[{"href":"https:\/\/labs.100x100.net\/projects\/rutasal\/wp-json\/wp\/v2\/media?parent=7783"}],"wp:term":[{"taxonomy":"category","embeddable":true,"href":"https:\/\/labs.100x100.net\/projects\/rutasal\/wp-json\/wp\/v2\/categories?post=7783"},{"taxonomy":"post_tag","embeddable":true,"href":"https:\/\/labs.100x100.net\/projects\/rutasal\/wp-json\/wp\/v2\/tags?post=7783"}],"curies":[{"name":"wp","href":"https:\/\/api.w.org\/{rel}","templated":true}]}}