{"id":7775,"date":"2023-01-30T19:12:50","date_gmt":"2023-01-30T17:12:50","guid":{"rendered":"https:\/\/larutadelasal.com\/?p=7775"},"modified":"2023-01-30T23:43:07","modified_gmt":"2023-01-30T21:43:07","slug":"ausmar-partner","status":"publish","type":"post","link":"https:\/\/labs.100x100.net\/projects\/rutasal\/ausmar-partner\/","title":{"rendered":"AUSMAR PARTNER DE LA RUTA DE LA SAL EN SEGURIDAD MAR\u00cdTIMA"},"content":{"rendered":"<div id=\"attachment_7776\" style=\"width: 1342px\" class=\"wp-caption aligncenter\"><img loading=\"lazy\" decoding=\"async\" aria-describedby=\"caption-attachment-7776\" class=\"wp-image-7776 size-full\" src=\"http:\/\/larutadelasal.com\/custom\/uploads\/2023\/01\/acuerdo_Ausmar.png\" alt=\"\" width=\"1332\" height=\"900\" srcset=\"https:\/\/labs.100x100.net\/projects\/rutasal\/custom\/uploads\/2023\/01\/acuerdo_Ausmar.png 1332w, https:\/\/labs.100x100.net\/projects\/rutasal\/custom\/uploads\/2023\/01\/acuerdo_Ausmar-300x203.png 300w, https:\/\/labs.100x100.net\/projects\/rutasal\/custom\/uploads\/2023\/01\/acuerdo_Ausmar-1024x692.png 1024w, https:\/\/labs.100x100.net\/projects\/rutasal\/custom\/uploads\/2023\/01\/acuerdo_Ausmar-768x519.png 768w\" sizes=\"(max-width: 1332px) 100vw, 1332px\" \/><p id=\"caption-attachment-7776\" class=\"wp-caption-text\">Andr\u00e9s Oliva, Director de La Ruta de la Sal, y Juan Fargas, CEO de Ausmar<\/p><\/div>\n<h3 style=\"text-align: justify;\">Desde hace m\u00e1s de una d\u00e9cada Ausmar apoya a La Ruta de la Sal, siendo uno de los patrocinadores m\u00e1s fieles de la regata.<\/h3>\n<p style=\"text-align: justify;\">La seguridad es uno de los elementos m\u00e1s importantes de la prueba y poder contar con el respaldo de Ausmar, con m\u00e1s de 40 a\u00f1os de experiencia en el sector de la seguridad n\u00e1utica, resulta toda una garant\u00eda.<\/p>\n<p style=\"text-align: justify;\">Para esta edici\u00f3n, gracias a la colaboraci\u00f3n de Ausmar, est\u00e1 previsto un nuevo protocolo para extender los servicios de asesoramiento para informar a los participantes, antes de la salida, sobre los elementos requeridos y su uso. Adem\u00e1s de los controles barco a barco, la intenci\u00f3n es ofrecer una master class sobre seguridad que incluir\u00eda una demostraci\u00f3n sobre como activar las balsas salvavidas.<\/p>\n<p style=\"text-align: justify;\">Fabricantes de la prestigiosa marca Duarry, Ausmar cuenta con la red m\u00e1s amplia de estaciones de revisi\u00f3n de balsas salvavidas en Espa\u00f1a. Se posiciona como una empresa de renombre dentro del sector de la seguridad mar\u00edtima gracias al valor de la gran red de estaciones que posee y al conocimiento de los t\u00e9cnicos y empleados del grupo. Ausmar sigue con el compromiso de ser los mejores en quien depositar la confianza de algo tan importante como es la seguridad n\u00e1utica.<\/p>\n<p style=\"text-align: justify;\"><a href=\"https:\/\/www.ausmar.com\/index.php\/es\/balsas-salvavidas.html\">www.ausmar.com<\/a><\/p>\n<p>&nbsp;<\/p>\n","protected":false},"excerpt":{"rendered":"<p>Desde hace m\u00e1s de una d\u00e9cada Ausmar apoya a La Ruta de la Sal, siendo uno de los patrocinadores m\u00e1s fieles de la regata. La seguridad es uno de los elementos m\u00e1s importantes de la prueba y poder contar con el respaldo de Ausmar, con m\u00e1s de 40 a\u00f1os de experiencia en el sector de [&hellip;]<\/p>\n","protected":false},"author":1,"featured_media":7776,"comment_status":"open","ping_status":"open","sticky":false,"template":"","format":"standard","meta":{"_acf_changed":false,"footnotes":""},"categories":[3],"tags":[],"acf":[],"yoast_head":"<!-- This site is optimized with the Yoast SEO plugin v23.0 - https:\/\/yoast.com\/wordpress\/plugins\/seo\/ -->\n<title>AUSMAR PARTNER DE LA RUTA DE LA SAL EN SEGURIDAD MAR\u00cdTIMA<\/title>\n<meta name=\"description\" content=\"Desde hace m\u00e1s de una d\u00e9cada Ausmar apoya a La Ruta de la Sal, siendo uno de los patrocinadores m\u00e1s fieles de la regata.\" \/>\n<meta name=\"robots\" content=\"noindex, follow, max-snippet:-1, max-image-preview:large, max-video-preview:-1\" \/>\n<meta property=\"og:locale\" content=\"es_ES\" \/>\n<meta property=\"og:type\" content=\"article\" \/>\n<meta property=\"og:title\" content=\"AUSMAR PARTNER DE LA RUTA DE LA SAL EN SEGURIDAD MAR\u00cdTIMA\" \/>\n<meta property=\"og:description\" content=\"Desde hace m\u00e1s de una d\u00e9cada Ausmar apoya a La Ruta de la Sal, siendo uno de los patrocinadores m\u00e1s fieles de la regata.\" \/>\n<meta property=\"og:url\" content=\"https:\/\/labs.100x100.net\/projects\/rutasal\/ausmar-partner\/\" \/>\n<meta property=\"og:site_name\" content=\"Regata La Ruta de la Sal\" \/>\n<meta property=\"article:publisher\" content=\"https:\/\/www.facebook.com\/rutadelasal\/\" \/>\n<meta property=\"article:published_time\" content=\"2023-01-30T17:12:50+00:00\" \/>\n<meta property=\"article:modified_time\" content=\"2023-01-30T21:43:07+00:00\" \/>\n<meta property=\"og:image\" content=\"https:\/\/labs.100x100.net\/projects\/rutasal\/custom\/uploads\/2023\/01\/acuerdo_Ausmar.png\" \/>\n\t<meta property=\"og:image:width\" content=\"1332\" \/>\n\t<meta property=\"og:image:height\" content=\"900\" \/>\n\t<meta property=\"og:image:type\" content=\"image\/png\" \/>\n<meta name=\"author\" content=\"La Ruta de la Sal\" \/>\n<meta name=\"twitter:card\" content=\"summary_large_image\" \/>\n<meta name=\"twitter:creator\" content=\"@AnamMedi\" \/>\n<meta name=\"twitter:site\" content=\"@AnamMedi\" \/>\n<meta name=\"twitter:label1\" content=\"Escrito por\" \/>\n\t<meta name=\"twitter:data1\" content=\"La Ruta de la Sal\" \/>\n\t<meta name=\"twitter:label2\" content=\"Tiempo de lectura\" \/>\n\t<meta name=\"twitter:data2\" content=\"2 minutos\" \/>\n<script type=\"application\/ld+json\" class=\"yoast-schema-graph\">{\"@context\":\"https:\/\/schema.org\",\"@graph\":[{\"@type\":\"WebPage\",\"@id\":\"https:\/\/labs.100x100.net\/projects\/rutasal\/ausmar-partner\/\",\"url\":\"https:\/\/labs.100x100.net\/projects\/rutasal\/ausmar-partner\/\",\"name\":\"AUSMAR PARTNER DE LA RUTA DE LA SAL EN SEGURIDAD MAR\u00cdTIMA\",\"isPartOf\":{\"@id\":\"https:\/\/labs.100x100.net\/projects\/rutasal\/#website\"},\"primaryImageOfPage\":{\"@id\":\"https:\/\/labs.100x100.net\/projects\/rutasal\/ausmar-partner\/#primaryimage\"},\"image\":{\"@id\":\"https:\/\/labs.100x100.net\/projects\/rutasal\/ausmar-partner\/#primaryimage\"},\"thumbnailUrl\":\"https:\/\/labs.100x100.net\/projects\/rutasal\/custom\/uploads\/2023\/01\/acuerdo_Ausmar.png\",\"datePublished\":\"2023-01-30T17:12:50+00:00\",\"dateModified\":\"2023-01-30T21:43:07+00:00\",\"author\":{\"@id\":\"https:\/\/labs.100x100.net\/projects\/rutasal\/#\/schema\/person\/214eeb4a2e78fd8373a0a94f6d93c9ca\"},\"description\":\"Desde hace m\u00e1s de una d\u00e9cada Ausmar apoya a La Ruta de la Sal, siendo uno de los patrocinadores m\u00e1s fieles de la regata.\",\"breadcrumb\":{\"@id\":\"https:\/\/labs.100x100.net\/projects\/rutasal\/ausmar-partner\/#breadcrumb\"},\"inLanguage\":\"es\",\"potentialAction\":[{\"@type\":\"ReadAction\",\"target\":[\"https:\/\/labs.100x100.net\/projects\/rutasal\/ausmar-partner\/\"]}]},{\"@type\":\"ImageObject\",\"inLanguage\":\"es\",\"@id\":\"https:\/\/labs.100x100.net\/projects\/rutasal\/ausmar-partner\/#primaryimage\",\"url\":\"https:\/\/labs.100x100.net\/projects\/rutasal\/custom\/uploads\/2023\/01\/acuerdo_Ausmar.png\",\"contentUrl\":\"https:\/\/labs.100x100.net\/projects\/rutasal\/custom\/uploads\/2023\/01\/acuerdo_Ausmar.png\",\"width\":1332,\"height\":900},{\"@type\":\"BreadcrumbList\",\"@id\":\"https:\/\/labs.100x100.net\/projects\/rutasal\/ausmar-partner\/#breadcrumb\",\"itemListElement\":[{\"@type\":\"ListItem\",\"position\":1,\"name\":\"Portada\",\"item\":\"https:\/\/labs.100x100.net\/projects\/rutasal\/\"},{\"@type\":\"ListItem\",\"position\":2,\"name\":\"AUSMAR PARTNER DE LA RUTA DE LA SAL EN SEGURIDAD MAR\u00cdTIMA\"}]},{\"@type\":\"WebSite\",\"@id\":\"https:\/\/labs.100x100.net\/projects\/rutasal\/#website\",\"url\":\"https:\/\/labs.100x100.net\/projects\/rutasal\/\",\"name\":\"Regata La Ruta de la Sal\",\"description\":\"Regata La Ruta de la Sal es una regata de Altura Mediterr\u00e1nea para barcos de crucero a vela con destino en Ibiza, que se disputa anualmente en Semana Santa.\",\"potentialAction\":[{\"@type\":\"SearchAction\",\"target\":{\"@type\":\"EntryPoint\",\"urlTemplate\":\"https:\/\/labs.100x100.net\/projects\/rutasal\/?s={search_term_string}\"},\"query-input\":\"required name=search_term_string\"}],\"inLanguage\":\"es\"},{\"@type\":\"Person\",\"@id\":\"https:\/\/labs.100x100.net\/projects\/rutasal\/#\/schema\/person\/214eeb4a2e78fd8373a0a94f6d93c9ca\",\"name\":\"La Ruta de la Sal\",\"image\":{\"@type\":\"ImageObject\",\"inLanguage\":\"es\",\"@id\":\"https:\/\/labs.100x100.net\/projects\/rutasal\/#\/schema\/person\/image\/\",\"url\":\"https:\/\/secure.gravatar.com\/avatar\/b247286d4b801d6b1cfcfb3807587284?s=96&d=mm&r=g\",\"contentUrl\":\"https:\/\/secure.gravatar.com\/avatar\/b247286d4b801d6b1cfcfb3807587284?s=96&d=mm&r=g\",\"caption\":\"La Ruta de la Sal\"}}]}<\/script>\n<!-- \/ Yoast SEO plugin. -->","yoast_head_json":{"title":"AUSMAR PARTNER DE LA RUTA DE LA SAL EN SEGURIDAD MAR\u00cdTIMA","description":"Desde hace m\u00e1s de una d\u00e9cada Ausmar apoya a La Ruta de la Sal, siendo uno de los patrocinadores m\u00e1s fieles de la regata.","robots":{"index":"noindex","follow":"follow","max-snippet":"max-snippet:-1","max-image-preview":"max-image-preview:large","max-video-preview":"max-video-preview:-1"},"og_locale":"es_ES","og_type":"article","og_title":"AUSMAR PARTNER DE LA RUTA DE LA SAL EN SEGURIDAD MAR\u00cdTIMA","og_description":"Desde hace m\u00e1s de una d\u00e9cada Ausmar apoya a La Ruta de la Sal, siendo uno de los patrocinadores m\u00e1s fieles de la regata.","og_url":"https:\/\/labs.100x100.net\/projects\/rutasal\/ausmar-partner\/","og_site_name":"Regata La Ruta de la Sal","article_publisher":"https:\/\/www.facebook.com\/rutadelasal\/","article_published_time":"2023-01-30T17:12:50+00:00","article_modified_time":"2023-01-30T21:43:07+00:00","og_image":[{"width":1332,"height":900,"url":"https:\/\/labs.100x100.net\/projects\/rutasal\/custom\/uploads\/2023\/01\/acuerdo_Ausmar.png","type":"image\/png"}],"author":"La Ruta de la Sal","twitter_card":"summary_large_image","twitter_creator":"@AnamMedi","twitter_site":"@AnamMedi","twitter_misc":{"Escrito por":"La Ruta de la Sal","Tiempo de lectura":"2 minutos"},"schema":{"@context":"https:\/\/schema.org","@graph":[{"@type":"WebPage","@id":"https:\/\/labs.100x100.net\/projects\/rutasal\/ausmar-partner\/","url":"https:\/\/labs.100x100.net\/projects\/rutasal\/ausmar-partner\/","name":"AUSMAR PARTNER DE LA RUTA DE LA SAL EN SEGURIDAD MAR\u00cdTIMA","isPartOf":{"@id":"https:\/\/labs.100x100.net\/projects\/rutasal\/#website"},"primaryImageOfPage":{"@id":"https:\/\/labs.100x100.net\/projects\/rutasal\/ausmar-partner\/#primaryimage"},"image":{"@id":"https:\/\/labs.100x100.net\/projects\/rutasal\/ausmar-partner\/#primaryimage"},"thumbnailUrl":"https:\/\/labs.100x100.net\/projects\/rutasal\/custom\/uploads\/2023\/01\/acuerdo_Ausmar.png","datePublished":"2023-01-30T17:12:50+00:00","dateModified":"2023-01-30T21:43:07+00:00","author":{"@id":"https:\/\/labs.100x100.net\/projects\/rutasal\/#\/schema\/person\/214eeb4a2e78fd8373a0a94f6d93c9ca"},"description":"Desde hace m\u00e1s de una d\u00e9cada Ausmar apoya a La Ruta de la Sal, siendo uno de los patrocinadores m\u00e1s fieles de la regata.","breadcrumb":{"@id":"https:\/\/labs.100x100.net\/projects\/rutasal\/ausmar-partner\/#breadcrumb"},"inLanguage":"es","potentialAction":[{"@type":"ReadAction","target":["https:\/\/labs.100x100.net\/projects\/rutasal\/ausmar-partner\/"]}]},{"@type":"ImageObject","inLanguage":"es","@id":"https:\/\/labs.100x100.net\/projects\/rutasal\/ausmar-partner\/#primaryimage","url":"https:\/\/labs.100x100.net\/projects\/rutasal\/custom\/uploads\/2023\/01\/acuerdo_Ausmar.png","contentUrl":"https:\/\/labs.100x100.net\/projects\/rutasal\/custom\/uploads\/2023\/01\/acuerdo_Ausmar.png","width":1332,"height":900},{"@type":"BreadcrumbList","@id":"https:\/\/labs.100x100.net\/projects\/rutasal\/ausmar-partner\/#breadcrumb","itemListElement":[{"@type":"ListItem","position":1,"name":"Portada","item":"https:\/\/labs.100x100.net\/projects\/rutasal\/"},{"@type":"ListItem","position":2,"name":"AUSMAR PARTNER DE LA RUTA DE LA SAL EN SEGURIDAD MAR\u00cdTIMA"}]},{"@type":"WebSite","@id":"https:\/\/labs.100x100.net\/projects\/rutasal\/#website","url":"https:\/\/labs.100x100.net\/projects\/rutasal\/","name":"Regata La Ruta de la Sal","description":"Regata La Ruta de la Sal es una regata de Altura Mediterr\u00e1nea para barcos de crucero a vela con destino en Ibiza, que se disputa anualmente en Semana Santa.","potentialAction":[{"@type":"SearchAction","target":{"@type":"EntryPoint","urlTemplate":"https:\/\/labs.100x100.net\/projects\/rutasal\/?s={search_term_string}"},"query-input":"required name=search_term_string"}],"inLanguage":"es"},{"@type":"Person","@id":"https:\/\/labs.100x100.net\/projects\/rutasal\/#\/schema\/person\/214eeb4a2e78fd8373a0a94f6d93c9ca","name":"La Ruta de la Sal","image":{"@type":"ImageObject","inLanguage":"es","@id":"https:\/\/labs.100x100.net\/projects\/rutasal\/#\/schema\/person\/image\/","url":"https:\/\/secure.gravatar.com\/avatar\/b247286d4b801d6b1cfcfb3807587284?s=96&d=mm&r=g","contentUrl":"https:\/\/secure.gravatar.com\/avatar\/b247286d4b801d6b1cfcfb3807587284?s=96&d=mm&r=g","caption":"La Ruta de la Sal"}}]}},"_links":{"self":[{"href":"https:\/\/labs.100x100.net\/projects\/rutasal\/wp-json\/wp\/v2\/posts\/7775"}],"collection":[{"href":"https:\/\/labs.100x100.net\/projects\/rutasal\/wp-json\/wp\/v2\/posts"}],"about":[{"href":"https:\/\/labs.100x100.net\/projects\/rutasal\/wp-json\/wp\/v2\/types\/post"}],"author":[{"embeddable":true,"href":"https:\/\/labs.100x100.net\/projects\/rutasal\/wp-json\/wp\/v2\/users\/1"}],"replies":[{"embeddable":true,"href":"https:\/\/labs.100x100.net\/projects\/rutasal\/wp-json\/wp\/v2\/comments?post=7775"}],"version-history":[{"count":4,"href":"https:\/\/labs.100x100.net\/projects\/rutasal\/wp-json\/wp\/v2\/posts\/7775\/revisions"}],"predecessor-version":[{"id":7782,"href":"https:\/\/labs.100x100.net\/projects\/rutasal\/wp-json\/wp\/v2\/posts\/7775\/revisions\/7782"}],"wp:featuredmedia":[{"embeddable":true,"href":"https:\/\/labs.100x100.net\/projects\/rutasal\/wp-json\/wp\/v2\/media\/7776"}],"wp:attachment":[{"href":"https:\/\/labs.100x100.net\/projects\/rutasal\/wp-json\/wp\/v2\/media?parent=7775"}],"wp:term":[{"taxonomy":"category","embeddable":true,"href":"https:\/\/labs.100x100.net\/projects\/rutasal\/wp-json\/wp\/v2\/categories?post=7775"},{"taxonomy":"post_tag","embeddable":true,"href":"https:\/\/labs.100x100.net\/projects\/rutasal\/wp-json\/wp\/v2\/tags?post=7775"}],"curies":[{"name":"wp","href":"https:\/\/api.w.org\/{rel}","templated":true}]}}