{"id":7761,"date":"2023-01-26T16:00:11","date_gmt":"2023-01-26T14:00:11","guid":{"rendered":"https:\/\/larutadelasal.com\/?p=7761"},"modified":"2023-02-03T16:15:01","modified_gmt":"2023-02-03T14:15:01","slug":"la-ruta-de-la-sal-presente-en-fitur","status":"publish","type":"post","link":"https:\/\/labs.100x100.net\/projects\/rutasal\/la-ruta-de-la-sal-presente-en-fitur\/","title":{"rendered":"LA RUTA DE LA SAL PRESENTE EN FITUR"},"content":{"rendered":"<div id=\"attachment_7762\" style=\"width: 1034px\" class=\"wp-caption aligncenter\"><img loading=\"lazy\" decoding=\"async\" aria-describedby=\"caption-attachment-7762\" class=\"size-large wp-image-7762\" src=\"http:\/\/larutadelasal.com\/custom\/uploads\/2023\/01\/Foto-evento-Consell2-1024x720.jpeg\" alt=\"\" width=\"1024\" height=\"720\" srcset=\"https:\/\/labs.100x100.net\/projects\/rutasal\/custom\/uploads\/2023\/01\/Foto-evento-Consell2-1024x720.jpeg 1024w, https:\/\/labs.100x100.net\/projects\/rutasal\/custom\/uploads\/2023\/01\/Foto-evento-Consell2-300x211.jpeg 300w, https:\/\/labs.100x100.net\/projects\/rutasal\/custom\/uploads\/2023\/01\/Foto-evento-Consell2-768x540.jpeg 768w, https:\/\/labs.100x100.net\/projects\/rutasal\/custom\/uploads\/2023\/01\/Foto-evento-Consell2.jpeg 1369w\" sizes=\"(max-width: 1024px) 100vw, 1024px\" \/><p id=\"caption-attachment-7762\" class=\"wp-caption-text\">Vicent Mar\u00ed, Presidente del Consell d&#8217;Eivissa, Salvador Losa, Conseller de Econom\u00eda y Deportes, Theresa Zabell, doble medallista ol\u00edmpica en vela y Andr\u00e9s Oliva, Director de La Ruta de la Sal<\/p><\/div>\n<p>La Ruta de la Sal se present\u00f3 en Fitur en el evento organizado por el Consell d&#8217;Eivissa: Ibiza Destino Deportivo, que estuvo presidido por Vicent Mar\u00ed, Presidente del Consell d&#8217;Eivssa, donde la regata tuvo el honor de contar con Theresa Zabell como embajadora de La Ruta de la Sal.<\/p>\n<p>En el marco de Fitur, donde se puso de manifiesto el auge y beneficios del turismo deportivo, La Ruta de la Sal tambi\u00e9n fue protagonista en el stand de Trasmed donde se presentaron los principales eventos patrocinados por la naviera.<\/p>\n<div id=\"attachment_7765\" style=\"width: 1034px\" class=\"wp-caption aligncenter\"><img loading=\"lazy\" decoding=\"async\" aria-describedby=\"caption-attachment-7765\" class=\"size-large wp-image-7765\" src=\"http:\/\/larutadelasal.com\/custom\/uploads\/2023\/01\/Foto-evento-Trasmed-1024x682.jpg\" alt=\"\" width=\"1024\" height=\"682\" srcset=\"https:\/\/labs.100x100.net\/projects\/rutasal\/custom\/uploads\/2023\/01\/Foto-evento-Trasmed-1024x682.jpg 1024w, https:\/\/labs.100x100.net\/projects\/rutasal\/custom\/uploads\/2023\/01\/Foto-evento-Trasmed-300x200.jpg 300w, https:\/\/labs.100x100.net\/projects\/rutasal\/custom\/uploads\/2023\/01\/Foto-evento-Trasmed-768x512.jpg 768w, https:\/\/labs.100x100.net\/projects\/rutasal\/custom\/uploads\/2023\/01\/Foto-evento-Trasmed-1536x1023.jpg 1536w, https:\/\/labs.100x100.net\/projects\/rutasal\/custom\/uploads\/2023\/01\/Foto-evento-Trasmed.jpg 1600w\" sizes=\"(max-width: 1024px) 100vw, 1024px\" \/><p id=\"caption-attachment-7765\" class=\"wp-caption-text\">Miguel Pardo, Director Comercial de Trasmed con los representantes de los principales eventos deportivos que patrocina la compa\u00f1\u00eda<\/p><\/div>\n<p>&nbsp;<\/p>\n","protected":false},"excerpt":{"rendered":"<p>La Ruta de la Sal se present\u00f3 en Fitur en el evento organizado por el Consell d&#8217;Eivissa: Ibiza Destino Deportivo, que estuvo presidido por Vicent Mar\u00ed, Presidente del Consell d&#8217;Eivssa, donde la regata tuvo el honor de contar con Theresa Zabell como embajadora de La Ruta de la Sal. En el marco de Fitur, donde [&hellip;]<\/p>\n","protected":false},"author":1,"featured_media":7762,"comment_status":"open","ping_status":"open","sticky":false,"template":"","format":"standard","meta":{"_acf_changed":false,"footnotes":""},"categories":[3,27],"tags":[],"acf":[],"yoast_head":"<!-- This site is optimized with the Yoast SEO plugin v23.0 - https:\/\/yoast.com\/wordpress\/plugins\/seo\/ -->\n<title>LA RUTA DE LA SAL PRESENTE EN FITUR | Regata La Ruta de la Sal<\/title>\n<meta name=\"robots\" content=\"noindex, follow, max-snippet:-1, max-image-preview:large, max-video-preview:-1\" \/>\n<meta property=\"og:locale\" content=\"es_ES\" \/>\n<meta property=\"og:type\" content=\"article\" \/>\n<meta property=\"og:title\" content=\"LA RUTA DE LA SAL PRESENTE EN FITUR | Regata La Ruta de la Sal\" \/>\n<meta property=\"og:description\" content=\"La Ruta de la Sal se present\u00f3 en Fitur en el evento organizado por el Consell d&#8217;Eivissa: Ibiza Destino Deportivo, que estuvo presidido por Vicent Mar\u00ed, Presidente del Consell d&#8217;Eivssa, donde la regata tuvo el honor de contar con Theresa Zabell como embajadora de La Ruta de la Sal. En el marco de Fitur, donde [&hellip;]\" \/>\n<meta property=\"og:url\" content=\"https:\/\/labs.100x100.net\/projects\/rutasal\/la-ruta-de-la-sal-presente-en-fitur\/\" \/>\n<meta property=\"og:site_name\" content=\"Regata La Ruta de la Sal\" \/>\n<meta property=\"article:publisher\" content=\"https:\/\/www.facebook.com\/rutadelasal\/\" \/>\n<meta property=\"article:published_time\" content=\"2023-01-26T14:00:11+00:00\" \/>\n<meta property=\"article:modified_time\" content=\"2023-02-03T14:15:01+00:00\" \/>\n<meta property=\"og:image\" content=\"https:\/\/labs.100x100.net\/projects\/rutasal\/custom\/uploads\/2023\/01\/Foto-evento-Consell2.jpeg\" \/>\n\t<meta property=\"og:image:width\" content=\"1369\" \/>\n\t<meta property=\"og:image:height\" content=\"962\" \/>\n\t<meta property=\"og:image:type\" content=\"image\/jpeg\" \/>\n<meta name=\"author\" content=\"La Ruta de la Sal\" \/>\n<meta name=\"twitter:card\" content=\"summary_large_image\" \/>\n<meta name=\"twitter:creator\" content=\"@AnamMedi\" \/>\n<meta name=\"twitter:site\" content=\"@AnamMedi\" \/>\n<meta name=\"twitter:label1\" content=\"Escrito por\" \/>\n\t<meta name=\"twitter:data1\" content=\"La Ruta de la Sal\" \/>\n\t<meta name=\"twitter:label2\" content=\"Tiempo de lectura\" \/>\n\t<meta name=\"twitter:data2\" content=\"2 minutos\" \/>\n<script type=\"application\/ld+json\" class=\"yoast-schema-graph\">{\"@context\":\"https:\/\/schema.org\",\"@graph\":[{\"@type\":\"WebPage\",\"@id\":\"https:\/\/labs.100x100.net\/projects\/rutasal\/la-ruta-de-la-sal-presente-en-fitur\/\",\"url\":\"https:\/\/labs.100x100.net\/projects\/rutasal\/la-ruta-de-la-sal-presente-en-fitur\/\",\"name\":\"LA RUTA DE LA SAL PRESENTE EN FITUR | Regata La Ruta de la Sal\",\"isPartOf\":{\"@id\":\"https:\/\/labs.100x100.net\/projects\/rutasal\/#website\"},\"primaryImageOfPage\":{\"@id\":\"https:\/\/labs.100x100.net\/projects\/rutasal\/la-ruta-de-la-sal-presente-en-fitur\/#primaryimage\"},\"image\":{\"@id\":\"https:\/\/labs.100x100.net\/projects\/rutasal\/la-ruta-de-la-sal-presente-en-fitur\/#primaryimage\"},\"thumbnailUrl\":\"https:\/\/labs.100x100.net\/projects\/rutasal\/custom\/uploads\/2023\/01\/Foto-evento-Consell2.jpeg\",\"datePublished\":\"2023-01-26T14:00:11+00:00\",\"dateModified\":\"2023-02-03T14:15:01+00:00\",\"author\":{\"@id\":\"https:\/\/labs.100x100.net\/projects\/rutasal\/#\/schema\/person\/214eeb4a2e78fd8373a0a94f6d93c9ca\"},\"breadcrumb\":{\"@id\":\"https:\/\/labs.100x100.net\/projects\/rutasal\/la-ruta-de-la-sal-presente-en-fitur\/#breadcrumb\"},\"inLanguage\":\"es\",\"potentialAction\":[{\"@type\":\"ReadAction\",\"target\":[\"https:\/\/labs.100x100.net\/projects\/rutasal\/la-ruta-de-la-sal-presente-en-fitur\/\"]}]},{\"@type\":\"ImageObject\",\"inLanguage\":\"es\",\"@id\":\"https:\/\/labs.100x100.net\/projects\/rutasal\/la-ruta-de-la-sal-presente-en-fitur\/#primaryimage\",\"url\":\"https:\/\/labs.100x100.net\/projects\/rutasal\/custom\/uploads\/2023\/01\/Foto-evento-Consell2.jpeg\",\"contentUrl\":\"https:\/\/labs.100x100.net\/projects\/rutasal\/custom\/uploads\/2023\/01\/Foto-evento-Consell2.jpeg\",\"width\":1369,\"height\":962,\"caption\":\"Vicent Mar\u00ed, Presidente del Consell d'Eivissa, Salvador Losa, Conseller de Econom\u00eda y Deportes, Theresa Zabell, doble medallista ol\u00edmpica en vela y Andr\u00e9s Oliva, Director de La Ruta de la Sal\"},{\"@type\":\"BreadcrumbList\",\"@id\":\"https:\/\/labs.100x100.net\/projects\/rutasal\/la-ruta-de-la-sal-presente-en-fitur\/#breadcrumb\",\"itemListElement\":[{\"@type\":\"ListItem\",\"position\":1,\"name\":\"Portada\",\"item\":\"https:\/\/labs.100x100.net\/projects\/rutasal\/\"},{\"@type\":\"ListItem\",\"position\":2,\"name\":\"LA RUTA DE LA SAL PRESENTE EN FITUR\"}]},{\"@type\":\"WebSite\",\"@id\":\"https:\/\/labs.100x100.net\/projects\/rutasal\/#website\",\"url\":\"https:\/\/labs.100x100.net\/projects\/rutasal\/\",\"name\":\"Regata La Ruta de la Sal\",\"description\":\"Regata La Ruta de la Sal es una regata de Altura Mediterr\u00e1nea para barcos de crucero a vela con destino en Ibiza, que se disputa anualmente en Semana Santa.\",\"potentialAction\":[{\"@type\":\"SearchAction\",\"target\":{\"@type\":\"EntryPoint\",\"urlTemplate\":\"https:\/\/labs.100x100.net\/projects\/rutasal\/?s={search_term_string}\"},\"query-input\":\"required name=search_term_string\"}],\"inLanguage\":\"es\"},{\"@type\":\"Person\",\"@id\":\"https:\/\/labs.100x100.net\/projects\/rutasal\/#\/schema\/person\/214eeb4a2e78fd8373a0a94f6d93c9ca\",\"name\":\"La Ruta de la Sal\",\"image\":{\"@type\":\"ImageObject\",\"inLanguage\":\"es\",\"@id\":\"https:\/\/labs.100x100.net\/projects\/rutasal\/#\/schema\/person\/image\/\",\"url\":\"https:\/\/secure.gravatar.com\/avatar\/b247286d4b801d6b1cfcfb3807587284?s=96&d=mm&r=g\",\"contentUrl\":\"https:\/\/secure.gravatar.com\/avatar\/b247286d4b801d6b1cfcfb3807587284?s=96&d=mm&r=g\",\"caption\":\"La Ruta de la Sal\"}}]}<\/script>\n<!-- \/ Yoast SEO plugin. -->","yoast_head_json":{"title":"LA RUTA DE LA SAL PRESENTE EN FITUR | Regata La Ruta de la Sal","robots":{"index":"noindex","follow":"follow","max-snippet":"max-snippet:-1","max-image-preview":"max-image-preview:large","max-video-preview":"max-video-preview:-1"},"og_locale":"es_ES","og_type":"article","og_title":"LA RUTA DE LA SAL PRESENTE EN FITUR | Regata La Ruta de la Sal","og_description":"La Ruta de la Sal se present\u00f3 en Fitur en el evento organizado por el Consell d&#8217;Eivissa: Ibiza Destino Deportivo, que estuvo presidido por Vicent Mar\u00ed, Presidente del Consell d&#8217;Eivssa, donde la regata tuvo el honor de contar con Theresa Zabell como embajadora de La Ruta de la Sal. En el marco de Fitur, donde [&hellip;]","og_url":"https:\/\/labs.100x100.net\/projects\/rutasal\/la-ruta-de-la-sal-presente-en-fitur\/","og_site_name":"Regata La Ruta de la Sal","article_publisher":"https:\/\/www.facebook.com\/rutadelasal\/","article_published_time":"2023-01-26T14:00:11+00:00","article_modified_time":"2023-02-03T14:15:01+00:00","og_image":[{"width":1369,"height":962,"url":"https:\/\/labs.100x100.net\/projects\/rutasal\/custom\/uploads\/2023\/01\/Foto-evento-Consell2.jpeg","type":"image\/jpeg"}],"author":"La Ruta de la Sal","twitter_card":"summary_large_image","twitter_creator":"@AnamMedi","twitter_site":"@AnamMedi","twitter_misc":{"Escrito por":"La Ruta de la Sal","Tiempo de lectura":"2 minutos"},"schema":{"@context":"https:\/\/schema.org","@graph":[{"@type":"WebPage","@id":"https:\/\/labs.100x100.net\/projects\/rutasal\/la-ruta-de-la-sal-presente-en-fitur\/","url":"https:\/\/labs.100x100.net\/projects\/rutasal\/la-ruta-de-la-sal-presente-en-fitur\/","name":"LA RUTA DE LA SAL PRESENTE EN FITUR | Regata La Ruta de la Sal","isPartOf":{"@id":"https:\/\/labs.100x100.net\/projects\/rutasal\/#website"},"primaryImageOfPage":{"@id":"https:\/\/labs.100x100.net\/projects\/rutasal\/la-ruta-de-la-sal-presente-en-fitur\/#primaryimage"},"image":{"@id":"https:\/\/labs.100x100.net\/projects\/rutasal\/la-ruta-de-la-sal-presente-en-fitur\/#primaryimage"},"thumbnailUrl":"https:\/\/labs.100x100.net\/projects\/rutasal\/custom\/uploads\/2023\/01\/Foto-evento-Consell2.jpeg","datePublished":"2023-01-26T14:00:11+00:00","dateModified":"2023-02-03T14:15:01+00:00","author":{"@id":"https:\/\/labs.100x100.net\/projects\/rutasal\/#\/schema\/person\/214eeb4a2e78fd8373a0a94f6d93c9ca"},"breadcrumb":{"@id":"https:\/\/labs.100x100.net\/projects\/rutasal\/la-ruta-de-la-sal-presente-en-fitur\/#breadcrumb"},"inLanguage":"es","potentialAction":[{"@type":"ReadAction","target":["https:\/\/labs.100x100.net\/projects\/rutasal\/la-ruta-de-la-sal-presente-en-fitur\/"]}]},{"@type":"ImageObject","inLanguage":"es","@id":"https:\/\/labs.100x100.net\/projects\/rutasal\/la-ruta-de-la-sal-presente-en-fitur\/#primaryimage","url":"https:\/\/labs.100x100.net\/projects\/rutasal\/custom\/uploads\/2023\/01\/Foto-evento-Consell2.jpeg","contentUrl":"https:\/\/labs.100x100.net\/projects\/rutasal\/custom\/uploads\/2023\/01\/Foto-evento-Consell2.jpeg","width":1369,"height":962,"caption":"Vicent Mar\u00ed, Presidente del Consell d'Eivissa, Salvador Losa, Conseller de Econom\u00eda y Deportes, Theresa Zabell, doble medallista ol\u00edmpica en vela y Andr\u00e9s Oliva, Director de La Ruta de la Sal"},{"@type":"BreadcrumbList","@id":"https:\/\/labs.100x100.net\/projects\/rutasal\/la-ruta-de-la-sal-presente-en-fitur\/#breadcrumb","itemListElement":[{"@type":"ListItem","position":1,"name":"Portada","item":"https:\/\/labs.100x100.net\/projects\/rutasal\/"},{"@type":"ListItem","position":2,"name":"LA RUTA DE LA SAL PRESENTE EN FITUR"}]},{"@type":"WebSite","@id":"https:\/\/labs.100x100.net\/projects\/rutasal\/#website","url":"https:\/\/labs.100x100.net\/projects\/rutasal\/","name":"Regata La Ruta de la Sal","description":"Regata La Ruta de la Sal es una regata de Altura Mediterr\u00e1nea para barcos de crucero a vela con destino en Ibiza, que se disputa anualmente en Semana Santa.","potentialAction":[{"@type":"SearchAction","target":{"@type":"EntryPoint","urlTemplate":"https:\/\/labs.100x100.net\/projects\/rutasal\/?s={search_term_string}"},"query-input":"required name=search_term_string"}],"inLanguage":"es"},{"@type":"Person","@id":"https:\/\/labs.100x100.net\/projects\/rutasal\/#\/schema\/person\/214eeb4a2e78fd8373a0a94f6d93c9ca","name":"La Ruta de la Sal","image":{"@type":"ImageObject","inLanguage":"es","@id":"https:\/\/labs.100x100.net\/projects\/rutasal\/#\/schema\/person\/image\/","url":"https:\/\/secure.gravatar.com\/avatar\/b247286d4b801d6b1cfcfb3807587284?s=96&d=mm&r=g","contentUrl":"https:\/\/secure.gravatar.com\/avatar\/b247286d4b801d6b1cfcfb3807587284?s=96&d=mm&r=g","caption":"La Ruta de la Sal"}}]}},"_links":{"self":[{"href":"https:\/\/labs.100x100.net\/projects\/rutasal\/wp-json\/wp\/v2\/posts\/7761"}],"collection":[{"href":"https:\/\/labs.100x100.net\/projects\/rutasal\/wp-json\/wp\/v2\/posts"}],"about":[{"href":"https:\/\/labs.100x100.net\/projects\/rutasal\/wp-json\/wp\/v2\/types\/post"}],"author":[{"embeddable":true,"href":"https:\/\/labs.100x100.net\/projects\/rutasal\/wp-json\/wp\/v2\/users\/1"}],"replies":[{"embeddable":true,"href":"https:\/\/labs.100x100.net\/projects\/rutasal\/wp-json\/wp\/v2\/comments?post=7761"}],"version-history":[{"count":1,"href":"https:\/\/labs.100x100.net\/projects\/rutasal\/wp-json\/wp\/v2\/posts\/7761\/revisions"}],"predecessor-version":[{"id":7768,"href":"https:\/\/labs.100x100.net\/projects\/rutasal\/wp-json\/wp\/v2\/posts\/7761\/revisions\/7768"}],"wp:featuredmedia":[{"embeddable":true,"href":"https:\/\/labs.100x100.net\/projects\/rutasal\/wp-json\/wp\/v2\/media\/7762"}],"wp:attachment":[{"href":"https:\/\/labs.100x100.net\/projects\/rutasal\/wp-json\/wp\/v2\/media?parent=7761"}],"wp:term":[{"taxonomy":"category","embeddable":true,"href":"https:\/\/labs.100x100.net\/projects\/rutasal\/wp-json\/wp\/v2\/categories?post=7761"},{"taxonomy":"post_tag","embeddable":true,"href":"https:\/\/labs.100x100.net\/projects\/rutasal\/wp-json\/wp\/v2\/tags?post=7761"}],"curies":[{"name":"wp","href":"https:\/\/api.w.org\/{rel}","templated":true}]}}