{"id":7720,"date":"2022-10-17T18:37:08","date_gmt":"2022-10-17T16:37:08","guid":{"rendered":"https:\/\/larutadelasal.com\/?p=7720"},"modified":"2022-10-17T18:51:25","modified_gmt":"2022-10-17T16:51:25","slug":"la-xxxv-edicion-de-la-ruta-de-la-sal-se-presenta-en-el-marco-del-salon-nautico-internacional-de-barcelona","status":"publish","type":"post","link":"https:\/\/labs.100x100.net\/projects\/rutasal\/la-xxxv-edicion-de-la-ruta-de-la-sal-se-presenta-en-el-marco-del-salon-nautico-internacional-de-barcelona\/","title":{"rendered":"La XXXV edici\u00f3n de La Ruta de la Sal, se presenta en el marco del Sal\u00f3n N\u00e1utico Internacional de Barcelona."},"content":{"rendered":"<p>En la tarde del viernes 14 de octubre, en el marco del Sal\u00f3n N\u00e1utico Internacional de Barcelona, tuvo lugar en el Hotel Duquesa de Cardona la presentaci\u00f3n de la XXXV edici\u00f3n de La Ruta de la Sal que se celebrar\u00e1 del 6 al 9 de abril de 2023, coincidiendo, como viene siendo tradici\u00f3n, con la semana santa.<\/p>\n<p>Se mantienen las dos salidas tradicionales desde Port Ginesta, en Barcelona y desde el Real Club N\u00e1utico de Denia, as\u00ed como el destino com\u00fan en Sant Antoni de Portmany en la isla de Ibiza.<\/p>\n<p>Por parte del Consell d\u2019Eivissa, entidad con larga trayectoria de apoyo a la regata, intervino Juan Miguel Costa, director insular de turismo. Previamente, Eduard Torres, CEO del Hotel Duquesa de Cardona y presidente de Turisme de Barcelona, hab\u00eda abierto el acto como anfitri\u00f3n del mismo.<\/p>\n<div id=\"attachment_7741\" style=\"width: 1010px\" class=\"wp-caption alignleft\"><img loading=\"lazy\" decoding=\"async\" aria-describedby=\"caption-attachment-7741\" src=\"http:\/\/larutadelasal.com\/custom\/uploads\/2022\/10\/Foto-familia-RDLS-2023.jpg\" alt=\"\" width=\"1000\" height=\"668\" class=\"size-full wp-image-7741\" srcset=\"https:\/\/labs.100x100.net\/projects\/rutasal\/custom\/uploads\/2022\/10\/Foto-familia-RDLS-2023.jpg 1000w, https:\/\/labs.100x100.net\/projects\/rutasal\/custom\/uploads\/2022\/10\/Foto-familia-RDLS-2023-300x200.jpg 300w, https:\/\/labs.100x100.net\/projects\/rutasal\/custom\/uploads\/2022\/10\/Foto-familia-RDLS-2023-768x513.jpg 768w\" sizes=\"(max-width: 1000px) 100vw, 1000px\" \/><p id=\"caption-attachment-7741\" class=\"wp-caption-text\">De izquierda a derecha, Andr\u00e9s Oliva, Secretario t\u00e9cnico de Difusi\u00f3n N\u00e1utica, Salvador Alcover, Director General de Garmin Iberia, Juan Miguel Costa, Director Insular de Turismo del Consell d\u2019Eivissa, Eduard Torres, Presidente de Turisme de Barcelona, Enrique Curt, Presidente del Club N\u00e1utico Skipper y Josep Tur, Presidente del Club N\u00e1utico Sant Antoni de Portmany: FOto Alfred Farr\u00e9<\/p><\/div>\n<p>Josep Tur, presidente del Club N\u00e0utic Sant Antoni de Portmany habl\u00f3 en representaci\u00f3n de la entidad que acoge anualmente a la gran flota de barcos que componen La Ruta de la Sal, mientras que Salvador Alcover, director general de Garmin Iberia hizo lo propio en representaci\u00f3n de las empresas patrocinadoras que apoyan a esta regata.<\/p>\n<p>Jos\u00e9 Ram\u00f3n Mart\u00edn Mar\u00ed, 2do teniente alcalde y regidor de deportes del Ayuntamiento de Sant Antoni de Portmany, tambi\u00e9n estuvo presente en el acto. En la \u00faltima edici\u00f3n del 2022 se produjo una gran comuni\u00f3n entre los habitantes de Sant Antoni y los regatistas, unidos en una concurrida fiesta en la playa. El \u00e9xito de la ceremonia de entrega de trofeos y de la fiesta de clausura de la edici\u00f3n del 2023 est\u00e1 garantizado por el compromiso del municipio con La Ruta de la Sal y su importante dimensi\u00f3n social.<\/p>\n<p>El acto de presentaci\u00f3n se cerr\u00f3 con un brindis por el futuro de La Ruta de la Sal con vino espumoso, de Gramona, fiel patrocinador de la regata.<\/p>\n<p><a data-flickr-embed=\"true\" href=\"https:\/\/www.flickr.com\/photos\/circuitoanam\/albums\/72177720302918625\" title=\"Presentaci\u00f3n XXXV edici\u00f3n La Ruta de la Sal 2023\"><img loading=\"lazy\" decoding=\"async\" src=\"https:\/\/live.staticflickr.com\/65535\/52431783075_7e401db9bc_b.jpg\" width=\"1024\" height=\"768\" alt=\"Presentaci\u00f3n XXXV edici\u00f3n La Ruta de la Sal 2023\"><\/a><script async src=\"\/\/embedr.flickr.com\/assets\/client-code.js\" charset=\"utf-8\"><\/script><\/p>\n","protected":false},"excerpt":{"rendered":"<p>En la tarde del viernes 14 de octubre, en el marco del Sal\u00f3n N\u00e1utico Internacional de Barcelona, tuvo lugar en el Hotel Duquesa de Cardona la presentaci\u00f3n de la XXXV edici\u00f3n de La Ruta de la Sal que se celebrar\u00e1 del 6 al 9 de abril de 2023, coincidiendo, como viene siendo tradici\u00f3n, con la [&hellip;]<\/p>\n","protected":false},"author":2,"featured_media":7741,"comment_status":"open","ping_status":"open","sticky":false,"template":"","format":"standard","meta":{"_acf_changed":false,"footnotes":""},"categories":[3],"tags":[],"acf":[],"yoast_head":"<!-- This site is optimized with the Yoast SEO plugin v23.0 - https:\/\/yoast.com\/wordpress\/plugins\/seo\/ -->\n<title>La XXXV edici\u00f3n de La Ruta de la Sal, se presenta en el marco del Sal\u00f3n N\u00e1utico Internacional de Barcelona. | Regata La Ruta de la Sal<\/title>\n<meta name=\"description\" content=\"En el Sal\u00f3n N\u00e1utico Internacional de Barcelona se present\u00f3 la XXXV edici\u00f3n de La Ruta de la Sal que se celebrar\u00e1 del 6 al 9 de abril de 2023\" \/>\n<meta name=\"robots\" content=\"noindex, follow, max-snippet:-1, max-image-preview:large, max-video-preview:-1\" \/>\n<meta property=\"og:locale\" content=\"es_ES\" \/>\n<meta property=\"og:type\" content=\"article\" \/>\n<meta property=\"og:title\" content=\"La XXXV edici\u00f3n de La Ruta de la Sal, se presenta en el marco del Sal\u00f3n N\u00e1utico Internacional de Barcelona. | Regata La Ruta de la Sal\" \/>\n<meta property=\"og:description\" content=\"En el Sal\u00f3n N\u00e1utico Internacional de Barcelona se present\u00f3 la XXXV edici\u00f3n de La Ruta de la Sal que se celebrar\u00e1 del 6 al 9 de abril de 2023\" \/>\n<meta property=\"og:url\" content=\"https:\/\/labs.100x100.net\/projects\/rutasal\/la-xxxv-edicion-de-la-ruta-de-la-sal-se-presenta-en-el-marco-del-salon-nautico-internacional-de-barcelona\/\" \/>\n<meta property=\"og:site_name\" content=\"Regata La Ruta de la Sal\" \/>\n<meta property=\"article:publisher\" content=\"https:\/\/www.facebook.com\/rutadelasal\/\" \/>\n<meta property=\"article:published_time\" content=\"2022-10-17T16:37:08+00:00\" \/>\n<meta property=\"article:modified_time\" content=\"2022-10-17T16:51:25+00:00\" \/>\n<meta property=\"og:image\" content=\"https:\/\/labs.100x100.net\/projects\/rutasal\/custom\/uploads\/2022\/10\/Foto-familia-RDLS-2023.jpg\" \/>\n\t<meta property=\"og:image:width\" content=\"1000\" \/>\n\t<meta property=\"og:image:height\" content=\"668\" \/>\n\t<meta property=\"og:image:type\" content=\"image\/jpeg\" \/>\n<meta name=\"author\" content=\"Ferran\" \/>\n<meta name=\"twitter:card\" content=\"summary_large_image\" \/>\n<meta name=\"twitter:creator\" content=\"@AnamMedi\" \/>\n<meta name=\"twitter:site\" content=\"@AnamMedi\" \/>\n<meta name=\"twitter:label1\" content=\"Escrito por\" \/>\n\t<meta name=\"twitter:data1\" content=\"Ferran\" \/>\n\t<meta name=\"twitter:label2\" content=\"Tiempo de lectura\" \/>\n\t<meta name=\"twitter:data2\" content=\"2 minutos\" \/>\n<script type=\"application\/ld+json\" class=\"yoast-schema-graph\">{\"@context\":\"https:\/\/schema.org\",\"@graph\":[{\"@type\":\"WebPage\",\"@id\":\"https:\/\/labs.100x100.net\/projects\/rutasal\/la-xxxv-edicion-de-la-ruta-de-la-sal-se-presenta-en-el-marco-del-salon-nautico-internacional-de-barcelona\/\",\"url\":\"https:\/\/labs.100x100.net\/projects\/rutasal\/la-xxxv-edicion-de-la-ruta-de-la-sal-se-presenta-en-el-marco-del-salon-nautico-internacional-de-barcelona\/\",\"name\":\"La XXXV edici\u00f3n de La Ruta de la Sal, se presenta en el marco del Sal\u00f3n N\u00e1utico Internacional de Barcelona. | Regata La Ruta de la Sal\",\"isPartOf\":{\"@id\":\"https:\/\/labs.100x100.net\/projects\/rutasal\/#website\"},\"primaryImageOfPage\":{\"@id\":\"https:\/\/labs.100x100.net\/projects\/rutasal\/la-xxxv-edicion-de-la-ruta-de-la-sal-se-presenta-en-el-marco-del-salon-nautico-internacional-de-barcelona\/#primaryimage\"},\"image\":{\"@id\":\"https:\/\/labs.100x100.net\/projects\/rutasal\/la-xxxv-edicion-de-la-ruta-de-la-sal-se-presenta-en-el-marco-del-salon-nautico-internacional-de-barcelona\/#primaryimage\"},\"thumbnailUrl\":\"https:\/\/labs.100x100.net\/projects\/rutasal\/custom\/uploads\/2022\/10\/Foto-familia-RDLS-2023.jpg\",\"datePublished\":\"2022-10-17T16:37:08+00:00\",\"dateModified\":\"2022-10-17T16:51:25+00:00\",\"author\":{\"@id\":\"https:\/\/labs.100x100.net\/projects\/rutasal\/#\/schema\/person\/24a02a346c826cf8502e7fb8edc0396c\"},\"description\":\"En el Sal\u00f3n N\u00e1utico Internacional de Barcelona se present\u00f3 la XXXV edici\u00f3n de La Ruta de la Sal que se celebrar\u00e1 del 6 al 9 de abril de 2023\",\"breadcrumb\":{\"@id\":\"https:\/\/labs.100x100.net\/projects\/rutasal\/la-xxxv-edicion-de-la-ruta-de-la-sal-se-presenta-en-el-marco-del-salon-nautico-internacional-de-barcelona\/#breadcrumb\"},\"inLanguage\":\"es\",\"potentialAction\":[{\"@type\":\"ReadAction\",\"target\":[\"https:\/\/labs.100x100.net\/projects\/rutasal\/la-xxxv-edicion-de-la-ruta-de-la-sal-se-presenta-en-el-marco-del-salon-nautico-internacional-de-barcelona\/\"]}]},{\"@type\":\"ImageObject\",\"inLanguage\":\"es\",\"@id\":\"https:\/\/labs.100x100.net\/projects\/rutasal\/la-xxxv-edicion-de-la-ruta-de-la-sal-se-presenta-en-el-marco-del-salon-nautico-internacional-de-barcelona\/#primaryimage\",\"url\":\"https:\/\/labs.100x100.net\/projects\/rutasal\/custom\/uploads\/2022\/10\/Foto-familia-RDLS-2023.jpg\",\"contentUrl\":\"https:\/\/labs.100x100.net\/projects\/rutasal\/custom\/uploads\/2022\/10\/Foto-familia-RDLS-2023.jpg\",\"width\":1000,\"height\":668,\"caption\":\"De izquierda a derecha, Andr\u00e9s Oliva, Secretario t\u00e9cnico de Difusi\u00f3n N\u00e1utica, Salvador Alcover, Director General de Garmin Iberia, Juan Miguel Costa, Director Insular de Turismo del Consell d\u2019Eivissa, Eduard Torres, Presidente de Turisme de Barcelona, Enrique Curt, Presidente del Club N\u00e1utico Skipper y Josep Tur, Presidente del Club N\u00e1utico Sant Antoni de Portmany: FOto Alfred Farr\u00e9\"},{\"@type\":\"BreadcrumbList\",\"@id\":\"https:\/\/labs.100x100.net\/projects\/rutasal\/la-xxxv-edicion-de-la-ruta-de-la-sal-se-presenta-en-el-marco-del-salon-nautico-internacional-de-barcelona\/#breadcrumb\",\"itemListElement\":[{\"@type\":\"ListItem\",\"position\":1,\"name\":\"Portada\",\"item\":\"https:\/\/labs.100x100.net\/projects\/rutasal\/\"},{\"@type\":\"ListItem\",\"position\":2,\"name\":\"La XXXV edici\u00f3n de La Ruta de la Sal, se presenta en el marco del Sal\u00f3n N\u00e1utico Internacional de Barcelona.\"}]},{\"@type\":\"WebSite\",\"@id\":\"https:\/\/labs.100x100.net\/projects\/rutasal\/#website\",\"url\":\"https:\/\/labs.100x100.net\/projects\/rutasal\/\",\"name\":\"Regata La Ruta de la Sal\",\"description\":\"Regata La Ruta de la Sal es una regata de Altura Mediterr\u00e1nea para barcos de crucero a vela con destino en Ibiza, que se disputa anualmente en Semana Santa.\",\"potentialAction\":[{\"@type\":\"SearchAction\",\"target\":{\"@type\":\"EntryPoint\",\"urlTemplate\":\"https:\/\/labs.100x100.net\/projects\/rutasal\/?s={search_term_string}\"},\"query-input\":\"required name=search_term_string\"}],\"inLanguage\":\"es\"},{\"@type\":\"Person\",\"@id\":\"https:\/\/labs.100x100.net\/projects\/rutasal\/#\/schema\/person\/24a02a346c826cf8502e7fb8edc0396c\",\"name\":\"Ferran\",\"image\":{\"@type\":\"ImageObject\",\"inLanguage\":\"es\",\"@id\":\"https:\/\/labs.100x100.net\/projects\/rutasal\/#\/schema\/person\/image\/\",\"url\":\"https:\/\/secure.gravatar.com\/avatar\/d1c4bb756eb5c888319d7e06d9dc1559?s=96&d=mm&r=g\",\"contentUrl\":\"https:\/\/secure.gravatar.com\/avatar\/d1c4bb756eb5c888319d7e06d9dc1559?s=96&d=mm&r=g\",\"caption\":\"Ferran\"}}]}<\/script>\n<!-- \/ Yoast SEO plugin. -->","yoast_head_json":{"title":"La XXXV edici\u00f3n de La Ruta de la Sal, se presenta en el marco del Sal\u00f3n N\u00e1utico Internacional de Barcelona. | Regata La Ruta de la Sal","description":"En el Sal\u00f3n N\u00e1utico Internacional de Barcelona se present\u00f3 la XXXV edici\u00f3n de La Ruta de la Sal que se celebrar\u00e1 del 6 al 9 de abril de 2023","robots":{"index":"noindex","follow":"follow","max-snippet":"max-snippet:-1","max-image-preview":"max-image-preview:large","max-video-preview":"max-video-preview:-1"},"og_locale":"es_ES","og_type":"article","og_title":"La XXXV edici\u00f3n de La Ruta de la Sal, se presenta en el marco del Sal\u00f3n N\u00e1utico Internacional de Barcelona. | Regata La Ruta de la Sal","og_description":"En el Sal\u00f3n N\u00e1utico Internacional de Barcelona se present\u00f3 la XXXV edici\u00f3n de La Ruta de la Sal que se celebrar\u00e1 del 6 al 9 de abril de 2023","og_url":"https:\/\/labs.100x100.net\/projects\/rutasal\/la-xxxv-edicion-de-la-ruta-de-la-sal-se-presenta-en-el-marco-del-salon-nautico-internacional-de-barcelona\/","og_site_name":"Regata La Ruta de la Sal","article_publisher":"https:\/\/www.facebook.com\/rutadelasal\/","article_published_time":"2022-10-17T16:37:08+00:00","article_modified_time":"2022-10-17T16:51:25+00:00","og_image":[{"width":1000,"height":668,"url":"https:\/\/labs.100x100.net\/projects\/rutasal\/custom\/uploads\/2022\/10\/Foto-familia-RDLS-2023.jpg","type":"image\/jpeg"}],"author":"Ferran","twitter_card":"summary_large_image","twitter_creator":"@AnamMedi","twitter_site":"@AnamMedi","twitter_misc":{"Escrito por":"Ferran","Tiempo de lectura":"2 minutos"},"schema":{"@context":"https:\/\/schema.org","@graph":[{"@type":"WebPage","@id":"https:\/\/labs.100x100.net\/projects\/rutasal\/la-xxxv-edicion-de-la-ruta-de-la-sal-se-presenta-en-el-marco-del-salon-nautico-internacional-de-barcelona\/","url":"https:\/\/labs.100x100.net\/projects\/rutasal\/la-xxxv-edicion-de-la-ruta-de-la-sal-se-presenta-en-el-marco-del-salon-nautico-internacional-de-barcelona\/","name":"La XXXV edici\u00f3n de La Ruta de la Sal, se presenta en el marco del Sal\u00f3n N\u00e1utico Internacional de Barcelona. | Regata La Ruta de la Sal","isPartOf":{"@id":"https:\/\/labs.100x100.net\/projects\/rutasal\/#website"},"primaryImageOfPage":{"@id":"https:\/\/labs.100x100.net\/projects\/rutasal\/la-xxxv-edicion-de-la-ruta-de-la-sal-se-presenta-en-el-marco-del-salon-nautico-internacional-de-barcelona\/#primaryimage"},"image":{"@id":"https:\/\/labs.100x100.net\/projects\/rutasal\/la-xxxv-edicion-de-la-ruta-de-la-sal-se-presenta-en-el-marco-del-salon-nautico-internacional-de-barcelona\/#primaryimage"},"thumbnailUrl":"https:\/\/labs.100x100.net\/projects\/rutasal\/custom\/uploads\/2022\/10\/Foto-familia-RDLS-2023.jpg","datePublished":"2022-10-17T16:37:08+00:00","dateModified":"2022-10-17T16:51:25+00:00","author":{"@id":"https:\/\/labs.100x100.net\/projects\/rutasal\/#\/schema\/person\/24a02a346c826cf8502e7fb8edc0396c"},"description":"En el Sal\u00f3n N\u00e1utico Internacional de Barcelona se present\u00f3 la XXXV edici\u00f3n de La Ruta de la Sal que se celebrar\u00e1 del 6 al 9 de abril de 2023","breadcrumb":{"@id":"https:\/\/labs.100x100.net\/projects\/rutasal\/la-xxxv-edicion-de-la-ruta-de-la-sal-se-presenta-en-el-marco-del-salon-nautico-internacional-de-barcelona\/#breadcrumb"},"inLanguage":"es","potentialAction":[{"@type":"ReadAction","target":["https:\/\/labs.100x100.net\/projects\/rutasal\/la-xxxv-edicion-de-la-ruta-de-la-sal-se-presenta-en-el-marco-del-salon-nautico-internacional-de-barcelona\/"]}]},{"@type":"ImageObject","inLanguage":"es","@id":"https:\/\/labs.100x100.net\/projects\/rutasal\/la-xxxv-edicion-de-la-ruta-de-la-sal-se-presenta-en-el-marco-del-salon-nautico-internacional-de-barcelona\/#primaryimage","url":"https:\/\/labs.100x100.net\/projects\/rutasal\/custom\/uploads\/2022\/10\/Foto-familia-RDLS-2023.jpg","contentUrl":"https:\/\/labs.100x100.net\/projects\/rutasal\/custom\/uploads\/2022\/10\/Foto-familia-RDLS-2023.jpg","width":1000,"height":668,"caption":"De izquierda a derecha, Andr\u00e9s Oliva, Secretario t\u00e9cnico de Difusi\u00f3n N\u00e1utica, Salvador Alcover, Director General de Garmin Iberia, Juan Miguel Costa, Director Insular de Turismo del Consell d\u2019Eivissa, Eduard Torres, Presidente de Turisme de Barcelona, Enrique Curt, Presidente del Club N\u00e1utico Skipper y Josep Tur, Presidente del Club N\u00e1utico Sant Antoni de Portmany: FOto Alfred Farr\u00e9"},{"@type":"BreadcrumbList","@id":"https:\/\/labs.100x100.net\/projects\/rutasal\/la-xxxv-edicion-de-la-ruta-de-la-sal-se-presenta-en-el-marco-del-salon-nautico-internacional-de-barcelona\/#breadcrumb","itemListElement":[{"@type":"ListItem","position":1,"name":"Portada","item":"https:\/\/labs.100x100.net\/projects\/rutasal\/"},{"@type":"ListItem","position":2,"name":"La XXXV edici\u00f3n de La Ruta de la Sal, se presenta en el marco del Sal\u00f3n N\u00e1utico Internacional de Barcelona."}]},{"@type":"WebSite","@id":"https:\/\/labs.100x100.net\/projects\/rutasal\/#website","url":"https:\/\/labs.100x100.net\/projects\/rutasal\/","name":"Regata La Ruta de la Sal","description":"Regata La Ruta de la Sal es una regata de Altura Mediterr\u00e1nea para barcos de crucero a vela con destino en Ibiza, que se disputa anualmente en Semana Santa.","potentialAction":[{"@type":"SearchAction","target":{"@type":"EntryPoint","urlTemplate":"https:\/\/labs.100x100.net\/projects\/rutasal\/?s={search_term_string}"},"query-input":"required name=search_term_string"}],"inLanguage":"es"},{"@type":"Person","@id":"https:\/\/labs.100x100.net\/projects\/rutasal\/#\/schema\/person\/24a02a346c826cf8502e7fb8edc0396c","name":"Ferran","image":{"@type":"ImageObject","inLanguage":"es","@id":"https:\/\/labs.100x100.net\/projects\/rutasal\/#\/schema\/person\/image\/","url":"https:\/\/secure.gravatar.com\/avatar\/d1c4bb756eb5c888319d7e06d9dc1559?s=96&d=mm&r=g","contentUrl":"https:\/\/secure.gravatar.com\/avatar\/d1c4bb756eb5c888319d7e06d9dc1559?s=96&d=mm&r=g","caption":"Ferran"}}]}},"_links":{"self":[{"href":"https:\/\/labs.100x100.net\/projects\/rutasal\/wp-json\/wp\/v2\/posts\/7720"}],"collection":[{"href":"https:\/\/labs.100x100.net\/projects\/rutasal\/wp-json\/wp\/v2\/posts"}],"about":[{"href":"https:\/\/labs.100x100.net\/projects\/rutasal\/wp-json\/wp\/v2\/types\/post"}],"author":[{"embeddable":true,"href":"https:\/\/labs.100x100.net\/projects\/rutasal\/wp-json\/wp\/v2\/users\/2"}],"replies":[{"embeddable":true,"href":"https:\/\/labs.100x100.net\/projects\/rutasal\/wp-json\/wp\/v2\/comments?post=7720"}],"version-history":[{"count":3,"href":"https:\/\/labs.100x100.net\/projects\/rutasal\/wp-json\/wp\/v2\/posts\/7720\/revisions"}],"predecessor-version":[{"id":7744,"href":"https:\/\/labs.100x100.net\/projects\/rutasal\/wp-json\/wp\/v2\/posts\/7720\/revisions\/7744"}],"wp:featuredmedia":[{"embeddable":true,"href":"https:\/\/labs.100x100.net\/projects\/rutasal\/wp-json\/wp\/v2\/media\/7741"}],"wp:attachment":[{"href":"https:\/\/labs.100x100.net\/projects\/rutasal\/wp-json\/wp\/v2\/media?parent=7720"}],"wp:term":[{"taxonomy":"category","embeddable":true,"href":"https:\/\/labs.100x100.net\/projects\/rutasal\/wp-json\/wp\/v2\/categories?post=7720"},{"taxonomy":"post_tag","embeddable":true,"href":"https:\/\/labs.100x100.net\/projects\/rutasal\/wp-json\/wp\/v2\/tags?post=7720"}],"curies":[{"name":"wp","href":"https:\/\/api.w.org\/{rel}","templated":true}]}}