{"id":764,"date":"2011-11-11T18:57:31","date_gmt":"2011-11-11T18:57:31","guid":{"rendered":"https:\/\/larutadelasal.com\/?p=764"},"modified":"2019-03-14T12:20:23","modified_gmt":"2019-03-14T10:20:23","slug":"multitudinaria-presentacion-del-xxv-aniversario-de-la-ruta-de-la-sal","status":"publish","type":"post","link":"https:\/\/labs.100x100.net\/projects\/rutasal\/multitudinaria-presentacion-del-xxv-aniversario-de-la-ruta-de-la-sal\/","title":{"rendered":"MULTITUDINARIA PRESENTACION DEL XXV ANIVERSARIO DE LA RUTA DE LA SAL"},"content":{"rendered":"<p><strong>25 a\u00f1os con sabor a \u00abSal\u00bb.<br \/>\nMULTITUDINARIA PRESENTACION DEL 25 ANIVERSARIO DE LA RUTA DE LA SAL<br \/>\nLa regata de altura m\u00e1s exitosa del mediterr\u00e1neo cumple un cuarto de siglo.<\/strong><\/p>\n<p>La regata de altura de <strong>La Ruta de la Sal cumple 25 a\u00f1os<\/strong>. Una magnifica ocasi\u00f3n para hacer balance y comprobar que, sin lugar a dudas, los objetivos que motivaron a <strong>Pepe Ferres <\/strong>a la hora de dise\u00f1ar y poner en marcha en 1989 esta competici\u00f3n, se han cumplido superando todas las expectativas previsibles.<\/p>\n<p><a href=\"https:\/\/larutadelasal.com\/custom\/uploads\/2011\/11\/f1_AFB0653.jpg\"><img loading=\"lazy\" decoding=\"async\" class=\"alignnone size-full wp-image-776\" title=\"f1_AFB0653\" src=\"https:\/\/larutadelasal.com\/custom\/uploads\/2011\/11\/f1_AFB0653.jpg\" alt=\"\" width=\"657\" height=\"400\" \/><\/a><a href=\"https:\/\/larutadelasal.com\/custom\/uploads\/2011\/11\/f2_AFB0691.jpg\"><img loading=\"lazy\" decoding=\"async\" class=\"alignnone size-full wp-image-777\" title=\"f2_AFB0691\" src=\"https:\/\/larutadelasal.com\/custom\/uploads\/2011\/11\/f2_AFB0691.jpg\" alt=\"\" width=\"320\" height=\"229\" \/><\/a><a href=\"https:\/\/larutadelasal.com\/custom\/uploads\/2011\/11\/f3_AFB0695.jpg\"><img loading=\"lazy\" decoding=\"async\" class=\"alignnone size-full wp-image-778\" title=\"f3_AFB0695\" src=\"https:\/\/larutadelasal.com\/custom\/uploads\/2011\/11\/f3_AFB0695.jpg\" alt=\"\" width=\"320\" height=\"229\" \/><\/a><\/p>\n<p>\u201cLa idea era clara, a finales de los 80 las regatas de altura en nuestro pa\u00eds hab\u00edan desaparecido, contaba Pepe Ferres cada vez que preguntaban por el origen de La Sal\u2026. El IOR fomentaba una competici\u00f3n extremadamente t\u00e1ctica, demarc\u00e1ndose cada vez m\u00e1s de las navegaciones de altamar. Los cruceros de competici\u00f3n se hab\u00edan convertido en aut\u00e9nticos \u201cday-boats,\u201d en grandes \u00abvelas ligeras\u00bb, perdiendo gran parte de su esencia y raz\u00f3n de ser. Con este panorama, recalcaba Ferres, sospechando que exist\u00edan muchos aficionados a la navegaci\u00f3n de altura para los que no hab\u00eda una alternativa deportiva clara, pusimos, con <strong>ANAM<\/strong>, en marcha <strong>La Ruta de La Sal\u201d<\/strong>. \u201cConceptualmente, citando, una vez mas, palabras de Ferres, se trataba de gestionar una regata de altura asequible por distancias y tiempos, pero que, de alguna manera, recogiese las caracter\u00edsticas y particularidades que m\u00e1s definen a una competici\u00f3n en alta mar. Tambi\u00e9n una regata con posibilidades de que muchos aficionados pudiesen participar, orientada, sin duda alguna, a los amateurs.\u00bb<\/p>\n<p><a href=\"https:\/\/larutadelasal.com\/custom\/uploads\/2011\/11\/f4_AFB0715.jpg\"><img loading=\"lazy\" decoding=\"async\" class=\"alignnone size-full wp-image-779\" title=\"f4_AFB0715\" src=\"https:\/\/larutadelasal.com\/custom\/uploads\/2011\/11\/f4_AFB0715.jpg\" alt=\"\" width=\"320\" height=\"229\" \/><\/a><a href=\"https:\/\/larutadelasal.com\/custom\/uploads\/2011\/11\/f5_AFB0731.jpg\"><img loading=\"lazy\" decoding=\"async\" class=\"alignnone size-full wp-image-780\" title=\"f5_AFB0731\" src=\"https:\/\/larutadelasal.com\/custom\/uploads\/2011\/11\/f5_AFB0731.jpg\" alt=\"\" width=\"320\" height=\"229\" \/><\/a><\/p>\n<p><a href=\"https:\/\/larutadelasal.com\/custom\/uploads\/2011\/11\/f6_AFB0766.jpg\"><img loading=\"lazy\" decoding=\"async\" class=\"alignnone size-full wp-image-781\" title=\"f6_AFB0766\" src=\"https:\/\/larutadelasal.com\/custom\/uploads\/2011\/11\/f6_AFB0766.jpg\" alt=\"\" width=\"320\" height=\"229\" \/><\/a><a href=\"https:\/\/larutadelasal.com\/custom\/uploads\/2011\/11\/f7_AFB0778.jpg\"><img loading=\"lazy\" decoding=\"async\" class=\"alignnone size-full wp-image-782\" title=\"f7_AFB0778\" src=\"https:\/\/larutadelasal.com\/custom\/uploads\/2011\/11\/f7_AFB0778.jpg\" alt=\"\" width=\"320\" height=\"229\" \/><\/a><\/p>\n<p>\u201cSalir del continente, en este caso de Barcelona, para ir a una isla, era ya un buen comienzo. Recuperar un acontecimiento hist\u00f3rico, casi una leyenda, la regata por La Sal de 1946 durante \u201cLa Revolta dels Mariners\u201d, daba solidez y un cierto romanticismo a la idea. Las Pitiussas ofrec\u00edan un destino cargado de magias. Ya estaban muy de moda.. El Mar Balear con sus micro-climas, y las influencias en sus modelos metereologicos y, en las t\u00e1cticas de la navegaci\u00f3n, de las orograf\u00edas del Golfo de Sant Jordi, el Delta del Ebro, la Sierra de Tramontana de Mallorca, los Freus de Ibiza y de Formentera se dibujaba como un campo de regata perfecto. La navegaci\u00f3n nocturna, y una \u00e9poca del a\u00f1o, inestable, poco previsible \u2013 de cambio de Luna- que contribu\u00eda a dar un toque especial a toda la propuesta, daban como resultado una regata de altura con muchas posibilidades deportivas.\u201d \u201cUna regata, como aseguro tantas veces Ferres, dif\u00edcil, en ocasiones incluso muy complicada pero cargada de grandes atractivos para los amantes de la navegaci\u00f3n de altura\u201d.<\/p>\n<p>Una regata que, sin duda alguna, durante los \u00faltimos 25 a\u00f1os ha contribuido de una manera decisiva a fomentar y promocionar la navegaci\u00f3n de crucero en nuestro pa\u00eds. Hoy la regata de altura mas consolidada del mediterr\u00e1neo, l\u00edder indiscutible en \u00edndices de participaci\u00f3n y popularidad. Una prueba que ha recibido significativos reconocimientos internacionales, que el prestigioso Royal Ocean Racing Club &#8211; RORC &#8211; Brit\u00e1nico incluyo en su calendario internacional destacando su gran calidad t\u00e9cnica y deportiva.<\/p>\n<p><a href=\"https:\/\/larutadelasal.com\/custom\/uploads\/2011\/11\/f8_AFB0795.jpg\"><img loading=\"lazy\" decoding=\"async\" class=\"alignnone size-full wp-image-783\" title=\"f8_AFB0795\" src=\"https:\/\/larutadelasal.com\/custom\/uploads\/2011\/11\/f8_AFB0795.jpg\" alt=\"\" width=\"320\" height=\"229\" \/><\/a><a href=\"https:\/\/larutadelasal.com\/custom\/uploads\/2011\/11\/f9_AFB0739.jpg\"><img loading=\"lazy\" decoding=\"async\" class=\"alignnone size-full wp-image-784\" title=\"f9_AFB0739\" src=\"https:\/\/larutadelasal.com\/custom\/uploads\/2011\/11\/f9_AFB0739.jpg\" alt=\"\" width=\"320\" height=\"229\" \/><\/a><\/p>\n<p><a href=\"https:\/\/larutadelasal.com\/custom\/uploads\/2011\/11\/f10_AFB0783.jpg\"><img loading=\"lazy\" decoding=\"async\" class=\"alignnone size-full wp-image-785\" title=\"f10_AFB0783\" src=\"https:\/\/larutadelasal.com\/custom\/uploads\/2011\/11\/f10_AFB0783.jpg\" alt=\"\" width=\"320\" height=\"229\" \/><\/a><a href=\"https:\/\/larutadelasal.com\/custom\/uploads\/2011\/11\/f11_AFB0793.jpg\"><img loading=\"lazy\" decoding=\"async\" class=\"alignnone size-full wp-image-786\" title=\"f11_AFB0793\" src=\"https:\/\/larutadelasal.com\/custom\/uploads\/2011\/11\/f11_AFB0793.jpg\" alt=\"\" width=\"320\" height=\"229\" \/><\/a><\/p>\n<p>Los datos son claros y decisivos. En la <strong>primera edici\u00f3n de La Sal<\/strong>, entre el puerto barcelon\u00e9s de Port Ginesta y Formentera participan <strong>36 embarcaciones<\/strong>.<br \/>\nEn <strong>1990,<\/strong> se dobla la cifra alcanzando los <strong>65 inscritos<\/strong>. En <strong>1991<\/strong> se crea la<strong> Versi\u00f3n Este <\/strong>de la regata, con salida del Real Club N\u00e1utico Denia. Entre las dos versiones, aquel a\u00f1o navegan <strong>119 embarcaciones.<\/strong> La Sal era ya la regata Espa\u00f1ola con m\u00e1s participantes. En <strong>1997 <\/strong>la participaci\u00f3n supera la barrera de las <strong>200 embarcaciones.<\/strong> Un nuevo record nacional. En la cita del <strong>2001<\/strong> se superan los <strong>300 participantes<\/strong>, fueron, concretamente <strong>310<\/strong>. El record de participaci\u00f3n se registra en el <strong>2004 con 345 inscritos.<\/strong> La Ruta de La sal era ya la regata de altura con m\u00e1s participantes de todo el mediterr\u00e1neo. En estos <strong>25 a\u00f1os<\/strong>, han tomado parte en La Sal m\u00e1s <strong>4.850 embarcaciones <\/strong>tripuladas por unos<strong> 32.500 regatistas<\/strong>, y se han cubierto unas 6.700 millas de competici\u00f3n. Las cifras dan una idea de la magnitud de este evento que, al margen de sus bondades deportivas, se ha convertido en un excelente promotor del turismo n\u00e1utico para Ibiza.<\/p>\n<p>Pero tal vez lo que es m\u00e1s importante es que tras estos 25 a\u00f1os de historia, la organizaci\u00f3n de La Ruta de La Sal se mantiene fiel a aquellos planteamientos que hicieron que, en aquel ya lejano 1989, Ferres y su equipo de ANAM apostasen por esta gran aventura. La Ruta de La Sal contin\u00faa siendo una regata dise\u00f1ada para fomentar la afici\u00f3n por la navegaci\u00f3n de altura. Contin\u00faa siendo una regata abierta con muchas opciones para participar. Las Clases agrupan a las embarcaciones por periodos cronol\u00f3gicos, lo que equipara dise\u00f1os y modelos constructivos. Buscando una contemporaneidad que, normalmente, equilibra mucho las cosas. Opciones para tripulaciones completas y reducidas. Para equipos femeninos. En el mar muchas ayudas, sistemas de comunicaci\u00f3n que organizan y estructuran la competici\u00f3n, ubicando regularmente a cada participante, dulcificando, en muchas ocasiones, una navegaci\u00f3n dura por mucho o por poco viento\u2026. Es lo mismo.<\/p>\n<p>Lo importante es que tras 25 a\u00f1os La Sal navega viento en popa, reafirm\u00e1ndose como un fen\u00f3meno deportivo y social sin precedentes. Una regata que ha hecho historia; una autentica leyenda en la que, cada a\u00f1o, miles de regatistas desean participar como parte indispensable de su programa de competici\u00f3n. Y es que si uno quiere \u00abgraduarse\u00bb en la navegaci\u00f3n de altura es obligatorio haber participando en alguna ocasi\u00f3n en la Ruta de La Sal. Es una cuesti\u00f3n de prestigio.<\/p>\n<p><a href=\"https:\/\/larutadelasal.com\/custom\/uploads\/2011\/11\/f13_AFB0577.jpg\"><img loading=\"lazy\" decoding=\"async\" class=\"alignnone size-full wp-image-788\" title=\"f13_AFB0577\" src=\"https:\/\/larutadelasal.com\/custom\/uploads\/2011\/11\/f13_AFB0577.jpg\" alt=\"\" width=\"320\" height=\"229\" \/><\/a><a href=\"https:\/\/larutadelasal.com\/custom\/uploads\/2011\/11\/f12_AFB0810.jpg\"><img loading=\"lazy\" decoding=\"async\" class=\"alignnone size-full wp-image-787\" title=\"f12_AFB0810\" src=\"https:\/\/larutadelasal.com\/custom\/uploads\/2011\/11\/f12_AFB0810.jpg\" alt=\"\" width=\"320\" height=\"229\" \/><\/a><a href=\"https:\/\/larutadelasal.com\/custom\/uploads\/2011\/11\/f14_AFB0582.jpg\"><img loading=\"lazy\" decoding=\"async\" class=\"alignnone size-full wp-image-789\" title=\"f14_AFB0582\" src=\"https:\/\/larutadelasal.com\/custom\/uploads\/2011\/11\/f14_AFB0582.jpg\" alt=\"\" width=\"320\" height=\"229\" \/><\/a><a href=\"https:\/\/larutadelasal.com\/custom\/uploads\/2011\/11\/f15_AFB0623.jpg\"><img loading=\"lazy\" decoding=\"async\" class=\"alignnone size-full wp-image-790\" title=\"f15_AFB0623\" src=\"https:\/\/larutadelasal.com\/custom\/uploads\/2011\/11\/f15_AFB0623.jpg\" alt=\"\" width=\"320\" height=\"229\" \/><\/a><\/p>\n<p>El pr\u00f3ximo 5 de abril del 2012, como siempre Jueves Santo, los participantes en la 25 edici\u00f3n de la Ruta de La Sal comenzaran a escribir la historia de los pr\u00f3ximos 25 a\u00f1os de esta apasionante aventura. Atr\u00e1s quedan oc\u00e9anos de an\u00e9cdotas y haza\u00f1as con sabor a Sal. Innumerables records deportivos para registrar y muchos magn\u00edficos y entra\u00f1ables amigos que recordar. El equipo de Pepe Ferres velara porque todo funcione a la perfecci\u00f3n. Como siempre se ha hecho. La Versi\u00f3n Norte, zarpara desde Port Ginesta, como lo hizo en 1989, con rumbo a Ibiza; 140 millas n\u00e1uticas hasta la l\u00ednea de llegada en Sant Antoni de Portmany. La Este desde Denia dejando las islas de Formentera, Tagomago e Ibiza por babor, en total unas 120 millas. Ser\u00e1 un gran acontecimiento una magnifica ocasi\u00f3n para comenzar la temporada de regatas.<\/p>\n<p>LUIS CONDE, Presidente del Sal\u00f3n Nautico Internacional de Barcelona<\/p>\n<p>GERARD ESTEVE, Presidente de la Federaci\u00f2 Catalana de Vela<\/p>\n<p>JOSE M\u00ba MARTIN PUERTAS, Vice President del a Real Federacio Espa\u00f1ola de Vela<\/p>\n<p>JESUS TURRO,\u00a0 Presidente de la Real Asociaci\u00f3n Nacional de Crueceros<\/p>\n<p>VICENT SERRA,\u00a0 President del Consell d\u2019Eivissa<\/p>\n<p>CARMEN FERRER, Consellera de Turisme del Consell d\u2019Eivissa<\/p>\n<p>PEPITA GUTIERREZ,\u00a0 Alcaldesa de e Sant Antoni de Portmany (Eivissa)<\/p>\n<p>VICENT\u00a0 RIBAS, Regidor de Turisme de l\u2019Ajuntament de Sant Antoni de Portmany<\/p>\n<p>ANTONIO DAUDERO,\u00a0 Director General de Ports de les Iles Balears.<\/p>\n<p>PEP TUR, Presidente del Club Nautico de Sant Antoni<\/p>\n<p>JAIME PORTOLES, Presidente del Real\u00a0 Club Nautico de Denia<\/p>\n<p>ELADI BALLETBO, Consejero Delegado de marina Port Ginesta<\/p>\n<p>RODRIGO DE FEBRER, Capitan de Marina Port Ginesta<\/p>\n<p>ISABEL SUBIRATS, Presidenta de ANAM<\/p>\n<p><a href=\"https:\/\/larutadelasal.com\/custom\/uploads\/2011\/11\/f16_AFB0531.jpg\"><img loading=\"lazy\" decoding=\"async\" class=\"alignnone size-full wp-image-791\" title=\"f16_AFB0531\" src=\"https:\/\/larutadelasal.com\/custom\/uploads\/2011\/11\/f16_AFB0531.jpg\" alt=\"\" width=\"320\" height=\"229\" \/><\/a><a href=\"https:\/\/larutadelasal.com\/custom\/uploads\/2011\/11\/f18_AFB0517.jpg\"><img loading=\"lazy\" decoding=\"async\" class=\"alignnone size-full wp-image-793\" title=\"f18_AFB0517\" src=\"https:\/\/larutadelasal.com\/custom\/uploads\/2011\/11\/f18_AFB0517.jpg\" alt=\"\" width=\"320\" height=\"229\" \/><\/a><a href=\"https:\/\/larutadelasal.com\/custom\/uploads\/2011\/11\/f19_AFB0512.jpg\"><img loading=\"lazy\" decoding=\"async\" class=\"alignnone size-full wp-image-794\" title=\"f19_AFB0512\" src=\"https:\/\/larutadelasal.com\/custom\/uploads\/2011\/11\/f19_AFB0512.jpg\" alt=\"\" width=\"320\" height=\"229\" \/><\/a><a href=\"https:\/\/larutadelasal.com\/custom\/uploads\/2011\/11\/f17_AFB0521.jpg\"><img loading=\"lazy\" decoding=\"async\" class=\"alignnone size-full wp-image-792\" title=\"f17_AFB0521\" src=\"https:\/\/larutadelasal.com\/custom\/uploads\/2011\/11\/f17_AFB0521.jpg\" alt=\"\" width=\"320\" height=\"229\" \/><\/a><a href=\"https:\/\/larutadelasal.com\/custom\/uploads\/2011\/11\/f20_AFB0823.jpg\"><img loading=\"lazy\" decoding=\"async\" class=\"alignnone size-full wp-image-795\" title=\"f20_AFB0823\" src=\"https:\/\/larutadelasal.com\/custom\/uploads\/2011\/11\/f20_AFB0823.jpg\" alt=\"\" width=\"657\" height=\"390\" \/><\/a><a href=\"https:\/\/larutadelasal.com\/custom\/uploads\/2011\/11\/f21_AFB0833.jpg\"><img loading=\"lazy\" decoding=\"async\" class=\"alignnone size-full wp-image-796\" title=\"f21_AFB0833\" src=\"https:\/\/larutadelasal.com\/custom\/uploads\/2011\/11\/f21_AFB0833.jpg\" alt=\"\" width=\"320\" height=\"229\" \/><\/a><a href=\"https:\/\/larutadelasal.com\/custom\/uploads\/2011\/11\/f22_AFB0834.jpg\"><img loading=\"lazy\" decoding=\"async\" class=\"alignnone size-full wp-image-797\" title=\"f22_AFB0834\" src=\"https:\/\/larutadelasal.com\/custom\/uploads\/2011\/11\/f22_AFB0834.jpg\" alt=\"\" width=\"320\" height=\"229\" \/><\/a><\/p>\n","protected":false},"excerpt":{"rendered":"<p>25 a\u00f1os con sabor a \u00abSal\u00bb. MULTITUDINARIA PRESENTACION DEL 25 ANIVERSARIO DE LA RUTA DE LA SAL La regata de altura m\u00e1s exitosa del mediterr\u00e1neo cumple un cuarto de siglo. La regata de altura de La Ruta de la Sal cumple 25 a\u00f1os. Una magnifica ocasi\u00f3n para hacer balance y comprobar que, sin lugar a [&hellip;]<\/p>\n","protected":false},"author":1,"featured_media":3896,"comment_status":"open","ping_status":"open","sticky":false,"template":"","format":"standard","meta":{"_acf_changed":false,"footnotes":""},"categories":[3],"tags":[],"acf":[],"yoast_head":"<!-- This site is optimized with the Yoast SEO plugin v23.0 - https:\/\/yoast.com\/wordpress\/plugins\/seo\/ -->\n<title>MULTITUDINARIA PRESENTACION DEL XXV ANIVERSARIO DE LA RUTA DE LA SAL | Regata La Ruta de la Sal<\/title>\n<meta name=\"robots\" content=\"noindex, follow, max-snippet:-1, max-image-preview:large, max-video-preview:-1\" \/>\n<meta property=\"og:locale\" content=\"es_ES\" \/>\n<meta property=\"og:type\" content=\"article\" \/>\n<meta property=\"og:title\" content=\"MULTITUDINARIA PRESENTACION DEL XXV ANIVERSARIO DE LA RUTA DE LA SAL | Regata La Ruta de la Sal\" \/>\n<meta property=\"og:description\" content=\"25 a\u00f1os con sabor a \u00abSal\u00bb. MULTITUDINARIA PRESENTACION DEL 25 ANIVERSARIO DE LA RUTA DE LA SAL La regata de altura m\u00e1s exitosa del mediterr\u00e1neo cumple un cuarto de siglo. La regata de altura de La Ruta de la Sal cumple 25 a\u00f1os. Una magnifica ocasi\u00f3n para hacer balance y comprobar que, sin lugar a [&hellip;]\" \/>\n<meta property=\"og:url\" content=\"https:\/\/labs.100x100.net\/projects\/rutasal\/multitudinaria-presentacion-del-xxv-aniversario-de-la-ruta-de-la-sal\/\" \/>\n<meta property=\"og:site_name\" content=\"Regata La Ruta de la Sal\" \/>\n<meta property=\"article:publisher\" content=\"https:\/\/www.facebook.com\/rutadelasal\/\" \/>\n<meta property=\"article:published_time\" content=\"2011-11-11T18:57:31+00:00\" \/>\n<meta property=\"article:modified_time\" content=\"2019-03-14T10:20:23+00:00\" \/>\n<meta property=\"og:image\" content=\"https:\/\/labs.100x100.net\/projects\/rutasal\/custom\/uploads\/2011\/11\/f1_AFB0653-1.jpg\" \/>\n\t<meta property=\"og:image:width\" content=\"1200\" \/>\n\t<meta property=\"og:image:height\" content=\"819\" \/>\n\t<meta property=\"og:image:type\" content=\"image\/jpeg\" \/>\n<meta name=\"author\" content=\"La Ruta de la Sal\" \/>\n<meta name=\"twitter:card\" content=\"summary_large_image\" \/>\n<meta name=\"twitter:creator\" content=\"@AnamMedi\" \/>\n<meta name=\"twitter:site\" content=\"@AnamMedi\" \/>\n<meta name=\"twitter:label1\" content=\"Escrito por\" \/>\n\t<meta name=\"twitter:data1\" content=\"La Ruta de la Sal\" \/>\n\t<meta name=\"twitter:label2\" content=\"Tiempo de lectura\" \/>\n\t<meta name=\"twitter:data2\" content=\"6 minutos\" \/>\n<script type=\"application\/ld+json\" class=\"yoast-schema-graph\">{\"@context\":\"https:\/\/schema.org\",\"@graph\":[{\"@type\":\"WebPage\",\"@id\":\"https:\/\/labs.100x100.net\/projects\/rutasal\/multitudinaria-presentacion-del-xxv-aniversario-de-la-ruta-de-la-sal\/\",\"url\":\"https:\/\/labs.100x100.net\/projects\/rutasal\/multitudinaria-presentacion-del-xxv-aniversario-de-la-ruta-de-la-sal\/\",\"name\":\"MULTITUDINARIA PRESENTACION DEL XXV ANIVERSARIO DE LA RUTA DE LA SAL | Regata La Ruta de la Sal\",\"isPartOf\":{\"@id\":\"https:\/\/labs.100x100.net\/projects\/rutasal\/#website\"},\"primaryImageOfPage\":{\"@id\":\"https:\/\/labs.100x100.net\/projects\/rutasal\/multitudinaria-presentacion-del-xxv-aniversario-de-la-ruta-de-la-sal\/#primaryimage\"},\"image\":{\"@id\":\"https:\/\/labs.100x100.net\/projects\/rutasal\/multitudinaria-presentacion-del-xxv-aniversario-de-la-ruta-de-la-sal\/#primaryimage\"},\"thumbnailUrl\":\"https:\/\/labs.100x100.net\/projects\/rutasal\/custom\/uploads\/2011\/11\/f1_AFB0653-1.jpg\",\"datePublished\":\"2011-11-11T18:57:31+00:00\",\"dateModified\":\"2019-03-14T10:20:23+00:00\",\"author\":{\"@id\":\"https:\/\/labs.100x100.net\/projects\/rutasal\/#\/schema\/person\/214eeb4a2e78fd8373a0a94f6d93c9ca\"},\"breadcrumb\":{\"@id\":\"https:\/\/labs.100x100.net\/projects\/rutasal\/multitudinaria-presentacion-del-xxv-aniversario-de-la-ruta-de-la-sal\/#breadcrumb\"},\"inLanguage\":\"es\",\"potentialAction\":[{\"@type\":\"ReadAction\",\"target\":[\"https:\/\/labs.100x100.net\/projects\/rutasal\/multitudinaria-presentacion-del-xxv-aniversario-de-la-ruta-de-la-sal\/\"]}]},{\"@type\":\"ImageObject\",\"inLanguage\":\"es\",\"@id\":\"https:\/\/labs.100x100.net\/projects\/rutasal\/multitudinaria-presentacion-del-xxv-aniversario-de-la-ruta-de-la-sal\/#primaryimage\",\"url\":\"https:\/\/labs.100x100.net\/projects\/rutasal\/custom\/uploads\/2011\/11\/f1_AFB0653-1.jpg\",\"contentUrl\":\"https:\/\/labs.100x100.net\/projects\/rutasal\/custom\/uploads\/2011\/11\/f1_AFB0653-1.jpg\",\"width\":1200,\"height\":819},{\"@type\":\"BreadcrumbList\",\"@id\":\"https:\/\/labs.100x100.net\/projects\/rutasal\/multitudinaria-presentacion-del-xxv-aniversario-de-la-ruta-de-la-sal\/#breadcrumb\",\"itemListElement\":[{\"@type\":\"ListItem\",\"position\":1,\"name\":\"Portada\",\"item\":\"https:\/\/labs.100x100.net\/projects\/rutasal\/\"},{\"@type\":\"ListItem\",\"position\":2,\"name\":\"MULTITUDINARIA PRESENTACION DEL XXV ANIVERSARIO DE LA RUTA DE LA SAL\"}]},{\"@type\":\"WebSite\",\"@id\":\"https:\/\/labs.100x100.net\/projects\/rutasal\/#website\",\"url\":\"https:\/\/labs.100x100.net\/projects\/rutasal\/\",\"name\":\"Regata La Ruta de la Sal\",\"description\":\"Regata La Ruta de la Sal es una regata de Altura Mediterr\u00e1nea para barcos de crucero a vela con destino en Ibiza, que se disputa anualmente en Semana Santa.\",\"potentialAction\":[{\"@type\":\"SearchAction\",\"target\":{\"@type\":\"EntryPoint\",\"urlTemplate\":\"https:\/\/labs.100x100.net\/projects\/rutasal\/?s={search_term_string}\"},\"query-input\":\"required name=search_term_string\"}],\"inLanguage\":\"es\"},{\"@type\":\"Person\",\"@id\":\"https:\/\/labs.100x100.net\/projects\/rutasal\/#\/schema\/person\/214eeb4a2e78fd8373a0a94f6d93c9ca\",\"name\":\"La Ruta de la Sal\",\"image\":{\"@type\":\"ImageObject\",\"inLanguage\":\"es\",\"@id\":\"https:\/\/labs.100x100.net\/projects\/rutasal\/#\/schema\/person\/image\/\",\"url\":\"https:\/\/secure.gravatar.com\/avatar\/b247286d4b801d6b1cfcfb3807587284?s=96&d=mm&r=g\",\"contentUrl\":\"https:\/\/secure.gravatar.com\/avatar\/b247286d4b801d6b1cfcfb3807587284?s=96&d=mm&r=g\",\"caption\":\"La Ruta de la Sal\"}}]}<\/script>\n<!-- \/ Yoast SEO plugin. -->","yoast_head_json":{"title":"MULTITUDINARIA PRESENTACION DEL XXV ANIVERSARIO DE LA RUTA DE LA SAL | Regata La Ruta de la Sal","robots":{"index":"noindex","follow":"follow","max-snippet":"max-snippet:-1","max-image-preview":"max-image-preview:large","max-video-preview":"max-video-preview:-1"},"og_locale":"es_ES","og_type":"article","og_title":"MULTITUDINARIA PRESENTACION DEL XXV ANIVERSARIO DE LA RUTA DE LA SAL | Regata La Ruta de la Sal","og_description":"25 a\u00f1os con sabor a \u00abSal\u00bb. MULTITUDINARIA PRESENTACION DEL 25 ANIVERSARIO DE LA RUTA DE LA SAL La regata de altura m\u00e1s exitosa del mediterr\u00e1neo cumple un cuarto de siglo. La regata de altura de La Ruta de la Sal cumple 25 a\u00f1os. Una magnifica ocasi\u00f3n para hacer balance y comprobar que, sin lugar a [&hellip;]","og_url":"https:\/\/labs.100x100.net\/projects\/rutasal\/multitudinaria-presentacion-del-xxv-aniversario-de-la-ruta-de-la-sal\/","og_site_name":"Regata La Ruta de la Sal","article_publisher":"https:\/\/www.facebook.com\/rutadelasal\/","article_published_time":"2011-11-11T18:57:31+00:00","article_modified_time":"2019-03-14T10:20:23+00:00","og_image":[{"width":1200,"height":819,"url":"https:\/\/labs.100x100.net\/projects\/rutasal\/custom\/uploads\/2011\/11\/f1_AFB0653-1.jpg","type":"image\/jpeg"}],"author":"La Ruta de la Sal","twitter_card":"summary_large_image","twitter_creator":"@AnamMedi","twitter_site":"@AnamMedi","twitter_misc":{"Escrito por":"La Ruta de la Sal","Tiempo de lectura":"6 minutos"},"schema":{"@context":"https:\/\/schema.org","@graph":[{"@type":"WebPage","@id":"https:\/\/labs.100x100.net\/projects\/rutasal\/multitudinaria-presentacion-del-xxv-aniversario-de-la-ruta-de-la-sal\/","url":"https:\/\/labs.100x100.net\/projects\/rutasal\/multitudinaria-presentacion-del-xxv-aniversario-de-la-ruta-de-la-sal\/","name":"MULTITUDINARIA PRESENTACION DEL XXV ANIVERSARIO DE LA RUTA DE LA SAL | Regata La Ruta de la Sal","isPartOf":{"@id":"https:\/\/labs.100x100.net\/projects\/rutasal\/#website"},"primaryImageOfPage":{"@id":"https:\/\/labs.100x100.net\/projects\/rutasal\/multitudinaria-presentacion-del-xxv-aniversario-de-la-ruta-de-la-sal\/#primaryimage"},"image":{"@id":"https:\/\/labs.100x100.net\/projects\/rutasal\/multitudinaria-presentacion-del-xxv-aniversario-de-la-ruta-de-la-sal\/#primaryimage"},"thumbnailUrl":"https:\/\/labs.100x100.net\/projects\/rutasal\/custom\/uploads\/2011\/11\/f1_AFB0653-1.jpg","datePublished":"2011-11-11T18:57:31+00:00","dateModified":"2019-03-14T10:20:23+00:00","author":{"@id":"https:\/\/labs.100x100.net\/projects\/rutasal\/#\/schema\/person\/214eeb4a2e78fd8373a0a94f6d93c9ca"},"breadcrumb":{"@id":"https:\/\/labs.100x100.net\/projects\/rutasal\/multitudinaria-presentacion-del-xxv-aniversario-de-la-ruta-de-la-sal\/#breadcrumb"},"inLanguage":"es","potentialAction":[{"@type":"ReadAction","target":["https:\/\/labs.100x100.net\/projects\/rutasal\/multitudinaria-presentacion-del-xxv-aniversario-de-la-ruta-de-la-sal\/"]}]},{"@type":"ImageObject","inLanguage":"es","@id":"https:\/\/labs.100x100.net\/projects\/rutasal\/multitudinaria-presentacion-del-xxv-aniversario-de-la-ruta-de-la-sal\/#primaryimage","url":"https:\/\/labs.100x100.net\/projects\/rutasal\/custom\/uploads\/2011\/11\/f1_AFB0653-1.jpg","contentUrl":"https:\/\/labs.100x100.net\/projects\/rutasal\/custom\/uploads\/2011\/11\/f1_AFB0653-1.jpg","width":1200,"height":819},{"@type":"BreadcrumbList","@id":"https:\/\/labs.100x100.net\/projects\/rutasal\/multitudinaria-presentacion-del-xxv-aniversario-de-la-ruta-de-la-sal\/#breadcrumb","itemListElement":[{"@type":"ListItem","position":1,"name":"Portada","item":"https:\/\/labs.100x100.net\/projects\/rutasal\/"},{"@type":"ListItem","position":2,"name":"MULTITUDINARIA PRESENTACION DEL XXV ANIVERSARIO DE LA RUTA DE LA SAL"}]},{"@type":"WebSite","@id":"https:\/\/labs.100x100.net\/projects\/rutasal\/#website","url":"https:\/\/labs.100x100.net\/projects\/rutasal\/","name":"Regata La Ruta de la Sal","description":"Regata La Ruta de la Sal es una regata de Altura Mediterr\u00e1nea para barcos de crucero a vela con destino en Ibiza, que se disputa anualmente en Semana Santa.","potentialAction":[{"@type":"SearchAction","target":{"@type":"EntryPoint","urlTemplate":"https:\/\/labs.100x100.net\/projects\/rutasal\/?s={search_term_string}"},"query-input":"required name=search_term_string"}],"inLanguage":"es"},{"@type":"Person","@id":"https:\/\/labs.100x100.net\/projects\/rutasal\/#\/schema\/person\/214eeb4a2e78fd8373a0a94f6d93c9ca","name":"La Ruta de la Sal","image":{"@type":"ImageObject","inLanguage":"es","@id":"https:\/\/labs.100x100.net\/projects\/rutasal\/#\/schema\/person\/image\/","url":"https:\/\/secure.gravatar.com\/avatar\/b247286d4b801d6b1cfcfb3807587284?s=96&d=mm&r=g","contentUrl":"https:\/\/secure.gravatar.com\/avatar\/b247286d4b801d6b1cfcfb3807587284?s=96&d=mm&r=g","caption":"La Ruta de la Sal"}}]}},"_links":{"self":[{"href":"https:\/\/labs.100x100.net\/projects\/rutasal\/wp-json\/wp\/v2\/posts\/764"}],"collection":[{"href":"https:\/\/labs.100x100.net\/projects\/rutasal\/wp-json\/wp\/v2\/posts"}],"about":[{"href":"https:\/\/labs.100x100.net\/projects\/rutasal\/wp-json\/wp\/v2\/types\/post"}],"author":[{"embeddable":true,"href":"https:\/\/labs.100x100.net\/projects\/rutasal\/wp-json\/wp\/v2\/users\/1"}],"replies":[{"embeddable":true,"href":"https:\/\/labs.100x100.net\/projects\/rutasal\/wp-json\/wp\/v2\/comments?post=764"}],"version-history":[{"count":1,"href":"https:\/\/labs.100x100.net\/projects\/rutasal\/wp-json\/wp\/v2\/posts\/764\/revisions"}],"predecessor-version":[{"id":3897,"href":"https:\/\/labs.100x100.net\/projects\/rutasal\/wp-json\/wp\/v2\/posts\/764\/revisions\/3897"}],"wp:featuredmedia":[{"embeddable":true,"href":"https:\/\/labs.100x100.net\/projects\/rutasal\/wp-json\/wp\/v2\/media\/3896"}],"wp:attachment":[{"href":"https:\/\/labs.100x100.net\/projects\/rutasal\/wp-json\/wp\/v2\/media?parent=764"}],"wp:term":[{"taxonomy":"category","embeddable":true,"href":"https:\/\/labs.100x100.net\/projects\/rutasal\/wp-json\/wp\/v2\/categories?post=764"},{"taxonomy":"post_tag","embeddable":true,"href":"https:\/\/labs.100x100.net\/projects\/rutasal\/wp-json\/wp\/v2\/tags?post=764"}],"curies":[{"name":"wp","href":"https:\/\/api.w.org\/{rel}","templated":true}]}}