{"id":749,"date":"2011-11-08T15:16:54","date_gmt":"2011-11-08T15:16:54","guid":{"rendered":"https:\/\/larutadelasal.com\/?p=749"},"modified":"2019-03-08T15:47:08","modified_gmt":"2019-03-08T13:47:08","slug":"la-ruta-de-la-sal-2010","status":"publish","type":"post","link":"https:\/\/labs.100x100.net\/projects\/rutasal\/la-ruta-de-la-sal-2010\/","title":{"rendered":"La Ruta de la Sal 2010"},"content":{"rendered":"<h1 style=\"text-align: center;\">XXIII REGATA DE ALTURA LA RUTA DE LA SAL 2010<\/h1>\n<p><strong>EL SWAN 56 \u00abLA FLORESTA DEL MAR\u00bb DE JAIME OLAZABAL Y EL FORTUNA 9 \u00abSTELRAC\u00bb DE CARLOS TUR, VENCEDORES ABSOLUTOS DE LA RUTA DE LA SAL 2010.<\/strong><\/p>\n<p><strong>EL FARR 520 \u00abPLIS-PLAY\u00bb DE VICENTE GARC\u00cdA EN LA VERSI\u00d3N ESTE Y \u00abLA FLORESTA DEL MAR\u00bb GANADORES EN TIEMPO REAL DE LA XXIII RUTA DE LA SAL.<\/strong><\/p>\n<p><strong>214 PARTICIPANTES DE 6 NACIONALIDADES EN LA XXIII RUTA DE LA SAL.<\/strong><\/p>\n<p><strong>LOS VIENTOS, DE COMPONENTE SUR, CON INTENSIDADES MEDIAS DE 6\/8 NUDOS PERMITIERON QUE LA REGATA FUESE DIVERTIDA Y EXTREMADAMENTE T\u00c1CTICA.<\/strong><\/p>\n<p><a title=\"TRIPULACION DE LA FLORESTA DEL MAR VENCEDOR EN TIEMPO REAL Y COMPENSADO DE LA VERSION NORTE DSC_9581W\" href=\"http:\/\/farm2.static.flickr.com\/1323\/5113540589_dc1d6935d8_b.jpg\"><img loading=\"lazy\" decoding=\"async\" class=\"alignleft\" src=\"http:\/\/farm2.static.flickr.com\/1323\/5113540589_dc1d6935d8.jpg\" alt=\"TRIPULACION DE LA FLORESTA DEL MAR VENCEDOR EN TIEMPO REAL Y COMPENSADO DE LA VERSION NORTE DSC_9581W\" width=\"320\" height=\"229\" \/><\/a> <a title=\"TRIPULACION DEL PLIS PLAY VENCEDOR TIEMPO REAL VERSION ESTEW DSC_9703\" href=\"http:\/\/farm5.static.flickr.com\/4148\/5113540275_f553d25767_b.jpg\"><img loading=\"lazy\" decoding=\"async\" class=\"alignleft\" src=\"http:\/\/farm5.static.flickr.com\/4148\/5113540275_f553d25767.jpg\" alt=\"TRIPULACION DEL PLIS PLAY VENCEDOR TIEMPO REAL VERSION ESTEW DSC_9703\" width=\"320\" height=\"229\" \/><\/a> <a title=\"LA-FLORESTA-DEL-MAR\" href=\"http:\/\/farm5.static.flickr.com\/4037\/5121056498_92518d528a_b.jpg\"><img loading=\"lazy\" decoding=\"async\" class=\"alignleft\" src=\"http:\/\/farm5.static.flickr.com\/4037\/5121056498_92518d528a.jpg\" alt=\"LA-FLORESTA-DEL-MAR\" width=\"320\" height=\"229\" \/><\/a> <a title=\"LA-FLORESTA-DEL-MAR-V\" href=\"http:\/\/farm5.static.flickr.com\/4064\/5121056252_31ef386950_b.jpg\"><img loading=\"lazy\" decoding=\"async\" class=\"alignleft\" src=\"http:\/\/farm5.static.flickr.com\/4064\/5121056252_31ef386950.jpg\" alt=\"LA-FLORESTA-DEL-MAR-V\" width=\"320\" height=\"229\" \/><\/a> <a title=\"PLIS-PLAY\" href=\"http:\/\/farm2.static.flickr.com\/1224\/5121056596_bf5db0d65e_b.jpg\"><img loading=\"lazy\" decoding=\"async\" class=\"alignleft\" src=\"http:\/\/farm2.static.flickr.com\/1224\/5121056596_bf5db0d65e.jpg\" alt=\"PLIS-PLAY\" width=\"320\" height=\"229\" \/><\/a> <a title=\"STELREC-VEN-ES\" href=\"http:\/\/farm5.static.flickr.com\/4129\/5120453943_95d4ba385f_b.jpg\"><img loading=\"lazy\" decoding=\"async\" class=\"alignleft\" src=\"http:\/\/farm5.static.flickr.com\/4129\/5120453943_95d4ba385f.jpg\" alt=\"STELREC-VEN-ES\" width=\"320\" height=\"229\" \/><\/a><\/p>\n<p><a title=\"DSC_0811\" href=\"http:\/\/farm5.static.flickr.com\/4013\/5121054158_b4181800db_b.jpg\"><img loading=\"lazy\" decoding=\"async\" class=\"aligncenter\" src=\"http:\/\/farm5.static.flickr.com\/4013\/5121054158_b4181800db_b.jpg\" alt=\"DSC_0811\" width=\"653\" height=\"327\" \/><\/a><\/p>\n<p>El Swan 56 \u00abLa Floresta del Mar\u00bb de Jaime Olaz\u00e1bal en la Versi\u00f3n Norte y el Fortuna 9 \u00abStelrac\u00bb del Ibicenco Carlos Tur en la Versi\u00f3n Este se proclamaron vencedores absolutos de la XXIII Regata de Altura de La Ruta de La Sal, que se celebro entre los pasados 1 al 3 de abril, con una participaci\u00f3n que logro reunir a 214 equipos de seis nacionalidades.<\/p>\n<div style=\"clear: both;\"><\/div>\n<p><a title=\"9344AW\" href=\"http:\/\/farm5.static.flickr.com\/4010\/5120449951_60f2c0d09c_b.jpg\"><img loading=\"lazy\" decoding=\"async\" class=\"alignleft\" src=\"http:\/\/farm5.static.flickr.com\/4010\/5120449951_60f2c0d09c.jpg\" alt=\"9344AW\" width=\"320\" height=\"229\" \/><\/a> <a title=\"LA-FLORESTA-DEL-MAR-V2\" href=\"http:\/\/farm2.static.flickr.com\/1364\/5120453607_7da0e30bcd_b.jpg\"><img loading=\"lazy\" decoding=\"async\" class=\"alignleft\" src=\"http:\/\/farm2.static.flickr.com\/1364\/5120453607_7da0e30bcd.jpg\" alt=\"LA-FLORESTA-DEL-MAR-V2\" width=\"320\" height=\"229\" \/><\/a> <a title=\"9394AW\" href=\"http:\/\/farm5.static.flickr.com\/4035\/5120450131_66efe36992_b.jpg\"><img loading=\"lazy\" decoding=\"async\" class=\"alignleft\" src=\"http:\/\/farm5.static.flickr.com\/4035\/5120450131_66efe36992.jpg\" alt=\"9394AW\" width=\"320\" height=\"229\" \/><\/a> <a title=\"9379AW\" href=\"http:\/\/farm5.static.flickr.com\/4111\/5120450047_0b69806d00_b.jpg\"><img loading=\"lazy\" decoding=\"async\" class=\"alignleft\" src=\"http:\/\/farm5.static.flickr.com\/4111\/5120450047_0b69806d00.jpg\" alt=\"9379AW\" width=\"320\" height=\"229\" \/><\/a><\/p>\n<div style=\"clear: both;\"><\/div>\n<p><a title=\"9410AW\" href=\"http:\/\/farm2.static.flickr.com\/1393\/5120450223_a58499fa26_b.jpg\"><img loading=\"lazy\" decoding=\"async\" class=\"alignleft\" src=\"http:\/\/farm2.static.flickr.com\/1393\/5120450223_a58499fa26.jpg\" alt=\"9410AW\" width=\"320\" height=\"229\" \/><\/a> <a title=\"9494AW\" href=\"http:\/\/farm2.static.flickr.com\/1226\/5120450363_0e598b5ea7_b.jpg\"><img loading=\"lazy\" decoding=\"async\" class=\"alignleft\" src=\"http:\/\/farm2.static.flickr.com\/1226\/5120450363_0e598b5ea7.jpg\" alt=\"9494AW\" width=\"320\" height=\"229\" \/><\/a><\/p>\n<p>\u00abLa Floresta del Mar\u00bb un Swam 56 dise\u00f1o del argentino German Frers con puerto base en Mallorca, fue, tambi\u00e9n, el barco m\u00e1s r\u00e1pido en tiempo real de la Versi\u00f3n Norte, con un registro de unas 21horas y 16 minutos para cubrir las 140 millas desde la salida en Port Ginesta hasta Sant Antoni de Portmany en Ibiza. Un margen suficiente como para que, una vez compensados los tiempos de la totalidad de los participantes, el barco de Olaz\u00e1bal lograse acumular los t\u00edtulos de ganador en Tiempo Real y Absoluto de la prueba. Algo dif\u00edcil en una regata como La Sal, donde la participaci\u00f3n en muy grande y la climatolog\u00eda afectada por el cambio de luna del equinoccio acostumbra a ser particularmente inestable. La segunda plaza en la general de la Versi\u00f3n Norte fue para J35 \u00abJay Walker\u00bb del Holand\u00e9s Eric Janssen, una tripulaci\u00f3n que ya fue ganadora absoluta de La Sal en el 2008. Cerro el podium de la largada desde Port Ginesta el \u00abN\u00e1utica Yacht\u00bb de Siga Curt un First 45 DK que, adem\u00e1s logro, con esta tercera posici\u00f3n en la general, proclamarse vencedor en la clasificaci\u00f3n general dentro de la categor\u00eda de tripulaciones reducidas. Un \u00e9xito deportivo importante y, sin duda una navegaci\u00f3n cargada de aciertos.<\/p>\n<p><a title=\"DSC08165\" href=\"http:\/\/farm5.static.flickr.com\/4132\/5121053350_dd69c0258c_b.jpg\"><img loading=\"lazy\" decoding=\"async\" class=\"alignleft\" src=\"http:\/\/farm5.static.flickr.com\/4132\/5121053350_dd69c0258c.jpg\" alt=\"DSC08165\" width=\"320\" height=\"229\" \/><\/a> <a title=\"DSC08166\" href=\"http:\/\/farm5.static.flickr.com\/4151\/5121053458_c15f577a7b_b.jpg\"><img loading=\"lazy\" decoding=\"async\" class=\"alignleft\" src=\"http:\/\/farm5.static.flickr.com\/4151\/5121053458_c15f577a7b.jpg\" alt=\"DSC08166\" width=\"320\" height=\"229\" \/><\/a> <a title=\"DSC08171\" href=\"http:\/\/farm2.static.flickr.com\/1244\/5120450823_82a6a3b1cd_b.jpg\"><img loading=\"lazy\" decoding=\"async\" class=\"alignleft\" src=\"http:\/\/farm2.static.flickr.com\/1244\/5120450823_82a6a3b1cd.jpg\" alt=\"DSC08171\" width=\"320\" height=\"229\" \/><\/a> <a title=\"DSC08176\" href=\"http:\/\/farm2.static.flickr.com\/1314\/5121053626_4bdde0c14d_b.jpg\"><img loading=\"lazy\" decoding=\"async\" class=\"alignleft\" src=\"http:\/\/farm2.static.flickr.com\/1314\/5121053626_4bdde0c14d.jpg\" alt=\"DSC08176\" width=\"320\" height=\"229\" \/><\/a><\/p>\n<p>En la Versi\u00f3n Este, una vez compensados los tiempos venci\u00f3 el Fortuna 9 del CN de Ibiza, \u00abStelrac\u00bb patroneado por Carlos Tur, que invirti\u00f3 1 d\u00eda, 2 horas, 18 minutos y 18 segundos en cubrir las 120 millas de competici\u00f3n desde Denia a Sant Antoni de Portmany en Ibiza. Un registro que le permiti\u00f3 vencer al, tambi\u00e9n ibicenco, X-322 \u00abInsotel Blue Brothers II\u00bb de Javier Mari segundo en la general del grupo mientras que la tercera plaza fue para el Dufour 34 \u00abCorredor\u00bb de Fernando Estelles del RCN de Valencia.<\/p>\n<p>El ganador en tiempo real de la Versi\u00f3n Este, un recorrido de Denia a Sant Antoni de Portmany dejando por babor a Formentera, Tagomago e Ibiza hasta cruzar la l\u00ednea de llegada entre Cabo Negret. Fue el Farr 520 \u00abPlis-Play\u00bb de Vicente Garc\u00eda de RCR de Alicante, con un tiempo de 21 horas para navegar las 120 millas de competici\u00f3n desde Denia. Con este resultado, el \u00abPlis Play\u00bb se confirma como el barco con mejor historial deportivo en la Ruta de Sal, acumulando trofeos en Tiempo Real en el 2003, 2005, 2007,2008 &#8211; a\u00f1o en el que tambi\u00e9n fue ganador absoluto de la regata.- 2009 y 2010.<\/p>\n<p><a title=\"FOTO-11-PLIS-PLA\" href=\"http:\/\/farm2.static.flickr.com\/1372\/5121056068_1826d1fdb8_b.jpg\"><img loading=\"lazy\" decoding=\"async\" class=\"alignleft\" src=\"http:\/\/farm2.static.flickr.com\/1372\/5121056068_1826d1fdb8.jpg\" alt=\"FOTO-11-PLIS-PLA\" width=\"320\" height=\"229\" \/><\/a> <a title=\"DSC_9541\" href=\"http:\/\/farm2.static.flickr.com\/1189\/5121054928_c192549e9b_b.jpg\"><img loading=\"lazy\" decoding=\"async\" class=\"alignleft\" src=\"http:\/\/farm2.static.flickr.com\/1189\/5121054928_c192549e9b.jpg\" alt=\"DSC_9541\" width=\"320\" height=\"229\" \/><\/a> <a title=\"DSC_9803\" href=\"http:\/\/farm5.static.flickr.com\/4113\/5121055148_2710a9b62f_b.jpg\"><img loading=\"lazy\" decoding=\"async\" class=\"alignleft\" src=\"http:\/\/farm5.static.flickr.com\/4113\/5121055148_2710a9b62f.jpg\" alt=\"DSC_9803\" width=\"320\" height=\"229\" \/><\/a> <a title=\"DSC_9812\" href=\"http:\/\/farm2.static.flickr.com\/1118\/5120452651_dc558baf07_b.jpg\"><img loading=\"lazy\" decoding=\"async\" class=\"alignleft\" src=\"http:\/\/farm2.static.flickr.com\/1118\/5120452651_dc558baf07.jpg\" alt=\"DSC_9812\" width=\"320\" height=\"229\" \/><\/a> <a title=\"DSC_9822\" href=\"http:\/\/farm2.static.flickr.com\/1094\/5120452807_e81cdd6237_b.jpg\"><img loading=\"lazy\" decoding=\"async\" class=\"alignleft\" src=\"http:\/\/farm2.static.flickr.com\/1094\/5120452807_e81cdd6237.jpg\" alt=\"DSC_9822\" width=\"320\" height=\"229\" \/><\/a> <a title=\"DSC_9865\" href=\"http:\/\/farm5.static.flickr.com\/4004\/5120452959_829e331233_b.jpg\"><img loading=\"lazy\" decoding=\"async\" class=\"alignleft\" src=\"http:\/\/farm5.static.flickr.com\/4004\/5120452959_829e331233.jpg\" alt=\"DSC_9865\" width=\"320\" height=\"229\" \/><\/a> <a title=\"DSC_9875\" href=\"http:\/\/farm5.static.flickr.com\/4128\/5120453085_77369ffff4_b.jpg\"><img loading=\"lazy\" decoding=\"async\" class=\"alignleft\" src=\"http:\/\/farm5.static.flickr.com\/4128\/5120453085_77369ffff4.jpg\" alt=\"DSC_9875\" width=\"320\" height=\"229\" \/><\/a> <a title=\"DSC_9942\" href=\"http:\/\/farm2.static.flickr.com\/1217\/5121055948_50cfd01648_b.jpg\"><img loading=\"lazy\" decoding=\"async\" class=\"alignleft\" src=\"http:\/\/farm2.static.flickr.com\/1217\/5121055948_50cfd01648.jpg\" alt=\"DSC_9942\" width=\"320\" height=\"229\" \/><\/a><\/p>\n<p>En general las opiniones, a la hora de definir la XXIII Ruta de La sal, entre los equipos ganadores coincidieron, apuntando a que ser\u00e1 recordada como una regata dif\u00edcil, intensa y con muchas opciones t\u00e1cticas. Siempre con vientos, relativamente estables, de componente Sur que nunca superaron los 15 nudos y que, de promedio, oscilaron entre los 6-7 y 10 nudos. Algunas encalmadas nocturnas muy puntuales. Notables micro-climas zonales con algunas entradas de vientos de Levante que beneficiaron sensiblemente a los barcos que, desde Barcelona, optaron por navegar hacia Mallorca en vez de buscar el salto a Ibiza desde el Golfo de Sant Jordi. Mientras que para los participantes de la Versi\u00f3n Este los problemas se plantearon pr\u00e1cticamente en el ultimo tramo antes de tomar Formentera y, fundamentalmente, a partir de Tagomago, b\u00e1sicamente en forma de encalmadas y zonas de vientos inestables que complicaron mucho la noche de 1 al 2 de abril del 2010. Para Jaime Olaz\u00e1bal, armador de \u00abLa Floresta del Mar\u00bb la regata fue muy dura y divertida. Siempre navegaron con viento, normalmente de proa, lo que a su barco le va de maravilla. El trabajo a bordo intenso y muy t\u00e1ctico para sacar, en cada momento, el m\u00e1ximo rendimiento a las roladas y cambios de intensidad del viento. Optaron por una derrota abierta hacia Mallorca, lo que les permiti\u00f3 sacar ventajas de algunas entradas puntuales de levante. Al final una victoria clara de un equipo en el se apuntaba el navegante oce\u00e1nico Guillermo Altadill. El regatista profesional Nacho Postigo, Director T\u00e9cnico del circuito de TP52 Audi Medcup, as\u00ed como una tripulaci\u00f3n de base compuesta por deportistas formados en la competici\u00f3n t\u00e1ctica de alto nivel &#8211; TP52, GP42, etc&#8230; -. Un equipo y una embarcaci\u00f3n que llegan a La Sal, tras proclamarse vencedores durante el pasado verano de la Fastnet Race 2009. Una de las regatas de altura m\u00e1s emblem\u00e1ticas y prestigiosas del mundo.<\/p>\n<p><a title=\"DSC_0316\" href=\"http:\/\/farm5.static.flickr.com\/4033\/5121053734_c62cc3da82_b.jpg\"><img loading=\"lazy\" decoding=\"async\" class=\"alignleft\" src=\"http:\/\/farm5.static.flickr.com\/4033\/5121053734_c62cc3da82.jpg\" alt=\"DSC_0316\" width=\"320\" height=\"229\" \/><\/a> <a title=\"DSC_0509\" href=\"http:\/\/farm5.static.flickr.com\/4001\/5121053826_67832b3eb4_b.jpg\"><img loading=\"lazy\" decoding=\"async\" class=\"alignleft\" src=\"http:\/\/farm5.static.flickr.com\/4001\/5121053826_67832b3eb4.jpg\" alt=\"DSC_0509\" width=\"320\" height=\"229\" \/><\/a> <a title=\"DSC_0557\" href=\"http:\/\/farm5.static.flickr.com\/4069\/5121053926_33e5041610_b.jpg\"><img loading=\"lazy\" decoding=\"async\" class=\"alignleft\" src=\"http:\/\/farm5.static.flickr.com\/4069\/5121053926_33e5041610.jpg\" alt=\"DSC_0557\" width=\"320\" height=\"229\" \/><\/a> <a title=\"DSC_0640\" href=\"http:\/\/farm2.static.flickr.com\/1097\/5121054054_24715907b5_b.jpg\"><img loading=\"lazy\" decoding=\"async\" class=\"alignleft\" src=\"http:\/\/farm2.static.flickr.com\/1097\/5121054054_24715907b5.jpg\" alt=\"DSC_0640\" width=\"320\" height=\"229\" \/><\/a><\/p>\n<p>Pep Tur, ganador de La Sal en el 2007, \u00edndico que en general la regata de este a\u00f1o hab\u00eda sido una regata divertida y, como siempre ocurre en La Sal, complicada y llena de recursos t\u00e1cticos. Desde Denia se compiti\u00f3 siempre con vientos abiertos, lo que permiti\u00f3, que la flota fuese, hasta Tagomago muy unida. El tramo desde Formentera hasta Ibiza fue espectacular con mas de 120 spinakers marcando perfectamente los limites de los Freus. Luego, a partir de Tagomago, en el tramo que incluye Punta Moscarte, Cabo Eubarca, Cabo Nono, hasta cruzar la l\u00ednea de llegada en Cabo Negret, las cosas fueron mas complicadas. Las encalmadas y los vientos, muy ligeros e inestables, exigieron de mucha concentraci\u00f3n y trabajo para mantener un ritmo de navegaci\u00f3n l\u00f3gico.<\/p>\n<p>\u00abEn nuestro caso, indico Pep Tur, acertamos y logramos que nuestro barco, magnifico para estas condiciones de mar y viento, respondiese de maravilla\u00bb.<\/p>\n<p>En todo caso no hay que olvidad que Pep Tur es uno de los navegantes m\u00e1s fieles a La Sal y, en consecuencia un gran experto en la navegaci\u00f3n de altura.<\/p>\n<div style=\"clear: both;\"><\/div>\n<p><a title=\"1430252AW\" href=\"http:\/\/farm5.static.flickr.com\/4070\/5121052290_3774f12e07_b.jpg\"><img loading=\"lazy\" decoding=\"async\" class=\"alignleft\" src=\"http:\/\/farm5.static.flickr.com\/4070\/5121052290_3774f12e07.jpg\" alt=\"1430252AW\" width=\"320\" height=\"229\" \/><\/a> <a title=\"1430253AW\" href=\"http:\/\/farm2.static.flickr.com\/1326\/5120449641_bd85f4b5cb_b.jpg\"><img loading=\"lazy\" decoding=\"async\" class=\"alignleft\" src=\"http:\/\/farm2.static.flickr.com\/1326\/5120449641_bd85f4b5cb.jpg\" alt=\"1430253AW\" width=\"320\" height=\"229\" \/><\/a> <\/p>\n<div style=\"clear: both;\"><\/div>\n<p><a title=\"1430258AW\" href=\"http:\/\/farm2.static.flickr.com\/1312\/5120449747_9467d386c2_b.jpg\"><img loading=\"lazy\" decoding=\"async\" class=\"alignleft\" src=\"http:\/\/farm2.static.flickr.com\/1312\/5120449747_9467d386c2.jpg\" alt=\"1430258AW\" width=\"320\" height=\"229\" \/><\/a> <a title=\"1430293AW\" href=\"http:\/\/farm2.static.flickr.com\/1437\/5120449839_9aa506e640_b.jpg\"><img loading=\"lazy\" decoding=\"async\" class=\"alignleft\" src=\"http:\/\/farm2.static.flickr.com\/1437\/5120449839_9aa506e640.jpg\" alt=\"1430293AW\" width=\"320\" height=\"229\" \/><\/a><\/p>\n<p>Para el equipo de Vicente Garc\u00eda, vencedor en tiempo real de la Versi\u00f3n Este la regata de este a\u00f1o podr\u00eda definirse como de muy divertida y con muchas opciones t\u00e1cticas. \u00abPlis-Play\u00bb que tubo que sortear algunas encalmadas a partir de Tagomago, navego con vientos de componente Sur de entre 6\/10 nudos que les permitieron tomar una clara delantera sobre el resto de la flota a partir del paso por Formentera. Las inestabilidades meteorol\u00f3gicas en \u00e9l ultimo tramo de la regata limitaron sus posibilidades de una victoria en compensado que, normalmente, en la Ruta de La Sal es dif\u00edcil que coincida con el barco ganador en real.<\/p>\n<div style=\"clear: both;\"><\/div>\n<p><a title=\"DSC08041\" href=\"http:\/\/farm2.static.flickr.com\/1147\/5120450451_feed65e36d_b.jpg\"><img loading=\"lazy\" decoding=\"async\" class=\"alignleft\" src=\"http:\/\/farm2.static.flickr.com\/1147\/5120450451_feed65e36d.jpg\" alt=\"DSC08041\" width=\"320\" height=\"229\" \/><\/a> <a title=\"DSC08051\" href=\"http:\/\/farm2.static.flickr.com\/1232\/5120450537_bb825a95c5_b.jpg\"><img loading=\"lazy\" decoding=\"async\" class=\"alignleft\" src=\"http:\/\/farm2.static.flickr.com\/1232\/5120450537_bb825a95c5.jpg\" alt=\"DSC08051\" width=\"320\" height=\"229\" \/><\/a><\/p>\n<p>La XXIII Ruta de La Sal termino con un reparto de premios multitudinario y cargado de magias. Tal vez la novedad es que este a\u00f1o, Pepe Ferres, ide\u00f3logo y responsable de La Sal desde su primera edici\u00f3n en 1989, recibi\u00f3 un premio muy especial. Un reconocimiento a una dilatada y exitosa trayectoria como especialista y capitalizador de la navegaci\u00f3n de altura. Una menci\u00f3n otorgada por la Federaci\u00f3n Catalana de Vela, con el apoyo de las Federaciones de Vela de Valencia y las Islas Baleares, que, como indico Gerard Esteva, como Presidente de la Federaci\u00f3n Catalana de Vela, premia una labor de promoci\u00f3n de la vela extraordinaria.<\/p>\n<p><em>\u00abSi existiesen cuatro o cinco Pepes Ferres m\u00e1s, dijo, los problemas de la vela en nuestro pa\u00eds estar\u00edan solucionados. La Ruta de La Sal, indico, es un modelo de un trabajo excelente. Una labor muy profesional que ha permitido promocionar intensamente la vela en nuestras aguas. Tambi\u00e9n una regata \u00fanica a la que todos le deseamos un gran futuro\u00bb. <\/em><\/p>\n<p>Finalmente, Esteva aseguro que \u00ab<em>La Ruta de La Sal es la regata de altura m\u00e1s importante del Mediterr\u00e1neo. Un evento de gran trascendencia deportiva y social que sirve de v\u00ednculo de uni\u00f3n entre las flotas de Catalu\u00f1a, Levante e Islas Baleares. Posiblemente las m\u00e1s emblem\u00e1ticas y activas de todo el pa\u00eds. Algo que hace, si cabe, a La Sal m\u00e1s grande e indispensable<\/em>.\u00bb<\/p>\n<div style=\"clear: both;\"><\/div>\n<p><a title=\"DSC_1114\" href=\"http:\/\/farm5.static.flickr.com\/4015\/5121054276_a3a544e56f_b.jpg\"><img loading=\"lazy\" decoding=\"async\" class=\"alignleft\" src=\"http:\/\/farm5.static.flickr.com\/4015\/5121054276_a3a544e56f.jpg\" alt=\"DSC_1114\" width=\"320\" height=\"229\" \/><\/a> <a title=\"DSC_1125\" href=\"http:\/\/farm2.static.flickr.com\/1367\/5121054386_68af024a23_b.jpg\"><img loading=\"lazy\" decoding=\"async\" class=\"alignleft\" src=\"http:\/\/farm2.static.flickr.com\/1367\/5121054386_68af024a23.jpg\" alt=\"DSC_1125\" width=\"320\" height=\"229\" \/><\/a> <\/p>\n<div style=\"clear: both;\"><\/div>\n<p><a title=\"DSC_1126\" href=\"http:\/\/farm5.static.flickr.com\/4006\/5120451837_bae4f3ac2d_b.jpg\"><img loading=\"lazy\" decoding=\"async\" class=\"alignleft\" src=\"http:\/\/farm5.static.flickr.com\/4006\/5120451837_bae4f3ac2d.jpg\" alt=\"DSC_1126\" width=\"320\" height=\"229\" \/><\/a> <a title=\"DSC_1144\" href=\"http:\/\/farm2.static.flickr.com\/1172\/5121054678_07f64f2447_b.jpg\"><img loading=\"lazy\" decoding=\"async\" class=\"alignleft\" src=\"http:\/\/farm2.static.flickr.com\/1172\/5121054678_07f64f2447.jpg\" alt=\"DSC_1144\" width=\"320\" height=\"229\" \/><\/a><\/p>\n<p>A partir de hoy la XXIV Ruta de La Sal comienza su cuenta atr\u00e1s. Zarpara el 21 de abril del 2011. Como siempre, en Jueves Santo.<\/p>\n<p>La Ruta de La Sal esta organizada por Associaci\u00f3 de Navegants d&#8217;Altura Mediterranis, en colaboraci\u00f3n con Club Maritim Port Ginesta y Real Club N\u00e1utico Denia en la salida y Club Nautic Sant Antoni de Portmany de Ibiza en la arribada y el soporte de Federaci\u00f3 Catalana de Vela, Federaci\u00f3n de Vela Comunidad Valenciana, Federaci\u00f2 Balear de Vela y la Real Asociaci\u00f3n Nacional de Cruceros.<\/p>\n<p>Colaboran Ports de les Illes Balears, Marina Port Vell, Marina Denia, Sociedad Estatal de Salvamento y Seguridad Mar\u00edtima, Guardia Civil del Mar, Estaci\u00f3 N\u00e1utica de Sant Antoni i Sant Josep de Ibiza, Consell d&#8217;Eivissa, Conselleries de Turisme y de Comer\u00e7, Industria i Energ\u00eda del Govern de les Illes Balears, Ajuntament de Sant Antoni de Portmany, Ajuntament de Denia y Ajuntament de Sitges.<\/p>\n","protected":false},"excerpt":{"rendered":"<p>EL SWAN 56 \u00abLA FLORESTA DEL MAR\u00bb DE JAIME OLAZABAL Y EL FORTUNA 9 \u00abSTELRAC\u00bb DE CARLOS TUR, VENCEDORES ABSOLUTOS DE LA RUTA DE LA SAL 2010.<\/p>\n<p>EL FARR 520 \u00abPLIS-PLAY\u00bb DE VICENTE GARC\u00cdA EN LA VERSI\u00d3N ESTE Y \u00abLA FLORESTA DEL MAR\u00bb GANADORES EN TIEMPO REAL DE LA XXIII RUTA DE LA SAL.<\/p>\n","protected":false},"author":1,"featured_media":3784,"comment_status":"open","ping_status":"open","sticky":false,"template":"","format":"standard","meta":{"_acf_changed":false,"footnotes":""},"categories":[2],"tags":[],"acf":[],"yoast_head":"<!-- This site is optimized with the Yoast SEO plugin v23.0 - https:\/\/yoast.com\/wordpress\/plugins\/seo\/ -->\n<title>La Ruta de la Sal 2010 | Regata La Ruta de la Sal<\/title>\n<meta name=\"robots\" content=\"noindex, follow, max-snippet:-1, max-image-preview:large, max-video-preview:-1\" \/>\n<meta property=\"og:locale\" content=\"es_ES\" \/>\n<meta property=\"og:type\" content=\"article\" \/>\n<meta property=\"og:title\" content=\"La Ruta de la Sal 2010 | Regata La Ruta de la Sal\" \/>\n<meta property=\"og:description\" content=\"EL SWAN 56 &quot;LA FLORESTA DEL MAR&quot; DE JAIME OLAZABAL Y EL FORTUNA 9 &quot;STELRAC&quot; DE CARLOS TUR, VENCEDORES ABSOLUTOS DE LA RUTA DE LA SAL 2010.  EL FARR 520 &quot;PLIS-PLAY&quot; DE VICENTE GARC\u00cdA EN LA VERSI\u00d3N ESTE Y &quot;LA FLORESTA DEL MAR&quot; GANADORES EN TIEMPO REAL DE LA XXIII RUTA DE LA SAL.\" \/>\n<meta property=\"og:url\" content=\"https:\/\/labs.100x100.net\/projects\/rutasal\/la-ruta-de-la-sal-2010\/\" \/>\n<meta property=\"og:site_name\" content=\"Regata La Ruta de la Sal\" \/>\n<meta property=\"article:publisher\" content=\"https:\/\/www.facebook.com\/rutadelasal\/\" \/>\n<meta property=\"article:published_time\" content=\"2011-11-08T15:16:54+00:00\" \/>\n<meta property=\"article:modified_time\" content=\"2019-03-08T13:47:08+00:00\" \/>\n<meta property=\"og:image\" content=\"https:\/\/labs.100x100.net\/projects\/rutasal\/custom\/uploads\/2011\/11\/ruta-de-la-sal-2010.png\" \/>\n\t<meta property=\"og:image:width\" content=\"796\" \/>\n\t<meta property=\"og:image:height\" content=\"529\" \/>\n\t<meta property=\"og:image:type\" content=\"image\/png\" \/>\n<meta name=\"author\" content=\"La Ruta de la Sal\" \/>\n<meta name=\"twitter:card\" content=\"summary_large_image\" \/>\n<meta name=\"twitter:creator\" content=\"@AnamMedi\" \/>\n<meta name=\"twitter:site\" content=\"@AnamMedi\" \/>\n<meta name=\"twitter:label1\" content=\"Escrito por\" \/>\n\t<meta name=\"twitter:data1\" content=\"La Ruta de la Sal\" \/>\n\t<meta name=\"twitter:label2\" content=\"Tiempo de lectura\" \/>\n\t<meta name=\"twitter:data2\" content=\"8 minutos\" \/>\n<script type=\"application\/ld+json\" class=\"yoast-schema-graph\">{\"@context\":\"https:\/\/schema.org\",\"@graph\":[{\"@type\":\"WebPage\",\"@id\":\"https:\/\/labs.100x100.net\/projects\/rutasal\/la-ruta-de-la-sal-2010\/\",\"url\":\"https:\/\/labs.100x100.net\/projects\/rutasal\/la-ruta-de-la-sal-2010\/\",\"name\":\"La Ruta de la Sal 2010 | Regata La Ruta de la Sal\",\"isPartOf\":{\"@id\":\"https:\/\/labs.100x100.net\/projects\/rutasal\/#website\"},\"primaryImageOfPage\":{\"@id\":\"https:\/\/labs.100x100.net\/projects\/rutasal\/la-ruta-de-la-sal-2010\/#primaryimage\"},\"image\":{\"@id\":\"https:\/\/labs.100x100.net\/projects\/rutasal\/la-ruta-de-la-sal-2010\/#primaryimage\"},\"thumbnailUrl\":\"https:\/\/labs.100x100.net\/projects\/rutasal\/custom\/uploads\/2011\/11\/ruta-de-la-sal-2010.png\",\"datePublished\":\"2011-11-08T15:16:54+00:00\",\"dateModified\":\"2019-03-08T13:47:08+00:00\",\"author\":{\"@id\":\"https:\/\/labs.100x100.net\/projects\/rutasal\/#\/schema\/person\/214eeb4a2e78fd8373a0a94f6d93c9ca\"},\"breadcrumb\":{\"@id\":\"https:\/\/labs.100x100.net\/projects\/rutasal\/la-ruta-de-la-sal-2010\/#breadcrumb\"},\"inLanguage\":\"es\",\"potentialAction\":[{\"@type\":\"ReadAction\",\"target\":[\"https:\/\/labs.100x100.net\/projects\/rutasal\/la-ruta-de-la-sal-2010\/\"]}]},{\"@type\":\"ImageObject\",\"inLanguage\":\"es\",\"@id\":\"https:\/\/labs.100x100.net\/projects\/rutasal\/la-ruta-de-la-sal-2010\/#primaryimage\",\"url\":\"https:\/\/labs.100x100.net\/projects\/rutasal\/custom\/uploads\/2011\/11\/ruta-de-la-sal-2010.png\",\"contentUrl\":\"https:\/\/labs.100x100.net\/projects\/rutasal\/custom\/uploads\/2011\/11\/ruta-de-la-sal-2010.png\",\"width\":796,\"height\":529},{\"@type\":\"BreadcrumbList\",\"@id\":\"https:\/\/labs.100x100.net\/projects\/rutasal\/la-ruta-de-la-sal-2010\/#breadcrumb\",\"itemListElement\":[{\"@type\":\"ListItem\",\"position\":1,\"name\":\"Portada\",\"item\":\"https:\/\/labs.100x100.net\/projects\/rutasal\/\"},{\"@type\":\"ListItem\",\"position\":2,\"name\":\"La Ruta de la Sal 2010\"}]},{\"@type\":\"WebSite\",\"@id\":\"https:\/\/labs.100x100.net\/projects\/rutasal\/#website\",\"url\":\"https:\/\/labs.100x100.net\/projects\/rutasal\/\",\"name\":\"Regata La Ruta de la Sal\",\"description\":\"Regata La Ruta de la Sal es una regata de Altura Mediterr\u00e1nea para barcos de crucero a vela con destino en Ibiza, que se disputa anualmente en Semana Santa.\",\"potentialAction\":[{\"@type\":\"SearchAction\",\"target\":{\"@type\":\"EntryPoint\",\"urlTemplate\":\"https:\/\/labs.100x100.net\/projects\/rutasal\/?s={search_term_string}\"},\"query-input\":\"required name=search_term_string\"}],\"inLanguage\":\"es\"},{\"@type\":\"Person\",\"@id\":\"https:\/\/labs.100x100.net\/projects\/rutasal\/#\/schema\/person\/214eeb4a2e78fd8373a0a94f6d93c9ca\",\"name\":\"La Ruta de la Sal\",\"image\":{\"@type\":\"ImageObject\",\"inLanguage\":\"es\",\"@id\":\"https:\/\/labs.100x100.net\/projects\/rutasal\/#\/schema\/person\/image\/\",\"url\":\"https:\/\/secure.gravatar.com\/avatar\/b247286d4b801d6b1cfcfb3807587284?s=96&d=mm&r=g\",\"contentUrl\":\"https:\/\/secure.gravatar.com\/avatar\/b247286d4b801d6b1cfcfb3807587284?s=96&d=mm&r=g\",\"caption\":\"La Ruta de la Sal\"}}]}<\/script>\n<!-- \/ Yoast SEO plugin. -->","yoast_head_json":{"title":"La Ruta de la Sal 2010 | Regata La Ruta de la Sal","robots":{"index":"noindex","follow":"follow","max-snippet":"max-snippet:-1","max-image-preview":"max-image-preview:large","max-video-preview":"max-video-preview:-1"},"og_locale":"es_ES","og_type":"article","og_title":"La Ruta de la Sal 2010 | Regata La Ruta de la Sal","og_description":"EL SWAN 56 \"LA FLORESTA DEL MAR\" DE JAIME OLAZABAL Y EL FORTUNA 9 \"STELRAC\" DE CARLOS TUR, VENCEDORES ABSOLUTOS DE LA RUTA DE LA SAL 2010.  EL FARR 520 \"PLIS-PLAY\" DE VICENTE GARC\u00cdA EN LA VERSI\u00d3N ESTE Y \"LA FLORESTA DEL MAR\" GANADORES EN TIEMPO REAL DE LA XXIII RUTA DE LA SAL.","og_url":"https:\/\/labs.100x100.net\/projects\/rutasal\/la-ruta-de-la-sal-2010\/","og_site_name":"Regata La Ruta de la Sal","article_publisher":"https:\/\/www.facebook.com\/rutadelasal\/","article_published_time":"2011-11-08T15:16:54+00:00","article_modified_time":"2019-03-08T13:47:08+00:00","og_image":[{"width":796,"height":529,"url":"https:\/\/labs.100x100.net\/projects\/rutasal\/custom\/uploads\/2011\/11\/ruta-de-la-sal-2010.png","type":"image\/png"}],"author":"La Ruta de la Sal","twitter_card":"summary_large_image","twitter_creator":"@AnamMedi","twitter_site":"@AnamMedi","twitter_misc":{"Escrito por":"La Ruta de la Sal","Tiempo de lectura":"8 minutos"},"schema":{"@context":"https:\/\/schema.org","@graph":[{"@type":"WebPage","@id":"https:\/\/labs.100x100.net\/projects\/rutasal\/la-ruta-de-la-sal-2010\/","url":"https:\/\/labs.100x100.net\/projects\/rutasal\/la-ruta-de-la-sal-2010\/","name":"La Ruta de la Sal 2010 | Regata La Ruta de la Sal","isPartOf":{"@id":"https:\/\/labs.100x100.net\/projects\/rutasal\/#website"},"primaryImageOfPage":{"@id":"https:\/\/labs.100x100.net\/projects\/rutasal\/la-ruta-de-la-sal-2010\/#primaryimage"},"image":{"@id":"https:\/\/labs.100x100.net\/projects\/rutasal\/la-ruta-de-la-sal-2010\/#primaryimage"},"thumbnailUrl":"https:\/\/labs.100x100.net\/projects\/rutasal\/custom\/uploads\/2011\/11\/ruta-de-la-sal-2010.png","datePublished":"2011-11-08T15:16:54+00:00","dateModified":"2019-03-08T13:47:08+00:00","author":{"@id":"https:\/\/labs.100x100.net\/projects\/rutasal\/#\/schema\/person\/214eeb4a2e78fd8373a0a94f6d93c9ca"},"breadcrumb":{"@id":"https:\/\/labs.100x100.net\/projects\/rutasal\/la-ruta-de-la-sal-2010\/#breadcrumb"},"inLanguage":"es","potentialAction":[{"@type":"ReadAction","target":["https:\/\/labs.100x100.net\/projects\/rutasal\/la-ruta-de-la-sal-2010\/"]}]},{"@type":"ImageObject","inLanguage":"es","@id":"https:\/\/labs.100x100.net\/projects\/rutasal\/la-ruta-de-la-sal-2010\/#primaryimage","url":"https:\/\/labs.100x100.net\/projects\/rutasal\/custom\/uploads\/2011\/11\/ruta-de-la-sal-2010.png","contentUrl":"https:\/\/labs.100x100.net\/projects\/rutasal\/custom\/uploads\/2011\/11\/ruta-de-la-sal-2010.png","width":796,"height":529},{"@type":"BreadcrumbList","@id":"https:\/\/labs.100x100.net\/projects\/rutasal\/la-ruta-de-la-sal-2010\/#breadcrumb","itemListElement":[{"@type":"ListItem","position":1,"name":"Portada","item":"https:\/\/labs.100x100.net\/projects\/rutasal\/"},{"@type":"ListItem","position":2,"name":"La Ruta de la Sal 2010"}]},{"@type":"WebSite","@id":"https:\/\/labs.100x100.net\/projects\/rutasal\/#website","url":"https:\/\/labs.100x100.net\/projects\/rutasal\/","name":"Regata La Ruta de la Sal","description":"Regata La Ruta de la Sal es una regata de Altura Mediterr\u00e1nea para barcos de crucero a vela con destino en Ibiza, que se disputa anualmente en Semana Santa.","potentialAction":[{"@type":"SearchAction","target":{"@type":"EntryPoint","urlTemplate":"https:\/\/labs.100x100.net\/projects\/rutasal\/?s={search_term_string}"},"query-input":"required name=search_term_string"}],"inLanguage":"es"},{"@type":"Person","@id":"https:\/\/labs.100x100.net\/projects\/rutasal\/#\/schema\/person\/214eeb4a2e78fd8373a0a94f6d93c9ca","name":"La Ruta de la Sal","image":{"@type":"ImageObject","inLanguage":"es","@id":"https:\/\/labs.100x100.net\/projects\/rutasal\/#\/schema\/person\/image\/","url":"https:\/\/secure.gravatar.com\/avatar\/b247286d4b801d6b1cfcfb3807587284?s=96&d=mm&r=g","contentUrl":"https:\/\/secure.gravatar.com\/avatar\/b247286d4b801d6b1cfcfb3807587284?s=96&d=mm&r=g","caption":"La Ruta de la Sal"}}]}},"_links":{"self":[{"href":"https:\/\/labs.100x100.net\/projects\/rutasal\/wp-json\/wp\/v2\/posts\/749"}],"collection":[{"href":"https:\/\/labs.100x100.net\/projects\/rutasal\/wp-json\/wp\/v2\/posts"}],"about":[{"href":"https:\/\/labs.100x100.net\/projects\/rutasal\/wp-json\/wp\/v2\/types\/post"}],"author":[{"embeddable":true,"href":"https:\/\/labs.100x100.net\/projects\/rutasal\/wp-json\/wp\/v2\/users\/1"}],"replies":[{"embeddable":true,"href":"https:\/\/labs.100x100.net\/projects\/rutasal\/wp-json\/wp\/v2\/comments?post=749"}],"version-history":[{"count":5,"href":"https:\/\/labs.100x100.net\/projects\/rutasal\/wp-json\/wp\/v2\/posts\/749\/revisions"}],"predecessor-version":[{"id":3977,"href":"https:\/\/labs.100x100.net\/projects\/rutasal\/wp-json\/wp\/v2\/posts\/749\/revisions\/3977"}],"wp:featuredmedia":[{"embeddable":true,"href":"https:\/\/labs.100x100.net\/projects\/rutasal\/wp-json\/wp\/v2\/media\/3784"}],"wp:attachment":[{"href":"https:\/\/labs.100x100.net\/projects\/rutasal\/wp-json\/wp\/v2\/media?parent=749"}],"wp:term":[{"taxonomy":"category","embeddable":true,"href":"https:\/\/labs.100x100.net\/projects\/rutasal\/wp-json\/wp\/v2\/categories?post=749"},{"taxonomy":"post_tag","embeddable":true,"href":"https:\/\/labs.100x100.net\/projects\/rutasal\/wp-json\/wp\/v2\/tags?post=749"}],"curies":[{"name":"wp","href":"https:\/\/api.w.org\/{rel}","templated":true}]}}