{"id":7481,"date":"2022-04-16T17:10:54","date_gmt":"2022-04-16T15:10:54","guid":{"rendered":"https:\/\/larutadelasal.com\/?p=7481"},"modified":"2022-04-18T16:13:55","modified_gmt":"2022-04-18T14:13:55","slug":"rockall-iv-version-barcelona-y-clem-version-denia-ganadores-de-la-ruta-de-la-sal-2022","status":"publish","type":"post","link":"https:\/\/labs.100x100.net\/projects\/rutasal\/rockall-iv-version-barcelona-y-clem-version-denia-ganadores-de-la-ruta-de-la-sal-2022\/","title":{"rendered":"Rockall IV (versi\u00f3n Barcelona) y Clem (versi\u00f3n Denia), ganadores de La Ruta de la Sal 2022"},"content":{"rendered":"<p>Los veleros Rockall IV el JPK 1030 de Christopher Opielok, que compite por el RCN de Palma en la versi\u00f3n Barcelona y el Clem, Swan 56 de Jaime OlazabaL, compitiendo por el Club de Mar, en la versi\u00f3n Denia, se han proclamado ganadores de la XXXIV edici\u00f3n de La Ruta de la Sal, que se ha caracterizado este a\u00f1o por las excelentes condiciones registradas para navegar en traves\u00eda de Altura, gracias al fuerte viento con que han contado las tripulaciones en esta zona del Mediterr\u00e1neo Occidental.<\/p>\n<div id=\"attachment_7488\" style=\"width: 1010px\" class=\"wp-caption aligncenter\"><img loading=\"lazy\" decoding=\"async\" aria-describedby=\"caption-attachment-7488\" class=\"size-full wp-image-7488\" src=\"http:\/\/larutadelasal.com\/custom\/uploads\/2022\/04\/Rockall-V_\u00a9AlfredFarre.com_-1.jpg\" alt=\"\" width=\"1000\" height=\"662\" srcset=\"https:\/\/labs.100x100.net\/projects\/rutasal\/custom\/uploads\/2022\/04\/Rockall-V_\u00a9AlfredFarre.com_-1.jpg 1000w, https:\/\/labs.100x100.net\/projects\/rutasal\/custom\/uploads\/2022\/04\/Rockall-V_\u00a9AlfredFarre.com_-1-300x199.jpg 300w, https:\/\/labs.100x100.net\/projects\/rutasal\/custom\/uploads\/2022\/04\/Rockall-V_\u00a9AlfredFarre.com_-1-768x508.jpg 768w\" sizes=\"(max-width: 1000px) 100vw, 1000px\" \/><p id=\"caption-attachment-7488\" class=\"wp-caption-text\">Rockall V \u00a9AlfredFarre.com<\/p><\/div>\n<p>Este viento constante tambi\u00e9n ha permitido que muchas tripulaciones vieran en esta edici\u00f3n una oportunidad para batir r\u00e9cord de crono en la prueba, tal como ha pasado con la versi\u00f3n de Denia, donde la embarcaci\u00f3n Pelotari Project, el Vismara 68 de Andr\u00e9s Varela, consigui\u00f3 marcar un tiempo de 12:22:10 horas en el trayecto de 120 millas entre el puerto del RCN Denia al CN Sant Antoni de Portmany, dejando por babor todas las isla Pitiusas.<\/p>\n<p>Se\u00f1alar, como nota destacada de la prueba, el hecho de que, el Clem, con este nuevo triunfo consigue su cuarta victoria absoluta en esta emblem\u00e1tica regata, al haberla conseguida tambi\u00e9n en las ediciones de 2009 y 2010 en la Versi\u00f3n Barcelona y en 2017 en la primera edici\u00f3n de la Versi\u00f3n Mallorca. Se convierte as\u00ed en el \u00fanico barco que en los 34 a\u00f1os de vida de La Ruta de la Sal ha logrado la victoria en tres versiones de la regata.<\/p>\n<div id=\"attachment_7485\" style=\"width: 1010px\" class=\"wp-caption aligncenter\"><img loading=\"lazy\" decoding=\"async\" aria-describedby=\"caption-attachment-7485\" class=\"size-full wp-image-7485\" src=\"http:\/\/larutadelasal.com\/custom\/uploads\/2022\/04\/gymir_\u00a9AlfredFarre.com_.jpg\" alt=\"gymir_\u00a9AlfredFarre.com\" width=\"1000\" height=\"662\" srcset=\"https:\/\/labs.100x100.net\/projects\/rutasal\/custom\/uploads\/2022\/04\/gymir_\u00a9AlfredFarre.com_.jpg 1000w, https:\/\/labs.100x100.net\/projects\/rutasal\/custom\/uploads\/2022\/04\/gymir_\u00a9AlfredFarre.com_-300x199.jpg 300w, https:\/\/labs.100x100.net\/projects\/rutasal\/custom\/uploads\/2022\/04\/gymir_\u00a9AlfredFarre.com_-768x508.jpg 768w\" sizes=\"(max-width: 1000px) 100vw, 1000px\" \/><p id=\"caption-attachment-7485\" class=\"wp-caption-text\">gymir \u00a9AlfredFarre.com<\/p><\/div>\n<p>Este a\u00f1o se inaugura tambi\u00e9n el premio a la Innovaci\u00f3n, que recaer\u00e1 en la embarcaci\u00f3n Stellar, el catamar\u00e1n IC36 de Jaromir Poepk. Su llegada a Ibiza como primero de la flota de Barcelona, atesora las capacidades de este barco, producido por la nueva firma Independent Catamarans, que m\u00e1s all\u00e1 de la velocidad que le proporciona su particular distribuci\u00f3n de pesos, presenta un sistema energ\u00e9tico autosuficiente basado en paneles solares e hidrogeneradores.<\/p>\n<p><strong>Los podios generales<\/strong><\/p>\n<p>Mucho nivel hemos visto en esta edici\u00f3n de La Ruta de la Sal 2022, donde casi todas las embarcaciones han conseguido alcanzar la llegada en Ibiza. La plaza m\u00e1s alta del podio de la clasificaci\u00f3n general, versi\u00f3n Barcelona, fue para el velero Rockall V de Christopher Opielok, un \u2018peque\u00f1o\u2019 JPK30 que consigui\u00f3 cubrir el trayecto de 140 millas en tan solo 14:57:27 horas, entrando junto a barcos que le doblan en eslora. La segunda plaza del podio de esta versi\u00f3n fue para el Caliope, de Thierry d\u2019Argoubet, la primera unidad del nuevo J45 que presentaba sus credenciales en La Ruta de la Sal, quedando tercero el Pogo 30 Pupule de Marco Pascual.<\/p>\n<div id=\"attachment_7491\" style=\"width: 1034px\" class=\"wp-caption aligncenter\"><img loading=\"lazy\" decoding=\"async\" aria-describedby=\"caption-attachment-7491\" class=\"size-full wp-image-7491\" src=\"http:\/\/larutadelasal.com\/custom\/uploads\/2022\/04\/clem_Flota-BCN-\u00a9Amparo-Morera.jpg\" alt=\"\" width=\"1024\" height=\"683\" srcset=\"https:\/\/labs.100x100.net\/projects\/rutasal\/custom\/uploads\/2022\/04\/clem_Flota-BCN-\u00a9Amparo-Morera.jpg 1024w, https:\/\/labs.100x100.net\/projects\/rutasal\/custom\/uploads\/2022\/04\/clem_Flota-BCN-\u00a9Amparo-Morera-300x200.jpg 300w, https:\/\/labs.100x100.net\/projects\/rutasal\/custom\/uploads\/2022\/04\/clem_Flota-BCN-\u00a9Amparo-Morera-768x512.jpg 768w\" sizes=\"(max-width: 1024px) 100vw, 1024px\" \/><p id=\"caption-attachment-7491\" class=\"wp-caption-text\">Clem \u00a9Amparo Morera<\/p><\/div>\n<p>La versi\u00f3n Denia estuvo dominada por el Clem, Swan 56 de Jaime Olazabal, que entraba as\u00ed en el Olimpo de los armadores junto a Manuel Guasch y Manuel Gan\u00e9, atesorando todos ellos 4 victorias. Sus rivales m\u00e1s destacados fueron el siempre competitivo Brujo, Swan 45 de Alberto de Castro, que qued\u00f3 segundo, completando el podio otro rival de consideraci\u00f3n, el PH III, un Contest 75 (MOD) del neerlandes Austin van T. Wout.<\/p>\n<p><strong>Los ganadores por grupos<\/strong><\/p>\n<p>En la clasificaci\u00f3n por grupos de la versi\u00f3n Barcelona, el vencedor del grupo Alfa1 fue el Caliope, segundo de la general; en Alfa 2 el ganador fue el Rockall IV, ganador tambi\u00e9n de la general en la versi\u00f3n Barcelona. En la categor\u00eda Bravo 1, el Aquitat de C\u00e9sar Jos\u00e9 Villegas, fue el vencedor, que tambi\u00e9n gan\u00f3 en la categor\u00eda Globe Sailor, reservada a los veleros de lista 6\u00ba, y que domina con mano de hierro esta categor\u00eda con triunfos consecutivos desde el a\u00f1o 2014, logrando tambi\u00e9n una excelente quinta posici\u00f3n de la general. En la categor\u00eda Bravo2 venci\u00f3 el Diabolic, el Sun Fast 35 de Glenn de Brouwer, vencedor de la \u00faltima edici\u00f3n del Circuito de Regatas de Altura y en el grupo Charlie, el ganador ha sido el Ascata III, Fortuna 12 de Yamandu Rodr\u00edguez, octavo en la tabla general.<\/p>\n<div id=\"attachment_7494\" style=\"width: 1034px\" class=\"wp-caption aligncenter\"><img loading=\"lazy\" decoding=\"async\" aria-describedby=\"caption-attachment-7494\" class=\"size-full wp-image-7494\" src=\"http:\/\/larutadelasal.com\/custom\/uploads\/2022\/04\/Pelotari-\u00a9Amparo-Morera.jpg\" alt=\"\" width=\"1024\" height=\"683\" srcset=\"https:\/\/labs.100x100.net\/projects\/rutasal\/custom\/uploads\/2022\/04\/Pelotari-\u00a9Amparo-Morera.jpg 1024w, https:\/\/labs.100x100.net\/projects\/rutasal\/custom\/uploads\/2022\/04\/Pelotari-\u00a9Amparo-Morera-300x200.jpg 300w, https:\/\/labs.100x100.net\/projects\/rutasal\/custom\/uploads\/2022\/04\/Pelotari-\u00a9Amparo-Morera-768x512.jpg 768w\" sizes=\"(max-width: 1024px) 100vw, 1024px\" \/><p id=\"caption-attachment-7494\" class=\"wp-caption-text\">Pelotari &#8211; \u00a9Amparo Morera<\/p><\/div>\n<p>Las victorias de la versi\u00f3n Denia fueron en la categor\u00eda Alfa 1 para el PH III de Austin van T. wout, con un Contest 72, en Alfa 2 para el A-35 2002 Adrenalin de Juan Carlos Sanch\u00eds, en el grupo la Bravo la victoria fue para el Clem vendedor de esta Sal 2022 versi\u00f3n Denia, en la Charlie el vencedor fue el Cobo 40 Mar Menor de Pablo Bernab\u00e9 y en la versi\u00f3n MiniSal, de 55 millas en rumbo directo entre Denia y Sant Antoni de Portmany, la victoria fue para el First 47.7 Isabella de Miguel S\u00e1nchez.<\/p>\n<div id=\"attachment_7497\" style=\"width: 1010px\" class=\"wp-caption aligncenter\"><img loading=\"lazy\" decoding=\"async\" aria-describedby=\"caption-attachment-7497\" class=\"size-full wp-image-7497\" src=\"http:\/\/larutadelasal.com\/custom\/uploads\/2022\/04\/Independent-Catamaran-36-\u00a9AlfredFarre.com_.jpg\" alt=\"\" width=\"1000\" height=\"662\" srcset=\"https:\/\/labs.100x100.net\/projects\/rutasal\/custom\/uploads\/2022\/04\/Independent-Catamaran-36-\u00a9AlfredFarre.com_.jpg 1000w, https:\/\/labs.100x100.net\/projects\/rutasal\/custom\/uploads\/2022\/04\/Independent-Catamaran-36-\u00a9AlfredFarre.com_-300x199.jpg 300w, https:\/\/labs.100x100.net\/projects\/rutasal\/custom\/uploads\/2022\/04\/Independent-Catamaran-36-\u00a9AlfredFarre.com_-768x508.jpg 768w\" sizes=\"(max-width: 1000px) 100vw, 1000px\" \/><p id=\"caption-attachment-7497\" class=\"wp-caption-text\">Independent Catamaran 36 \u00a9AlfredFarre.com<\/p><\/div>\n<p>Esta noche se proceder\u00e1 a la entrega de premios y trofeos que tendr\u00e1 lugar a las 20:00 horas en la carpa instalada en el Passeig de ses Fonts, para, a continuaci\u00f3n, celebrar la Cena-buffet de clausura para todas las tripulaciones en el Club N\u00e1utico Sant Antoni de Portmany, que proseguir\u00e1 con la Fiesta organizada por el Ayuntamiento de Sant Antoni de Portmany en la playa de S\u2019Arenal.<\/p>\n<p>Hoy a las 12.00h se ha celebrado en el CN Sant Antoni de Portmany la rueda de prensa de la 34\u00ba edici\u00f3n de La Ruta de la Sal con los Vencedores Absolutos y los primeros clasificados en Tiempo Real. Al acto asistieron las autoridades que acogen la regata en Ibiza. Por parte del Consell d\u2019Eivissa, asisti\u00f3 Salvador Losa, Conseller Insular de Deportes, y por parte del Ajuntament de Sant Antoni de Portmany asisti\u00f3 Miquel Tur, Regidor de Turisme de Sant Antoni de Portmany.<\/p>\n<div id=\"attachment_7505\" style=\"width: 1010px\" class=\"wp-caption aligncenter\"><img loading=\"lazy\" decoding=\"async\" aria-describedby=\"caption-attachment-7505\" class=\"wp-image-7505 size-full\" src=\"http:\/\/larutadelasal.com\/custom\/uploads\/2022\/04\/WhatsApp-Image-2022-04-18-at-15.50.06-e1650290819833.jpeg\" alt=\"\" width=\"1000\" height=\"437\" srcset=\"https:\/\/labs.100x100.net\/projects\/rutasal\/custom\/uploads\/2022\/04\/WhatsApp-Image-2022-04-18-at-15.50.06-e1650290819833.jpeg 1000w, https:\/\/labs.100x100.net\/projects\/rutasal\/custom\/uploads\/2022\/04\/WhatsApp-Image-2022-04-18-at-15.50.06-e1650290819833-300x131.jpeg 300w, https:\/\/labs.100x100.net\/projects\/rutasal\/custom\/uploads\/2022\/04\/WhatsApp-Image-2022-04-18-at-15.50.06-e1650290819833-768x336.jpeg 768w\" sizes=\"(max-width: 1000px) 100vw, 1000px\" \/><p id=\"caption-attachment-7505\" class=\"wp-caption-text\">De izquierda a derecha, Andr\u00e9s Oliva, director t\u00e9cnico de la regata, Joan Segu\u00ed, patr\u00f3n del Pelotari Project, Francesc Roig, patr\u00f3n del Gymir, Miguel Tur, Regidor Turisme de Sant Antoni de Portmany, Enrique Curt, Director de regata, Salvador Losa, Conseller Insular de Deportes, Christopher Opielok, armador del Rockall IV, y Pebro Amegual, patr\u00f3n del Clem, y dos de sus tripulantes.<\/p><\/div>\n<p>Fotos: Alfred Farr\u00e9 y Amparo Morera<\/p>\n","protected":false},"excerpt":{"rendered":"<p>Los veleros Rockall IV el JPK 1030 de Christopher Opielok, que compite por el RCN de Palma en la versi\u00f3n Barcelona y el Clem, Swan 56 de Jaime OlazabaL, compitiendo por el Club de Mar, en la versi\u00f3n Denia, se han proclamado ganadores de la XXXIV edici\u00f3n de La Ruta de la Sal, que se [&hellip;]<\/p>\n","protected":false},"author":2,"featured_media":7482,"comment_status":"open","ping_status":"open","sticky":false,"template":"","format":"standard","meta":{"_acf_changed":false,"footnotes":""},"categories":[3],"tags":[],"acf":[],"yoast_head":"<!-- This site is optimized with the Yoast SEO plugin v23.0 - https:\/\/yoast.com\/wordpress\/plugins\/seo\/ -->\n<title>Rockall IV (versi\u00f3n Barcelona) y Clem (versi\u00f3n Denia), ganadores de La Ruta de la Sal 2022 | Regata La Ruta de la Sal<\/title>\n<meta name=\"robots\" content=\"noindex, follow, max-snippet:-1, max-image-preview:large, max-video-preview:-1\" \/>\n<meta property=\"og:locale\" content=\"es_ES\" \/>\n<meta property=\"og:type\" content=\"article\" \/>\n<meta property=\"og:title\" content=\"Rockall IV (versi\u00f3n Barcelona) y Clem (versi\u00f3n Denia), ganadores de La Ruta de la Sal 2022 | Regata La Ruta de la Sal\" \/>\n<meta property=\"og:description\" content=\"Los veleros Rockall IV el JPK 1030 de Christopher Opielok, que compite por el RCN de Palma en la versi\u00f3n Barcelona y el Clem, Swan 56 de Jaime OlazabaL, compitiendo por el Club de Mar, en la versi\u00f3n Denia, se han proclamado ganadores de la XXXIV edici\u00f3n de La Ruta de la Sal, que se [&hellip;]\" \/>\n<meta property=\"og:url\" content=\"https:\/\/labs.100x100.net\/projects\/rutasal\/rockall-iv-version-barcelona-y-clem-version-denia-ganadores-de-la-ruta-de-la-sal-2022\/\" \/>\n<meta property=\"og:site_name\" content=\"Regata La Ruta de la Sal\" \/>\n<meta property=\"article:publisher\" content=\"https:\/\/www.facebook.com\/rutadelasal\/\" \/>\n<meta property=\"article:published_time\" content=\"2022-04-16T15:10:54+00:00\" \/>\n<meta property=\"article:modified_time\" content=\"2022-04-18T14:13:55+00:00\" \/>\n<meta property=\"og:image\" content=\"https:\/\/labs.100x100.net\/projects\/rutasal\/custom\/uploads\/2022\/04\/Rockall-V_\u00a9AlfredFarre.com_.jpg\" \/>\n\t<meta property=\"og:image:width\" content=\"1000\" \/>\n\t<meta property=\"og:image:height\" content=\"662\" \/>\n\t<meta property=\"og:image:type\" content=\"image\/jpeg\" \/>\n<meta name=\"author\" content=\"Ferran\" \/>\n<meta name=\"twitter:card\" content=\"summary_large_image\" \/>\n<meta name=\"twitter:creator\" content=\"@AnamMedi\" \/>\n<meta name=\"twitter:site\" content=\"@AnamMedi\" \/>\n<meta name=\"twitter:label1\" content=\"Escrito por\" \/>\n\t<meta name=\"twitter:data1\" content=\"Ferran\" \/>\n\t<meta name=\"twitter:label2\" content=\"Tiempo de lectura\" \/>\n\t<meta name=\"twitter:data2\" content=\"6 minutos\" \/>\n<script type=\"application\/ld+json\" class=\"yoast-schema-graph\">{\"@context\":\"https:\/\/schema.org\",\"@graph\":[{\"@type\":\"WebPage\",\"@id\":\"https:\/\/labs.100x100.net\/projects\/rutasal\/rockall-iv-version-barcelona-y-clem-version-denia-ganadores-de-la-ruta-de-la-sal-2022\/\",\"url\":\"https:\/\/labs.100x100.net\/projects\/rutasal\/rockall-iv-version-barcelona-y-clem-version-denia-ganadores-de-la-ruta-de-la-sal-2022\/\",\"name\":\"Rockall IV (versi\u00f3n Barcelona) y Clem (versi\u00f3n Denia), ganadores de La Ruta de la Sal 2022 | Regata La Ruta de la Sal\",\"isPartOf\":{\"@id\":\"https:\/\/labs.100x100.net\/projects\/rutasal\/#website\"},\"primaryImageOfPage\":{\"@id\":\"https:\/\/labs.100x100.net\/projects\/rutasal\/rockall-iv-version-barcelona-y-clem-version-denia-ganadores-de-la-ruta-de-la-sal-2022\/#primaryimage\"},\"image\":{\"@id\":\"https:\/\/labs.100x100.net\/projects\/rutasal\/rockall-iv-version-barcelona-y-clem-version-denia-ganadores-de-la-ruta-de-la-sal-2022\/#primaryimage\"},\"thumbnailUrl\":\"https:\/\/labs.100x100.net\/projects\/rutasal\/custom\/uploads\/2022\/04\/Rockall-V_\u00a9AlfredFarre.com_.jpg\",\"datePublished\":\"2022-04-16T15:10:54+00:00\",\"dateModified\":\"2022-04-18T14:13:55+00:00\",\"author\":{\"@id\":\"https:\/\/labs.100x100.net\/projects\/rutasal\/#\/schema\/person\/24a02a346c826cf8502e7fb8edc0396c\"},\"breadcrumb\":{\"@id\":\"https:\/\/labs.100x100.net\/projects\/rutasal\/rockall-iv-version-barcelona-y-clem-version-denia-ganadores-de-la-ruta-de-la-sal-2022\/#breadcrumb\"},\"inLanguage\":\"es\",\"potentialAction\":[{\"@type\":\"ReadAction\",\"target\":[\"https:\/\/labs.100x100.net\/projects\/rutasal\/rockall-iv-version-barcelona-y-clem-version-denia-ganadores-de-la-ruta-de-la-sal-2022\/\"]}]},{\"@type\":\"ImageObject\",\"inLanguage\":\"es\",\"@id\":\"https:\/\/labs.100x100.net\/projects\/rutasal\/rockall-iv-version-barcelona-y-clem-version-denia-ganadores-de-la-ruta-de-la-sal-2022\/#primaryimage\",\"url\":\"https:\/\/labs.100x100.net\/projects\/rutasal\/custom\/uploads\/2022\/04\/Rockall-V_\u00a9AlfredFarre.com_.jpg\",\"contentUrl\":\"https:\/\/labs.100x100.net\/projects\/rutasal\/custom\/uploads\/2022\/04\/Rockall-V_\u00a9AlfredFarre.com_.jpg\",\"width\":1000,\"height\":662},{\"@type\":\"BreadcrumbList\",\"@id\":\"https:\/\/labs.100x100.net\/projects\/rutasal\/rockall-iv-version-barcelona-y-clem-version-denia-ganadores-de-la-ruta-de-la-sal-2022\/#breadcrumb\",\"itemListElement\":[{\"@type\":\"ListItem\",\"position\":1,\"name\":\"Portada\",\"item\":\"https:\/\/labs.100x100.net\/projects\/rutasal\/\"},{\"@type\":\"ListItem\",\"position\":2,\"name\":\"Rockall IV (versi\u00f3n Barcelona) y Clem (versi\u00f3n Denia), ganadores de La Ruta de la Sal 2022\"}]},{\"@type\":\"WebSite\",\"@id\":\"https:\/\/labs.100x100.net\/projects\/rutasal\/#website\",\"url\":\"https:\/\/labs.100x100.net\/projects\/rutasal\/\",\"name\":\"Regata La Ruta de la Sal\",\"description\":\"Regata La Ruta de la Sal es una regata de Altura Mediterr\u00e1nea para barcos de crucero a vela con destino en Ibiza, que se disputa anualmente en Semana Santa.\",\"potentialAction\":[{\"@type\":\"SearchAction\",\"target\":{\"@type\":\"EntryPoint\",\"urlTemplate\":\"https:\/\/labs.100x100.net\/projects\/rutasal\/?s={search_term_string}\"},\"query-input\":\"required name=search_term_string\"}],\"inLanguage\":\"es\"},{\"@type\":\"Person\",\"@id\":\"https:\/\/labs.100x100.net\/projects\/rutasal\/#\/schema\/person\/24a02a346c826cf8502e7fb8edc0396c\",\"name\":\"Ferran\",\"image\":{\"@type\":\"ImageObject\",\"inLanguage\":\"es\",\"@id\":\"https:\/\/labs.100x100.net\/projects\/rutasal\/#\/schema\/person\/image\/\",\"url\":\"https:\/\/secure.gravatar.com\/avatar\/d1c4bb756eb5c888319d7e06d9dc1559?s=96&d=mm&r=g\",\"contentUrl\":\"https:\/\/secure.gravatar.com\/avatar\/d1c4bb756eb5c888319d7e06d9dc1559?s=96&d=mm&r=g\",\"caption\":\"Ferran\"}}]}<\/script>\n<!-- \/ Yoast SEO plugin. -->","yoast_head_json":{"title":"Rockall IV (versi\u00f3n Barcelona) y Clem (versi\u00f3n Denia), ganadores de La Ruta de la Sal 2022 | Regata La Ruta de la Sal","robots":{"index":"noindex","follow":"follow","max-snippet":"max-snippet:-1","max-image-preview":"max-image-preview:large","max-video-preview":"max-video-preview:-1"},"og_locale":"es_ES","og_type":"article","og_title":"Rockall IV (versi\u00f3n Barcelona) y Clem (versi\u00f3n Denia), ganadores de La Ruta de la Sal 2022 | Regata La Ruta de la Sal","og_description":"Los veleros Rockall IV el JPK 1030 de Christopher Opielok, que compite por el RCN de Palma en la versi\u00f3n Barcelona y el Clem, Swan 56 de Jaime OlazabaL, compitiendo por el Club de Mar, en la versi\u00f3n Denia, se han proclamado ganadores de la XXXIV edici\u00f3n de La Ruta de la Sal, que se [&hellip;]","og_url":"https:\/\/labs.100x100.net\/projects\/rutasal\/rockall-iv-version-barcelona-y-clem-version-denia-ganadores-de-la-ruta-de-la-sal-2022\/","og_site_name":"Regata La Ruta de la Sal","article_publisher":"https:\/\/www.facebook.com\/rutadelasal\/","article_published_time":"2022-04-16T15:10:54+00:00","article_modified_time":"2022-04-18T14:13:55+00:00","og_image":[{"width":1000,"height":662,"url":"https:\/\/labs.100x100.net\/projects\/rutasal\/custom\/uploads\/2022\/04\/Rockall-V_\u00a9AlfredFarre.com_.jpg","type":"image\/jpeg"}],"author":"Ferran","twitter_card":"summary_large_image","twitter_creator":"@AnamMedi","twitter_site":"@AnamMedi","twitter_misc":{"Escrito por":"Ferran","Tiempo de lectura":"6 minutos"},"schema":{"@context":"https:\/\/schema.org","@graph":[{"@type":"WebPage","@id":"https:\/\/labs.100x100.net\/projects\/rutasal\/rockall-iv-version-barcelona-y-clem-version-denia-ganadores-de-la-ruta-de-la-sal-2022\/","url":"https:\/\/labs.100x100.net\/projects\/rutasal\/rockall-iv-version-barcelona-y-clem-version-denia-ganadores-de-la-ruta-de-la-sal-2022\/","name":"Rockall IV (versi\u00f3n Barcelona) y Clem (versi\u00f3n Denia), ganadores de La Ruta de la Sal 2022 | Regata La Ruta de la Sal","isPartOf":{"@id":"https:\/\/labs.100x100.net\/projects\/rutasal\/#website"},"primaryImageOfPage":{"@id":"https:\/\/labs.100x100.net\/projects\/rutasal\/rockall-iv-version-barcelona-y-clem-version-denia-ganadores-de-la-ruta-de-la-sal-2022\/#primaryimage"},"image":{"@id":"https:\/\/labs.100x100.net\/projects\/rutasal\/rockall-iv-version-barcelona-y-clem-version-denia-ganadores-de-la-ruta-de-la-sal-2022\/#primaryimage"},"thumbnailUrl":"https:\/\/labs.100x100.net\/projects\/rutasal\/custom\/uploads\/2022\/04\/Rockall-V_\u00a9AlfredFarre.com_.jpg","datePublished":"2022-04-16T15:10:54+00:00","dateModified":"2022-04-18T14:13:55+00:00","author":{"@id":"https:\/\/labs.100x100.net\/projects\/rutasal\/#\/schema\/person\/24a02a346c826cf8502e7fb8edc0396c"},"breadcrumb":{"@id":"https:\/\/labs.100x100.net\/projects\/rutasal\/rockall-iv-version-barcelona-y-clem-version-denia-ganadores-de-la-ruta-de-la-sal-2022\/#breadcrumb"},"inLanguage":"es","potentialAction":[{"@type":"ReadAction","target":["https:\/\/labs.100x100.net\/projects\/rutasal\/rockall-iv-version-barcelona-y-clem-version-denia-ganadores-de-la-ruta-de-la-sal-2022\/"]}]},{"@type":"ImageObject","inLanguage":"es","@id":"https:\/\/labs.100x100.net\/projects\/rutasal\/rockall-iv-version-barcelona-y-clem-version-denia-ganadores-de-la-ruta-de-la-sal-2022\/#primaryimage","url":"https:\/\/labs.100x100.net\/projects\/rutasal\/custom\/uploads\/2022\/04\/Rockall-V_\u00a9AlfredFarre.com_.jpg","contentUrl":"https:\/\/labs.100x100.net\/projects\/rutasal\/custom\/uploads\/2022\/04\/Rockall-V_\u00a9AlfredFarre.com_.jpg","width":1000,"height":662},{"@type":"BreadcrumbList","@id":"https:\/\/labs.100x100.net\/projects\/rutasal\/rockall-iv-version-barcelona-y-clem-version-denia-ganadores-de-la-ruta-de-la-sal-2022\/#breadcrumb","itemListElement":[{"@type":"ListItem","position":1,"name":"Portada","item":"https:\/\/labs.100x100.net\/projects\/rutasal\/"},{"@type":"ListItem","position":2,"name":"Rockall IV (versi\u00f3n Barcelona) y Clem (versi\u00f3n Denia), ganadores de La Ruta de la Sal 2022"}]},{"@type":"WebSite","@id":"https:\/\/labs.100x100.net\/projects\/rutasal\/#website","url":"https:\/\/labs.100x100.net\/projects\/rutasal\/","name":"Regata La Ruta de la Sal","description":"Regata La Ruta de la Sal es una regata de Altura Mediterr\u00e1nea para barcos de crucero a vela con destino en Ibiza, que se disputa anualmente en Semana Santa.","potentialAction":[{"@type":"SearchAction","target":{"@type":"EntryPoint","urlTemplate":"https:\/\/labs.100x100.net\/projects\/rutasal\/?s={search_term_string}"},"query-input":"required name=search_term_string"}],"inLanguage":"es"},{"@type":"Person","@id":"https:\/\/labs.100x100.net\/projects\/rutasal\/#\/schema\/person\/24a02a346c826cf8502e7fb8edc0396c","name":"Ferran","image":{"@type":"ImageObject","inLanguage":"es","@id":"https:\/\/labs.100x100.net\/projects\/rutasal\/#\/schema\/person\/image\/","url":"https:\/\/secure.gravatar.com\/avatar\/d1c4bb756eb5c888319d7e06d9dc1559?s=96&d=mm&r=g","contentUrl":"https:\/\/secure.gravatar.com\/avatar\/d1c4bb756eb5c888319d7e06d9dc1559?s=96&d=mm&r=g","caption":"Ferran"}}]}},"_links":{"self":[{"href":"https:\/\/labs.100x100.net\/projects\/rutasal\/wp-json\/wp\/v2\/posts\/7481"}],"collection":[{"href":"https:\/\/labs.100x100.net\/projects\/rutasal\/wp-json\/wp\/v2\/posts"}],"about":[{"href":"https:\/\/labs.100x100.net\/projects\/rutasal\/wp-json\/wp\/v2\/types\/post"}],"author":[{"embeddable":true,"href":"https:\/\/labs.100x100.net\/projects\/rutasal\/wp-json\/wp\/v2\/users\/2"}],"replies":[{"embeddable":true,"href":"https:\/\/labs.100x100.net\/projects\/rutasal\/wp-json\/wp\/v2\/comments?post=7481"}],"version-history":[{"count":3,"href":"https:\/\/labs.100x100.net\/projects\/rutasal\/wp-json\/wp\/v2\/posts\/7481\/revisions"}],"predecessor-version":[{"id":7509,"href":"https:\/\/labs.100x100.net\/projects\/rutasal\/wp-json\/wp\/v2\/posts\/7481\/revisions\/7509"}],"wp:featuredmedia":[{"embeddable":true,"href":"https:\/\/labs.100x100.net\/projects\/rutasal\/wp-json\/wp\/v2\/media\/7482"}],"wp:attachment":[{"href":"https:\/\/labs.100x100.net\/projects\/rutasal\/wp-json\/wp\/v2\/media?parent=7481"}],"wp:term":[{"taxonomy":"category","embeddable":true,"href":"https:\/\/labs.100x100.net\/projects\/rutasal\/wp-json\/wp\/v2\/categories?post=7481"},{"taxonomy":"post_tag","embeddable":true,"href":"https:\/\/labs.100x100.net\/projects\/rutasal\/wp-json\/wp\/v2\/tags?post=7481"}],"curies":[{"name":"wp","href":"https:\/\/api.w.org\/{rel}","templated":true}]}}