{"id":738,"date":"2011-11-04T16:16:42","date_gmt":"2011-11-04T16:16:42","guid":{"rendered":"https:\/\/larutadelasal.com\/?p=738"},"modified":"2019-03-14T12:21:21","modified_gmt":"2019-03-14T10:21:21","slug":"la-sal-cumple-25-anos-y-el-navegante-julio-villar-nos-acompanara-en-esta-ocasion-tan-senalada","status":"publish","type":"post","link":"https:\/\/labs.100x100.net\/projects\/rutasal\/la-sal-cumple-25-anos-y-el-navegante-julio-villar-nos-acompanara-en-esta-ocasion-tan-senalada\/","title":{"rendered":"La Sal cumple 25 a\u00f1os"},"content":{"rendered":"<p style=\"text-align: center;\"><strong>La Sal cumple 25 a\u00f1os<\/strong><\/p>\n<p style=\"text-align: left;\">Durante el <strong>Sal\u00f3n N\u00e1utico Internacional de Barcelona,<\/strong> que tendr\u00e1 lugar del <strong>5 al 13 de noviembre<\/strong>, nos encontrar\u00e1s como siempre en:<\/p>\n<p style=\"text-align: center;\"><strong>STAND ANAM \u2013 LA RUTA DE LA SAL<br \/>\nPalacio 2 \u2013 Planta 0 \u2013 Stand B 290<\/strong><\/p>\n<p style=\"text-align: left;\">Donde te informaremos de las regatas de este pr\u00f3ximo a\u00f1o.<\/p>\n<p style=\"text-align: center;\"><strong>25 Aniversario de La Ruta de la Sal<br \/>\nDescuento especial del 25% en la inscripci\u00f3n durante el Sal\u00f3n N\u00e1utico.<br \/>\n<\/strong>El 5 de noviembre se abrir\u00e1 la incripci\u00f3n para La Ruta de la Sal 2012.<br \/>\nDurante todo el Sal\u00f3n N\u00e1utico podr\u00e1s formalizar tu inscripci\u00f3n para esta XXV\u00aa edici\u00f3n.<\/p>\n<p style=\"text-align: left;\">A continuaci\u00f3n te detallamos los actos que celebraremos durante el Sal\u00f3n:<\/p>\n<p style=\"text-align: left;\"><strong>\u00a0<\/strong><\/p>\n<h2><strong>DOMINGO dia 6 \u2013 13.00h \u2013 ESPAI DE MAR \u2013 Palacio 2<\/strong><\/h2>\n<p style=\"text-align: left;\">Entrega de premios del CIRCUITO ANAM DE REGATAS 2011.<br \/>\nSe obsequiar\u00e1 al ganador con el Trofeo AUSMAR: una Balsa Salvavidas marca Duarry de 4 plazas homologada ISO 9650 con el equipo de emergencia reglamentario para navegaci\u00f3n en categoria B fins a 60 Milles ( Zona 2 y 3).<br \/>\n<strong>Presentaci\u00f3n de las Regatas 2012 (<\/strong>La Ruta de la Sal \u2013 Regata del Delta \u2013 Bah\u00eda de Pollen\u00e7a \u2013 La Ruta de la Tramuntana \u2013 Regata S\u00f3ller\/Canal de Mallorca)<br \/>\nA continuaci\u00f3n se servir\u00e1 un aperitivo marinero.<\/p>\n<h2><strong>VIERNES dia 11 \u2013 18.30h \u2013 ESPAI DE MAR \u2013 Palacio 2<\/strong><\/h2>\n<p style=\"text-align: left;\"><strong>Presentaci\u00f3n Oficial de la XXV \u00aa edici\u00f3n de la Regata de Altura &#8211; La Ruta de la Sal 2012 \u2013 Trofeo Pepe Ferr\u00e9s<\/strong> y muestra de la cultura de las Islas Pitiusas.<br \/>\nA continuaci\u00f3n se servir\u00e1 un aperitivo mediterr\u00e1neo.<\/p>\n<p style=\"text-align: left;\">www.laboutiquedelasal.com<br \/>\nTambi\u00e9n estar\u00e1 presente con precios especiales y con la nueva colecci\u00f3n de prendas y complementos para navegar.<\/p>\n<p style=\"text-align: left;\"><strong>Gramona, <\/strong>el cava oficial de la Regata, estar\u00e1 presente como cada a\u00f1o con la Barra-<strong>Gramona<\/strong>, punto de encuentro de los navegantes en el stand de ANAM \u2013 La Ruta de la Sal amenizado con algas marinas y productos del mar de <strong>cocina para navegantes by Porto-Mui\u00f1os.<\/strong><\/p>\n<p style=\"text-align: left;\"><strong>Ausamr<\/strong> contin\u00faa asesorando en todo lo relativo a la seguridad en el mar. Chevrolet sigue como reloj oficial de \u201cLa Sal\u201d dando las novedades de la regata.<br \/>\nAneto, Bahlsen, Paradis, BK (alquiler de coches), Acciona-Transmediterranea, NewWave, Puntocero Solidario, Acastillage Diffusion y Catamaran Center tambi\u00e9n contin\u00faan colaborando.<\/p>\n","protected":false},"excerpt":{"rendered":"<p>La Sal cumple 25 a\u00f1os Durante el Sal\u00f3n N\u00e1utico Internacional de Barcelona, que tendr\u00e1 lugar del 5 al 13 de noviembre, nos encontrar\u00e1s como siempre en: STAND ANAM \u2013 LA RUTA DE LA SAL Palacio 2 \u2013 Planta 0 \u2013 Stand B 290 Donde te informaremos de las regatas de este pr\u00f3ximo a\u00f1o. 25 Aniversario [&hellip;]<\/p>\n","protected":false},"author":1,"featured_media":3898,"comment_status":"open","ping_status":"open","sticky":false,"template":"","format":"standard","meta":{"_acf_changed":false,"footnotes":""},"categories":[3],"tags":[],"acf":[],"yoast_head":"<!-- This site is optimized with the Yoast SEO plugin v23.0 - https:\/\/yoast.com\/wordpress\/plugins\/seo\/ -->\n<title>La Sal cumple 25 a\u00f1os | Regata La Ruta de la Sal<\/title>\n<meta name=\"robots\" content=\"noindex, follow, max-snippet:-1, max-image-preview:large, max-video-preview:-1\" \/>\n<meta property=\"og:locale\" content=\"es_ES\" \/>\n<meta property=\"og:type\" content=\"article\" \/>\n<meta property=\"og:title\" content=\"La Sal cumple 25 a\u00f1os | Regata La Ruta de la Sal\" \/>\n<meta property=\"og:description\" content=\"La Sal cumple 25 a\u00f1os Durante el Sal\u00f3n N\u00e1utico Internacional de Barcelona, que tendr\u00e1 lugar del 5 al 13 de noviembre, nos encontrar\u00e1s como siempre en: STAND ANAM \u2013 LA RUTA DE LA SAL Palacio 2 \u2013 Planta 0 \u2013 Stand B 290 Donde te informaremos de las regatas de este pr\u00f3ximo a\u00f1o. 25 Aniversario [&hellip;]\" \/>\n<meta property=\"og:url\" content=\"https:\/\/labs.100x100.net\/projects\/rutasal\/la-sal-cumple-25-anos-y-el-navegante-julio-villar-nos-acompanara-en-esta-ocasion-tan-senalada\/\" \/>\n<meta property=\"og:site_name\" content=\"Regata La Ruta de la Sal\" \/>\n<meta property=\"article:publisher\" content=\"https:\/\/www.facebook.com\/rutadelasal\/\" \/>\n<meta property=\"article:published_time\" content=\"2011-11-04T16:16:42+00:00\" \/>\n<meta property=\"article:modified_time\" content=\"2019-03-14T10:21:21+00:00\" \/>\n<meta property=\"og:image\" content=\"https:\/\/labs.100x100.net\/projects\/rutasal\/custom\/uploads\/2011\/11\/5121053350_dd69c0258c.jpg\" \/>\n\t<meta property=\"og:image:width\" content=\"500\" \/>\n\t<meta property=\"og:image:height\" content=\"334\" \/>\n\t<meta property=\"og:image:type\" content=\"image\/jpeg\" \/>\n<meta name=\"author\" content=\"La Ruta de la Sal\" \/>\n<meta name=\"twitter:card\" content=\"summary_large_image\" \/>\n<meta name=\"twitter:creator\" content=\"@AnamMedi\" \/>\n<meta name=\"twitter:site\" content=\"@AnamMedi\" \/>\n<meta name=\"twitter:label1\" content=\"Escrito por\" \/>\n\t<meta name=\"twitter:data1\" content=\"La Ruta de la Sal\" \/>\n\t<meta name=\"twitter:label2\" content=\"Tiempo de lectura\" \/>\n\t<meta name=\"twitter:data2\" content=\"2 minutos\" \/>\n<script type=\"application\/ld+json\" class=\"yoast-schema-graph\">{\"@context\":\"https:\/\/schema.org\",\"@graph\":[{\"@type\":\"WebPage\",\"@id\":\"https:\/\/labs.100x100.net\/projects\/rutasal\/la-sal-cumple-25-anos-y-el-navegante-julio-villar-nos-acompanara-en-esta-ocasion-tan-senalada\/\",\"url\":\"https:\/\/labs.100x100.net\/projects\/rutasal\/la-sal-cumple-25-anos-y-el-navegante-julio-villar-nos-acompanara-en-esta-ocasion-tan-senalada\/\",\"name\":\"La Sal cumple 25 a\u00f1os | Regata La Ruta de la Sal\",\"isPartOf\":{\"@id\":\"https:\/\/labs.100x100.net\/projects\/rutasal\/#website\"},\"primaryImageOfPage\":{\"@id\":\"https:\/\/labs.100x100.net\/projects\/rutasal\/la-sal-cumple-25-anos-y-el-navegante-julio-villar-nos-acompanara-en-esta-ocasion-tan-senalada\/#primaryimage\"},\"image\":{\"@id\":\"https:\/\/labs.100x100.net\/projects\/rutasal\/la-sal-cumple-25-anos-y-el-navegante-julio-villar-nos-acompanara-en-esta-ocasion-tan-senalada\/#primaryimage\"},\"thumbnailUrl\":\"https:\/\/labs.100x100.net\/projects\/rutasal\/custom\/uploads\/2011\/11\/5121053350_dd69c0258c.jpg\",\"datePublished\":\"2011-11-04T16:16:42+00:00\",\"dateModified\":\"2019-03-14T10:21:21+00:00\",\"author\":{\"@id\":\"https:\/\/labs.100x100.net\/projects\/rutasal\/#\/schema\/person\/214eeb4a2e78fd8373a0a94f6d93c9ca\"},\"breadcrumb\":{\"@id\":\"https:\/\/labs.100x100.net\/projects\/rutasal\/la-sal-cumple-25-anos-y-el-navegante-julio-villar-nos-acompanara-en-esta-ocasion-tan-senalada\/#breadcrumb\"},\"inLanguage\":\"es\",\"potentialAction\":[{\"@type\":\"ReadAction\",\"target\":[\"https:\/\/labs.100x100.net\/projects\/rutasal\/la-sal-cumple-25-anos-y-el-navegante-julio-villar-nos-acompanara-en-esta-ocasion-tan-senalada\/\"]}]},{\"@type\":\"ImageObject\",\"inLanguage\":\"es\",\"@id\":\"https:\/\/labs.100x100.net\/projects\/rutasal\/la-sal-cumple-25-anos-y-el-navegante-julio-villar-nos-acompanara-en-esta-ocasion-tan-senalada\/#primaryimage\",\"url\":\"https:\/\/labs.100x100.net\/projects\/rutasal\/custom\/uploads\/2011\/11\/5121053350_dd69c0258c.jpg\",\"contentUrl\":\"https:\/\/labs.100x100.net\/projects\/rutasal\/custom\/uploads\/2011\/11\/5121053350_dd69c0258c.jpg\",\"width\":500,\"height\":334},{\"@type\":\"BreadcrumbList\",\"@id\":\"https:\/\/labs.100x100.net\/projects\/rutasal\/la-sal-cumple-25-anos-y-el-navegante-julio-villar-nos-acompanara-en-esta-ocasion-tan-senalada\/#breadcrumb\",\"itemListElement\":[{\"@type\":\"ListItem\",\"position\":1,\"name\":\"Portada\",\"item\":\"https:\/\/labs.100x100.net\/projects\/rutasal\/\"},{\"@type\":\"ListItem\",\"position\":2,\"name\":\"La Sal cumple 25 a\u00f1os\"}]},{\"@type\":\"WebSite\",\"@id\":\"https:\/\/labs.100x100.net\/projects\/rutasal\/#website\",\"url\":\"https:\/\/labs.100x100.net\/projects\/rutasal\/\",\"name\":\"Regata La Ruta de la Sal\",\"description\":\"Regata La Ruta de la Sal es una regata de Altura Mediterr\u00e1nea para barcos de crucero a vela con destino en Ibiza, que se disputa anualmente en Semana Santa.\",\"potentialAction\":[{\"@type\":\"SearchAction\",\"target\":{\"@type\":\"EntryPoint\",\"urlTemplate\":\"https:\/\/labs.100x100.net\/projects\/rutasal\/?s={search_term_string}\"},\"query-input\":\"required name=search_term_string\"}],\"inLanguage\":\"es\"},{\"@type\":\"Person\",\"@id\":\"https:\/\/labs.100x100.net\/projects\/rutasal\/#\/schema\/person\/214eeb4a2e78fd8373a0a94f6d93c9ca\",\"name\":\"La Ruta de la Sal\",\"image\":{\"@type\":\"ImageObject\",\"inLanguage\":\"es\",\"@id\":\"https:\/\/labs.100x100.net\/projects\/rutasal\/#\/schema\/person\/image\/\",\"url\":\"https:\/\/secure.gravatar.com\/avatar\/b247286d4b801d6b1cfcfb3807587284?s=96&d=mm&r=g\",\"contentUrl\":\"https:\/\/secure.gravatar.com\/avatar\/b247286d4b801d6b1cfcfb3807587284?s=96&d=mm&r=g\",\"caption\":\"La Ruta de la Sal\"}}]}<\/script>\n<!-- \/ Yoast SEO plugin. -->","yoast_head_json":{"title":"La Sal cumple 25 a\u00f1os | Regata La Ruta de la Sal","robots":{"index":"noindex","follow":"follow","max-snippet":"max-snippet:-1","max-image-preview":"max-image-preview:large","max-video-preview":"max-video-preview:-1"},"og_locale":"es_ES","og_type":"article","og_title":"La Sal cumple 25 a\u00f1os | Regata La Ruta de la Sal","og_description":"La Sal cumple 25 a\u00f1os Durante el Sal\u00f3n N\u00e1utico Internacional de Barcelona, que tendr\u00e1 lugar del 5 al 13 de noviembre, nos encontrar\u00e1s como siempre en: STAND ANAM \u2013 LA RUTA DE LA SAL Palacio 2 \u2013 Planta 0 \u2013 Stand B 290 Donde te informaremos de las regatas de este pr\u00f3ximo a\u00f1o. 25 Aniversario [&hellip;]","og_url":"https:\/\/labs.100x100.net\/projects\/rutasal\/la-sal-cumple-25-anos-y-el-navegante-julio-villar-nos-acompanara-en-esta-ocasion-tan-senalada\/","og_site_name":"Regata La Ruta de la Sal","article_publisher":"https:\/\/www.facebook.com\/rutadelasal\/","article_published_time":"2011-11-04T16:16:42+00:00","article_modified_time":"2019-03-14T10:21:21+00:00","og_image":[{"width":500,"height":334,"url":"https:\/\/labs.100x100.net\/projects\/rutasal\/custom\/uploads\/2011\/11\/5121053350_dd69c0258c.jpg","type":"image\/jpeg"}],"author":"La Ruta de la Sal","twitter_card":"summary_large_image","twitter_creator":"@AnamMedi","twitter_site":"@AnamMedi","twitter_misc":{"Escrito por":"La Ruta de la Sal","Tiempo de lectura":"2 minutos"},"schema":{"@context":"https:\/\/schema.org","@graph":[{"@type":"WebPage","@id":"https:\/\/labs.100x100.net\/projects\/rutasal\/la-sal-cumple-25-anos-y-el-navegante-julio-villar-nos-acompanara-en-esta-ocasion-tan-senalada\/","url":"https:\/\/labs.100x100.net\/projects\/rutasal\/la-sal-cumple-25-anos-y-el-navegante-julio-villar-nos-acompanara-en-esta-ocasion-tan-senalada\/","name":"La Sal cumple 25 a\u00f1os | Regata La Ruta de la Sal","isPartOf":{"@id":"https:\/\/labs.100x100.net\/projects\/rutasal\/#website"},"primaryImageOfPage":{"@id":"https:\/\/labs.100x100.net\/projects\/rutasal\/la-sal-cumple-25-anos-y-el-navegante-julio-villar-nos-acompanara-en-esta-ocasion-tan-senalada\/#primaryimage"},"image":{"@id":"https:\/\/labs.100x100.net\/projects\/rutasal\/la-sal-cumple-25-anos-y-el-navegante-julio-villar-nos-acompanara-en-esta-ocasion-tan-senalada\/#primaryimage"},"thumbnailUrl":"https:\/\/labs.100x100.net\/projects\/rutasal\/custom\/uploads\/2011\/11\/5121053350_dd69c0258c.jpg","datePublished":"2011-11-04T16:16:42+00:00","dateModified":"2019-03-14T10:21:21+00:00","author":{"@id":"https:\/\/labs.100x100.net\/projects\/rutasal\/#\/schema\/person\/214eeb4a2e78fd8373a0a94f6d93c9ca"},"breadcrumb":{"@id":"https:\/\/labs.100x100.net\/projects\/rutasal\/la-sal-cumple-25-anos-y-el-navegante-julio-villar-nos-acompanara-en-esta-ocasion-tan-senalada\/#breadcrumb"},"inLanguage":"es","potentialAction":[{"@type":"ReadAction","target":["https:\/\/labs.100x100.net\/projects\/rutasal\/la-sal-cumple-25-anos-y-el-navegante-julio-villar-nos-acompanara-en-esta-ocasion-tan-senalada\/"]}]},{"@type":"ImageObject","inLanguage":"es","@id":"https:\/\/labs.100x100.net\/projects\/rutasal\/la-sal-cumple-25-anos-y-el-navegante-julio-villar-nos-acompanara-en-esta-ocasion-tan-senalada\/#primaryimage","url":"https:\/\/labs.100x100.net\/projects\/rutasal\/custom\/uploads\/2011\/11\/5121053350_dd69c0258c.jpg","contentUrl":"https:\/\/labs.100x100.net\/projects\/rutasal\/custom\/uploads\/2011\/11\/5121053350_dd69c0258c.jpg","width":500,"height":334},{"@type":"BreadcrumbList","@id":"https:\/\/labs.100x100.net\/projects\/rutasal\/la-sal-cumple-25-anos-y-el-navegante-julio-villar-nos-acompanara-en-esta-ocasion-tan-senalada\/#breadcrumb","itemListElement":[{"@type":"ListItem","position":1,"name":"Portada","item":"https:\/\/labs.100x100.net\/projects\/rutasal\/"},{"@type":"ListItem","position":2,"name":"La Sal cumple 25 a\u00f1os"}]},{"@type":"WebSite","@id":"https:\/\/labs.100x100.net\/projects\/rutasal\/#website","url":"https:\/\/labs.100x100.net\/projects\/rutasal\/","name":"Regata La Ruta de la Sal","description":"Regata La Ruta de la Sal es una regata de Altura Mediterr\u00e1nea para barcos de crucero a vela con destino en Ibiza, que se disputa anualmente en Semana Santa.","potentialAction":[{"@type":"SearchAction","target":{"@type":"EntryPoint","urlTemplate":"https:\/\/labs.100x100.net\/projects\/rutasal\/?s={search_term_string}"},"query-input":"required name=search_term_string"}],"inLanguage":"es"},{"@type":"Person","@id":"https:\/\/labs.100x100.net\/projects\/rutasal\/#\/schema\/person\/214eeb4a2e78fd8373a0a94f6d93c9ca","name":"La Ruta de la Sal","image":{"@type":"ImageObject","inLanguage":"es","@id":"https:\/\/labs.100x100.net\/projects\/rutasal\/#\/schema\/person\/image\/","url":"https:\/\/secure.gravatar.com\/avatar\/b247286d4b801d6b1cfcfb3807587284?s=96&d=mm&r=g","contentUrl":"https:\/\/secure.gravatar.com\/avatar\/b247286d4b801d6b1cfcfb3807587284?s=96&d=mm&r=g","caption":"La Ruta de la Sal"}}]}},"_links":{"self":[{"href":"https:\/\/labs.100x100.net\/projects\/rutasal\/wp-json\/wp\/v2\/posts\/738"}],"collection":[{"href":"https:\/\/labs.100x100.net\/projects\/rutasal\/wp-json\/wp\/v2\/posts"}],"about":[{"href":"https:\/\/labs.100x100.net\/projects\/rutasal\/wp-json\/wp\/v2\/types\/post"}],"author":[{"embeddable":true,"href":"https:\/\/labs.100x100.net\/projects\/rutasal\/wp-json\/wp\/v2\/users\/1"}],"replies":[{"embeddable":true,"href":"https:\/\/labs.100x100.net\/projects\/rutasal\/wp-json\/wp\/v2\/comments?post=738"}],"version-history":[{"count":1,"href":"https:\/\/labs.100x100.net\/projects\/rutasal\/wp-json\/wp\/v2\/posts\/738\/revisions"}],"predecessor-version":[{"id":3899,"href":"https:\/\/labs.100x100.net\/projects\/rutasal\/wp-json\/wp\/v2\/posts\/738\/revisions\/3899"}],"wp:featuredmedia":[{"embeddable":true,"href":"https:\/\/labs.100x100.net\/projects\/rutasal\/wp-json\/wp\/v2\/media\/3898"}],"wp:attachment":[{"href":"https:\/\/labs.100x100.net\/projects\/rutasal\/wp-json\/wp\/v2\/media?parent=738"}],"wp:term":[{"taxonomy":"category","embeddable":true,"href":"https:\/\/labs.100x100.net\/projects\/rutasal\/wp-json\/wp\/v2\/categories?post=738"},{"taxonomy":"post_tag","embeddable":true,"href":"https:\/\/labs.100x100.net\/projects\/rutasal\/wp-json\/wp\/v2\/tags?post=738"}],"curies":[{"name":"wp","href":"https:\/\/api.w.org\/{rel}","templated":true}]}}