{"id":7358,"date":"2022-04-15T19:05:32","date_gmt":"2022-04-15T17:05:32","guid":{"rendered":"https:\/\/larutadelasal.com\/?p=7358"},"modified":"2022-04-15T20:36:39","modified_gmt":"2022-04-15T18:36:39","slug":"gymir-y-pelotari-project-vencedores-en-tiempo-real-de-la-sal-2022","status":"publish","type":"post","link":"https:\/\/labs.100x100.net\/projects\/rutasal\/gymir-y-pelotari-project-vencedores-en-tiempo-real-de-la-sal-2022\/","title":{"rendered":"Gymir y Pelotari Project, vencedores en tiempo real de La Sal 2022"},"content":{"rendered":"<p>Las traves\u00edas de la edici\u00f3n 2022 de la regata de la Ruta de la Sal se han caracterizado por ser muy r\u00e1pidas.<br \/>\nEn ello tiene mucho que ver la baja barom\u00e9trica que se estableci\u00f3 al Sur de la isla de Ibiza, -ahora desinfl\u00e1ndose- que hizo que las flotas salidas desde el CM Port Ginesta (a las 12:05 horas) y la del RCN Denia (18:00 horas), alcanzaran velocidades considerables de crucero.<\/p>\n<div id=\"attachment_7367\" style=\"width: 1010px\" class=\"wp-caption aligncenter\"><img loading=\"lazy\" decoding=\"async\" aria-describedby=\"caption-attachment-7367\" class=\"size-full wp-image-7367\" src=\"http:\/\/larutadelasal.com\/custom\/uploads\/2022\/04\/AFB0092.jpg\" alt=\"34 La Ruta de la Sal 2022\" width=\"1000\" height=\"662\" srcset=\"https:\/\/labs.100x100.net\/projects\/rutasal\/custom\/uploads\/2022\/04\/AFB0092.jpg 1000w, https:\/\/labs.100x100.net\/projects\/rutasal\/custom\/uploads\/2022\/04\/AFB0092-300x199.jpg 300w, https:\/\/labs.100x100.net\/projects\/rutasal\/custom\/uploads\/2022\/04\/AFB0092-768x508.jpg 768w\" sizes=\"(max-width: 1000px) 100vw, 1000px\" \/><p id=\"caption-attachment-7367\" class=\"wp-caption-text\">Maxi Dolphin 65 Gymir de Francesc Roig<\/p><\/div>\n<p>En esta \u2018bajada\u2019 hacia Ibiza de la flota versi\u00f3n Barcelona desde Port Ginesta, el m\u00e1s r\u00e1pido ha sido el Maxi Dolphin 65 Gymir de Francesc Roig, que cruz\u00f3 la l\u00ednea de llegada en Sant Antoni de Portmany a las 01:55:39 horas (de hoy, 15 de abril). Por su parte el primero en alcanzar la meta en tiempo real de la versi\u00f3n Denia fue el Vismara Mills 68 Pelotari Project de Andr\u00e9s Varela Entrecanales, que cruz\u00f3 la llegada a las 06:23:10 horas (de hoy 15 de abril).<\/p>\n<div id=\"attachment_7362\" style=\"width: 1010px\" class=\"wp-caption aligncenter\"><img loading=\"lazy\" decoding=\"async\" aria-describedby=\"caption-attachment-7362\" class=\"size-full wp-image-7362\" src=\"http:\/\/larutadelasal.com\/custom\/uploads\/2022\/04\/Vismara-Mills-68-Pelotari-Project-de-Andres-Varela-Entrecanales.jpg\" alt=\"\" width=\"1000\" height=\"662\" srcset=\"https:\/\/labs.100x100.net\/projects\/rutasal\/custom\/uploads\/2022\/04\/Vismara-Mills-68-Pelotari-Project-de-Andres-Varela-Entrecanales.jpg 1000w, https:\/\/labs.100x100.net\/projects\/rutasal\/custom\/uploads\/2022\/04\/Vismara-Mills-68-Pelotari-Project-de-Andres-Varela-Entrecanales-300x199.jpg 300w, https:\/\/labs.100x100.net\/projects\/rutasal\/custom\/uploads\/2022\/04\/Vismara-Mills-68-Pelotari-Project-de-Andres-Varela-Entrecanales-768x508.jpg 768w\" sizes=\"(max-width: 1000px) 100vw, 1000px\" \/><p id=\"caption-attachment-7362\" class=\"wp-caption-text\">Vismara Mills 68 Pelotari Project de Andr\u00e9s Varela Entrecanales<\/p><\/div>\n<p>Destacar que integrado en la versi\u00f3n Barcelona, tambi\u00e9n naveg\u00f3 el catamar\u00e1n checo Stellar, que particip\u00f3 en la categor\u00eda multicascos, alcanzando la costa oeste de Ibiza a la 1:48:10 horas<\/p>\n<p><strong>Salida de la MiniSal<\/strong><\/p>\n<p>Hoy, a las 10:03 horas tambi\u00e9n ha partido de Denia la flota integrada en la MiniSal, la traves\u00eda de 55 millas n\u00e1uticas, con rumbo directo desde el puerto de Denia a Sant Antoni. En esta regata, la flota de 19 embarcaciones salidas se ha encontrado con unas condiciones iniciales de mar y vientos condicionada por el debilitamiento barom\u00e9trico de la gota fr\u00eda, que ha permitido partir a los veleros con vientos moderados de 8 nudos, rumbo Ibiza.<\/p>\n<p><strong>Recepci\u00f3n de regatistas<\/strong><\/p>\n<p>A lo largo de la jornada de hoy, el Comit\u00e9 est\u00e1 registrando los tiempos reales que cubren los participantes en las llegadas, para proceder, en el momento de que se cierre el tiempo l\u00edmite de regata, los cronos compensados por rating, que fijar\u00e1 a los ganadores de LaSal en sus distintas versiones y las clasificaciones por grupos.<\/p>\n<p>Fotos: Alfred Farr\u00e9<\/p>\n","protected":false},"excerpt":{"rendered":"<p>Las traves\u00edas de la edici\u00f3n 2022 de la regata de la Ruta de la Sal se han caracterizado por ser muy r\u00e1pidas. En ello tiene mucho que ver la baja barom\u00e9trica que se estableci\u00f3 al Sur de la isla de Ibiza, -ahora desinfl\u00e1ndose- que hizo que las flotas salidas desde el CM Port Ginesta (a [&hellip;]<\/p>\n","protected":false},"author":2,"featured_media":7359,"comment_status":"open","ping_status":"open","sticky":false,"template":"","format":"standard","meta":{"_acf_changed":false,"footnotes":""},"categories":[3],"tags":[],"acf":[],"yoast_head":"<!-- This site is optimized with the Yoast SEO plugin v23.0 - https:\/\/yoast.com\/wordpress\/plugins\/seo\/ -->\n<title>Gymir y Pelotari Project, vencedores en tiempo real de La Sal 2022 | Regata La Ruta de la Sal<\/title>\n<meta name=\"robots\" content=\"noindex, follow, max-snippet:-1, max-image-preview:large, max-video-preview:-1\" \/>\n<meta property=\"og:locale\" content=\"es_ES\" \/>\n<meta property=\"og:type\" content=\"article\" \/>\n<meta property=\"og:title\" content=\"Gymir y Pelotari Project, vencedores en tiempo real de La Sal 2022 | Regata La Ruta de la Sal\" \/>\n<meta property=\"og:description\" content=\"Las traves\u00edas de la edici\u00f3n 2022 de la regata de la Ruta de la Sal se han caracterizado por ser muy r\u00e1pidas. En ello tiene mucho que ver la baja barom\u00e9trica que se estableci\u00f3 al Sur de la isla de Ibiza, -ahora desinfl\u00e1ndose- que hizo que las flotas salidas desde el CM Port Ginesta (a [&hellip;]\" \/>\n<meta property=\"og:url\" content=\"https:\/\/labs.100x100.net\/projects\/rutasal\/gymir-y-pelotari-project-vencedores-en-tiempo-real-de-la-sal-2022\/\" \/>\n<meta property=\"og:site_name\" content=\"Regata La Ruta de la Sal\" \/>\n<meta property=\"article:publisher\" content=\"https:\/\/www.facebook.com\/rutadelasal\/\" \/>\n<meta property=\"article:published_time\" content=\"2022-04-15T17:05:32+00:00\" \/>\n<meta property=\"article:modified_time\" content=\"2022-04-15T18:36:39+00:00\" \/>\n<meta property=\"og:image\" content=\"https:\/\/labs.100x100.net\/projects\/rutasal\/custom\/uploads\/2022\/04\/Maxi-Dolphin-65-Gymir-de-Francesc-Roig.jpg\" \/>\n\t<meta property=\"og:image:width\" content=\"1000\" \/>\n\t<meta property=\"og:image:height\" content=\"662\" \/>\n\t<meta property=\"og:image:type\" content=\"image\/jpeg\" \/>\n<meta name=\"author\" content=\"Ferran\" \/>\n<meta name=\"twitter:card\" content=\"summary_large_image\" \/>\n<meta name=\"twitter:creator\" content=\"@AnamMedi\" \/>\n<meta name=\"twitter:site\" content=\"@AnamMedi\" \/>\n<meta name=\"twitter:label1\" content=\"Escrito por\" \/>\n\t<meta name=\"twitter:data1\" content=\"Ferran\" \/>\n\t<meta name=\"twitter:label2\" content=\"Tiempo de lectura\" \/>\n\t<meta name=\"twitter:data2\" content=\"2 minutos\" \/>\n<script type=\"application\/ld+json\" class=\"yoast-schema-graph\">{\"@context\":\"https:\/\/schema.org\",\"@graph\":[{\"@type\":\"WebPage\",\"@id\":\"https:\/\/labs.100x100.net\/projects\/rutasal\/gymir-y-pelotari-project-vencedores-en-tiempo-real-de-la-sal-2022\/\",\"url\":\"https:\/\/labs.100x100.net\/projects\/rutasal\/gymir-y-pelotari-project-vencedores-en-tiempo-real-de-la-sal-2022\/\",\"name\":\"Gymir y Pelotari Project, vencedores en tiempo real de La Sal 2022 | Regata La Ruta de la Sal\",\"isPartOf\":{\"@id\":\"https:\/\/labs.100x100.net\/projects\/rutasal\/#website\"},\"primaryImageOfPage\":{\"@id\":\"https:\/\/labs.100x100.net\/projects\/rutasal\/gymir-y-pelotari-project-vencedores-en-tiempo-real-de-la-sal-2022\/#primaryimage\"},\"image\":{\"@id\":\"https:\/\/labs.100x100.net\/projects\/rutasal\/gymir-y-pelotari-project-vencedores-en-tiempo-real-de-la-sal-2022\/#primaryimage\"},\"thumbnailUrl\":\"https:\/\/labs.100x100.net\/projects\/rutasal\/custom\/uploads\/2022\/04\/Maxi-Dolphin-65-Gymir-de-Francesc-Roig.jpg\",\"datePublished\":\"2022-04-15T17:05:32+00:00\",\"dateModified\":\"2022-04-15T18:36:39+00:00\",\"author\":{\"@id\":\"https:\/\/labs.100x100.net\/projects\/rutasal\/#\/schema\/person\/24a02a346c826cf8502e7fb8edc0396c\"},\"breadcrumb\":{\"@id\":\"https:\/\/labs.100x100.net\/projects\/rutasal\/gymir-y-pelotari-project-vencedores-en-tiempo-real-de-la-sal-2022\/#breadcrumb\"},\"inLanguage\":\"es\",\"potentialAction\":[{\"@type\":\"ReadAction\",\"target\":[\"https:\/\/labs.100x100.net\/projects\/rutasal\/gymir-y-pelotari-project-vencedores-en-tiempo-real-de-la-sal-2022\/\"]}]},{\"@type\":\"ImageObject\",\"inLanguage\":\"es\",\"@id\":\"https:\/\/labs.100x100.net\/projects\/rutasal\/gymir-y-pelotari-project-vencedores-en-tiempo-real-de-la-sal-2022\/#primaryimage\",\"url\":\"https:\/\/labs.100x100.net\/projects\/rutasal\/custom\/uploads\/2022\/04\/Maxi-Dolphin-65-Gymir-de-Francesc-Roig.jpg\",\"contentUrl\":\"https:\/\/labs.100x100.net\/projects\/rutasal\/custom\/uploads\/2022\/04\/Maxi-Dolphin-65-Gymir-de-Francesc-Roig.jpg\",\"width\":1000,\"height\":662},{\"@type\":\"BreadcrumbList\",\"@id\":\"https:\/\/labs.100x100.net\/projects\/rutasal\/gymir-y-pelotari-project-vencedores-en-tiempo-real-de-la-sal-2022\/#breadcrumb\",\"itemListElement\":[{\"@type\":\"ListItem\",\"position\":1,\"name\":\"Portada\",\"item\":\"https:\/\/labs.100x100.net\/projects\/rutasal\/\"},{\"@type\":\"ListItem\",\"position\":2,\"name\":\"Gymir y Pelotari Project, vencedores en tiempo real de La Sal 2022\"}]},{\"@type\":\"WebSite\",\"@id\":\"https:\/\/labs.100x100.net\/projects\/rutasal\/#website\",\"url\":\"https:\/\/labs.100x100.net\/projects\/rutasal\/\",\"name\":\"Regata La Ruta de la Sal\",\"description\":\"Regata La Ruta de la Sal es una regata de Altura Mediterr\u00e1nea para barcos de crucero a vela con destino en Ibiza, que se disputa anualmente en Semana Santa.\",\"potentialAction\":[{\"@type\":\"SearchAction\",\"target\":{\"@type\":\"EntryPoint\",\"urlTemplate\":\"https:\/\/labs.100x100.net\/projects\/rutasal\/?s={search_term_string}\"},\"query-input\":\"required name=search_term_string\"}],\"inLanguage\":\"es\"},{\"@type\":\"Person\",\"@id\":\"https:\/\/labs.100x100.net\/projects\/rutasal\/#\/schema\/person\/24a02a346c826cf8502e7fb8edc0396c\",\"name\":\"Ferran\",\"image\":{\"@type\":\"ImageObject\",\"inLanguage\":\"es\",\"@id\":\"https:\/\/labs.100x100.net\/projects\/rutasal\/#\/schema\/person\/image\/\",\"url\":\"https:\/\/secure.gravatar.com\/avatar\/d1c4bb756eb5c888319d7e06d9dc1559?s=96&d=mm&r=g\",\"contentUrl\":\"https:\/\/secure.gravatar.com\/avatar\/d1c4bb756eb5c888319d7e06d9dc1559?s=96&d=mm&r=g\",\"caption\":\"Ferran\"}}]}<\/script>\n<!-- \/ Yoast SEO plugin. -->","yoast_head_json":{"title":"Gymir y Pelotari Project, vencedores en tiempo real de La Sal 2022 | Regata La Ruta de la Sal","robots":{"index":"noindex","follow":"follow","max-snippet":"max-snippet:-1","max-image-preview":"max-image-preview:large","max-video-preview":"max-video-preview:-1"},"og_locale":"es_ES","og_type":"article","og_title":"Gymir y Pelotari Project, vencedores en tiempo real de La Sal 2022 | Regata La Ruta de la Sal","og_description":"Las traves\u00edas de la edici\u00f3n 2022 de la regata de la Ruta de la Sal se han caracterizado por ser muy r\u00e1pidas. En ello tiene mucho que ver la baja barom\u00e9trica que se estableci\u00f3 al Sur de la isla de Ibiza, -ahora desinfl\u00e1ndose- que hizo que las flotas salidas desde el CM Port Ginesta (a [&hellip;]","og_url":"https:\/\/labs.100x100.net\/projects\/rutasal\/gymir-y-pelotari-project-vencedores-en-tiempo-real-de-la-sal-2022\/","og_site_name":"Regata La Ruta de la Sal","article_publisher":"https:\/\/www.facebook.com\/rutadelasal\/","article_published_time":"2022-04-15T17:05:32+00:00","article_modified_time":"2022-04-15T18:36:39+00:00","og_image":[{"width":1000,"height":662,"url":"https:\/\/labs.100x100.net\/projects\/rutasal\/custom\/uploads\/2022\/04\/Maxi-Dolphin-65-Gymir-de-Francesc-Roig.jpg","type":"image\/jpeg"}],"author":"Ferran","twitter_card":"summary_large_image","twitter_creator":"@AnamMedi","twitter_site":"@AnamMedi","twitter_misc":{"Escrito por":"Ferran","Tiempo de lectura":"2 minutos"},"schema":{"@context":"https:\/\/schema.org","@graph":[{"@type":"WebPage","@id":"https:\/\/labs.100x100.net\/projects\/rutasal\/gymir-y-pelotari-project-vencedores-en-tiempo-real-de-la-sal-2022\/","url":"https:\/\/labs.100x100.net\/projects\/rutasal\/gymir-y-pelotari-project-vencedores-en-tiempo-real-de-la-sal-2022\/","name":"Gymir y Pelotari Project, vencedores en tiempo real de La Sal 2022 | Regata La Ruta de la Sal","isPartOf":{"@id":"https:\/\/labs.100x100.net\/projects\/rutasal\/#website"},"primaryImageOfPage":{"@id":"https:\/\/labs.100x100.net\/projects\/rutasal\/gymir-y-pelotari-project-vencedores-en-tiempo-real-de-la-sal-2022\/#primaryimage"},"image":{"@id":"https:\/\/labs.100x100.net\/projects\/rutasal\/gymir-y-pelotari-project-vencedores-en-tiempo-real-de-la-sal-2022\/#primaryimage"},"thumbnailUrl":"https:\/\/labs.100x100.net\/projects\/rutasal\/custom\/uploads\/2022\/04\/Maxi-Dolphin-65-Gymir-de-Francesc-Roig.jpg","datePublished":"2022-04-15T17:05:32+00:00","dateModified":"2022-04-15T18:36:39+00:00","author":{"@id":"https:\/\/labs.100x100.net\/projects\/rutasal\/#\/schema\/person\/24a02a346c826cf8502e7fb8edc0396c"},"breadcrumb":{"@id":"https:\/\/labs.100x100.net\/projects\/rutasal\/gymir-y-pelotari-project-vencedores-en-tiempo-real-de-la-sal-2022\/#breadcrumb"},"inLanguage":"es","potentialAction":[{"@type":"ReadAction","target":["https:\/\/labs.100x100.net\/projects\/rutasal\/gymir-y-pelotari-project-vencedores-en-tiempo-real-de-la-sal-2022\/"]}]},{"@type":"ImageObject","inLanguage":"es","@id":"https:\/\/labs.100x100.net\/projects\/rutasal\/gymir-y-pelotari-project-vencedores-en-tiempo-real-de-la-sal-2022\/#primaryimage","url":"https:\/\/labs.100x100.net\/projects\/rutasal\/custom\/uploads\/2022\/04\/Maxi-Dolphin-65-Gymir-de-Francesc-Roig.jpg","contentUrl":"https:\/\/labs.100x100.net\/projects\/rutasal\/custom\/uploads\/2022\/04\/Maxi-Dolphin-65-Gymir-de-Francesc-Roig.jpg","width":1000,"height":662},{"@type":"BreadcrumbList","@id":"https:\/\/labs.100x100.net\/projects\/rutasal\/gymir-y-pelotari-project-vencedores-en-tiempo-real-de-la-sal-2022\/#breadcrumb","itemListElement":[{"@type":"ListItem","position":1,"name":"Portada","item":"https:\/\/labs.100x100.net\/projects\/rutasal\/"},{"@type":"ListItem","position":2,"name":"Gymir y Pelotari Project, vencedores en tiempo real de La Sal 2022"}]},{"@type":"WebSite","@id":"https:\/\/labs.100x100.net\/projects\/rutasal\/#website","url":"https:\/\/labs.100x100.net\/projects\/rutasal\/","name":"Regata La Ruta de la Sal","description":"Regata La Ruta de la Sal es una regata de Altura Mediterr\u00e1nea para barcos de crucero a vela con destino en Ibiza, que se disputa anualmente en Semana Santa.","potentialAction":[{"@type":"SearchAction","target":{"@type":"EntryPoint","urlTemplate":"https:\/\/labs.100x100.net\/projects\/rutasal\/?s={search_term_string}"},"query-input":"required name=search_term_string"}],"inLanguage":"es"},{"@type":"Person","@id":"https:\/\/labs.100x100.net\/projects\/rutasal\/#\/schema\/person\/24a02a346c826cf8502e7fb8edc0396c","name":"Ferran","image":{"@type":"ImageObject","inLanguage":"es","@id":"https:\/\/labs.100x100.net\/projects\/rutasal\/#\/schema\/person\/image\/","url":"https:\/\/secure.gravatar.com\/avatar\/d1c4bb756eb5c888319d7e06d9dc1559?s=96&d=mm&r=g","contentUrl":"https:\/\/secure.gravatar.com\/avatar\/d1c4bb756eb5c888319d7e06d9dc1559?s=96&d=mm&r=g","caption":"Ferran"}}]}},"_links":{"self":[{"href":"https:\/\/labs.100x100.net\/projects\/rutasal\/wp-json\/wp\/v2\/posts\/7358"}],"collection":[{"href":"https:\/\/labs.100x100.net\/projects\/rutasal\/wp-json\/wp\/v2\/posts"}],"about":[{"href":"https:\/\/labs.100x100.net\/projects\/rutasal\/wp-json\/wp\/v2\/types\/post"}],"author":[{"embeddable":true,"href":"https:\/\/labs.100x100.net\/projects\/rutasal\/wp-json\/wp\/v2\/users\/2"}],"replies":[{"embeddable":true,"href":"https:\/\/labs.100x100.net\/projects\/rutasal\/wp-json\/wp\/v2\/comments?post=7358"}],"version-history":[{"count":3,"href":"https:\/\/labs.100x100.net\/projects\/rutasal\/wp-json\/wp\/v2\/posts\/7358\/revisions"}],"predecessor-version":[{"id":7382,"href":"https:\/\/labs.100x100.net\/projects\/rutasal\/wp-json\/wp\/v2\/posts\/7358\/revisions\/7382"}],"wp:featuredmedia":[{"embeddable":true,"href":"https:\/\/labs.100x100.net\/projects\/rutasal\/wp-json\/wp\/v2\/media\/7359"}],"wp:attachment":[{"href":"https:\/\/labs.100x100.net\/projects\/rutasal\/wp-json\/wp\/v2\/media?parent=7358"}],"wp:term":[{"taxonomy":"category","embeddable":true,"href":"https:\/\/labs.100x100.net\/projects\/rutasal\/wp-json\/wp\/v2\/categories?post=7358"},{"taxonomy":"post_tag","embeddable":true,"href":"https:\/\/labs.100x100.net\/projects\/rutasal\/wp-json\/wp\/v2\/tags?post=7358"}],"curies":[{"name":"wp","href":"https:\/\/api.w.org\/{rel}","templated":true}]}}