{"id":7311,"date":"2022-04-14T23:13:23","date_gmt":"2022-04-14T21:13:23","guid":{"rendered":"https:\/\/larutadelasal.com\/?p=7311"},"modified":"2022-04-14T23:29:55","modified_gmt":"2022-04-14T21:29:55","slug":"el-equipo-de-la-ruta-de-la-sal-pone-rumbo-a-ibiza","status":"publish","type":"post","link":"https:\/\/labs.100x100.net\/projects\/rutasal\/el-equipo-de-la-ruta-de-la-sal-pone-rumbo-a-ibiza\/","title":{"rendered":"El equipo de La Ruta de la Sal pone rumbo a Ibiza"},"content":{"rendered":"<p>Ayer las oficinas de Regata de la Versi\u00f3n Barcelona y de la Versi\u00f3n Denia estuvieron abiertas todo el d\u00eda para hacer el registro de las m\u00e1s de 100 embarcaciones que participan en la edici\u00f3n 2022 de La Ruta de la Sal. Despu\u00e9s de que hoy, 14 de abril, los barcos tomaran la salida, a las 12h los de la versi\u00f3n Barcelona y a las 18h los de la versi\u00f3n Denia, el grueso del equipo de La Ruta de la Sal ha viajado a Ibiza, en ferry y en avi\u00f3n, para reunirse con sus compa\u00f1eros y hacer los \u00faltimos preparativos para dar la bienvenida a los m\u00e1s de 750 tripulantes que navegan rumbo a Sant Antoni de Portmany.<\/p>\n<p><img loading=\"lazy\" decoding=\"async\" class=\"alignleft wp-image-7312\" src=\"http:\/\/larutadelasal.com\/custom\/uploads\/2022\/04\/Foto-03.jpeg\" alt=\"\" width=\"260\" height=\"195\" srcset=\"https:\/\/labs.100x100.net\/projects\/rutasal\/custom\/uploads\/2022\/04\/Foto-03.jpeg 2048w, https:\/\/labs.100x100.net\/projects\/rutasal\/custom\/uploads\/2022\/04\/Foto-03-300x225.jpeg 300w, https:\/\/labs.100x100.net\/projects\/rutasal\/custom\/uploads\/2022\/04\/Foto-03-1024x768.jpeg 1024w, https:\/\/labs.100x100.net\/projects\/rutasal\/custom\/uploads\/2022\/04\/Foto-03-768x576.jpeg 768w, https:\/\/labs.100x100.net\/projects\/rutasal\/custom\/uploads\/2022\/04\/Foto-03-1536x1152.jpeg 1536w\" sizes=\"(max-width: 260px) 100vw, 260px\" \/> <img loading=\"lazy\" decoding=\"async\" class=\"alignleft wp-image-7315\" src=\"http:\/\/larutadelasal.com\/custom\/uploads\/2022\/04\/Foto-02.jpeg\" alt=\"\" width=\"260\" height=\"195\" srcset=\"https:\/\/labs.100x100.net\/projects\/rutasal\/custom\/uploads\/2022\/04\/Foto-02.jpeg 2048w, https:\/\/labs.100x100.net\/projects\/rutasal\/custom\/uploads\/2022\/04\/Foto-02-300x225.jpeg 300w, https:\/\/labs.100x100.net\/projects\/rutasal\/custom\/uploads\/2022\/04\/Foto-02-1024x769.jpeg 1024w, https:\/\/labs.100x100.net\/projects\/rutasal\/custom\/uploads\/2022\/04\/Foto-02-768x577.jpeg 768w, https:\/\/labs.100x100.net\/projects\/rutasal\/custom\/uploads\/2022\/04\/Foto-02-1536x1154.jpeg 1536w\" sizes=\"(max-width: 260px) 100vw, 260px\" \/><br \/>\nLa Ruta de la Sal cuenta con el apoyo de <a href=\"https:\/\/www.googleadservices.com\/pagead\/aclk?sa=L&amp;ai=DChcSEwiQ7qWOvJT3AhWa4XcKHTKJD7QYABAAGgJlZg&amp;ae=2&amp;ohost=www.google.com&amp;cid=CAESbOD2ZklEOZmQBPqD8vTr4LiymkUzV4OeF59D5cdLEB5CXVHJQ_KGfalgeOjoJY0O9JLtha1LmZhU6FTchNquzVyAp_CPwbQ4UqXSuAkGm8BLMHBIvL_dMuUtlZUzwHA_EL7LtddYQOrf5TxJKQ&amp;sig=AOD64_37axj6CsASd-Yn0OheWNT2f8BQlQ&amp;q&amp;adurl&amp;ved=2ahUKEwj11ZyOvJT3AhUHR_EDHQ0tDV8Q0Qx6BAgDEAE\">Trasmed<\/a>, compa\u00f1\u00eda mar\u00edtima espa\u00f1ola perteneciente al grupo Grimaldi que se dedica al transporte de pasajeros y mercanc\u00edas ofreciendo su servicio en las rutas entre la Pen\u00ednsula y Baleares: de Barcelona y Valencia a Mah\u00f3n, Palma, Alcudia, Ibiza y Formentera. La compa\u00f1\u00eda naci\u00f3 en julio de 2021 y en tan poco tiempo ya ha efectuado cambios sustanciales llevando a cabo una profunda renovaci\u00f3n de su flota a trav\u00e9s de trabajos de mantenimiento y de restyling. Entre sus muchas innovaciones est\u00e1 la posibilidad de conectarse a la red wifi de forma gratuita, una gran ventaja para todo pasajero. Adem\u00e1s, como clara muestra de que esta empresa tiene intenci\u00f3n de estar en la vanguardia del sector, los buques <a href=\"https:\/\/www.trasmed.com\/es\/\">Trasmed<\/a> que operan entre la pen\u00ednsula y Baleares incorporar\u00e1n un innovador m\u00e9todo capaz de filtrar el agua de lavado de los sistemas de depuraci\u00f3n de gases de escape instalados a bordo, con el claro objetivo de abordar el problema de la creciente cantidad de micropl\u00e1sticos presentes en los mares de todo el mundo. Tambi\u00e9n cabe destacar que los buques de Trasmed disfrutan de la certificaci\u00f3n de naviera pet friendly de la mano de FAADA (Fundaci\u00f3n para el Asesoramiento y Acci\u00f3n en Defensa de los Animales).<\/p>\n<p><img loading=\"lazy\" decoding=\"async\" class=\"size-full wp-image-7319 aligncenter\" src=\"http:\/\/larutadelasal.com\/custom\/uploads\/2022\/04\/Foto-04-scaled.jpeg\" alt=\"\" width=\"2560\" height=\"1707\" srcset=\"https:\/\/labs.100x100.net\/projects\/rutasal\/custom\/uploads\/2022\/04\/Foto-04-scaled.jpeg 2560w, https:\/\/labs.100x100.net\/projects\/rutasal\/custom\/uploads\/2022\/04\/Foto-04-300x200.jpeg 300w, https:\/\/labs.100x100.net\/projects\/rutasal\/custom\/uploads\/2022\/04\/Foto-04-1024x683.jpeg 1024w, https:\/\/labs.100x100.net\/projects\/rutasal\/custom\/uploads\/2022\/04\/Foto-04-768x512.jpeg 768w, https:\/\/labs.100x100.net\/projects\/rutasal\/custom\/uploads\/2022\/04\/Foto-04-1536x1024.jpeg 1536w, https:\/\/labs.100x100.net\/projects\/rutasal\/custom\/uploads\/2022\/04\/Foto-04-2048x1365.jpeg 2048w\" sizes=\"(max-width: 2560px) 100vw, 2560px\" \/><\/p>\n","protected":false},"excerpt":{"rendered":"<p>Ayer las oficinas de Regata de la Versi\u00f3n Barcelona y de la Versi\u00f3n Denia estuvieron abiertas todo el d\u00eda para hacer el registro de las m\u00e1s de 100 embarcaciones que participan en la edici\u00f3n 2022 de La Ruta de la Sal. Despu\u00e9s de que hoy, 14 de abril, los barcos tomaran la salida, a las [&hellip;]<\/p>\n","protected":false},"author":2,"featured_media":7322,"comment_status":"open","ping_status":"open","sticky":false,"template":"","format":"standard","meta":{"_acf_changed":false,"footnotes":""},"categories":[3],"tags":[],"acf":[],"yoast_head":"<!-- This site is optimized with the Yoast SEO plugin v23.0 - https:\/\/yoast.com\/wordpress\/plugins\/seo\/ -->\n<title>El equipo de La Ruta de la Sal pone rumbo a Ibiza | Regata La Ruta de la Sal<\/title>\n<meta name=\"robots\" content=\"noindex, follow, max-snippet:-1, max-image-preview:large, max-video-preview:-1\" \/>\n<meta property=\"og:locale\" content=\"es_ES\" \/>\n<meta property=\"og:type\" content=\"article\" \/>\n<meta property=\"og:title\" content=\"El equipo de La Ruta de la Sal pone rumbo a Ibiza | Regata La Ruta de la Sal\" \/>\n<meta property=\"og:description\" content=\"Ayer las oficinas de Regata de la Versi\u00f3n Barcelona y de la Versi\u00f3n Denia estuvieron abiertas todo el d\u00eda para hacer el registro de las m\u00e1s de 100 embarcaciones que participan en la edici\u00f3n 2022 de La Ruta de la Sal. Despu\u00e9s de que hoy, 14 de abril, los barcos tomaran la salida, a las [&hellip;]\" \/>\n<meta property=\"og:url\" content=\"https:\/\/labs.100x100.net\/projects\/rutasal\/el-equipo-de-la-ruta-de-la-sal-pone-rumbo-a-ibiza\/\" \/>\n<meta property=\"og:site_name\" content=\"Regata La Ruta de la Sal\" \/>\n<meta property=\"article:publisher\" content=\"https:\/\/www.facebook.com\/rutadelasal\/\" \/>\n<meta property=\"article:published_time\" content=\"2022-04-14T21:13:23+00:00\" \/>\n<meta property=\"article:modified_time\" content=\"2022-04-14T21:29:55+00:00\" \/>\n<meta property=\"og:image\" content=\"https:\/\/labs.100x100.net\/projects\/rutasal\/custom\/uploads\/2022\/04\/Foto-01.jpeg\" \/>\n\t<meta property=\"og:image:width\" content=\"1065\" \/>\n\t<meta property=\"og:image:height\" content=\"766\" \/>\n\t<meta property=\"og:image:type\" content=\"image\/jpeg\" \/>\n<meta name=\"author\" content=\"Ferran\" \/>\n<meta name=\"twitter:card\" content=\"summary_large_image\" \/>\n<meta name=\"twitter:creator\" content=\"@AnamMedi\" \/>\n<meta name=\"twitter:site\" content=\"@AnamMedi\" \/>\n<meta name=\"twitter:label1\" content=\"Escrito por\" \/>\n\t<meta name=\"twitter:data1\" content=\"Ferran\" \/>\n\t<meta name=\"twitter:label2\" content=\"Tiempo de lectura\" \/>\n\t<meta name=\"twitter:data2\" content=\"3 minutos\" \/>\n<script type=\"application\/ld+json\" class=\"yoast-schema-graph\">{\"@context\":\"https:\/\/schema.org\",\"@graph\":[{\"@type\":\"WebPage\",\"@id\":\"https:\/\/labs.100x100.net\/projects\/rutasal\/el-equipo-de-la-ruta-de-la-sal-pone-rumbo-a-ibiza\/\",\"url\":\"https:\/\/labs.100x100.net\/projects\/rutasal\/el-equipo-de-la-ruta-de-la-sal-pone-rumbo-a-ibiza\/\",\"name\":\"El equipo de La Ruta de la Sal pone rumbo a Ibiza | Regata La Ruta de la Sal\",\"isPartOf\":{\"@id\":\"https:\/\/labs.100x100.net\/projects\/rutasal\/#website\"},\"primaryImageOfPage\":{\"@id\":\"https:\/\/labs.100x100.net\/projects\/rutasal\/el-equipo-de-la-ruta-de-la-sal-pone-rumbo-a-ibiza\/#primaryimage\"},\"image\":{\"@id\":\"https:\/\/labs.100x100.net\/projects\/rutasal\/el-equipo-de-la-ruta-de-la-sal-pone-rumbo-a-ibiza\/#primaryimage\"},\"thumbnailUrl\":\"https:\/\/labs.100x100.net\/projects\/rutasal\/custom\/uploads\/2022\/04\/Foto-01.jpeg\",\"datePublished\":\"2022-04-14T21:13:23+00:00\",\"dateModified\":\"2022-04-14T21:29:55+00:00\",\"author\":{\"@id\":\"https:\/\/labs.100x100.net\/projects\/rutasal\/#\/schema\/person\/24a02a346c826cf8502e7fb8edc0396c\"},\"breadcrumb\":{\"@id\":\"https:\/\/labs.100x100.net\/projects\/rutasal\/el-equipo-de-la-ruta-de-la-sal-pone-rumbo-a-ibiza\/#breadcrumb\"},\"inLanguage\":\"es\",\"potentialAction\":[{\"@type\":\"ReadAction\",\"target\":[\"https:\/\/labs.100x100.net\/projects\/rutasal\/el-equipo-de-la-ruta-de-la-sal-pone-rumbo-a-ibiza\/\"]}]},{\"@type\":\"ImageObject\",\"inLanguage\":\"es\",\"@id\":\"https:\/\/labs.100x100.net\/projects\/rutasal\/el-equipo-de-la-ruta-de-la-sal-pone-rumbo-a-ibiza\/#primaryimage\",\"url\":\"https:\/\/labs.100x100.net\/projects\/rutasal\/custom\/uploads\/2022\/04\/Foto-01.jpeg\",\"contentUrl\":\"https:\/\/labs.100x100.net\/projects\/rutasal\/custom\/uploads\/2022\/04\/Foto-01.jpeg\",\"width\":1065,\"height\":766},{\"@type\":\"BreadcrumbList\",\"@id\":\"https:\/\/labs.100x100.net\/projects\/rutasal\/el-equipo-de-la-ruta-de-la-sal-pone-rumbo-a-ibiza\/#breadcrumb\",\"itemListElement\":[{\"@type\":\"ListItem\",\"position\":1,\"name\":\"Portada\",\"item\":\"https:\/\/labs.100x100.net\/projects\/rutasal\/\"},{\"@type\":\"ListItem\",\"position\":2,\"name\":\"El equipo de La Ruta de la Sal pone rumbo a Ibiza\"}]},{\"@type\":\"WebSite\",\"@id\":\"https:\/\/labs.100x100.net\/projects\/rutasal\/#website\",\"url\":\"https:\/\/labs.100x100.net\/projects\/rutasal\/\",\"name\":\"Regata La Ruta de la Sal\",\"description\":\"Regata La Ruta de la Sal es una regata de Altura Mediterr\u00e1nea para barcos de crucero a vela con destino en Ibiza, que se disputa anualmente en Semana Santa.\",\"potentialAction\":[{\"@type\":\"SearchAction\",\"target\":{\"@type\":\"EntryPoint\",\"urlTemplate\":\"https:\/\/labs.100x100.net\/projects\/rutasal\/?s={search_term_string}\"},\"query-input\":\"required name=search_term_string\"}],\"inLanguage\":\"es\"},{\"@type\":\"Person\",\"@id\":\"https:\/\/labs.100x100.net\/projects\/rutasal\/#\/schema\/person\/24a02a346c826cf8502e7fb8edc0396c\",\"name\":\"Ferran\",\"image\":{\"@type\":\"ImageObject\",\"inLanguage\":\"es\",\"@id\":\"https:\/\/labs.100x100.net\/projects\/rutasal\/#\/schema\/person\/image\/\",\"url\":\"https:\/\/secure.gravatar.com\/avatar\/d1c4bb756eb5c888319d7e06d9dc1559?s=96&d=mm&r=g\",\"contentUrl\":\"https:\/\/secure.gravatar.com\/avatar\/d1c4bb756eb5c888319d7e06d9dc1559?s=96&d=mm&r=g\",\"caption\":\"Ferran\"}}]}<\/script>\n<!-- \/ Yoast SEO plugin. -->","yoast_head_json":{"title":"El equipo de La Ruta de la Sal pone rumbo a Ibiza | Regata La Ruta de la Sal","robots":{"index":"noindex","follow":"follow","max-snippet":"max-snippet:-1","max-image-preview":"max-image-preview:large","max-video-preview":"max-video-preview:-1"},"og_locale":"es_ES","og_type":"article","og_title":"El equipo de La Ruta de la Sal pone rumbo a Ibiza | Regata La Ruta de la Sal","og_description":"Ayer las oficinas de Regata de la Versi\u00f3n Barcelona y de la Versi\u00f3n Denia estuvieron abiertas todo el d\u00eda para hacer el registro de las m\u00e1s de 100 embarcaciones que participan en la edici\u00f3n 2022 de La Ruta de la Sal. Despu\u00e9s de que hoy, 14 de abril, los barcos tomaran la salida, a las [&hellip;]","og_url":"https:\/\/labs.100x100.net\/projects\/rutasal\/el-equipo-de-la-ruta-de-la-sal-pone-rumbo-a-ibiza\/","og_site_name":"Regata La Ruta de la Sal","article_publisher":"https:\/\/www.facebook.com\/rutadelasal\/","article_published_time":"2022-04-14T21:13:23+00:00","article_modified_time":"2022-04-14T21:29:55+00:00","og_image":[{"width":1065,"height":766,"url":"https:\/\/labs.100x100.net\/projects\/rutasal\/custom\/uploads\/2022\/04\/Foto-01.jpeg","type":"image\/jpeg"}],"author":"Ferran","twitter_card":"summary_large_image","twitter_creator":"@AnamMedi","twitter_site":"@AnamMedi","twitter_misc":{"Escrito por":"Ferran","Tiempo de lectura":"3 minutos"},"schema":{"@context":"https:\/\/schema.org","@graph":[{"@type":"WebPage","@id":"https:\/\/labs.100x100.net\/projects\/rutasal\/el-equipo-de-la-ruta-de-la-sal-pone-rumbo-a-ibiza\/","url":"https:\/\/labs.100x100.net\/projects\/rutasal\/el-equipo-de-la-ruta-de-la-sal-pone-rumbo-a-ibiza\/","name":"El equipo de La Ruta de la Sal pone rumbo a Ibiza | Regata La Ruta de la Sal","isPartOf":{"@id":"https:\/\/labs.100x100.net\/projects\/rutasal\/#website"},"primaryImageOfPage":{"@id":"https:\/\/labs.100x100.net\/projects\/rutasal\/el-equipo-de-la-ruta-de-la-sal-pone-rumbo-a-ibiza\/#primaryimage"},"image":{"@id":"https:\/\/labs.100x100.net\/projects\/rutasal\/el-equipo-de-la-ruta-de-la-sal-pone-rumbo-a-ibiza\/#primaryimage"},"thumbnailUrl":"https:\/\/labs.100x100.net\/projects\/rutasal\/custom\/uploads\/2022\/04\/Foto-01.jpeg","datePublished":"2022-04-14T21:13:23+00:00","dateModified":"2022-04-14T21:29:55+00:00","author":{"@id":"https:\/\/labs.100x100.net\/projects\/rutasal\/#\/schema\/person\/24a02a346c826cf8502e7fb8edc0396c"},"breadcrumb":{"@id":"https:\/\/labs.100x100.net\/projects\/rutasal\/el-equipo-de-la-ruta-de-la-sal-pone-rumbo-a-ibiza\/#breadcrumb"},"inLanguage":"es","potentialAction":[{"@type":"ReadAction","target":["https:\/\/labs.100x100.net\/projects\/rutasal\/el-equipo-de-la-ruta-de-la-sal-pone-rumbo-a-ibiza\/"]}]},{"@type":"ImageObject","inLanguage":"es","@id":"https:\/\/labs.100x100.net\/projects\/rutasal\/el-equipo-de-la-ruta-de-la-sal-pone-rumbo-a-ibiza\/#primaryimage","url":"https:\/\/labs.100x100.net\/projects\/rutasal\/custom\/uploads\/2022\/04\/Foto-01.jpeg","contentUrl":"https:\/\/labs.100x100.net\/projects\/rutasal\/custom\/uploads\/2022\/04\/Foto-01.jpeg","width":1065,"height":766},{"@type":"BreadcrumbList","@id":"https:\/\/labs.100x100.net\/projects\/rutasal\/el-equipo-de-la-ruta-de-la-sal-pone-rumbo-a-ibiza\/#breadcrumb","itemListElement":[{"@type":"ListItem","position":1,"name":"Portada","item":"https:\/\/labs.100x100.net\/projects\/rutasal\/"},{"@type":"ListItem","position":2,"name":"El equipo de La Ruta de la Sal pone rumbo a Ibiza"}]},{"@type":"WebSite","@id":"https:\/\/labs.100x100.net\/projects\/rutasal\/#website","url":"https:\/\/labs.100x100.net\/projects\/rutasal\/","name":"Regata La Ruta de la Sal","description":"Regata La Ruta de la Sal es una regata de Altura Mediterr\u00e1nea para barcos de crucero a vela con destino en Ibiza, que se disputa anualmente en Semana Santa.","potentialAction":[{"@type":"SearchAction","target":{"@type":"EntryPoint","urlTemplate":"https:\/\/labs.100x100.net\/projects\/rutasal\/?s={search_term_string}"},"query-input":"required name=search_term_string"}],"inLanguage":"es"},{"@type":"Person","@id":"https:\/\/labs.100x100.net\/projects\/rutasal\/#\/schema\/person\/24a02a346c826cf8502e7fb8edc0396c","name":"Ferran","image":{"@type":"ImageObject","inLanguage":"es","@id":"https:\/\/labs.100x100.net\/projects\/rutasal\/#\/schema\/person\/image\/","url":"https:\/\/secure.gravatar.com\/avatar\/d1c4bb756eb5c888319d7e06d9dc1559?s=96&d=mm&r=g","contentUrl":"https:\/\/secure.gravatar.com\/avatar\/d1c4bb756eb5c888319d7e06d9dc1559?s=96&d=mm&r=g","caption":"Ferran"}}]}},"_links":{"self":[{"href":"https:\/\/labs.100x100.net\/projects\/rutasal\/wp-json\/wp\/v2\/posts\/7311"}],"collection":[{"href":"https:\/\/labs.100x100.net\/projects\/rutasal\/wp-json\/wp\/v2\/posts"}],"about":[{"href":"https:\/\/labs.100x100.net\/projects\/rutasal\/wp-json\/wp\/v2\/types\/post"}],"author":[{"embeddable":true,"href":"https:\/\/labs.100x100.net\/projects\/rutasal\/wp-json\/wp\/v2\/users\/2"}],"replies":[{"embeddable":true,"href":"https:\/\/labs.100x100.net\/projects\/rutasal\/wp-json\/wp\/v2\/comments?post=7311"}],"version-history":[{"count":4,"href":"https:\/\/labs.100x100.net\/projects\/rutasal\/wp-json\/wp\/v2\/posts\/7311\/revisions"}],"predecessor-version":[{"id":7327,"href":"https:\/\/labs.100x100.net\/projects\/rutasal\/wp-json\/wp\/v2\/posts\/7311\/revisions\/7327"}],"wp:featuredmedia":[{"embeddable":true,"href":"https:\/\/labs.100x100.net\/projects\/rutasal\/wp-json\/wp\/v2\/media\/7322"}],"wp:attachment":[{"href":"https:\/\/labs.100x100.net\/projects\/rutasal\/wp-json\/wp\/v2\/media?parent=7311"}],"wp:term":[{"taxonomy":"category","embeddable":true,"href":"https:\/\/labs.100x100.net\/projects\/rutasal\/wp-json\/wp\/v2\/categories?post=7311"},{"taxonomy":"post_tag","embeddable":true,"href":"https:\/\/labs.100x100.net\/projects\/rutasal\/wp-json\/wp\/v2\/tags?post=7311"}],"curies":[{"name":"wp","href":"https:\/\/api.w.org\/{rel}","templated":true}]}}