{"id":7297,"date":"2022-04-14T16:51:18","date_gmt":"2022-04-14T14:51:18","guid":{"rendered":"https:\/\/larutadelasal.com\/?p=7297"},"modified":"2022-04-15T17:11:00","modified_gmt":"2022-04-15T15:11:00","slug":"rumbo-directo-a-ibiza","status":"publish","type":"post","link":"https:\/\/labs.100x100.net\/projects\/rutasal\/rumbo-directo-a-ibiza\/","title":{"rendered":"Rumbo directo a Ibiza"},"content":{"rendered":"<p>Espl\u00e9ndida salida de los 60 veleros que han partido rumbo Ibiza, desde el puerto del CM Port Ginesta, encarando proa hacia el puerto del CN Sant Antoni de Portmany, en la primera salida de la flota de la Ruta de la Sal 2022.<\/p>\n<p>A las 12:05 horas, el Comit\u00e9 de Regata daba el pistoletazo de salida de las embarcaciones, en un d\u00eda radiante, de fuete viento portante, procedente del cuadrante del gregal (75\u00ba), con un intensidad de 15 nudos, con rachas que sub\u00edan a los 18 y con mar de fondo, dada la inestabilidad que se ha estado viviendo estas \u00faltimas horas en el Mediterr\u00e1neo Occidental.<\/p>\n<p><img loading=\"lazy\" decoding=\"async\" class=\"size-full wp-image-7301 aligncenter\" src=\"http:\/\/larutadelasal.com\/custom\/uploads\/2022\/04\/La_ruta_de_la_sal_2022_3.jpg\" alt=\"Ruta de la Sal 2022. \" width=\"1000\" height=\"662\" srcset=\"https:\/\/labs.100x100.net\/projects\/rutasal\/custom\/uploads\/2022\/04\/La_ruta_de_la_sal_2022_3.jpg 1000w, https:\/\/labs.100x100.net\/projects\/rutasal\/custom\/uploads\/2022\/04\/La_ruta_de_la_sal_2022_3-300x199.jpg 300w, https:\/\/labs.100x100.net\/projects\/rutasal\/custom\/uploads\/2022\/04\/La_ruta_de_la_sal_2022_3-768x508.jpg 768w\" sizes=\"(max-width: 1000px) 100vw, 1000px\" \/><\/p>\n<p>Unas condiciones e\u00f3licas, que han sido muy bien recibidas por la flota que sale de Barcelona, ya que les permitir\u00e1 cubrir las 140 millas en una regata r\u00e1pida, casi con rumbo directo y viento a favor hacia Sant Antoni (Ibiza).<\/p>\n<p><strong>El reto de bajar \u2018en 13 horas\u2019<\/strong><\/p>\n<p>Un escenario \u00f3ptimo para que algunas tripulaciones intenten batir el r\u00e9cord de la prueba, fijado en este tramo n\u00e1utico de 140 millas entre el CM Port Ginesta y CN Sant Antoni en Portmany (Ibiza) de 13 horas, 18 minutos y 54 segundos, conseguido por la embarcaci\u00f3n Caro, el velero alem\u00e1n de 50 pies dise\u00f1ado por Judel\/Vrolijk, del armador Werner Klink, quien cruz\u00f3 la l\u00ednea de llegada el mismo d\u00eda de su salida de Port Ginesta, a las 22:18:54 horas, del jueves 21 de abril del a\u00f1o 2011.<\/p>\n<p>&nbsp;<\/p>\n<p><img loading=\"lazy\" decoding=\"async\" class=\"size-full wp-image-7307 aligncenter\" src=\"http:\/\/larutadelasal.com\/custom\/uploads\/2022\/04\/La_ruta_de_la_sal_2022_4.jpg\" alt=\"\" width=\"1000\" height=\"662\" srcset=\"https:\/\/labs.100x100.net\/projects\/rutasal\/custom\/uploads\/2022\/04\/La_ruta_de_la_sal_2022_4.jpg 1000w, https:\/\/labs.100x100.net\/projects\/rutasal\/custom\/uploads\/2022\/04\/La_ruta_de_la_sal_2022_4-300x199.jpg 300w, https:\/\/labs.100x100.net\/projects\/rutasal\/custom\/uploads\/2022\/04\/La_ruta_de_la_sal_2022_4-768x508.jpg 768w\" sizes=\"(max-width: 1000px) 100vw, 1000px\" \/><\/p>\n<p>Hoy, en la costa Barcelona, las condiciones son id\u00f3neas para batir este tiempo. Ya desde el inicio de la salida se notaba como hab\u00eda tripulaciones que se estaban tomando en serio esta posibilidad. As\u00ed, en la salida, dos grandes de la flota, el Maxi Dolfhin 65 Gymir de Francesc Roig y el Swan 60 del belga Alex Starring, Flomali 2, parec\u00edan que se prepararan para logar un nuevo r\u00e9cord en La Sal.<\/p>\n<p><strong>Partida espectacular<\/strong><\/p>\n<p>La salida desde Port Ginesta ha sido sensacional, vistosa, destacando entre los veleros de mayor eslora, con opciones de ser los primeros el cruzar la l\u00ednea de llegada en tiempo real o ganar en la general, bajo h\u00e1ndicap R.I., el Peregrin Falcon, Oyster 625 del brit\u00e1nico Peter Blackmore, o el de Gonzalo Romagosa con su Swan 60 Mandrake.<\/p>\n<p>Otro Swan de los r\u00e1pidos es el 56 La Belle del neerland\u00e9s Frans van Belle, como el First Class un First 47,7 del brit\u00e1nico Mike Hayhoe, o el ibicenco IMX-45 Atlant del Vent de David Tur, ganador ya de La Ruta de la Sal y que intentar\u00e1 estar entre los primeros.<\/p>\n<p><img loading=\"lazy\" decoding=\"async\" class=\"size-full wp-image-7304 aligncenter\" src=\"http:\/\/larutadelasal.com\/custom\/uploads\/2022\/04\/Laruta_de_la_sal_2022_2.jpg\" alt=\"Ruta de la Sal 2022. \" width=\"1000\" height=\"662\" srcset=\"https:\/\/labs.100x100.net\/projects\/rutasal\/custom\/uploads\/2022\/04\/Laruta_de_la_sal_2022_2.jpg 1000w, https:\/\/labs.100x100.net\/projects\/rutasal\/custom\/uploads\/2022\/04\/Laruta_de_la_sal_2022_2-300x199.jpg 300w, https:\/\/labs.100x100.net\/projects\/rutasal\/custom\/uploads\/2022\/04\/Laruta_de_la_sal_2022_2-768x508.jpg 768w\" sizes=\"(max-width: 1000px) 100vw, 1000px\" \/><\/p>\n<p>Tambi\u00e9n otros veleros r\u00e1pidos, pero dentro del rango de esloras medias, salidos este medio d\u00eda que vienen a luchar por los puestos en la clasificaci\u00f3n R.I., est\u00e1n el ganador de la \u00faltima edici\u00f3n, el Yellow Rrose, X35 del holand\u00e9s Marten Jan Ringers, el Rockall 7, el JPK 1030 de Christopher Opielok, el Bandido, Dehler 44 de Juan Carlos Otamendi Busto, Yrcus, Grand Soleil 43, tambi\u00e9n habitual en esta regata, el Azurre 40 Ves que Vinc de Xavier Peus, el Tobarix de Alex Domenech, el veterano Fortuna 12 Ascata 3 de Yamandu Rodriguez o el franc\u00e9s Caliope un J45 de Thierry D&#8217;Argoube.<\/p>\n<p><strong>Salida escalonada<\/strong><\/p>\n<p>Tras la salida de la versi\u00f3n Barcelona de La Ruta de la Sal, la flota amarrada en los pantalanes del RCN de Denia estuvo a la espera de su salida, programada para las 18:00 horas de hoy. Era la segunda salida de La Sal 2022. All\u00ed las condiciones eran m\u00e1s duras, y se acord\u00f3 retrasar la salida prevista a las 14:00 horas hasta las 6 de la tarde, a la espera de que amainara la depresi\u00f3n, debido a que el centro de la gota fr\u00eda se encuentra en la zona mar\u00edtima del Sur de la isla de Ibiza. Entre los salidos el vencedor del pasado a\u00f1o el Swan 45 Brujo de Alberto de Castro, el Swan 56 Clem Primero de Jaime Olazabal, el GS 50 Soputres de Jorma Nuutinen, el XP-44 Limbo III de Miguel \u00c1ngel Garc\u00eda o el Solaris 44 78 de Mayo de Enrique Ortiz.<\/p>\n<p><img loading=\"lazy\" decoding=\"async\" class=\"size-full wp-image-7331 aligncenter\" src=\"http:\/\/larutadelasal.com\/custom\/uploads\/2022\/04\/WhatsApp-Image-2022-04-14-at-23.34.35-5.jpeg\" alt=\"la ruta de la sal denia\" width=\"1024\" height=\"682\" srcset=\"https:\/\/labs.100x100.net\/projects\/rutasal\/custom\/uploads\/2022\/04\/WhatsApp-Image-2022-04-14-at-23.34.35-5.jpeg 1024w, https:\/\/labs.100x100.net\/projects\/rutasal\/custom\/uploads\/2022\/04\/WhatsApp-Image-2022-04-14-at-23.34.35-5-300x200.jpeg 300w, https:\/\/labs.100x100.net\/projects\/rutasal\/custom\/uploads\/2022\/04\/WhatsApp-Image-2022-04-14-at-23.34.35-5-768x512.jpeg 768w\" sizes=\"(max-width: 1024px) 100vw, 1024px\" \/><\/p>\n<p>El recorrido de esta versi\u00f3n que parte de Denia, bordea el archipi\u00e9lago de las Pituises por babor y bajar por la costa Occidental de Ibiza hasta alcanzar el puerto de Sant Antoni.<\/p>\n<p>La organizaci\u00f3n de La Sal, ha hecho aconsejar a la organizaci\u00f3n en retrasar la salida de la versi\u00f3n Mini Sal, de 55 millas con rumbo directo desde el puerto de Denia a Sant Antoni de Portmany para ma\u00f1ana viernes a las 10:00 horas, debido la situaci\u00f3n meteorol\u00f3gica.<\/p>\n<p>Fotos: Alfred Farre<\/p>\n","protected":false},"excerpt":{"rendered":"<p>Espl\u00e9ndida salida de los 60 veleros que han partido rumbo Ibiza, desde el puerto del CM Port Ginesta, encarando proa hacia el puerto del CN Sant Antoni de Portmany, en la primera salida de la flota de la Ruta de la Sal 2022. A las 12:05 horas, el Comit\u00e9 de Regata daba el pistoletazo de [&hellip;]<\/p>\n","protected":false},"author":2,"featured_media":7298,"comment_status":"open","ping_status":"open","sticky":false,"template":"","format":"standard","meta":{"_acf_changed":false,"footnotes":""},"categories":[3],"tags":[],"acf":[],"yoast_head":"<!-- This site is optimized with the Yoast SEO plugin v23.0 - https:\/\/yoast.com\/wordpress\/plugins\/seo\/ -->\n<title>Rumbo directo a Ibiza | Regata La Ruta de la Sal<\/title>\n<meta name=\"robots\" content=\"noindex, follow, max-snippet:-1, max-image-preview:large, max-video-preview:-1\" \/>\n<meta property=\"og:locale\" content=\"es_ES\" \/>\n<meta property=\"og:type\" content=\"article\" \/>\n<meta property=\"og:title\" content=\"Rumbo directo a Ibiza | Regata La Ruta de la Sal\" \/>\n<meta property=\"og:description\" content=\"Espl\u00e9ndida salida de los 60 veleros que han partido rumbo Ibiza, desde el puerto del CM Port Ginesta, encarando proa hacia el puerto del CN Sant Antoni de Portmany, en la primera salida de la flota de la Ruta de la Sal 2022. A las 12:05 horas, el Comit\u00e9 de Regata daba el pistoletazo de [&hellip;]\" \/>\n<meta property=\"og:url\" content=\"https:\/\/labs.100x100.net\/projects\/rutasal\/rumbo-directo-a-ibiza\/\" \/>\n<meta property=\"og:site_name\" content=\"Regata La Ruta de la Sal\" \/>\n<meta property=\"article:publisher\" content=\"https:\/\/www.facebook.com\/rutadelasal\/\" \/>\n<meta property=\"article:published_time\" content=\"2022-04-14T14:51:18+00:00\" \/>\n<meta property=\"article:modified_time\" content=\"2022-04-15T15:11:00+00:00\" \/>\n<meta property=\"og:image\" content=\"https:\/\/labs.100x100.net\/projects\/rutasal\/custom\/uploads\/2022\/04\/La_ruta_de_la_sal_2022.jpg\" \/>\n\t<meta property=\"og:image:width\" content=\"1000\" \/>\n\t<meta property=\"og:image:height\" content=\"662\" \/>\n\t<meta property=\"og:image:type\" content=\"image\/jpeg\" \/>\n<meta name=\"author\" content=\"Ferran\" \/>\n<meta name=\"twitter:card\" content=\"summary_large_image\" \/>\n<meta name=\"twitter:creator\" content=\"@AnamMedi\" \/>\n<meta name=\"twitter:site\" content=\"@AnamMedi\" \/>\n<meta name=\"twitter:label1\" content=\"Escrito por\" \/>\n\t<meta name=\"twitter:data1\" content=\"Ferran\" \/>\n\t<meta name=\"twitter:label2\" content=\"Tiempo de lectura\" \/>\n\t<meta name=\"twitter:data2\" content=\"5 minutos\" \/>\n<script type=\"application\/ld+json\" class=\"yoast-schema-graph\">{\"@context\":\"https:\/\/schema.org\",\"@graph\":[{\"@type\":\"WebPage\",\"@id\":\"https:\/\/labs.100x100.net\/projects\/rutasal\/rumbo-directo-a-ibiza\/\",\"url\":\"https:\/\/labs.100x100.net\/projects\/rutasal\/rumbo-directo-a-ibiza\/\",\"name\":\"Rumbo directo a Ibiza | Regata La Ruta de la Sal\",\"isPartOf\":{\"@id\":\"https:\/\/labs.100x100.net\/projects\/rutasal\/#website\"},\"primaryImageOfPage\":{\"@id\":\"https:\/\/labs.100x100.net\/projects\/rutasal\/rumbo-directo-a-ibiza\/#primaryimage\"},\"image\":{\"@id\":\"https:\/\/labs.100x100.net\/projects\/rutasal\/rumbo-directo-a-ibiza\/#primaryimage\"},\"thumbnailUrl\":\"https:\/\/labs.100x100.net\/projects\/rutasal\/custom\/uploads\/2022\/04\/La_ruta_de_la_sal_2022.jpg\",\"datePublished\":\"2022-04-14T14:51:18+00:00\",\"dateModified\":\"2022-04-15T15:11:00+00:00\",\"author\":{\"@id\":\"https:\/\/labs.100x100.net\/projects\/rutasal\/#\/schema\/person\/24a02a346c826cf8502e7fb8edc0396c\"},\"breadcrumb\":{\"@id\":\"https:\/\/labs.100x100.net\/projects\/rutasal\/rumbo-directo-a-ibiza\/#breadcrumb\"},\"inLanguage\":\"es\",\"potentialAction\":[{\"@type\":\"ReadAction\",\"target\":[\"https:\/\/labs.100x100.net\/projects\/rutasal\/rumbo-directo-a-ibiza\/\"]}]},{\"@type\":\"ImageObject\",\"inLanguage\":\"es\",\"@id\":\"https:\/\/labs.100x100.net\/projects\/rutasal\/rumbo-directo-a-ibiza\/#primaryimage\",\"url\":\"https:\/\/labs.100x100.net\/projects\/rutasal\/custom\/uploads\/2022\/04\/La_ruta_de_la_sal_2022.jpg\",\"contentUrl\":\"https:\/\/labs.100x100.net\/projects\/rutasal\/custom\/uploads\/2022\/04\/La_ruta_de_la_sal_2022.jpg\",\"width\":1000,\"height\":662,\"caption\":\"Ruta de la Sal 2022.\"},{\"@type\":\"BreadcrumbList\",\"@id\":\"https:\/\/labs.100x100.net\/projects\/rutasal\/rumbo-directo-a-ibiza\/#breadcrumb\",\"itemListElement\":[{\"@type\":\"ListItem\",\"position\":1,\"name\":\"Portada\",\"item\":\"https:\/\/labs.100x100.net\/projects\/rutasal\/\"},{\"@type\":\"ListItem\",\"position\":2,\"name\":\"Rumbo directo a Ibiza\"}]},{\"@type\":\"WebSite\",\"@id\":\"https:\/\/labs.100x100.net\/projects\/rutasal\/#website\",\"url\":\"https:\/\/labs.100x100.net\/projects\/rutasal\/\",\"name\":\"Regata La Ruta de la Sal\",\"description\":\"Regata La Ruta de la Sal es una regata de Altura Mediterr\u00e1nea para barcos de crucero a vela con destino en Ibiza, que se disputa anualmente en Semana Santa.\",\"potentialAction\":[{\"@type\":\"SearchAction\",\"target\":{\"@type\":\"EntryPoint\",\"urlTemplate\":\"https:\/\/labs.100x100.net\/projects\/rutasal\/?s={search_term_string}\"},\"query-input\":\"required name=search_term_string\"}],\"inLanguage\":\"es\"},{\"@type\":\"Person\",\"@id\":\"https:\/\/labs.100x100.net\/projects\/rutasal\/#\/schema\/person\/24a02a346c826cf8502e7fb8edc0396c\",\"name\":\"Ferran\",\"image\":{\"@type\":\"ImageObject\",\"inLanguage\":\"es\",\"@id\":\"https:\/\/labs.100x100.net\/projects\/rutasal\/#\/schema\/person\/image\/\",\"url\":\"https:\/\/secure.gravatar.com\/avatar\/d1c4bb756eb5c888319d7e06d9dc1559?s=96&d=mm&r=g\",\"contentUrl\":\"https:\/\/secure.gravatar.com\/avatar\/d1c4bb756eb5c888319d7e06d9dc1559?s=96&d=mm&r=g\",\"caption\":\"Ferran\"}}]}<\/script>\n<!-- \/ Yoast SEO plugin. -->","yoast_head_json":{"title":"Rumbo directo a Ibiza | Regata La Ruta de la Sal","robots":{"index":"noindex","follow":"follow","max-snippet":"max-snippet:-1","max-image-preview":"max-image-preview:large","max-video-preview":"max-video-preview:-1"},"og_locale":"es_ES","og_type":"article","og_title":"Rumbo directo a Ibiza | Regata La Ruta de la Sal","og_description":"Espl\u00e9ndida salida de los 60 veleros que han partido rumbo Ibiza, desde el puerto del CM Port Ginesta, encarando proa hacia el puerto del CN Sant Antoni de Portmany, en la primera salida de la flota de la Ruta de la Sal 2022. A las 12:05 horas, el Comit\u00e9 de Regata daba el pistoletazo de [&hellip;]","og_url":"https:\/\/labs.100x100.net\/projects\/rutasal\/rumbo-directo-a-ibiza\/","og_site_name":"Regata La Ruta de la Sal","article_publisher":"https:\/\/www.facebook.com\/rutadelasal\/","article_published_time":"2022-04-14T14:51:18+00:00","article_modified_time":"2022-04-15T15:11:00+00:00","og_image":[{"width":1000,"height":662,"url":"https:\/\/labs.100x100.net\/projects\/rutasal\/custom\/uploads\/2022\/04\/La_ruta_de_la_sal_2022.jpg","type":"image\/jpeg"}],"author":"Ferran","twitter_card":"summary_large_image","twitter_creator":"@AnamMedi","twitter_site":"@AnamMedi","twitter_misc":{"Escrito por":"Ferran","Tiempo de lectura":"5 minutos"},"schema":{"@context":"https:\/\/schema.org","@graph":[{"@type":"WebPage","@id":"https:\/\/labs.100x100.net\/projects\/rutasal\/rumbo-directo-a-ibiza\/","url":"https:\/\/labs.100x100.net\/projects\/rutasal\/rumbo-directo-a-ibiza\/","name":"Rumbo directo a Ibiza | Regata La Ruta de la Sal","isPartOf":{"@id":"https:\/\/labs.100x100.net\/projects\/rutasal\/#website"},"primaryImageOfPage":{"@id":"https:\/\/labs.100x100.net\/projects\/rutasal\/rumbo-directo-a-ibiza\/#primaryimage"},"image":{"@id":"https:\/\/labs.100x100.net\/projects\/rutasal\/rumbo-directo-a-ibiza\/#primaryimage"},"thumbnailUrl":"https:\/\/labs.100x100.net\/projects\/rutasal\/custom\/uploads\/2022\/04\/La_ruta_de_la_sal_2022.jpg","datePublished":"2022-04-14T14:51:18+00:00","dateModified":"2022-04-15T15:11:00+00:00","author":{"@id":"https:\/\/labs.100x100.net\/projects\/rutasal\/#\/schema\/person\/24a02a346c826cf8502e7fb8edc0396c"},"breadcrumb":{"@id":"https:\/\/labs.100x100.net\/projects\/rutasal\/rumbo-directo-a-ibiza\/#breadcrumb"},"inLanguage":"es","potentialAction":[{"@type":"ReadAction","target":["https:\/\/labs.100x100.net\/projects\/rutasal\/rumbo-directo-a-ibiza\/"]}]},{"@type":"ImageObject","inLanguage":"es","@id":"https:\/\/labs.100x100.net\/projects\/rutasal\/rumbo-directo-a-ibiza\/#primaryimage","url":"https:\/\/labs.100x100.net\/projects\/rutasal\/custom\/uploads\/2022\/04\/La_ruta_de_la_sal_2022.jpg","contentUrl":"https:\/\/labs.100x100.net\/projects\/rutasal\/custom\/uploads\/2022\/04\/La_ruta_de_la_sal_2022.jpg","width":1000,"height":662,"caption":"Ruta de la Sal 2022."},{"@type":"BreadcrumbList","@id":"https:\/\/labs.100x100.net\/projects\/rutasal\/rumbo-directo-a-ibiza\/#breadcrumb","itemListElement":[{"@type":"ListItem","position":1,"name":"Portada","item":"https:\/\/labs.100x100.net\/projects\/rutasal\/"},{"@type":"ListItem","position":2,"name":"Rumbo directo a Ibiza"}]},{"@type":"WebSite","@id":"https:\/\/labs.100x100.net\/projects\/rutasal\/#website","url":"https:\/\/labs.100x100.net\/projects\/rutasal\/","name":"Regata La Ruta de la Sal","description":"Regata La Ruta de la Sal es una regata de Altura Mediterr\u00e1nea para barcos de crucero a vela con destino en Ibiza, que se disputa anualmente en Semana Santa.","potentialAction":[{"@type":"SearchAction","target":{"@type":"EntryPoint","urlTemplate":"https:\/\/labs.100x100.net\/projects\/rutasal\/?s={search_term_string}"},"query-input":"required name=search_term_string"}],"inLanguage":"es"},{"@type":"Person","@id":"https:\/\/labs.100x100.net\/projects\/rutasal\/#\/schema\/person\/24a02a346c826cf8502e7fb8edc0396c","name":"Ferran","image":{"@type":"ImageObject","inLanguage":"es","@id":"https:\/\/labs.100x100.net\/projects\/rutasal\/#\/schema\/person\/image\/","url":"https:\/\/secure.gravatar.com\/avatar\/d1c4bb756eb5c888319d7e06d9dc1559?s=96&d=mm&r=g","contentUrl":"https:\/\/secure.gravatar.com\/avatar\/d1c4bb756eb5c888319d7e06d9dc1559?s=96&d=mm&r=g","caption":"Ferran"}}]}},"_links":{"self":[{"href":"https:\/\/labs.100x100.net\/projects\/rutasal\/wp-json\/wp\/v2\/posts\/7297"}],"collection":[{"href":"https:\/\/labs.100x100.net\/projects\/rutasal\/wp-json\/wp\/v2\/posts"}],"about":[{"href":"https:\/\/labs.100x100.net\/projects\/rutasal\/wp-json\/wp\/v2\/types\/post"}],"author":[{"embeddable":true,"href":"https:\/\/labs.100x100.net\/projects\/rutasal\/wp-json\/wp\/v2\/users\/2"}],"replies":[{"embeddable":true,"href":"https:\/\/labs.100x100.net\/projects\/rutasal\/wp-json\/wp\/v2\/comments?post=7297"}],"version-history":[{"count":3,"href":"https:\/\/labs.100x100.net\/projects\/rutasal\/wp-json\/wp\/v2\/posts\/7297\/revisions"}],"predecessor-version":[{"id":7334,"href":"https:\/\/labs.100x100.net\/projects\/rutasal\/wp-json\/wp\/v2\/posts\/7297\/revisions\/7334"}],"wp:featuredmedia":[{"embeddable":true,"href":"https:\/\/labs.100x100.net\/projects\/rutasal\/wp-json\/wp\/v2\/media\/7298"}],"wp:attachment":[{"href":"https:\/\/labs.100x100.net\/projects\/rutasal\/wp-json\/wp\/v2\/media?parent=7297"}],"wp:term":[{"taxonomy":"category","embeddable":true,"href":"https:\/\/labs.100x100.net\/projects\/rutasal\/wp-json\/wp\/v2\/categories?post=7297"},{"taxonomy":"post_tag","embeddable":true,"href":"https:\/\/labs.100x100.net\/projects\/rutasal\/wp-json\/wp\/v2\/tags?post=7297"}],"curies":[{"name":"wp","href":"https:\/\/api.w.org\/{rel}","templated":true}]}}