{"id":7275,"date":"2022-04-13T18:30:34","date_gmt":"2022-04-13T16:30:34","guid":{"rendered":"https:\/\/larutadelasal.com\/?p=7275"},"modified":"2022-04-13T18:32:25","modified_gmt":"2022-04-13T16:32:25","slug":"la-borrasca-evelyn-se-convierte-en-invitada-especial-de-la-ruta-de-la-sal-2022","status":"publish","type":"post","link":"https:\/\/labs.100x100.net\/projects\/rutasal\/la-borrasca-evelyn-se-convierte-en-invitada-especial-de-la-ruta-de-la-sal-2022\/","title":{"rendered":"La borrasca Evelyn, se convierte en invitada especial de La Ruta de la Sal 2022"},"content":{"rendered":"<p>Jornada de registros y de controles de seguridad y medici\u00f3n de las embarcaciones participantes en la 34\u00aa edici\u00f3n de la Ruta de la Sal 2022.<\/p>\n<p>A lo largo de toda la jornada, los participantes en este evento n\u00e1utico deportivo han pasado por las oficinas de la organizaci\u00f3n ubicadas en las instalaciones del CM Port Ginesta (Barcelona) y el RCN de Denia, para formalizar sus inscripciones para cubrir la cl\u00e1sica prueba, que durante los \u00faltimos a\u00f1os ha contribuido de una manera decisiva a fomentar y promocionar la navegaci\u00f3n de crucero en nuestro pa\u00eds.<\/p>\n<p><img loading=\"lazy\" decoding=\"async\" class=\"size-full wp-image-7279 aligncenter\" src=\"http:\/\/larutadelasal.com\/custom\/uploads\/2022\/04\/JornadaDeRegistros-1-scaled.jpg\" alt=\"\" width=\"2560\" height=\"1920\" srcset=\"https:\/\/labs.100x100.net\/projects\/rutasal\/custom\/uploads\/2022\/04\/JornadaDeRegistros-1-scaled.jpg 2560w, https:\/\/labs.100x100.net\/projects\/rutasal\/custom\/uploads\/2022\/04\/JornadaDeRegistros-1-300x225.jpg 300w, https:\/\/labs.100x100.net\/projects\/rutasal\/custom\/uploads\/2022\/04\/JornadaDeRegistros-1-1024x768.jpg 1024w, https:\/\/labs.100x100.net\/projects\/rutasal\/custom\/uploads\/2022\/04\/JornadaDeRegistros-1-768x576.jpg 768w, https:\/\/labs.100x100.net\/projects\/rutasal\/custom\/uploads\/2022\/04\/JornadaDeRegistros-1-1536x1152.jpg 1536w, https:\/\/labs.100x100.net\/projects\/rutasal\/custom\/uploads\/2022\/04\/JornadaDeRegistros-1-2048x1536.jpg 2048w\" sizes=\"(max-width: 2560px) 100vw, 2560px\" \/><br \/>\nUna edici\u00f3n de La Ruta de la Sal que se caracterizar\u00e1 por la complicada meteorolog\u00eda que se est\u00e1 dando durante estos \u00faltimos d\u00edas en la cuenca del mar Balear y en el de Palos, escenario de la regata, ocasionada por la entrada de una gota fr\u00eda desprendida de una borrasca principal, situada en el Norte del Atl\u00e1ntico, y que se le ha denominado Evelyn. Su vaguada meridional se ha estacionado en el sur del Mediterr\u00e1neo Occidental, generando una situaci\u00f3n borrascosa frente la isla de Ibiza, punto de llegada de las dos flotas de la Ruta de la Sal. Esta baja barom\u00e9trica se ha convertido en la invitada especial en esta edici\u00f3n de La Ruta de la Sal.<\/p>\n<p><img loading=\"lazy\" decoding=\"async\" class=\"size-full wp-image-7282 aligncenter\" src=\"http:\/\/larutadelasal.com\/custom\/uploads\/2022\/04\/SituacionEolicaJueves14Abril.jpg\" alt=\"\" width=\"690\" height=\"520\" srcset=\"https:\/\/labs.100x100.net\/projects\/rutasal\/custom\/uploads\/2022\/04\/SituacionEolicaJueves14Abril.jpg 690w, https:\/\/labs.100x100.net\/projects\/rutasal\/custom\/uploads\/2022\/04\/SituacionEolicaJueves14Abril-300x226.jpg 300w\" sizes=\"(max-width: 690px) 100vw, 690px\" \/><br \/>\n<strong>Cambios en las salidas<\/strong><br \/>\nEsta situaci\u00f3n de inestabilidad en el tiempo ha obligado al Comit\u00e9 de Regata a modificar las instrucciones de la prueba, retrasando \u2018a priori\u2019 las salidas, sobre todo para la flota que parte del puerto de Denia, donde la salida prevista para ma\u00f1ana a las 14:00 horas, quedar\u00e1 aplazada para las 18:00 horas y la salida de la versi\u00f3n Mini Sal, se realizar\u00e1 a las 10:00 horas del viernes 15 de abril, ya que se espera que la inestabilidad desaparezca en las pr\u00f3ximas horas.<\/p>\n<p><img loading=\"lazy\" decoding=\"async\" class=\"size-full wp-image-7276 aligncenter\" src=\"http:\/\/larutadelasal.com\/custom\/uploads\/2022\/04\/SalidaLaSal1.jpg\" alt=\"la ruta de la sal 2022\" width=\"772\" height=\"502\" srcset=\"https:\/\/labs.100x100.net\/projects\/rutasal\/custom\/uploads\/2022\/04\/SalidaLaSal1.jpg 772w, https:\/\/labs.100x100.net\/projects\/rutasal\/custom\/uploads\/2022\/04\/SalidaLaSal1-300x195.jpg 300w, https:\/\/labs.100x100.net\/projects\/rutasal\/custom\/uploads\/2022\/04\/SalidaLaSal1-768x499.jpg 768w\" sizes=\"(max-width: 772px) 100vw, 772px\" \/><\/p>\n<p>Desde el Puerto de Sant Antoni de Portmany, meta de las embarcaciones inscritas, en el CN Sant Antoni ya tiene todo preparado para acoger a una flota de 120 barcos y organizar los actos de recepci\u00f3n de veleros y tripulaciones y los eventos relacionados con la entrega de premios, como la fiesta \u201cLa Movida\u201d, organizada por El Ayuntamiento de Sant Antoni de Portmany, con m\u00fasica de los 80s y 90s, para todo el pueblo, en la playa de S\u2019Arenal, tras la cena de despedida y la entrega de trofeos de La Sal 2022.<\/p>\n<p>Otra edici\u00f3n de La Ruta de la Sal que convierte de nuevo a Ibiza en el centro del deporte n\u00e1utico durante el periodo de Semana Santa.<\/p>\n<p>Fotos: Alfred Farr\u00e9 y captura de <a href=\"http:\/\/windy.com\">windy.com<\/a><\/p>\n","protected":false},"excerpt":{"rendered":"<p>Jornada de registros y de controles de seguridad y medici\u00f3n de las embarcaciones participantes en la 34\u00aa edici\u00f3n de la Ruta de la Sal 2022. A lo largo de toda la jornada, los participantes en este evento n\u00e1utico deportivo han pasado por las oficinas de la organizaci\u00f3n ubicadas en las instalaciones del CM Port Ginesta [&hellip;]<\/p>\n","protected":false},"author":2,"featured_media":7276,"comment_status":"open","ping_status":"open","sticky":false,"template":"","format":"standard","meta":{"_acf_changed":false,"footnotes":""},"categories":[3],"tags":[],"acf":[],"yoast_head":"<!-- This site is optimized with the Yoast SEO plugin v23.0 - https:\/\/yoast.com\/wordpress\/plugins\/seo\/ -->\n<title>La borrasca Evelyn, se convierte en invitada especial de La Ruta de la Sal 2022 | Regata La Ruta de la Sal<\/title>\n<meta name=\"robots\" content=\"noindex, follow, max-snippet:-1, max-image-preview:large, max-video-preview:-1\" \/>\n<meta property=\"og:locale\" content=\"es_ES\" \/>\n<meta property=\"og:type\" content=\"article\" \/>\n<meta property=\"og:title\" content=\"La borrasca Evelyn, se convierte en invitada especial de La Ruta de la Sal 2022 | Regata La Ruta de la Sal\" \/>\n<meta property=\"og:description\" content=\"Jornada de registros y de controles de seguridad y medici\u00f3n de las embarcaciones participantes en la 34\u00aa edici\u00f3n de la Ruta de la Sal 2022. A lo largo de toda la jornada, los participantes en este evento n\u00e1utico deportivo han pasado por las oficinas de la organizaci\u00f3n ubicadas en las instalaciones del CM Port Ginesta [&hellip;]\" \/>\n<meta property=\"og:url\" content=\"https:\/\/labs.100x100.net\/projects\/rutasal\/la-borrasca-evelyn-se-convierte-en-invitada-especial-de-la-ruta-de-la-sal-2022\/\" \/>\n<meta property=\"og:site_name\" content=\"Regata La Ruta de la Sal\" \/>\n<meta property=\"article:publisher\" content=\"https:\/\/www.facebook.com\/rutadelasal\/\" \/>\n<meta property=\"article:published_time\" content=\"2022-04-13T16:30:34+00:00\" \/>\n<meta property=\"article:modified_time\" content=\"2022-04-13T16:32:25+00:00\" \/>\n<meta property=\"og:image\" content=\"https:\/\/labs.100x100.net\/projects\/rutasal\/custom\/uploads\/2022\/04\/SalidaLaSal1.jpg\" \/>\n\t<meta property=\"og:image:width\" content=\"772\" \/>\n\t<meta property=\"og:image:height\" content=\"502\" \/>\n\t<meta property=\"og:image:type\" content=\"image\/jpeg\" \/>\n<meta name=\"author\" content=\"Ferran\" \/>\n<meta name=\"twitter:card\" content=\"summary_large_image\" \/>\n<meta name=\"twitter:creator\" content=\"@AnamMedi\" \/>\n<meta name=\"twitter:site\" content=\"@AnamMedi\" \/>\n<meta name=\"twitter:label1\" content=\"Escrito por\" \/>\n\t<meta name=\"twitter:data1\" content=\"Ferran\" \/>\n\t<meta name=\"twitter:label2\" content=\"Tiempo de lectura\" \/>\n\t<meta name=\"twitter:data2\" content=\"3 minutos\" \/>\n<script type=\"application\/ld+json\" class=\"yoast-schema-graph\">{\"@context\":\"https:\/\/schema.org\",\"@graph\":[{\"@type\":\"WebPage\",\"@id\":\"https:\/\/labs.100x100.net\/projects\/rutasal\/la-borrasca-evelyn-se-convierte-en-invitada-especial-de-la-ruta-de-la-sal-2022\/\",\"url\":\"https:\/\/labs.100x100.net\/projects\/rutasal\/la-borrasca-evelyn-se-convierte-en-invitada-especial-de-la-ruta-de-la-sal-2022\/\",\"name\":\"La borrasca Evelyn, se convierte en invitada especial de La Ruta de la Sal 2022 | Regata La Ruta de la Sal\",\"isPartOf\":{\"@id\":\"https:\/\/labs.100x100.net\/projects\/rutasal\/#website\"},\"primaryImageOfPage\":{\"@id\":\"https:\/\/labs.100x100.net\/projects\/rutasal\/la-borrasca-evelyn-se-convierte-en-invitada-especial-de-la-ruta-de-la-sal-2022\/#primaryimage\"},\"image\":{\"@id\":\"https:\/\/labs.100x100.net\/projects\/rutasal\/la-borrasca-evelyn-se-convierte-en-invitada-especial-de-la-ruta-de-la-sal-2022\/#primaryimage\"},\"thumbnailUrl\":\"https:\/\/labs.100x100.net\/projects\/rutasal\/custom\/uploads\/2022\/04\/SalidaLaSal1.jpg\",\"datePublished\":\"2022-04-13T16:30:34+00:00\",\"dateModified\":\"2022-04-13T16:32:25+00:00\",\"author\":{\"@id\":\"https:\/\/labs.100x100.net\/projects\/rutasal\/#\/schema\/person\/24a02a346c826cf8502e7fb8edc0396c\"},\"breadcrumb\":{\"@id\":\"https:\/\/labs.100x100.net\/projects\/rutasal\/la-borrasca-evelyn-se-convierte-en-invitada-especial-de-la-ruta-de-la-sal-2022\/#breadcrumb\"},\"inLanguage\":\"es\",\"potentialAction\":[{\"@type\":\"ReadAction\",\"target\":[\"https:\/\/labs.100x100.net\/projects\/rutasal\/la-borrasca-evelyn-se-convierte-en-invitada-especial-de-la-ruta-de-la-sal-2022\/\"]}]},{\"@type\":\"ImageObject\",\"inLanguage\":\"es\",\"@id\":\"https:\/\/labs.100x100.net\/projects\/rutasal\/la-borrasca-evelyn-se-convierte-en-invitada-especial-de-la-ruta-de-la-sal-2022\/#primaryimage\",\"url\":\"https:\/\/labs.100x100.net\/projects\/rutasal\/custom\/uploads\/2022\/04\/SalidaLaSal1.jpg\",\"contentUrl\":\"https:\/\/labs.100x100.net\/projects\/rutasal\/custom\/uploads\/2022\/04\/SalidaLaSal1.jpg\",\"width\":772,\"height\":502,\"caption\":\"la ruta de la sal 2022\"},{\"@type\":\"BreadcrumbList\",\"@id\":\"https:\/\/labs.100x100.net\/projects\/rutasal\/la-borrasca-evelyn-se-convierte-en-invitada-especial-de-la-ruta-de-la-sal-2022\/#breadcrumb\",\"itemListElement\":[{\"@type\":\"ListItem\",\"position\":1,\"name\":\"Portada\",\"item\":\"https:\/\/labs.100x100.net\/projects\/rutasal\/\"},{\"@type\":\"ListItem\",\"position\":2,\"name\":\"La borrasca Evelyn, se convierte en invitada especial de La Ruta de la Sal 2022\"}]},{\"@type\":\"WebSite\",\"@id\":\"https:\/\/labs.100x100.net\/projects\/rutasal\/#website\",\"url\":\"https:\/\/labs.100x100.net\/projects\/rutasal\/\",\"name\":\"Regata La Ruta de la Sal\",\"description\":\"Regata La Ruta de la Sal es una regata de Altura Mediterr\u00e1nea para barcos de crucero a vela con destino en Ibiza, que se disputa anualmente en Semana Santa.\",\"potentialAction\":[{\"@type\":\"SearchAction\",\"target\":{\"@type\":\"EntryPoint\",\"urlTemplate\":\"https:\/\/labs.100x100.net\/projects\/rutasal\/?s={search_term_string}\"},\"query-input\":\"required name=search_term_string\"}],\"inLanguage\":\"es\"},{\"@type\":\"Person\",\"@id\":\"https:\/\/labs.100x100.net\/projects\/rutasal\/#\/schema\/person\/24a02a346c826cf8502e7fb8edc0396c\",\"name\":\"Ferran\",\"image\":{\"@type\":\"ImageObject\",\"inLanguage\":\"es\",\"@id\":\"https:\/\/labs.100x100.net\/projects\/rutasal\/#\/schema\/person\/image\/\",\"url\":\"https:\/\/secure.gravatar.com\/avatar\/d1c4bb756eb5c888319d7e06d9dc1559?s=96&d=mm&r=g\",\"contentUrl\":\"https:\/\/secure.gravatar.com\/avatar\/d1c4bb756eb5c888319d7e06d9dc1559?s=96&d=mm&r=g\",\"caption\":\"Ferran\"}}]}<\/script>\n<!-- \/ Yoast SEO plugin. -->","yoast_head_json":{"title":"La borrasca Evelyn, se convierte en invitada especial de La Ruta de la Sal 2022 | Regata La Ruta de la Sal","robots":{"index":"noindex","follow":"follow","max-snippet":"max-snippet:-1","max-image-preview":"max-image-preview:large","max-video-preview":"max-video-preview:-1"},"og_locale":"es_ES","og_type":"article","og_title":"La borrasca Evelyn, se convierte en invitada especial de La Ruta de la Sal 2022 | Regata La Ruta de la Sal","og_description":"Jornada de registros y de controles de seguridad y medici\u00f3n de las embarcaciones participantes en la 34\u00aa edici\u00f3n de la Ruta de la Sal 2022. A lo largo de toda la jornada, los participantes en este evento n\u00e1utico deportivo han pasado por las oficinas de la organizaci\u00f3n ubicadas en las instalaciones del CM Port Ginesta [&hellip;]","og_url":"https:\/\/labs.100x100.net\/projects\/rutasal\/la-borrasca-evelyn-se-convierte-en-invitada-especial-de-la-ruta-de-la-sal-2022\/","og_site_name":"Regata La Ruta de la Sal","article_publisher":"https:\/\/www.facebook.com\/rutadelasal\/","article_published_time":"2022-04-13T16:30:34+00:00","article_modified_time":"2022-04-13T16:32:25+00:00","og_image":[{"width":772,"height":502,"url":"https:\/\/labs.100x100.net\/projects\/rutasal\/custom\/uploads\/2022\/04\/SalidaLaSal1.jpg","type":"image\/jpeg"}],"author":"Ferran","twitter_card":"summary_large_image","twitter_creator":"@AnamMedi","twitter_site":"@AnamMedi","twitter_misc":{"Escrito por":"Ferran","Tiempo de lectura":"3 minutos"},"schema":{"@context":"https:\/\/schema.org","@graph":[{"@type":"WebPage","@id":"https:\/\/labs.100x100.net\/projects\/rutasal\/la-borrasca-evelyn-se-convierte-en-invitada-especial-de-la-ruta-de-la-sal-2022\/","url":"https:\/\/labs.100x100.net\/projects\/rutasal\/la-borrasca-evelyn-se-convierte-en-invitada-especial-de-la-ruta-de-la-sal-2022\/","name":"La borrasca Evelyn, se convierte en invitada especial de La Ruta de la Sal 2022 | Regata La Ruta de la Sal","isPartOf":{"@id":"https:\/\/labs.100x100.net\/projects\/rutasal\/#website"},"primaryImageOfPage":{"@id":"https:\/\/labs.100x100.net\/projects\/rutasal\/la-borrasca-evelyn-se-convierte-en-invitada-especial-de-la-ruta-de-la-sal-2022\/#primaryimage"},"image":{"@id":"https:\/\/labs.100x100.net\/projects\/rutasal\/la-borrasca-evelyn-se-convierte-en-invitada-especial-de-la-ruta-de-la-sal-2022\/#primaryimage"},"thumbnailUrl":"https:\/\/labs.100x100.net\/projects\/rutasal\/custom\/uploads\/2022\/04\/SalidaLaSal1.jpg","datePublished":"2022-04-13T16:30:34+00:00","dateModified":"2022-04-13T16:32:25+00:00","author":{"@id":"https:\/\/labs.100x100.net\/projects\/rutasal\/#\/schema\/person\/24a02a346c826cf8502e7fb8edc0396c"},"breadcrumb":{"@id":"https:\/\/labs.100x100.net\/projects\/rutasal\/la-borrasca-evelyn-se-convierte-en-invitada-especial-de-la-ruta-de-la-sal-2022\/#breadcrumb"},"inLanguage":"es","potentialAction":[{"@type":"ReadAction","target":["https:\/\/labs.100x100.net\/projects\/rutasal\/la-borrasca-evelyn-se-convierte-en-invitada-especial-de-la-ruta-de-la-sal-2022\/"]}]},{"@type":"ImageObject","inLanguage":"es","@id":"https:\/\/labs.100x100.net\/projects\/rutasal\/la-borrasca-evelyn-se-convierte-en-invitada-especial-de-la-ruta-de-la-sal-2022\/#primaryimage","url":"https:\/\/labs.100x100.net\/projects\/rutasal\/custom\/uploads\/2022\/04\/SalidaLaSal1.jpg","contentUrl":"https:\/\/labs.100x100.net\/projects\/rutasal\/custom\/uploads\/2022\/04\/SalidaLaSal1.jpg","width":772,"height":502,"caption":"la ruta de la sal 2022"},{"@type":"BreadcrumbList","@id":"https:\/\/labs.100x100.net\/projects\/rutasal\/la-borrasca-evelyn-se-convierte-en-invitada-especial-de-la-ruta-de-la-sal-2022\/#breadcrumb","itemListElement":[{"@type":"ListItem","position":1,"name":"Portada","item":"https:\/\/labs.100x100.net\/projects\/rutasal\/"},{"@type":"ListItem","position":2,"name":"La borrasca Evelyn, se convierte en invitada especial de La Ruta de la Sal 2022"}]},{"@type":"WebSite","@id":"https:\/\/labs.100x100.net\/projects\/rutasal\/#website","url":"https:\/\/labs.100x100.net\/projects\/rutasal\/","name":"Regata La Ruta de la Sal","description":"Regata La Ruta de la Sal es una regata de Altura Mediterr\u00e1nea para barcos de crucero a vela con destino en Ibiza, que se disputa anualmente en Semana Santa.","potentialAction":[{"@type":"SearchAction","target":{"@type":"EntryPoint","urlTemplate":"https:\/\/labs.100x100.net\/projects\/rutasal\/?s={search_term_string}"},"query-input":"required name=search_term_string"}],"inLanguage":"es"},{"@type":"Person","@id":"https:\/\/labs.100x100.net\/projects\/rutasal\/#\/schema\/person\/24a02a346c826cf8502e7fb8edc0396c","name":"Ferran","image":{"@type":"ImageObject","inLanguage":"es","@id":"https:\/\/labs.100x100.net\/projects\/rutasal\/#\/schema\/person\/image\/","url":"https:\/\/secure.gravatar.com\/avatar\/d1c4bb756eb5c888319d7e06d9dc1559?s=96&d=mm&r=g","contentUrl":"https:\/\/secure.gravatar.com\/avatar\/d1c4bb756eb5c888319d7e06d9dc1559?s=96&d=mm&r=g","caption":"Ferran"}}]}},"_links":{"self":[{"href":"https:\/\/labs.100x100.net\/projects\/rutasal\/wp-json\/wp\/v2\/posts\/7275"}],"collection":[{"href":"https:\/\/labs.100x100.net\/projects\/rutasal\/wp-json\/wp\/v2\/posts"}],"about":[{"href":"https:\/\/labs.100x100.net\/projects\/rutasal\/wp-json\/wp\/v2\/types\/post"}],"author":[{"embeddable":true,"href":"https:\/\/labs.100x100.net\/projects\/rutasal\/wp-json\/wp\/v2\/users\/2"}],"replies":[{"embeddable":true,"href":"https:\/\/labs.100x100.net\/projects\/rutasal\/wp-json\/wp\/v2\/comments?post=7275"}],"version-history":[{"count":3,"href":"https:\/\/labs.100x100.net\/projects\/rutasal\/wp-json\/wp\/v2\/posts\/7275\/revisions"}],"predecessor-version":[{"id":7287,"href":"https:\/\/labs.100x100.net\/projects\/rutasal\/wp-json\/wp\/v2\/posts\/7275\/revisions\/7287"}],"wp:featuredmedia":[{"embeddable":true,"href":"https:\/\/labs.100x100.net\/projects\/rutasal\/wp-json\/wp\/v2\/media\/7276"}],"wp:attachment":[{"href":"https:\/\/labs.100x100.net\/projects\/rutasal\/wp-json\/wp\/v2\/media?parent=7275"}],"wp:term":[{"taxonomy":"category","embeddable":true,"href":"https:\/\/labs.100x100.net\/projects\/rutasal\/wp-json\/wp\/v2\/categories?post=7275"},{"taxonomy":"post_tag","embeddable":true,"href":"https:\/\/labs.100x100.net\/projects\/rutasal\/wp-json\/wp\/v2\/tags?post=7275"}],"curies":[{"name":"wp","href":"https:\/\/api.w.org\/{rel}","templated":true}]}}