{"id":7201,"date":"2022-04-12T00:18:04","date_gmt":"2022-04-11T22:18:04","guid":{"rendered":"https:\/\/larutadelasal.com\/?p=7201"},"modified":"2022-04-12T11:45:56","modified_gmt":"2022-04-12T09:45:56","slug":"categoria-globesailor-dedicada-a-las-embarcaciones-de-charter-escuela","status":"publish","type":"post","link":"https:\/\/labs.100x100.net\/projects\/rutasal\/categoria-globesailor-dedicada-a-las-embarcaciones-de-charter-escuela\/","title":{"rendered":"Categor\u00eda GlobeSailor, dedicada a las embarcaciones de charter\/escuela"},"content":{"rendered":"<p><img loading=\"lazy\" decoding=\"async\" class=\"aligncenter wp-image-7205 size-full\" src=\"http:\/\/larutadelasal.com\/custom\/uploads\/2022\/04\/01_Equitat-3-La-Sal-2021-1.jpg\" alt=\"\" width=\"900\" height=\"601\" srcset=\"https:\/\/labs.100x100.net\/projects\/rutasal\/custom\/uploads\/2022\/04\/01_Equitat-3-La-Sal-2021-1.jpg 900w, https:\/\/labs.100x100.net\/projects\/rutasal\/custom\/uploads\/2022\/04\/01_Equitat-3-La-Sal-2021-1-300x200.jpg 300w, https:\/\/labs.100x100.net\/projects\/rutasal\/custom\/uploads\/2022\/04\/01_Equitat-3-La-Sal-2021-1-768x513.jpg 768w\" sizes=\"(max-width: 900px) 100vw, 900px\" \/><\/p>\n<p>La participaci\u00f3n de embarcaciones de alquiler en La Ruta de la Sal va en constante aumento y, en su voluntad por acercar a los apasionados de la vela a la navegaci\u00f3n de altura, la regata lleva ya tres a\u00f1os colaborado con la plataforma para el alquiler de barcos a trav\u00e9s de internet <a href=\"https:\/\/www.globesailor.es\/\">GlobeSailor<\/a>, que a partir de esta edici\u00f3n da nombre a la categor\u00eda de barcos de lista sexta.<\/p>\n<p><img loading=\"lazy\" decoding=\"async\" class=\"aligncenter wp-image-7211 size-full\" src=\"http:\/\/larutadelasal.com\/custom\/uploads\/2022\/04\/51305347084_fe001af1c8_o.jpg\" alt=\"\" width=\"1000\" height=\"662\" srcset=\"https:\/\/labs.100x100.net\/projects\/rutasal\/custom\/uploads\/2022\/04\/51305347084_fe001af1c8_o.jpg 1000w, https:\/\/labs.100x100.net\/projects\/rutasal\/custom\/uploads\/2022\/04\/51305347084_fe001af1c8_o-300x199.jpg 300w, https:\/\/labs.100x100.net\/projects\/rutasal\/custom\/uploads\/2022\/04\/51305347084_fe001af1c8_o-768x508.jpg 768w\" sizes=\"(max-width: 1000px) 100vw, 1000px\" \/><\/p>\n<p>El 14 de abril cerca de 20 veleros de la Categor\u00eda <a href=\"https:\/\/www.globesailor.es\/\">GlobeSailor<\/a> pondr\u00e1n rumbo a la maravillosa isla de Ibiza. Entre ellos cabe destacar la presencia de embarcaciones de varios clubes de navegaci\u00f3n, como M\u00e1s Navega y Barcelona Business Yacht. Los miembros de estos clubes navegan, y algunos se entrenan todo el a\u00f1o, a bordo de embarcaciones compartidas para participar en regatas como La Ruta de la Sal. Tambi\u00e9n destacar la presencia de empresas como Yacht Point BCN que, adem\u00e1s de ofrecer servicios de charter, se dedica a impartir clases a aquellas personas interesadas en conseguir titulaciones n\u00e1uticas.<\/p>\n<p><img loading=\"lazy\" decoding=\"async\" class=\"aligncenter wp-image-7208 size-full\" src=\"http:\/\/larutadelasal.com\/custom\/uploads\/2022\/04\/51303881342_f231d5279a_o.jpg\" alt=\"\" width=\"1000\" height=\"662\" srcset=\"https:\/\/labs.100x100.net\/projects\/rutasal\/custom\/uploads\/2022\/04\/51303881342_f231d5279a_o.jpg 1000w, https:\/\/labs.100x100.net\/projects\/rutasal\/custom\/uploads\/2022\/04\/51303881342_f231d5279a_o-300x199.jpg 300w, https:\/\/labs.100x100.net\/projects\/rutasal\/custom\/uploads\/2022\/04\/51303881342_f231d5279a_o-768x508.jpg 768w\" sizes=\"(max-width: 1000px) 100vw, 1000px\" \/><\/p>\n<p>Lo que todas estas empresas tienen en com\u00fan es una gran pasi\u00f3n por el mar y un gran deseo de acercar al mundo de la vela a todas aquellas personas que aman navegar y que sin embargo no poseen un barco proprio para hacerlo.<\/p>\n<p>Para ver el listado completo de inscritos haz clic aqu\u00ed:\u00a0<a href=\"https:\/\/larutadelasal.com\/relacion-de-inscritos\/\"><strong>Inscritos La Ruta de la Sal 2022<\/strong><\/a><\/p>\n<p>Foto \u00a9AlfredFarre.com<\/p>\n","protected":false},"excerpt":{"rendered":"<p>La participaci\u00f3n de embarcaciones de alquiler en La Ruta de la Sal va en constante aumento y, en su voluntad por acercar a los apasionados de la vela a la navegaci\u00f3n de altura, la regata lleva ya tres a\u00f1os colaborado con la plataforma para el alquiler de barcos a trav\u00e9s de internet GlobeSailor, que a [&hellip;]<\/p>\n","protected":false},"author":7,"featured_media":7205,"comment_status":"open","ping_status":"open","sticky":false,"template":"","format":"standard","meta":{"_acf_changed":false,"footnotes":""},"categories":[3],"tags":[],"acf":[],"yoast_head":"<!-- This site is optimized with the Yoast SEO plugin v23.0 - https:\/\/yoast.com\/wordpress\/plugins\/seo\/ -->\n<title>Categor\u00eda GlobeSailor, dedicada a las embarcaciones de charter\/escuela<\/title>\n<meta name=\"description\" content=\"La participaci\u00f3n de barcos de alquiler en La Sal va en constante aumento, entre ellos destaca la presencia de embarcaciones de varios clubes de navegaci\u00f3n.\" \/>\n<meta name=\"robots\" content=\"noindex, follow, max-snippet:-1, max-image-preview:large, max-video-preview:-1\" \/>\n<meta property=\"og:locale\" content=\"es_ES\" \/>\n<meta property=\"og:type\" content=\"article\" \/>\n<meta property=\"og:title\" content=\"Categor\u00eda GlobeSailor, dedicada a las embarcaciones de charter\/escuela\" \/>\n<meta property=\"og:description\" content=\"La participaci\u00f3n de barcos de alquiler en La Sal va en constante aumento, entre ellos destaca la presencia de embarcaciones de varios clubes de navegaci\u00f3n.\" \/>\n<meta property=\"og:url\" content=\"https:\/\/labs.100x100.net\/projects\/rutasal\/categoria-globesailor-dedicada-a-las-embarcaciones-de-charter-escuela\/\" \/>\n<meta property=\"og:site_name\" content=\"Regata La Ruta de la Sal\" \/>\n<meta property=\"article:publisher\" content=\"https:\/\/www.facebook.com\/rutadelasal\/\" \/>\n<meta property=\"article:published_time\" content=\"2022-04-11T22:18:04+00:00\" \/>\n<meta property=\"article:modified_time\" content=\"2022-04-12T09:45:56+00:00\" \/>\n<meta property=\"og:image\" content=\"https:\/\/labs.100x100.net\/projects\/rutasal\/custom\/uploads\/2022\/04\/01_Equitat-3-La-Sal-2021-1.jpg\" \/>\n\t<meta property=\"og:image:width\" content=\"900\" \/>\n\t<meta property=\"og:image:height\" content=\"601\" \/>\n\t<meta property=\"og:image:type\" content=\"image\/jpeg\" \/>\n<meta name=\"author\" content=\"Valentina Libri\" \/>\n<meta name=\"twitter:card\" content=\"summary_large_image\" \/>\n<meta name=\"twitter:creator\" content=\"@AnamMedi\" \/>\n<meta name=\"twitter:site\" content=\"@AnamMedi\" \/>\n<meta name=\"twitter:label1\" content=\"Escrito por\" \/>\n\t<meta name=\"twitter:data1\" content=\"Valentina Libri\" \/>\n\t<meta name=\"twitter:label2\" content=\"Tiempo de lectura\" \/>\n\t<meta name=\"twitter:data2\" content=\"2 minutos\" \/>\n<script type=\"application\/ld+json\" class=\"yoast-schema-graph\">{\"@context\":\"https:\/\/schema.org\",\"@graph\":[{\"@type\":\"WebPage\",\"@id\":\"https:\/\/labs.100x100.net\/projects\/rutasal\/categoria-globesailor-dedicada-a-las-embarcaciones-de-charter-escuela\/\",\"url\":\"https:\/\/labs.100x100.net\/projects\/rutasal\/categoria-globesailor-dedicada-a-las-embarcaciones-de-charter-escuela\/\",\"name\":\"Categor\u00eda GlobeSailor, dedicada a las embarcaciones de charter\/escuela\",\"isPartOf\":{\"@id\":\"https:\/\/labs.100x100.net\/projects\/rutasal\/#website\"},\"primaryImageOfPage\":{\"@id\":\"https:\/\/labs.100x100.net\/projects\/rutasal\/categoria-globesailor-dedicada-a-las-embarcaciones-de-charter-escuela\/#primaryimage\"},\"image\":{\"@id\":\"https:\/\/labs.100x100.net\/projects\/rutasal\/categoria-globesailor-dedicada-a-las-embarcaciones-de-charter-escuela\/#primaryimage\"},\"thumbnailUrl\":\"https:\/\/labs.100x100.net\/projects\/rutasal\/custom\/uploads\/2022\/04\/01_Equitat-3-La-Sal-2021-1.jpg\",\"datePublished\":\"2022-04-11T22:18:04+00:00\",\"dateModified\":\"2022-04-12T09:45:56+00:00\",\"author\":{\"@id\":\"https:\/\/labs.100x100.net\/projects\/rutasal\/#\/schema\/person\/78b3519b5320819eb3428bc4a4363faf\"},\"description\":\"La participaci\u00f3n de barcos de alquiler en La Sal va en constante aumento, entre ellos destaca la presencia de embarcaciones de varios clubes de navegaci\u00f3n.\",\"breadcrumb\":{\"@id\":\"https:\/\/labs.100x100.net\/projects\/rutasal\/categoria-globesailor-dedicada-a-las-embarcaciones-de-charter-escuela\/#breadcrumb\"},\"inLanguage\":\"es\",\"potentialAction\":[{\"@type\":\"ReadAction\",\"target\":[\"https:\/\/labs.100x100.net\/projects\/rutasal\/categoria-globesailor-dedicada-a-las-embarcaciones-de-charter-escuela\/\"]}]},{\"@type\":\"ImageObject\",\"inLanguage\":\"es\",\"@id\":\"https:\/\/labs.100x100.net\/projects\/rutasal\/categoria-globesailor-dedicada-a-las-embarcaciones-de-charter-escuela\/#primaryimage\",\"url\":\"https:\/\/labs.100x100.net\/projects\/rutasal\/custom\/uploads\/2022\/04\/01_Equitat-3-La-Sal-2021-1.jpg\",\"contentUrl\":\"https:\/\/labs.100x100.net\/projects\/rutasal\/custom\/uploads\/2022\/04\/01_Equitat-3-La-Sal-2021-1.jpg\",\"width\":900,\"height\":601},{\"@type\":\"BreadcrumbList\",\"@id\":\"https:\/\/labs.100x100.net\/projects\/rutasal\/categoria-globesailor-dedicada-a-las-embarcaciones-de-charter-escuela\/#breadcrumb\",\"itemListElement\":[{\"@type\":\"ListItem\",\"position\":1,\"name\":\"Portada\",\"item\":\"https:\/\/labs.100x100.net\/projects\/rutasal\/\"},{\"@type\":\"ListItem\",\"position\":2,\"name\":\"Categor\u00eda GlobeSailor, dedicada a las embarcaciones de charter\/escuela\"}]},{\"@type\":\"WebSite\",\"@id\":\"https:\/\/labs.100x100.net\/projects\/rutasal\/#website\",\"url\":\"https:\/\/labs.100x100.net\/projects\/rutasal\/\",\"name\":\"Regata La Ruta de la Sal\",\"description\":\"Regata La Ruta de la Sal es una regata de Altura Mediterr\u00e1nea para barcos de crucero a vela con destino en Ibiza, que se disputa anualmente en Semana Santa.\",\"potentialAction\":[{\"@type\":\"SearchAction\",\"target\":{\"@type\":\"EntryPoint\",\"urlTemplate\":\"https:\/\/labs.100x100.net\/projects\/rutasal\/?s={search_term_string}\"},\"query-input\":\"required name=search_term_string\"}],\"inLanguage\":\"es\"},{\"@type\":\"Person\",\"@id\":\"https:\/\/labs.100x100.net\/projects\/rutasal\/#\/schema\/person\/78b3519b5320819eb3428bc4a4363faf\",\"name\":\"Valentina Libri\",\"image\":{\"@type\":\"ImageObject\",\"inLanguage\":\"es\",\"@id\":\"https:\/\/labs.100x100.net\/projects\/rutasal\/#\/schema\/person\/image\/\",\"url\":\"https:\/\/secure.gravatar.com\/avatar\/99c0547d5c3f4720c6410e401af04fe2?s=96&d=mm&r=g\",\"contentUrl\":\"https:\/\/secure.gravatar.com\/avatar\/99c0547d5c3f4720c6410e401af04fe2?s=96&d=mm&r=g\",\"caption\":\"Valentina Libri\"}}]}<\/script>\n<!-- \/ Yoast SEO plugin. -->","yoast_head_json":{"title":"Categor\u00eda GlobeSailor, dedicada a las embarcaciones de charter\/escuela","description":"La participaci\u00f3n de barcos de alquiler en La Sal va en constante aumento, entre ellos destaca la presencia de embarcaciones de varios clubes de navegaci\u00f3n.","robots":{"index":"noindex","follow":"follow","max-snippet":"max-snippet:-1","max-image-preview":"max-image-preview:large","max-video-preview":"max-video-preview:-1"},"og_locale":"es_ES","og_type":"article","og_title":"Categor\u00eda GlobeSailor, dedicada a las embarcaciones de charter\/escuela","og_description":"La participaci\u00f3n de barcos de alquiler en La Sal va en constante aumento, entre ellos destaca la presencia de embarcaciones de varios clubes de navegaci\u00f3n.","og_url":"https:\/\/labs.100x100.net\/projects\/rutasal\/categoria-globesailor-dedicada-a-las-embarcaciones-de-charter-escuela\/","og_site_name":"Regata La Ruta de la Sal","article_publisher":"https:\/\/www.facebook.com\/rutadelasal\/","article_published_time":"2022-04-11T22:18:04+00:00","article_modified_time":"2022-04-12T09:45:56+00:00","og_image":[{"width":900,"height":601,"url":"https:\/\/labs.100x100.net\/projects\/rutasal\/custom\/uploads\/2022\/04\/01_Equitat-3-La-Sal-2021-1.jpg","type":"image\/jpeg"}],"author":"Valentina Libri","twitter_card":"summary_large_image","twitter_creator":"@AnamMedi","twitter_site":"@AnamMedi","twitter_misc":{"Escrito por":"Valentina Libri","Tiempo de lectura":"2 minutos"},"schema":{"@context":"https:\/\/schema.org","@graph":[{"@type":"WebPage","@id":"https:\/\/labs.100x100.net\/projects\/rutasal\/categoria-globesailor-dedicada-a-las-embarcaciones-de-charter-escuela\/","url":"https:\/\/labs.100x100.net\/projects\/rutasal\/categoria-globesailor-dedicada-a-las-embarcaciones-de-charter-escuela\/","name":"Categor\u00eda GlobeSailor, dedicada a las embarcaciones de charter\/escuela","isPartOf":{"@id":"https:\/\/labs.100x100.net\/projects\/rutasal\/#website"},"primaryImageOfPage":{"@id":"https:\/\/labs.100x100.net\/projects\/rutasal\/categoria-globesailor-dedicada-a-las-embarcaciones-de-charter-escuela\/#primaryimage"},"image":{"@id":"https:\/\/labs.100x100.net\/projects\/rutasal\/categoria-globesailor-dedicada-a-las-embarcaciones-de-charter-escuela\/#primaryimage"},"thumbnailUrl":"https:\/\/labs.100x100.net\/projects\/rutasal\/custom\/uploads\/2022\/04\/01_Equitat-3-La-Sal-2021-1.jpg","datePublished":"2022-04-11T22:18:04+00:00","dateModified":"2022-04-12T09:45:56+00:00","author":{"@id":"https:\/\/labs.100x100.net\/projects\/rutasal\/#\/schema\/person\/78b3519b5320819eb3428bc4a4363faf"},"description":"La participaci\u00f3n de barcos de alquiler en La Sal va en constante aumento, entre ellos destaca la presencia de embarcaciones de varios clubes de navegaci\u00f3n.","breadcrumb":{"@id":"https:\/\/labs.100x100.net\/projects\/rutasal\/categoria-globesailor-dedicada-a-las-embarcaciones-de-charter-escuela\/#breadcrumb"},"inLanguage":"es","potentialAction":[{"@type":"ReadAction","target":["https:\/\/labs.100x100.net\/projects\/rutasal\/categoria-globesailor-dedicada-a-las-embarcaciones-de-charter-escuela\/"]}]},{"@type":"ImageObject","inLanguage":"es","@id":"https:\/\/labs.100x100.net\/projects\/rutasal\/categoria-globesailor-dedicada-a-las-embarcaciones-de-charter-escuela\/#primaryimage","url":"https:\/\/labs.100x100.net\/projects\/rutasal\/custom\/uploads\/2022\/04\/01_Equitat-3-La-Sal-2021-1.jpg","contentUrl":"https:\/\/labs.100x100.net\/projects\/rutasal\/custom\/uploads\/2022\/04\/01_Equitat-3-La-Sal-2021-1.jpg","width":900,"height":601},{"@type":"BreadcrumbList","@id":"https:\/\/labs.100x100.net\/projects\/rutasal\/categoria-globesailor-dedicada-a-las-embarcaciones-de-charter-escuela\/#breadcrumb","itemListElement":[{"@type":"ListItem","position":1,"name":"Portada","item":"https:\/\/labs.100x100.net\/projects\/rutasal\/"},{"@type":"ListItem","position":2,"name":"Categor\u00eda GlobeSailor, dedicada a las embarcaciones de charter\/escuela"}]},{"@type":"WebSite","@id":"https:\/\/labs.100x100.net\/projects\/rutasal\/#website","url":"https:\/\/labs.100x100.net\/projects\/rutasal\/","name":"Regata La Ruta de la Sal","description":"Regata La Ruta de la Sal es una regata de Altura Mediterr\u00e1nea para barcos de crucero a vela con destino en Ibiza, que se disputa anualmente en Semana Santa.","potentialAction":[{"@type":"SearchAction","target":{"@type":"EntryPoint","urlTemplate":"https:\/\/labs.100x100.net\/projects\/rutasal\/?s={search_term_string}"},"query-input":"required name=search_term_string"}],"inLanguage":"es"},{"@type":"Person","@id":"https:\/\/labs.100x100.net\/projects\/rutasal\/#\/schema\/person\/78b3519b5320819eb3428bc4a4363faf","name":"Valentina Libri","image":{"@type":"ImageObject","inLanguage":"es","@id":"https:\/\/labs.100x100.net\/projects\/rutasal\/#\/schema\/person\/image\/","url":"https:\/\/secure.gravatar.com\/avatar\/99c0547d5c3f4720c6410e401af04fe2?s=96&d=mm&r=g","contentUrl":"https:\/\/secure.gravatar.com\/avatar\/99c0547d5c3f4720c6410e401af04fe2?s=96&d=mm&r=g","caption":"Valentina Libri"}}]}},"_links":{"self":[{"href":"https:\/\/labs.100x100.net\/projects\/rutasal\/wp-json\/wp\/v2\/posts\/7201"}],"collection":[{"href":"https:\/\/labs.100x100.net\/projects\/rutasal\/wp-json\/wp\/v2\/posts"}],"about":[{"href":"https:\/\/labs.100x100.net\/projects\/rutasal\/wp-json\/wp\/v2\/types\/post"}],"author":[{"embeddable":true,"href":"https:\/\/labs.100x100.net\/projects\/rutasal\/wp-json\/wp\/v2\/users\/7"}],"replies":[{"embeddable":true,"href":"https:\/\/labs.100x100.net\/projects\/rutasal\/wp-json\/wp\/v2\/comments?post=7201"}],"version-history":[{"count":4,"href":"https:\/\/labs.100x100.net\/projects\/rutasal\/wp-json\/wp\/v2\/posts\/7201\/revisions"}],"predecessor-version":[{"id":7217,"href":"https:\/\/labs.100x100.net\/projects\/rutasal\/wp-json\/wp\/v2\/posts\/7201\/revisions\/7217"}],"wp:featuredmedia":[{"embeddable":true,"href":"https:\/\/labs.100x100.net\/projects\/rutasal\/wp-json\/wp\/v2\/media\/7205"}],"wp:attachment":[{"href":"https:\/\/labs.100x100.net\/projects\/rutasal\/wp-json\/wp\/v2\/media?parent=7201"}],"wp:term":[{"taxonomy":"category","embeddable":true,"href":"https:\/\/labs.100x100.net\/projects\/rutasal\/wp-json\/wp\/v2\/categories?post=7201"},{"taxonomy":"post_tag","embeddable":true,"href":"https:\/\/labs.100x100.net\/projects\/rutasal\/wp-json\/wp\/v2\/tags?post=7201"}],"curies":[{"name":"wp","href":"https:\/\/api.w.org\/{rel}","templated":true}]}}