{"id":7194,"date":"2022-04-11T23:00:33","date_gmt":"2022-04-11T21:00:33","guid":{"rendered":"https:\/\/larutadelasal.com\/?p=7194"},"modified":"2022-04-11T23:02:52","modified_gmt":"2022-04-11T21:02:52","slug":"el-comite-de-regata-sigue-de-cerca-la-evolucion-meteorologica","status":"publish","type":"post","link":"https:\/\/labs.100x100.net\/projects\/rutasal\/el-comite-de-regata-sigue-de-cerca-la-evolucion-meteorologica\/","title":{"rendered":"El Comit\u00e9 de regata sigue de cerca la evoluci\u00f3n meteorol\u00f3gica"},"content":{"rendered":"<p><img loading=\"lazy\" decoding=\"async\" class=\"aligncenter wp-image-7195 size-full\" src=\"http:\/\/larutadelasal.com\/custom\/uploads\/2022\/04\/34013778285_4fc3670ec9_o.jpg\" alt=\"\" width=\"1274\" height=\"855\" srcset=\"https:\/\/labs.100x100.net\/projects\/rutasal\/custom\/uploads\/2022\/04\/34013778285_4fc3670ec9_o.jpg 1274w, https:\/\/labs.100x100.net\/projects\/rutasal\/custom\/uploads\/2022\/04\/34013778285_4fc3670ec9_o-300x201.jpg 300w, https:\/\/labs.100x100.net\/projects\/rutasal\/custom\/uploads\/2022\/04\/34013778285_4fc3670ec9_o-1024x687.jpg 1024w, https:\/\/labs.100x100.net\/projects\/rutasal\/custom\/uploads\/2022\/04\/34013778285_4fc3670ec9_o-768x515.jpg 768w\" sizes=\"(max-width: 1274px) 100vw, 1274px\" \/><\/p>\n<p>Faltan cuatro d\u00edas para la salida de La Ruta de la Sal 2022, prevista para el jueves 14 de abril. Con el cartel de completo, al haber agotado el cupo de amarres disponibles en el Puerto de Sant Antoni de Portmany, meta de las embarcaciones inscritas, ya est\u00e1 todo preparado para acoger a una flota de 120 barcos. La gran regata de primavera del Mediterr\u00e1neo Occidental ya est\u00e1 lista.<\/p>\n<p>Las condiciones meteorol\u00f3gicas, a d\u00eda de hoy, se presentan desiguales. Para la flota de la Versi\u00f3n Barcelona, con salida desde Port Ginesta, los vientos de norte y noreste auguran una regata muy r\u00e1pida, con opci\u00f3n de batir el r\u00e9cord de la prueba. Por su parte, para la flota de Denia, con salida frente al Real Club N\u00e1utico de Denia, una intensidad algo mayor del viento en el canal de Ibiza y el mar de fondo pronostican una traves\u00eda m\u00e1s dura. Aunque la tendencia apunta a una mejora de las condiciones climatol\u00f3gicas a medida que pasen las horas, esta nueva edici\u00f3n supondr\u00e1, a bien seguro, un reto a los navegantes que tendr\u00e1n que aplicar toda su experiencia en la navegaci\u00f3n de altura. El Comit\u00e9 de Regata sigue de cerca la evoluci\u00f3n meteorol\u00f3gica y, si finalmente las condiciones de viento y mar as\u00ed lo aconsejan, podr\u00eda llegar a aplazar la salida de la Versi\u00f3n Denia hasta \u00faltima hora de la tarde del jueves, o incluso hasta el viernes por la ma\u00f1ana, caso en el que probablemente toda la flota har\u00eda el recorrido directo de 55 millas a Sant Antoni de Portmany.<\/p>\n<p>Como gran novedad de esta edici\u00f3n, destacar que la l\u00ednea de llegada estar\u00e1 posicionada frente a la Bah\u00eda de Sant Antoni de Portmany para integrar a\u00fan m\u00e1s la regata con la localidad ibicenca que la acoge, acercando con este nuevo escenario de la llegada, la regata a toda la poblaci\u00f3n local y visitante, que podr\u00e1n disfrutar del espect\u00e1culo de una Bah\u00eda llena de velas de los barcos m\u00e1s competitivos de la navegaci\u00f3n de altura.<\/p>\n<p><strong>Se recupera el 100% de los eventos sociales<\/strong><\/p>\n<p>Este a\u00f1o tambi\u00e9n se recupera la dimensi\u00f3n social de La Ruta de la Sal, uno de los atractivos de este evento n\u00e1utico, actos que re\u00fanen a los m\u00e1s de 800 tripulantes que compiten en ella, con las cenas de la v\u00edspera de la largada en los dos puertos de salida y los actos a la llegada de las embarcaciones, en el incomparable marco del puerto de Sant Antoni de Portmany, donde se activa el Village de la Regata, y se celebran las \u2018welcome party\u2019 para los regatistas, la ceremonia oficial de entrega de trofeos y la cena de despedida de la regata. Paralelamente, el Ayuntamiento de Sant Antoni de Portmany ha organizado para el s\u00e1bado 16 un evento musical en la playa del Arenal, a la que a bien seguro se sumar\u00e1n muchos regatistas para festejar sus logros.<\/p>\n<p><strong>Novedades deportivas<\/strong><\/p>\n<p>Para la categor\u00eda Mini-Sal, con un recorrido con rumbo directo de 55 millas desde Denia hasta Sant Antoni de Portmany, se anula la prohibici\u00f3n, que exist\u00eda hasta la pasada edici\u00f3n, del uso de velas para vientos portantes, con lo que los participantes podr\u00e1n exprimir al m\u00e1ximo las capacidades de sus embarcaciones.<\/p>\n<p>Una edici\u00f3n, la XXXIV, que est\u00e1 a punto de convertir de nuevo Ibiza en el centro del deporte n\u00e1utico durante el periodo de Semana Santa.<\/p>\n<p>Toda las novedades en\u00a0<a href=\"http:\/\/www.larutadelasal.com\/\">www.larutadelasal.com<\/a><\/p>\n<p>Foto \u00a9AlfredFarre.com<\/p>\n","protected":false},"excerpt":{"rendered":"<p>Faltan cuatro d\u00edas para la salida de La Ruta de la Sal 2022, prevista para el jueves 14 de abril. Con el cartel de completo, al haber agotado el cupo de amarres disponibles en el Puerto de Sant Antoni de Portmany, meta de las embarcaciones inscritas, ya est\u00e1 todo preparado para acoger a una flota [&hellip;]<\/p>\n","protected":false},"author":7,"featured_media":7195,"comment_status":"open","ping_status":"open","sticky":false,"template":"","format":"standard","meta":{"_acf_changed":false,"footnotes":""},"categories":[3],"tags":[],"acf":[],"yoast_head":"<!-- This site is optimized with the Yoast SEO plugin v23.0 - https:\/\/yoast.com\/wordpress\/plugins\/seo\/ -->\n<title>El Comit\u00e9 de regata sigue de cerca la evoluci\u00f3n meteorol\u00f3gica<\/title>\n<meta name=\"description\" content=\"Faltan cuatro d\u00edas para la salida de La Ruta de la Sal 2022 y, a d\u00eda de hoy, las condiciones meteorol\u00f3gicas se presentan desiguales.\" \/>\n<meta name=\"robots\" content=\"noindex, follow, max-snippet:-1, max-image-preview:large, max-video-preview:-1\" \/>\n<meta property=\"og:locale\" content=\"es_ES\" \/>\n<meta property=\"og:type\" content=\"article\" \/>\n<meta property=\"og:title\" content=\"El Comit\u00e9 de regata sigue de cerca la evoluci\u00f3n meteorol\u00f3gica\" \/>\n<meta property=\"og:description\" content=\"Faltan cuatro d\u00edas para la salida de La Ruta de la Sal 2022 y, a d\u00eda de hoy, las condiciones meteorol\u00f3gicas se presentan desiguales.\" \/>\n<meta property=\"og:url\" content=\"https:\/\/labs.100x100.net\/projects\/rutasal\/el-comite-de-regata-sigue-de-cerca-la-evolucion-meteorologica\/\" \/>\n<meta property=\"og:site_name\" content=\"Regata La Ruta de la Sal\" \/>\n<meta property=\"article:publisher\" content=\"https:\/\/www.facebook.com\/rutadelasal\/\" \/>\n<meta property=\"article:published_time\" content=\"2022-04-11T21:00:33+00:00\" \/>\n<meta property=\"article:modified_time\" content=\"2022-04-11T21:02:52+00:00\" \/>\n<meta property=\"og:image\" content=\"https:\/\/labs.100x100.net\/projects\/rutasal\/custom\/uploads\/2022\/04\/34013778285_4fc3670ec9_o.jpg\" \/>\n\t<meta property=\"og:image:width\" content=\"1274\" \/>\n\t<meta property=\"og:image:height\" content=\"855\" \/>\n\t<meta property=\"og:image:type\" content=\"image\/jpeg\" \/>\n<meta name=\"author\" content=\"Valentina Libri\" \/>\n<meta name=\"twitter:card\" content=\"summary_large_image\" \/>\n<meta name=\"twitter:creator\" content=\"@AnamMedi\" \/>\n<meta name=\"twitter:site\" content=\"@AnamMedi\" \/>\n<meta name=\"twitter:label1\" content=\"Escrito por\" \/>\n\t<meta name=\"twitter:data1\" content=\"Valentina Libri\" \/>\n\t<meta name=\"twitter:label2\" content=\"Tiempo de lectura\" \/>\n\t<meta name=\"twitter:data2\" content=\"3 minutos\" \/>\n<script type=\"application\/ld+json\" class=\"yoast-schema-graph\">{\"@context\":\"https:\/\/schema.org\",\"@graph\":[{\"@type\":\"WebPage\",\"@id\":\"https:\/\/labs.100x100.net\/projects\/rutasal\/el-comite-de-regata-sigue-de-cerca-la-evolucion-meteorologica\/\",\"url\":\"https:\/\/labs.100x100.net\/projects\/rutasal\/el-comite-de-regata-sigue-de-cerca-la-evolucion-meteorologica\/\",\"name\":\"El Comit\u00e9 de regata sigue de cerca la evoluci\u00f3n meteorol\u00f3gica\",\"isPartOf\":{\"@id\":\"https:\/\/labs.100x100.net\/projects\/rutasal\/#website\"},\"primaryImageOfPage\":{\"@id\":\"https:\/\/labs.100x100.net\/projects\/rutasal\/el-comite-de-regata-sigue-de-cerca-la-evolucion-meteorologica\/#primaryimage\"},\"image\":{\"@id\":\"https:\/\/labs.100x100.net\/projects\/rutasal\/el-comite-de-regata-sigue-de-cerca-la-evolucion-meteorologica\/#primaryimage\"},\"thumbnailUrl\":\"https:\/\/labs.100x100.net\/projects\/rutasal\/custom\/uploads\/2022\/04\/34013778285_4fc3670ec9_o.jpg\",\"datePublished\":\"2022-04-11T21:00:33+00:00\",\"dateModified\":\"2022-04-11T21:02:52+00:00\",\"author\":{\"@id\":\"https:\/\/labs.100x100.net\/projects\/rutasal\/#\/schema\/person\/78b3519b5320819eb3428bc4a4363faf\"},\"description\":\"Faltan cuatro d\u00edas para la salida de La Ruta de la Sal 2022 y, a d\u00eda de hoy, las condiciones meteorol\u00f3gicas se presentan desiguales.\",\"breadcrumb\":{\"@id\":\"https:\/\/labs.100x100.net\/projects\/rutasal\/el-comite-de-regata-sigue-de-cerca-la-evolucion-meteorologica\/#breadcrumb\"},\"inLanguage\":\"es\",\"potentialAction\":[{\"@type\":\"ReadAction\",\"target\":[\"https:\/\/labs.100x100.net\/projects\/rutasal\/el-comite-de-regata-sigue-de-cerca-la-evolucion-meteorologica\/\"]}]},{\"@type\":\"ImageObject\",\"inLanguage\":\"es\",\"@id\":\"https:\/\/labs.100x100.net\/projects\/rutasal\/el-comite-de-regata-sigue-de-cerca-la-evolucion-meteorologica\/#primaryimage\",\"url\":\"https:\/\/labs.100x100.net\/projects\/rutasal\/custom\/uploads\/2022\/04\/34013778285_4fc3670ec9_o.jpg\",\"contentUrl\":\"https:\/\/labs.100x100.net\/projects\/rutasal\/custom\/uploads\/2022\/04\/34013778285_4fc3670ec9_o.jpg\",\"width\":1274,\"height\":855},{\"@type\":\"BreadcrumbList\",\"@id\":\"https:\/\/labs.100x100.net\/projects\/rutasal\/el-comite-de-regata-sigue-de-cerca-la-evolucion-meteorologica\/#breadcrumb\",\"itemListElement\":[{\"@type\":\"ListItem\",\"position\":1,\"name\":\"Portada\",\"item\":\"https:\/\/labs.100x100.net\/projects\/rutasal\/\"},{\"@type\":\"ListItem\",\"position\":2,\"name\":\"El Comit\u00e9 de regata sigue de cerca la evoluci\u00f3n meteorol\u00f3gica\"}]},{\"@type\":\"WebSite\",\"@id\":\"https:\/\/labs.100x100.net\/projects\/rutasal\/#website\",\"url\":\"https:\/\/labs.100x100.net\/projects\/rutasal\/\",\"name\":\"Regata La Ruta de la Sal\",\"description\":\"Regata La Ruta de la Sal es una regata de Altura Mediterr\u00e1nea para barcos de crucero a vela con destino en Ibiza, que se disputa anualmente en Semana Santa.\",\"potentialAction\":[{\"@type\":\"SearchAction\",\"target\":{\"@type\":\"EntryPoint\",\"urlTemplate\":\"https:\/\/labs.100x100.net\/projects\/rutasal\/?s={search_term_string}\"},\"query-input\":\"required name=search_term_string\"}],\"inLanguage\":\"es\"},{\"@type\":\"Person\",\"@id\":\"https:\/\/labs.100x100.net\/projects\/rutasal\/#\/schema\/person\/78b3519b5320819eb3428bc4a4363faf\",\"name\":\"Valentina Libri\",\"image\":{\"@type\":\"ImageObject\",\"inLanguage\":\"es\",\"@id\":\"https:\/\/labs.100x100.net\/projects\/rutasal\/#\/schema\/person\/image\/\",\"url\":\"https:\/\/secure.gravatar.com\/avatar\/99c0547d5c3f4720c6410e401af04fe2?s=96&d=mm&r=g\",\"contentUrl\":\"https:\/\/secure.gravatar.com\/avatar\/99c0547d5c3f4720c6410e401af04fe2?s=96&d=mm&r=g\",\"caption\":\"Valentina Libri\"}}]}<\/script>\n<!-- \/ Yoast SEO plugin. -->","yoast_head_json":{"title":"El Comit\u00e9 de regata sigue de cerca la evoluci\u00f3n meteorol\u00f3gica","description":"Faltan cuatro d\u00edas para la salida de La Ruta de la Sal 2022 y, a d\u00eda de hoy, las condiciones meteorol\u00f3gicas se presentan desiguales.","robots":{"index":"noindex","follow":"follow","max-snippet":"max-snippet:-1","max-image-preview":"max-image-preview:large","max-video-preview":"max-video-preview:-1"},"og_locale":"es_ES","og_type":"article","og_title":"El Comit\u00e9 de regata sigue de cerca la evoluci\u00f3n meteorol\u00f3gica","og_description":"Faltan cuatro d\u00edas para la salida de La Ruta de la Sal 2022 y, a d\u00eda de hoy, las condiciones meteorol\u00f3gicas se presentan desiguales.","og_url":"https:\/\/labs.100x100.net\/projects\/rutasal\/el-comite-de-regata-sigue-de-cerca-la-evolucion-meteorologica\/","og_site_name":"Regata La Ruta de la Sal","article_publisher":"https:\/\/www.facebook.com\/rutadelasal\/","article_published_time":"2022-04-11T21:00:33+00:00","article_modified_time":"2022-04-11T21:02:52+00:00","og_image":[{"width":1274,"height":855,"url":"https:\/\/labs.100x100.net\/projects\/rutasal\/custom\/uploads\/2022\/04\/34013778285_4fc3670ec9_o.jpg","type":"image\/jpeg"}],"author":"Valentina Libri","twitter_card":"summary_large_image","twitter_creator":"@AnamMedi","twitter_site":"@AnamMedi","twitter_misc":{"Escrito por":"Valentina Libri","Tiempo de lectura":"3 minutos"},"schema":{"@context":"https:\/\/schema.org","@graph":[{"@type":"WebPage","@id":"https:\/\/labs.100x100.net\/projects\/rutasal\/el-comite-de-regata-sigue-de-cerca-la-evolucion-meteorologica\/","url":"https:\/\/labs.100x100.net\/projects\/rutasal\/el-comite-de-regata-sigue-de-cerca-la-evolucion-meteorologica\/","name":"El Comit\u00e9 de regata sigue de cerca la evoluci\u00f3n meteorol\u00f3gica","isPartOf":{"@id":"https:\/\/labs.100x100.net\/projects\/rutasal\/#website"},"primaryImageOfPage":{"@id":"https:\/\/labs.100x100.net\/projects\/rutasal\/el-comite-de-regata-sigue-de-cerca-la-evolucion-meteorologica\/#primaryimage"},"image":{"@id":"https:\/\/labs.100x100.net\/projects\/rutasal\/el-comite-de-regata-sigue-de-cerca-la-evolucion-meteorologica\/#primaryimage"},"thumbnailUrl":"https:\/\/labs.100x100.net\/projects\/rutasal\/custom\/uploads\/2022\/04\/34013778285_4fc3670ec9_o.jpg","datePublished":"2022-04-11T21:00:33+00:00","dateModified":"2022-04-11T21:02:52+00:00","author":{"@id":"https:\/\/labs.100x100.net\/projects\/rutasal\/#\/schema\/person\/78b3519b5320819eb3428bc4a4363faf"},"description":"Faltan cuatro d\u00edas para la salida de La Ruta de la Sal 2022 y, a d\u00eda de hoy, las condiciones meteorol\u00f3gicas se presentan desiguales.","breadcrumb":{"@id":"https:\/\/labs.100x100.net\/projects\/rutasal\/el-comite-de-regata-sigue-de-cerca-la-evolucion-meteorologica\/#breadcrumb"},"inLanguage":"es","potentialAction":[{"@type":"ReadAction","target":["https:\/\/labs.100x100.net\/projects\/rutasal\/el-comite-de-regata-sigue-de-cerca-la-evolucion-meteorologica\/"]}]},{"@type":"ImageObject","inLanguage":"es","@id":"https:\/\/labs.100x100.net\/projects\/rutasal\/el-comite-de-regata-sigue-de-cerca-la-evolucion-meteorologica\/#primaryimage","url":"https:\/\/labs.100x100.net\/projects\/rutasal\/custom\/uploads\/2022\/04\/34013778285_4fc3670ec9_o.jpg","contentUrl":"https:\/\/labs.100x100.net\/projects\/rutasal\/custom\/uploads\/2022\/04\/34013778285_4fc3670ec9_o.jpg","width":1274,"height":855},{"@type":"BreadcrumbList","@id":"https:\/\/labs.100x100.net\/projects\/rutasal\/el-comite-de-regata-sigue-de-cerca-la-evolucion-meteorologica\/#breadcrumb","itemListElement":[{"@type":"ListItem","position":1,"name":"Portada","item":"https:\/\/labs.100x100.net\/projects\/rutasal\/"},{"@type":"ListItem","position":2,"name":"El Comit\u00e9 de regata sigue de cerca la evoluci\u00f3n meteorol\u00f3gica"}]},{"@type":"WebSite","@id":"https:\/\/labs.100x100.net\/projects\/rutasal\/#website","url":"https:\/\/labs.100x100.net\/projects\/rutasal\/","name":"Regata La Ruta de la Sal","description":"Regata La Ruta de la Sal es una regata de Altura Mediterr\u00e1nea para barcos de crucero a vela con destino en Ibiza, que se disputa anualmente en Semana Santa.","potentialAction":[{"@type":"SearchAction","target":{"@type":"EntryPoint","urlTemplate":"https:\/\/labs.100x100.net\/projects\/rutasal\/?s={search_term_string}"},"query-input":"required name=search_term_string"}],"inLanguage":"es"},{"@type":"Person","@id":"https:\/\/labs.100x100.net\/projects\/rutasal\/#\/schema\/person\/78b3519b5320819eb3428bc4a4363faf","name":"Valentina Libri","image":{"@type":"ImageObject","inLanguage":"es","@id":"https:\/\/labs.100x100.net\/projects\/rutasal\/#\/schema\/person\/image\/","url":"https:\/\/secure.gravatar.com\/avatar\/99c0547d5c3f4720c6410e401af04fe2?s=96&d=mm&r=g","contentUrl":"https:\/\/secure.gravatar.com\/avatar\/99c0547d5c3f4720c6410e401af04fe2?s=96&d=mm&r=g","caption":"Valentina Libri"}}]}},"_links":{"self":[{"href":"https:\/\/labs.100x100.net\/projects\/rutasal\/wp-json\/wp\/v2\/posts\/7194"}],"collection":[{"href":"https:\/\/labs.100x100.net\/projects\/rutasal\/wp-json\/wp\/v2\/posts"}],"about":[{"href":"https:\/\/labs.100x100.net\/projects\/rutasal\/wp-json\/wp\/v2\/types\/post"}],"author":[{"embeddable":true,"href":"https:\/\/labs.100x100.net\/projects\/rutasal\/wp-json\/wp\/v2\/users\/7"}],"replies":[{"embeddable":true,"href":"https:\/\/labs.100x100.net\/projects\/rutasal\/wp-json\/wp\/v2\/comments?post=7194"}],"version-history":[{"count":1,"href":"https:\/\/labs.100x100.net\/projects\/rutasal\/wp-json\/wp\/v2\/posts\/7194\/revisions"}],"predecessor-version":[{"id":7199,"href":"https:\/\/labs.100x100.net\/projects\/rutasal\/wp-json\/wp\/v2\/posts\/7194\/revisions\/7199"}],"wp:featuredmedia":[{"embeddable":true,"href":"https:\/\/labs.100x100.net\/projects\/rutasal\/wp-json\/wp\/v2\/media\/7195"}],"wp:attachment":[{"href":"https:\/\/labs.100x100.net\/projects\/rutasal\/wp-json\/wp\/v2\/media?parent=7194"}],"wp:term":[{"taxonomy":"category","embeddable":true,"href":"https:\/\/labs.100x100.net\/projects\/rutasal\/wp-json\/wp\/v2\/categories?post=7194"},{"taxonomy":"post_tag","embeddable":true,"href":"https:\/\/labs.100x100.net\/projects\/rutasal\/wp-json\/wp\/v2\/tags?post=7194"}],"curies":[{"name":"wp","href":"https:\/\/api.w.org\/{rel}","templated":true}]}}